{"id":146388,"date":"2025-01-21T08:00:57","date_gmt":"2025-01-21T07:00:57","guid":{"rendered":"https:\/\/www.copealcoy.es\/?p=146388"},"modified":"2025-01-21T13:45:01","modified_gmt":"2025-01-21T12:45:01","slug":"los-ecologistas-denuncian-el-deposito-de-coches-afectados-por-la-dana-en-muro","status":"publish","type":"post","link":"https:\/\/www.copealcoy.es\/es\/los-ecologistas-denuncian-el-deposito-de-coches-afectados-por-la-dana-en-muro\/","title":{"rendered":"Los ecologistas denuncian el dep\u00f3sito de coches afectados por la DANA en Muro"},"content":{"rendered":"<p style=\"text-align: justify;\">La <a href=\"https:\/\/www.facebook.com\/collaecologistalacarrasca\" target=\"_blank\" rel=\"noopener\"><span style=\"color: #0000ff;\"><strong>Colla Ecologista La Carrasca-Ecologistes en Acci\u00f3<\/strong><\/span><\/a> ha presentado una denuncia a<strong>nte la Confederaci\u00f3n Hidrogr\u00e1fica del X\u00faquer<\/strong> y el <strong>juzgado de guardia<\/strong> por el dep\u00f3sito de cientos de veh\u00edculos en Muro, provenientes de las zonas afectadas por la DANA de la provincia de Valencia. Seg\u00fan la denuncia, la empresa responsable <strong>planea retirar los veh\u00edculos de manera gradual<\/strong>, un proceso que podr\u00eda extenderse durante meses.<\/p>\n<p style=\"text-align: justify;\">Los ecologistas <strong>alertan sobre el grave riesgo ambiental que representan estos coches siniestrados<\/strong>, ya que contienen fluidos y elementos peligrosos que podr\u00edan filtrarse al suelo debido a su deterioro. Entre los contaminantes se encuentran hidrocarburos, aceites de motor, anticongelantes y bater\u00edas, muchos de los cuales son considerados residuos peligrosos.<\/p>\n<p style=\"text-align: justify;\">Expertos que participaron en jornadas organizadas del 8 al 10 de enero en Valencia han advertido sobre los peligros de una gesti\u00f3n inadecuada de estos veh\u00edculos. Responsables de la Generalitat Valenciana tambi\u00e9n <strong>han reconocido<\/strong>, afirman, que la acumulaci\u00f3n de coches siniestrados puede convertirse en un foco contaminante y representar un potencial riesgo de incendio.<\/p>\n<p style=\"text-align: justify;\">La zona donde <strong>se han amontonado al menos 800 veh\u00edculos es suelo no urbanizable y se encuentra a poco m\u00e1s de 20 metros del r\u00edo de Agres<\/strong>, dentro de una zona protegida. La Ley de Aguas proh\u00edbe cualquier actividad que pueda provocar contaminaci\u00f3n o degradaci\u00f3n del dominio p\u00fablico hidr\u00e1ulico, incluyendo la acumulaci\u00f3n de residuos s\u00f3lidos.<\/p>\n<p style=\"text-align: justify;\">La permanencia de estos veh\u00edculos <strong>representa una amenaza ambiental grave<\/strong>, seg\u00fan indican, especialmente con las recientes lluvias que podr\u00edan acelerar el lixiviado de contaminantes hacia el r\u00edo. Adem\u00e1s, el <strong>riesgo de incendio<\/strong> es significativo para la poblaci\u00f3n cercana, lo que ha llevado a los ecologistas a solicitar <strong>medidas cautelares<\/strong> para la retirada urgente de los veh\u00edculos a un dep\u00f3sito adecuado.<\/p>\n<p style=\"text-align: justify;\">Si no se act\u00faa r\u00e1pidamente, advierten los ecologistas, el riesgo de contaminaci\u00f3n del suelo y las aguas <strong>podr\u00eda materializarse<\/strong> con graves consecuencias para el medio ambiente y la salud p\u00fablica.<\/p>\n","protected":false},"excerpt":{"rendered":"<p>La Colla Ecologista La Carrasca-Ecologistes en Acci\u00f3 ha presentado una denuncia ante la Confederaci\u00f3n Hidrogr\u00e1fica del X\u00faquer y el juzgado&#8230;<\/p>\n","protected":false},"author":1,"featured_media":146389,"comment_status":"open","ping_status":"open","sticky":false,"template":"","format":"standard","meta":{"footnotes":""},"categories":[6909,98,75],"tags":[5960,1461,19112,135,1010,19111],"class_list":["post-146388","post","type-post","status-publish","format-standard","has-post-thumbnail","hentry","category-actualidad","category-comarcas","category-noticias","tag-acumulacion","tag-denuncia","tag-ecologistas","tag-muro","tag-riesgo","tag-vehiculos-dana"],"yoast_head":"<!-- This site is optimized with the Yoast SEO plugin v27.3 - https:\/\/yoast.com\/product\/yoast-seo-wordpress\/ -->\n<title>Los ecologistas denuncian el dep\u00f3sito de coches afectados por la DANA en Muro - COPE Alcoy<\/title>\n<meta name=\"description\" content=\"La Colla Ecologista La Carrasca-Ecologistes en Acci\u00f3 ha presentado una denuncia ante la Confederaci\u00f3n Hidrogr\u00e1fica del X\u00faquer y el juzgado de guardia por el dep\u00f3sito de cientos de veh\u00edculos en Muro, provenientes de las zonas afectadas por la DANA de la provincia de Valencia\" \/>\n<meta name=\"robots\" content=\"index, follow, max-snippet:-1, max-image-preview:large, max-video-preview:-1\" \/>\n<link rel=\"canonical\" href=\"https:\/\/www.copealcoy.es\/es\/los-ecologistas-denuncian-el-deposito-de-coches-afectados-por-la-dana-en-muro\/\" \/>\n<meta property=\"og:locale\" content=\"es_ES\" \/>\n<meta property=\"og:type\" content=\"article\" \/>\n<meta property=\"og:title\" content=\"Los ecologistas denuncian el dep\u00f3sito de coches afectados por la DANA en Muro - COPE Alcoy\" \/>\n<meta property=\"og:description\" content=\"La Colla Ecologista La Carrasca-Ecologistes en Acci\u00f3 ha presentado una denuncia ante la Confederaci\u00f3n Hidrogr\u00e1fica del X\u00faquer y el juzgado de guardia por el dep\u00f3sito de cientos de veh\u00edculos en Muro, provenientes de las zonas afectadas por la DANA de la provincia de Valencia\" \/>\n<meta property=\"og:url\" content=\"https:\/\/www.copealcoy.es\/es\/los-ecologistas-denuncian-el-deposito-de-coches-afectados-por-la-dana-en-muro\/\" \/>\n<meta property=\"og:site_name\" content=\"COPE Alcoy\" \/>\n<meta property=\"article:published_time\" content=\"2025-01-21T07:00:57+00:00\" \/>\n<meta property=\"article:modified_time\" content=\"2025-01-21T12:45:01+00:00\" \/>\n<meta property=\"og:image\" content=\"https:\/\/www.copealcoy.es\/wp-content\/uploads\/2025\/01\/foto_02.jpg\" \/>\n\t<meta property=\"og:image:width\" content=\"1441\" \/>\n\t<meta property=\"og:image:height\" content=\"1080\" \/>\n\t<meta property=\"og:image:type\" content=\"image\/jpeg\" \/>\n<meta name=\"author\" content=\"Cope Alcoy\" \/>\n<meta name=\"twitter:label1\" content=\"Escrito por\" \/>\n\t<meta name=\"twitter:data1\" content=\"Cope Alcoy\" \/>\n\t<meta name=\"twitter:label2\" content=\"Tiempo de lectura\" \/>\n\t<meta name=\"twitter:data2\" content=\"2 minutos\" \/>\n<script type=\"application\/ld+json\" class=\"yoast-schema-graph\">{\"@context\":\"https:\\\/\\\/schema.org\",\"@graph\":[{\"@type\":\"Article\",\"@id\":\"https:\\\/\\\/www.copealcoy.es\\\/es\\\/los-ecologistas-denuncian-el-deposito-de-coches-afectados-por-la-dana-en-muro\\\/#article\",\"isPartOf\":{\"@id\":\"https:\\\/\\\/www.copealcoy.es\\\/es\\\/los-ecologistas-denuncian-el-deposito-de-coches-afectados-por-la-dana-en-muro\\\/\"},\"author\":{\"name\":\"Cope Alcoy\",\"@id\":\"https:\\\/\\\/www.copealcoy.es\\\/es\\\/#\\\/schema\\\/person\\\/e777c87fa024e57d40170af9df39882c\"},\"headline\":\"Los ecologistas denuncian el dep\u00f3sito de coches afectados por la DANA en Muro\",\"datePublished\":\"2025-01-21T07:00:57+00:00\",\"dateModified\":\"2025-01-21T12:45:01+00:00\",\"mainEntityOfPage\":{\"@id\":\"https:\\\/\\\/www.copealcoy.es\\\/es\\\/los-ecologistas-denuncian-el-deposito-de-coches-afectados-por-la-dana-en-muro\\\/\"},\"wordCount\":359,\"commentCount\":0,\"image\":{\"@id\":\"https:\\\/\\\/www.copealcoy.es\\\/es\\\/los-ecologistas-denuncian-el-deposito-de-coches-afectados-por-la-dana-en-muro\\\/#primaryimage\"},\"thumbnailUrl\":\"https:\\\/\\\/www.copealcoy.es\\\/wp-content\\\/uploads\\\/2025\\\/01\\\/foto_02.jpg\",\"keywords\":[\"acumulaci\u00f3n\",\"Denuncia\",\"ecologistas\",\"Muro\",\"Riesgo\",\"veh\u00edculos DANA\"],\"articleSection\":[\"Actualidad\",\"Comarcas\",\"Noticias\"],\"inLanguage\":\"es\"},{\"@type\":\"WebPage\",\"@id\":\"https:\\\/\\\/www.copealcoy.es\\\/es\\\/los-ecologistas-denuncian-el-deposito-de-coches-afectados-por-la-dana-en-muro\\\/\",\"url\":\"https:\\\/\\\/www.copealcoy.es\\\/es\\\/los-ecologistas-denuncian-el-deposito-de-coches-afectados-por-la-dana-en-muro\\\/\",\"name\":\"Los ecologistas denuncian el dep\u00f3sito de coches afectados por la DANA en Muro - COPE Alcoy\",\"isPartOf\":{\"@id\":\"https:\\\/\\\/www.copealcoy.es\\\/es\\\/#website\"},\"primaryImageOfPage\":{\"@id\":\"https:\\\/\\\/www.copealcoy.es\\\/es\\\/los-ecologistas-denuncian-el-deposito-de-coches-afectados-por-la-dana-en-muro\\\/#primaryimage\"},\"image\":{\"@id\":\"https:\\\/\\\/www.copealcoy.es\\\/es\\\/los-ecologistas-denuncian-el-deposito-de-coches-afectados-por-la-dana-en-muro\\\/#primaryimage\"},\"thumbnailUrl\":\"https:\\\/\\\/www.copealcoy.es\\\/wp-content\\\/uploads\\\/2025\\\/01\\\/foto_02.jpg\",\"datePublished\":\"2025-01-21T07:00:57+00:00\",\"dateModified\":\"2025-01-21T12:45:01+00:00\",\"author\":{\"@id\":\"https:\\\/\\\/www.copealcoy.es\\\/es\\\/#\\\/schema\\\/person\\\/e777c87fa024e57d40170af9df39882c\"},\"description\":\"La Colla Ecologista La Carrasca-Ecologistes en Acci\u00f3 ha presentado una denuncia ante la Confederaci\u00f3n Hidrogr\u00e1fica del X\u00faquer y el juzgado de guardia por el dep\u00f3sito de cientos de veh\u00edculos en Muro, provenientes de las zonas afectadas por la DANA de la provincia de Valencia\",\"breadcrumb\":{\"@id\":\"https:\\\/\\\/www.copealcoy.es\\\/es\\\/los-ecologistas-denuncian-el-deposito-de-coches-afectados-por-la-dana-en-muro\\\/#breadcrumb\"},\"inLanguage\":\"es\",\"potentialAction\":[{\"@type\":\"ReadAction\",\"target\":[\"https:\\\/\\\/www.copealcoy.es\\\/es\\\/los-ecologistas-denuncian-el-deposito-de-coches-afectados-por-la-dana-en-muro\\\/\"]}]},{\"@type\":\"ImageObject\",\"inLanguage\":\"es\",\"@id\":\"https:\\\/\\\/www.copealcoy.es\\\/es\\\/los-ecologistas-denuncian-el-deposito-de-coches-afectados-por-la-dana-en-muro\\\/#primaryimage\",\"url\":\"https:\\\/\\\/www.copealcoy.es\\\/wp-content\\\/uploads\\\/2025\\\/01\\\/foto_02.jpg\",\"contentUrl\":\"https:\\\/\\\/www.copealcoy.es\\\/wp-content\\\/uploads\\\/2025\\\/01\\\/foto_02.jpg\",\"width\":1441,\"height\":1080},{\"@type\":\"BreadcrumbList\",\"@id\":\"https:\\\/\\\/www.copealcoy.es\\\/es\\\/los-ecologistas-denuncian-el-deposito-de-coches-afectados-por-la-dana-en-muro\\\/#breadcrumb\",\"itemListElement\":[{\"@type\":\"ListItem\",\"position\":1,\"name\":\"Portada\",\"item\":\"https:\\\/\\\/www.copealcoy.es\\\/es\\\/\"},{\"@type\":\"ListItem\",\"position\":2,\"name\":\"Los ecologistas denuncian el dep\u00f3sito de coches afectados por la DANA en Muro\"}]},{\"@type\":\"WebSite\",\"@id\":\"https:\\\/\\\/www.copealcoy.es\\\/es\\\/#website\",\"url\":\"https:\\\/\\\/www.copealcoy.es\\\/es\\\/\",\"name\":\"COPE Alcoy\",\"description\":\"Emisora COPE de radio local con emisi\u00f3n online. Pont de Sant Jordi 8-10 03803 Alcoy\",\"potentialAction\":[{\"@type\":\"SearchAction\",\"target\":{\"@type\":\"EntryPoint\",\"urlTemplate\":\"https:\\\/\\\/www.copealcoy.es\\\/es\\\/?s={search_term_string}\"},\"query-input\":{\"@type\":\"PropertyValueSpecification\",\"valueRequired\":true,\"valueName\":\"search_term_string\"}}],\"inLanguage\":\"es\"},{\"@type\":\"Person\",\"@id\":\"https:\\\/\\\/www.copealcoy.es\\\/es\\\/#\\\/schema\\\/person\\\/e777c87fa024e57d40170af9df39882c\",\"name\":\"Cope Alcoy\",\"image\":{\"@type\":\"ImageObject\",\"inLanguage\":\"es\",\"@id\":\"https:\\\/\\\/secure.gravatar.com\\\/avatar\\\/bb65d0283347e303893ba14f0692005417c1e0e690a325a4c5d8bb2b3943ee14?s=96&d=mm&r=g\",\"url\":\"https:\\\/\\\/secure.gravatar.com\\\/avatar\\\/bb65d0283347e303893ba14f0692005417c1e0e690a325a4c5d8bb2b3943ee14?s=96&d=mm&r=g\",\"contentUrl\":\"https:\\\/\\\/secure.gravatar.com\\\/avatar\\\/bb65d0283347e303893ba14f0692005417c1e0e690a325a4c5d8bb2b3943ee14?s=96&d=mm&r=g\",\"caption\":\"Cope Alcoy\"}}]}<\/script>\n<!-- \/ Yoast SEO plugin. -->","yoast_head_json":{"title":"Los ecologistas denuncian el dep\u00f3sito de coches afectados por la DANA en Muro - COPE Alcoy","description":"La Colla Ecologista La Carrasca-Ecologistes en Acci\u00f3 ha presentado una denuncia ante la Confederaci\u00f3n Hidrogr\u00e1fica del X\u00faquer y el juzgado de guardia por el dep\u00f3sito de cientos de veh\u00edculos en Muro, provenientes de las zonas afectadas por la DANA de la provincia de Valencia","robots":{"index":"index","follow":"follow","max-snippet":"max-snippet:-1","max-image-preview":"max-image-preview:large","max-video-preview":"max-video-preview:-1"},"canonical":"https:\/\/www.copealcoy.es\/es\/los-ecologistas-denuncian-el-deposito-de-coches-afectados-por-la-dana-en-muro\/","og_locale":"es_ES","og_type":"article","og_title":"Los ecologistas denuncian el dep\u00f3sito de coches afectados por la DANA en Muro - COPE Alcoy","og_description":"La Colla Ecologista La Carrasca-Ecologistes en Acci\u00f3 ha presentado una denuncia ante la Confederaci\u00f3n Hidrogr\u00e1fica del X\u00faquer y el juzgado de guardia por el dep\u00f3sito de cientos de veh\u00edculos en Muro, provenientes de las zonas afectadas por la DANA de la provincia de Valencia","og_url":"https:\/\/www.copealcoy.es\/es\/los-ecologistas-denuncian-el-deposito-de-coches-afectados-por-la-dana-en-muro\/","og_site_name":"COPE Alcoy","article_published_time":"2025-01-21T07:00:57+00:00","article_modified_time":"2025-01-21T12:45:01+00:00","og_image":[{"width":1441,"height":1080,"url":"https:\/\/www.copealcoy.es\/wp-content\/uploads\/2025\/01\/foto_02.jpg","type":"image\/jpeg"}],"author":"Cope Alcoy","twitter_misc":{"Escrito por":"Cope Alcoy","Tiempo de lectura":"2 minutos"},"schema":{"@context":"https:\/\/schema.org","@graph":[{"@type":"Article","@id":"https:\/\/www.copealcoy.es\/es\/los-ecologistas-denuncian-el-deposito-de-coches-afectados-por-la-dana-en-muro\/#article","isPartOf":{"@id":"https:\/\/www.copealcoy.es\/es\/los-ecologistas-denuncian-el-deposito-de-coches-afectados-por-la-dana-en-muro\/"},"author":{"name":"Cope Alcoy","@id":"https:\/\/www.copealcoy.es\/es\/#\/schema\/person\/e777c87fa024e57d40170af9df39882c"},"headline":"Los ecologistas denuncian el dep\u00f3sito de coches afectados por la DANA en Muro","datePublished":"2025-01-21T07:00:57+00:00","dateModified":"2025-01-21T12:45:01+00:00","mainEntityOfPage":{"@id":"https:\/\/www.copealcoy.es\/es\/los-ecologistas-denuncian-el-deposito-de-coches-afectados-por-la-dana-en-muro\/"},"wordCount":359,"commentCount":0,"image":{"@id":"https:\/\/www.copealcoy.es\/es\/los-ecologistas-denuncian-el-deposito-de-coches-afectados-por-la-dana-en-muro\/#primaryimage"},"thumbnailUrl":"https:\/\/www.copealcoy.es\/wp-content\/uploads\/2025\/01\/foto_02.jpg","keywords":["acumulaci\u00f3n","Denuncia","ecologistas","Muro","Riesgo","veh\u00edculos DANA"],"articleSection":["Actualidad","Comarcas","Noticias"],"inLanguage":"es"},{"@type":"WebPage","@id":"https:\/\/www.copealcoy.es\/es\/los-ecologistas-denuncian-el-deposito-de-coches-afectados-por-la-dana-en-muro\/","url":"https:\/\/www.copealcoy.es\/es\/los-ecologistas-denuncian-el-deposito-de-coches-afectados-por-la-dana-en-muro\/","name":"Los ecologistas denuncian el dep\u00f3sito de coches afectados por la DANA en Muro - COPE Alcoy","isPartOf":{"@id":"https:\/\/www.copealcoy.es\/es\/#website"},"primaryImageOfPage":{"@id":"https:\/\/www.copealcoy.es\/es\/los-ecologistas-denuncian-el-deposito-de-coches-afectados-por-la-dana-en-muro\/#primaryimage"},"image":{"@id":"https:\/\/www.copealcoy.es\/es\/los-ecologistas-denuncian-el-deposito-de-coches-afectados-por-la-dana-en-muro\/#primaryimage"},"thumbnailUrl":"https:\/\/www.copealcoy.es\/wp-content\/uploads\/2025\/01\/foto_02.jpg","datePublished":"2025-01-21T07:00:57+00:00","dateModified":"2025-01-21T12:45:01+00:00","author":{"@id":"https:\/\/www.copealcoy.es\/es\/#\/schema\/person\/e777c87fa024e57d40170af9df39882c"},"description":"La Colla Ecologista La Carrasca-Ecologistes en Acci\u00f3 ha presentado una denuncia ante la Confederaci\u00f3n Hidrogr\u00e1fica del X\u00faquer y el juzgado de guardia por el dep\u00f3sito de cientos de veh\u00edculos en Muro, provenientes de las zonas afectadas por la DANA de la provincia de Valencia","breadcrumb":{"@id":"https:\/\/www.copealcoy.es\/es\/los-ecologistas-denuncian-el-deposito-de-coches-afectados-por-la-dana-en-muro\/#breadcrumb"},"inLanguage":"es","potentialAction":[{"@type":"ReadAction","target":["https:\/\/www.copealcoy.es\/es\/los-ecologistas-denuncian-el-deposito-de-coches-afectados-por-la-dana-en-muro\/"]}]},{"@type":"ImageObject","inLanguage":"es","@id":"https:\/\/www.copealcoy.es\/es\/los-ecologistas-denuncian-el-deposito-de-coches-afectados-por-la-dana-en-muro\/#primaryimage","url":"https:\/\/www.copealcoy.es\/wp-content\/uploads\/2025\/01\/foto_02.jpg","contentUrl":"https:\/\/www.copealcoy.es\/wp-content\/uploads\/2025\/01\/foto_02.jpg","width":1441,"height":1080},{"@type":"BreadcrumbList","@id":"https:\/\/www.copealcoy.es\/es\/los-ecologistas-denuncian-el-deposito-de-coches-afectados-por-la-dana-en-muro\/#breadcrumb","itemListElement":[{"@type":"ListItem","position":1,"name":"Portada","item":"https:\/\/www.copealcoy.es\/es\/"},{"@type":"ListItem","position":2,"name":"Los ecologistas denuncian el dep\u00f3sito de coches afectados por la DANA en Muro"}]},{"@type":"WebSite","@id":"https:\/\/www.copealcoy.es\/es\/#website","url":"https:\/\/www.copealcoy.es\/es\/","name":"COPE Alcoy","description":"Emisora COPE de radio local con emisi\u00f3n online. Pont de Sant Jordi 8-10 03803 Alcoy","potentialAction":[{"@type":"SearchAction","target":{"@type":"EntryPoint","urlTemplate":"https:\/\/www.copealcoy.es\/es\/?s={search_term_string}"},"query-input":{"@type":"PropertyValueSpecification","valueRequired":true,"valueName":"search_term_string"}}],"inLanguage":"es"},{"@type":"Person","@id":"https:\/\/www.copealcoy.es\/es\/#\/schema\/person\/e777c87fa024e57d40170af9df39882c","name":"Cope Alcoy","image":{"@type":"ImageObject","inLanguage":"es","@id":"https:\/\/secure.gravatar.com\/avatar\/bb65d0283347e303893ba14f0692005417c1e0e690a325a4c5d8bb2b3943ee14?s=96&d=mm&r=g","url":"https:\/\/secure.gravatar.com\/avatar\/bb65d0283347e303893ba14f0692005417c1e0e690a325a4c5d8bb2b3943ee14?s=96&d=mm&r=g","contentUrl":"https:\/\/secure.gravatar.com\/avatar\/bb65d0283347e303893ba14f0692005417c1e0e690a325a4c5d8bb2b3943ee14?s=96&d=mm&r=g","caption":"Cope Alcoy"}}]}},"_links":{"self":[{"href":"https:\/\/www.copealcoy.es\/es\/wp-json\/wp\/v2\/posts\/146388","targetHints":{"allow":["GET"]}}],"collection":[{"href":"https:\/\/www.copealcoy.es\/es\/wp-json\/wp\/v2\/posts"}],"about":[{"href":"https:\/\/www.copealcoy.es\/es\/wp-json\/wp\/v2\/types\/post"}],"author":[{"embeddable":true,"href":"https:\/\/www.copealcoy.es\/es\/wp-json\/wp\/v2\/users\/1"}],"replies":[{"embeddable":true,"href":"https:\/\/www.copealcoy.es\/es\/wp-json\/wp\/v2\/comments?post=146388"}],"version-history":[{"count":0,"href":"https:\/\/www.copealcoy.es\/es\/wp-json\/wp\/v2\/posts\/146388\/revisions"}],"wp:featuredmedia":[{"embeddable":true,"href":"https:\/\/www.copealcoy.es\/es\/wp-json\/wp\/v2\/media\/146389"}],"wp:attachment":[{"href":"https:\/\/www.copealcoy.es\/es\/wp-json\/wp\/v2\/media?parent=146388"}],"wp:term":[{"taxonomy":"category","embeddable":true,"href":"https:\/\/www.copealcoy.es\/es\/wp-json\/wp\/v2\/categories?post=146388"},{"taxonomy":"post_tag","embeddable":true,"href":"https:\/\/www.copealcoy.es\/es\/wp-json\/wp\/v2\/tags?post=146388"}],"curies":[{"name":"wp","href":"https:\/\/api.w.org\/{rel}","templated":true}]}}