{"id":146097,"date":"2025-01-16T08:00:54","date_gmt":"2025-01-16T07:00:54","guid":{"rendered":"https:\/\/www.copealcoy.es\/?p=146097"},"modified":"2025-01-16T16:28:21","modified_gmt":"2025-01-16T15:28:21","slug":"vicent-molina-alcalde-de-muro-en-2025-veran-la-luz-proyectos-pendientes-de-anos-atras","status":"publish","type":"post","link":"https:\/\/www.copealcoy.es\/es\/vicent-molina-alcalde-de-muro-en-2025-veran-la-luz-proyectos-pendientes-de-anos-atras\/","title":{"rendered":"Vicent Molina, alcalde de Muro: &#8220;en 2025 ver\u00e1n la luz proyectos pendientes de a\u00f1os atr\u00e1s&#8221;"},"content":{"rendered":"<p style=\"text-align: justify;\">El alcalde de <a href=\"https:\/\/www.vilademuro.net\/\" target=\"_blank\" rel=\"noopener\"><span style=\"color: #0000ff;\"><strong>Muro<\/strong><\/span><\/a>, <strong>Vicent Molina<\/strong>, ha pasado esta semana por los estudios de COPE ALCOY y <strong>ha hecho un balance positivo del a\u00f1o 2024<\/strong>, destacando<strong> los logros alcanzados<\/strong> en la actual legislatura. Seg\u00fan Molina, <strong>la colaboraci\u00f3n entre el gobierno local y el personal del Ayuntamiento<\/strong> ha sido clave para avanzar &#8220;<em>en proyectos que segu\u00edan pendientes desde los primeros meses de 2023, e incluso desde el a\u00f1o 2020,\u00a0 y que este equipo de gobierno ha materializado en tan solo dieciocho meses<\/em>&#8220;, afirma. Entre las mejoras realizadas, <strong>se encuentran<\/strong> la reconstrucci\u00f3n del Pont de Ferro o el fin de las obras para adecuar los caminos rurales del municipio que todav\u00eda estaban da\u00f1ados por las fuertes lluvias de los a\u00f1os 2019 y 2020.<\/p>\n<p style=\"text-align: justify;\">Con el inicio del nuevo a\u00f1o, <strong>el gobierno local se centra en la elaboraci\u00f3n del Presupuesto Municipal para 2025<\/strong>, que inicialmente se debatir\u00e1 en un pleno previsto para el 24 de enero. Se espera que las citadas cuentas superen los ocho millones de euros y el ejecutivo conf\u00eda en que, una vez ratificadas, entren en vigor cuanto antes &#8220;<em>as\u00ed podremos continuar trabajando en todo lo que hay previsto. Nosotros, entramos en el gobierno y en el banco hab\u00eda m\u00e1s de ocho millones de euros, y hemos revertido la tendencia del gobierno anterior apostando por la mejora de infraestructuras o los servicios, dinamizar la econom\u00eda local, reforzar las actividades culturales y atender las necesidades reales de nuestros vecinos y nuestras vecinas<\/em>&#8220;, matiza el primer edil<\/p>\n<p style=\"text-align: justify;\">Molina tambi\u00e9n ha anunciado <strong>nuevos proyecto<\/strong>s para este a\u00f1o, incluyendo la construcci\u00f3n de un nuevo gimnasio en el colegio Montcabrer y mejoras en el sistema de climatizaci\u00f3n del colegio El Bracal. Adem\u00e1s, se continuar\u00e1 trabajando en el mantenimiento de espacios p\u00fablicos y se impulsar\u00e1n nuevas inversiones en zonas industriales. A todo esto se le une la labor continua para mantener en buen estado calles o espacios comunes, la finalizaci\u00f3n del nuevo parque del Bat\u00e0 y la firme apuesta por el suelo industrial &#8220;<em>seguiremos reivindicando que lleguen las inversiones necesarias para los pol\u00edgonos que tenemos activos, pero tambi\u00e9n reivindicamos la importancia del trabajo conjunto entre Generalitat Valenciana y la Diputaci\u00f3n de Alicante para impulsar nuevas zonas industriales como las de El PI 2 y 3 que se sit\u00faan yendo hacia Ben\u00e0mer<\/em>&#8220;, afirma Molina<\/p>\n<p style=\"text-align: justify;\">Por \u00faltimo, el alcalde <strong>ha expresado su deseo de que 2025 sea mejor que 2024<\/strong>. La <strong>principal petici\u00f3n<\/strong> que hace es que el Estado siga avanzando en la posibilidad de los Ayuntamientos puedan utilizar el remanente municipal para fomentar m\u00e1s inversiones en Muro.<\/p>\n<audio class=\"wp-audio-shortcode\" id=\"audio-146097-1\" preload=\"none\" style=\"width: 100%;\" controls=\"controls\"><source type=\"audio\/mpeg\" src=\"https:\/\/www.copealcoy.es\/wp-content\/uploads\/2025\/01\/Entrevista-Molina-web.mp3?_=1\" \/><a href=\"https:\/\/www.copealcoy.es\/wp-content\/uploads\/2025\/01\/Entrevista-Molina-web.mp3\">https:\/\/www.copealcoy.es\/wp-content\/uploads\/2025\/01\/Entrevista-Molina-web.mp3<\/a><\/audio>\n","protected":false},"excerpt":{"rendered":"<p>El alcalde de Muro, Vicent Molina, ha pasado esta semana por los estudios de COPE ALCOY y ha hecho un&#8230;<\/p>\n","protected":false},"author":1,"featured_media":146098,"comment_status":"open","ping_status":"open","sticky":false,"template":"","format":"standard","meta":{"footnotes":""},"categories":[6909,98,75],"tags":[19095,2968,135,19096,2424],"class_list":["post-146097","post","type-post","status-publish","format-standard","has-post-thumbnail","hentry","category-actualidad","category-comarcas","category-noticias","tag-balance-2024","tag-entrevista","tag-muro","tag-retos-2025","tag-vicent-molina"],"yoast_head":"<!-- This site is optimized with the Yoast SEO plugin v27.3 - https:\/\/yoast.com\/product\/yoast-seo-wordpress\/ -->\n<title>Vicent Molina, alcalde de Muro: &quot;en 2025 ver\u00e1n la luz proyectos pendientes de a\u00f1os atr\u00e1s&quot; - COPE Alcoy<\/title>\n<meta name=\"description\" content=\"El alcalde de Muro, Vicent Molina, ha pasado esta semana por los estudios de COPE ALCOY y ha hecho un balance positivo del a\u00f1o 2024\" \/>\n<meta name=\"robots\" content=\"index, follow, max-snippet:-1, max-image-preview:large, max-video-preview:-1\" \/>\n<link rel=\"canonical\" href=\"https:\/\/www.copealcoy.es\/es\/vicent-molina-alcalde-de-muro-en-2025-veran-la-luz-proyectos-pendientes-de-anos-atras\/\" \/>\n<meta property=\"og:locale\" content=\"es_ES\" \/>\n<meta property=\"og:type\" content=\"article\" \/>\n<meta property=\"og:title\" content=\"Vicent Molina, alcalde de Muro: &quot;en 2025 ver\u00e1n la luz proyectos pendientes de a\u00f1os atr\u00e1s&quot; - COPE Alcoy\" \/>\n<meta property=\"og:description\" content=\"El alcalde de Muro, Vicent Molina, ha pasado esta semana por los estudios de COPE ALCOY y ha hecho un balance positivo del a\u00f1o 2024\" \/>\n<meta property=\"og:url\" content=\"https:\/\/www.copealcoy.es\/es\/vicent-molina-alcalde-de-muro-en-2025-veran-la-luz-proyectos-pendientes-de-anos-atras\/\" \/>\n<meta property=\"og:site_name\" content=\"COPE Alcoy\" \/>\n<meta property=\"article:published_time\" content=\"2025-01-16T07:00:54+00:00\" \/>\n<meta property=\"article:modified_time\" content=\"2025-01-16T15:28:21+00:00\" \/>\n<meta property=\"og:image\" content=\"https:\/\/www.copealcoy.es\/wp-content\/uploads\/2025\/01\/unnamed-1-17.jpg\" \/>\n\t<meta property=\"og:image:width\" content=\"1696\" \/>\n\t<meta property=\"og:image:height\" content=\"1009\" \/>\n\t<meta property=\"og:image:type\" content=\"image\/jpeg\" \/>\n<meta name=\"author\" content=\"Cope Alcoy\" \/>\n<meta name=\"twitter:label1\" content=\"Escrito por\" \/>\n\t<meta name=\"twitter:data1\" content=\"Cope Alcoy\" \/>\n\t<meta name=\"twitter:label2\" content=\"Tiempo de lectura\" \/>\n\t<meta name=\"twitter:data2\" content=\"3 minutos\" \/>\n<script type=\"application\/ld+json\" class=\"yoast-schema-graph\">{\"@context\":\"https:\\\/\\\/schema.org\",\"@graph\":[{\"@type\":\"Article\",\"@id\":\"https:\\\/\\\/www.copealcoy.es\\\/es\\\/vicent-molina-alcalde-de-muro-en-2025-veran-la-luz-proyectos-pendientes-de-anos-atras\\\/#article\",\"isPartOf\":{\"@id\":\"https:\\\/\\\/www.copealcoy.es\\\/es\\\/vicent-molina-alcalde-de-muro-en-2025-veran-la-luz-proyectos-pendientes-de-anos-atras\\\/\"},\"author\":{\"name\":\"Cope Alcoy\",\"@id\":\"https:\\\/\\\/www.copealcoy.es\\\/es\\\/#\\\/schema\\\/person\\\/e777c87fa024e57d40170af9df39882c\"},\"headline\":\"Vicent Molina, alcalde de Muro: &#8220;en 2025 ver\u00e1n la luz proyectos pendientes de a\u00f1os atr\u00e1s&#8221;\",\"datePublished\":\"2025-01-16T07:00:54+00:00\",\"dateModified\":\"2025-01-16T15:28:21+00:00\",\"mainEntityOfPage\":{\"@id\":\"https:\\\/\\\/www.copealcoy.es\\\/es\\\/vicent-molina-alcalde-de-muro-en-2025-veran-la-luz-proyectos-pendientes-de-anos-atras\\\/\"},\"wordCount\":467,\"commentCount\":0,\"image\":{\"@id\":\"https:\\\/\\\/www.copealcoy.es\\\/es\\\/vicent-molina-alcalde-de-muro-en-2025-veran-la-luz-proyectos-pendientes-de-anos-atras\\\/#primaryimage\"},\"thumbnailUrl\":\"https:\\\/\\\/www.copealcoy.es\\\/wp-content\\\/uploads\\\/2025\\\/01\\\/unnamed-1-17.jpg\",\"keywords\":[\"balance 2024\",\"entrevista\",\"Muro\",\"retos 2025\",\"Vicent Molina\"],\"articleSection\":[\"Actualidad\",\"Comarcas\",\"Noticias\"],\"inLanguage\":\"es\"},{\"@type\":\"WebPage\",\"@id\":\"https:\\\/\\\/www.copealcoy.es\\\/es\\\/vicent-molina-alcalde-de-muro-en-2025-veran-la-luz-proyectos-pendientes-de-anos-atras\\\/\",\"url\":\"https:\\\/\\\/www.copealcoy.es\\\/es\\\/vicent-molina-alcalde-de-muro-en-2025-veran-la-luz-proyectos-pendientes-de-anos-atras\\\/\",\"name\":\"Vicent Molina, alcalde de Muro: \\\"en 2025 ver\u00e1n la luz proyectos pendientes de a\u00f1os atr\u00e1s\\\" - COPE Alcoy\",\"isPartOf\":{\"@id\":\"https:\\\/\\\/www.copealcoy.es\\\/es\\\/#website\"},\"primaryImageOfPage\":{\"@id\":\"https:\\\/\\\/www.copealcoy.es\\\/es\\\/vicent-molina-alcalde-de-muro-en-2025-veran-la-luz-proyectos-pendientes-de-anos-atras\\\/#primaryimage\"},\"image\":{\"@id\":\"https:\\\/\\\/www.copealcoy.es\\\/es\\\/vicent-molina-alcalde-de-muro-en-2025-veran-la-luz-proyectos-pendientes-de-anos-atras\\\/#primaryimage\"},\"thumbnailUrl\":\"https:\\\/\\\/www.copealcoy.es\\\/wp-content\\\/uploads\\\/2025\\\/01\\\/unnamed-1-17.jpg\",\"datePublished\":\"2025-01-16T07:00:54+00:00\",\"dateModified\":\"2025-01-16T15:28:21+00:00\",\"author\":{\"@id\":\"https:\\\/\\\/www.copealcoy.es\\\/es\\\/#\\\/schema\\\/person\\\/e777c87fa024e57d40170af9df39882c\"},\"description\":\"El alcalde de Muro, Vicent Molina, ha pasado esta semana por los estudios de COPE ALCOY y ha hecho un balance positivo del a\u00f1o 2024\",\"breadcrumb\":{\"@id\":\"https:\\\/\\\/www.copealcoy.es\\\/es\\\/vicent-molina-alcalde-de-muro-en-2025-veran-la-luz-proyectos-pendientes-de-anos-atras\\\/#breadcrumb\"},\"inLanguage\":\"es\",\"potentialAction\":[{\"@type\":\"ReadAction\",\"target\":[\"https:\\\/\\\/www.copealcoy.es\\\/es\\\/vicent-molina-alcalde-de-muro-en-2025-veran-la-luz-proyectos-pendientes-de-anos-atras\\\/\"]}]},{\"@type\":\"ImageObject\",\"inLanguage\":\"es\",\"@id\":\"https:\\\/\\\/www.copealcoy.es\\\/es\\\/vicent-molina-alcalde-de-muro-en-2025-veran-la-luz-proyectos-pendientes-de-anos-atras\\\/#primaryimage\",\"url\":\"https:\\\/\\\/www.copealcoy.es\\\/wp-content\\\/uploads\\\/2025\\\/01\\\/unnamed-1-17.jpg\",\"contentUrl\":\"https:\\\/\\\/www.copealcoy.es\\\/wp-content\\\/uploads\\\/2025\\\/01\\\/unnamed-1-17.jpg\",\"width\":1696,\"height\":1009},{\"@type\":\"BreadcrumbList\",\"@id\":\"https:\\\/\\\/www.copealcoy.es\\\/es\\\/vicent-molina-alcalde-de-muro-en-2025-veran-la-luz-proyectos-pendientes-de-anos-atras\\\/#breadcrumb\",\"itemListElement\":[{\"@type\":\"ListItem\",\"position\":1,\"name\":\"Portada\",\"item\":\"https:\\\/\\\/www.copealcoy.es\\\/es\\\/\"},{\"@type\":\"ListItem\",\"position\":2,\"name\":\"Vicent Molina, alcalde de Muro: &#8220;en 2025 ver\u00e1n la luz proyectos pendientes de a\u00f1os atr\u00e1s&#8221;\"}]},{\"@type\":\"WebSite\",\"@id\":\"https:\\\/\\\/www.copealcoy.es\\\/es\\\/#website\",\"url\":\"https:\\\/\\\/www.copealcoy.es\\\/es\\\/\",\"name\":\"COPE Alcoy\",\"description\":\"Emisora COPE de radio local con emisi\u00f3n online. Pont de Sant Jordi 8-10 03803 Alcoy\",\"potentialAction\":[{\"@type\":\"SearchAction\",\"target\":{\"@type\":\"EntryPoint\",\"urlTemplate\":\"https:\\\/\\\/www.copealcoy.es\\\/es\\\/?s={search_term_string}\"},\"query-input\":{\"@type\":\"PropertyValueSpecification\",\"valueRequired\":true,\"valueName\":\"search_term_string\"}}],\"inLanguage\":\"es\"},{\"@type\":\"Person\",\"@id\":\"https:\\\/\\\/www.copealcoy.es\\\/es\\\/#\\\/schema\\\/person\\\/e777c87fa024e57d40170af9df39882c\",\"name\":\"Cope Alcoy\",\"image\":{\"@type\":\"ImageObject\",\"inLanguage\":\"es\",\"@id\":\"https:\\\/\\\/secure.gravatar.com\\\/avatar\\\/bb65d0283347e303893ba14f0692005417c1e0e690a325a4c5d8bb2b3943ee14?s=96&d=mm&r=g\",\"url\":\"https:\\\/\\\/secure.gravatar.com\\\/avatar\\\/bb65d0283347e303893ba14f0692005417c1e0e690a325a4c5d8bb2b3943ee14?s=96&d=mm&r=g\",\"contentUrl\":\"https:\\\/\\\/secure.gravatar.com\\\/avatar\\\/bb65d0283347e303893ba14f0692005417c1e0e690a325a4c5d8bb2b3943ee14?s=96&d=mm&r=g\",\"caption\":\"Cope Alcoy\"}}]}<\/script>\n<!-- \/ Yoast SEO plugin. -->","yoast_head_json":{"title":"Vicent Molina, alcalde de Muro: \"en 2025 ver\u00e1n la luz proyectos pendientes de a\u00f1os atr\u00e1s\" - COPE Alcoy","description":"El alcalde de Muro, Vicent Molina, ha pasado esta semana por los estudios de COPE ALCOY y ha hecho un balance positivo del a\u00f1o 2024","robots":{"index":"index","follow":"follow","max-snippet":"max-snippet:-1","max-image-preview":"max-image-preview:large","max-video-preview":"max-video-preview:-1"},"canonical":"https:\/\/www.copealcoy.es\/es\/vicent-molina-alcalde-de-muro-en-2025-veran-la-luz-proyectos-pendientes-de-anos-atras\/","og_locale":"es_ES","og_type":"article","og_title":"Vicent Molina, alcalde de Muro: \"en 2025 ver\u00e1n la luz proyectos pendientes de a\u00f1os atr\u00e1s\" - COPE Alcoy","og_description":"El alcalde de Muro, Vicent Molina, ha pasado esta semana por los estudios de COPE ALCOY y ha hecho un balance positivo del a\u00f1o 2024","og_url":"https:\/\/www.copealcoy.es\/es\/vicent-molina-alcalde-de-muro-en-2025-veran-la-luz-proyectos-pendientes-de-anos-atras\/","og_site_name":"COPE Alcoy","article_published_time":"2025-01-16T07:00:54+00:00","article_modified_time":"2025-01-16T15:28:21+00:00","og_image":[{"width":1696,"height":1009,"url":"https:\/\/www.copealcoy.es\/wp-content\/uploads\/2025\/01\/unnamed-1-17.jpg","type":"image\/jpeg"}],"author":"Cope Alcoy","twitter_misc":{"Escrito por":"Cope Alcoy","Tiempo de lectura":"3 minutos"},"schema":{"@context":"https:\/\/schema.org","@graph":[{"@type":"Article","@id":"https:\/\/www.copealcoy.es\/es\/vicent-molina-alcalde-de-muro-en-2025-veran-la-luz-proyectos-pendientes-de-anos-atras\/#article","isPartOf":{"@id":"https:\/\/www.copealcoy.es\/es\/vicent-molina-alcalde-de-muro-en-2025-veran-la-luz-proyectos-pendientes-de-anos-atras\/"},"author":{"name":"Cope Alcoy","@id":"https:\/\/www.copealcoy.es\/es\/#\/schema\/person\/e777c87fa024e57d40170af9df39882c"},"headline":"Vicent Molina, alcalde de Muro: &#8220;en 2025 ver\u00e1n la luz proyectos pendientes de a\u00f1os atr\u00e1s&#8221;","datePublished":"2025-01-16T07:00:54+00:00","dateModified":"2025-01-16T15:28:21+00:00","mainEntityOfPage":{"@id":"https:\/\/www.copealcoy.es\/es\/vicent-molina-alcalde-de-muro-en-2025-veran-la-luz-proyectos-pendientes-de-anos-atras\/"},"wordCount":467,"commentCount":0,"image":{"@id":"https:\/\/www.copealcoy.es\/es\/vicent-molina-alcalde-de-muro-en-2025-veran-la-luz-proyectos-pendientes-de-anos-atras\/#primaryimage"},"thumbnailUrl":"https:\/\/www.copealcoy.es\/wp-content\/uploads\/2025\/01\/unnamed-1-17.jpg","keywords":["balance 2024","entrevista","Muro","retos 2025","Vicent Molina"],"articleSection":["Actualidad","Comarcas","Noticias"],"inLanguage":"es"},{"@type":"WebPage","@id":"https:\/\/www.copealcoy.es\/es\/vicent-molina-alcalde-de-muro-en-2025-veran-la-luz-proyectos-pendientes-de-anos-atras\/","url":"https:\/\/www.copealcoy.es\/es\/vicent-molina-alcalde-de-muro-en-2025-veran-la-luz-proyectos-pendientes-de-anos-atras\/","name":"Vicent Molina, alcalde de Muro: \"en 2025 ver\u00e1n la luz proyectos pendientes de a\u00f1os atr\u00e1s\" - COPE Alcoy","isPartOf":{"@id":"https:\/\/www.copealcoy.es\/es\/#website"},"primaryImageOfPage":{"@id":"https:\/\/www.copealcoy.es\/es\/vicent-molina-alcalde-de-muro-en-2025-veran-la-luz-proyectos-pendientes-de-anos-atras\/#primaryimage"},"image":{"@id":"https:\/\/www.copealcoy.es\/es\/vicent-molina-alcalde-de-muro-en-2025-veran-la-luz-proyectos-pendientes-de-anos-atras\/#primaryimage"},"thumbnailUrl":"https:\/\/www.copealcoy.es\/wp-content\/uploads\/2025\/01\/unnamed-1-17.jpg","datePublished":"2025-01-16T07:00:54+00:00","dateModified":"2025-01-16T15:28:21+00:00","author":{"@id":"https:\/\/www.copealcoy.es\/es\/#\/schema\/person\/e777c87fa024e57d40170af9df39882c"},"description":"El alcalde de Muro, Vicent Molina, ha pasado esta semana por los estudios de COPE ALCOY y ha hecho un balance positivo del a\u00f1o 2024","breadcrumb":{"@id":"https:\/\/www.copealcoy.es\/es\/vicent-molina-alcalde-de-muro-en-2025-veran-la-luz-proyectos-pendientes-de-anos-atras\/#breadcrumb"},"inLanguage":"es","potentialAction":[{"@type":"ReadAction","target":["https:\/\/www.copealcoy.es\/es\/vicent-molina-alcalde-de-muro-en-2025-veran-la-luz-proyectos-pendientes-de-anos-atras\/"]}]},{"@type":"ImageObject","inLanguage":"es","@id":"https:\/\/www.copealcoy.es\/es\/vicent-molina-alcalde-de-muro-en-2025-veran-la-luz-proyectos-pendientes-de-anos-atras\/#primaryimage","url":"https:\/\/www.copealcoy.es\/wp-content\/uploads\/2025\/01\/unnamed-1-17.jpg","contentUrl":"https:\/\/www.copealcoy.es\/wp-content\/uploads\/2025\/01\/unnamed-1-17.jpg","width":1696,"height":1009},{"@type":"BreadcrumbList","@id":"https:\/\/www.copealcoy.es\/es\/vicent-molina-alcalde-de-muro-en-2025-veran-la-luz-proyectos-pendientes-de-anos-atras\/#breadcrumb","itemListElement":[{"@type":"ListItem","position":1,"name":"Portada","item":"https:\/\/www.copealcoy.es\/es\/"},{"@type":"ListItem","position":2,"name":"Vicent Molina, alcalde de Muro: &#8220;en 2025 ver\u00e1n la luz proyectos pendientes de a\u00f1os atr\u00e1s&#8221;"}]},{"@type":"WebSite","@id":"https:\/\/www.copealcoy.es\/es\/#website","url":"https:\/\/www.copealcoy.es\/es\/","name":"COPE Alcoy","description":"Emisora COPE de radio local con emisi\u00f3n online. Pont de Sant Jordi 8-10 03803 Alcoy","potentialAction":[{"@type":"SearchAction","target":{"@type":"EntryPoint","urlTemplate":"https:\/\/www.copealcoy.es\/es\/?s={search_term_string}"},"query-input":{"@type":"PropertyValueSpecification","valueRequired":true,"valueName":"search_term_string"}}],"inLanguage":"es"},{"@type":"Person","@id":"https:\/\/www.copealcoy.es\/es\/#\/schema\/person\/e777c87fa024e57d40170af9df39882c","name":"Cope Alcoy","image":{"@type":"ImageObject","inLanguage":"es","@id":"https:\/\/secure.gravatar.com\/avatar\/bb65d0283347e303893ba14f0692005417c1e0e690a325a4c5d8bb2b3943ee14?s=96&d=mm&r=g","url":"https:\/\/secure.gravatar.com\/avatar\/bb65d0283347e303893ba14f0692005417c1e0e690a325a4c5d8bb2b3943ee14?s=96&d=mm&r=g","contentUrl":"https:\/\/secure.gravatar.com\/avatar\/bb65d0283347e303893ba14f0692005417c1e0e690a325a4c5d8bb2b3943ee14?s=96&d=mm&r=g","caption":"Cope Alcoy"}}]}},"_links":{"self":[{"href":"https:\/\/www.copealcoy.es\/es\/wp-json\/wp\/v2\/posts\/146097","targetHints":{"allow":["GET"]}}],"collection":[{"href":"https:\/\/www.copealcoy.es\/es\/wp-json\/wp\/v2\/posts"}],"about":[{"href":"https:\/\/www.copealcoy.es\/es\/wp-json\/wp\/v2\/types\/post"}],"author":[{"embeddable":true,"href":"https:\/\/www.copealcoy.es\/es\/wp-json\/wp\/v2\/users\/1"}],"replies":[{"embeddable":true,"href":"https:\/\/www.copealcoy.es\/es\/wp-json\/wp\/v2\/comments?post=146097"}],"version-history":[{"count":0,"href":"https:\/\/www.copealcoy.es\/es\/wp-json\/wp\/v2\/posts\/146097\/revisions"}],"wp:featuredmedia":[{"embeddable":true,"href":"https:\/\/www.copealcoy.es\/es\/wp-json\/wp\/v2\/media\/146098"}],"wp:attachment":[{"href":"https:\/\/www.copealcoy.es\/es\/wp-json\/wp\/v2\/media?parent=146097"}],"wp:term":[{"taxonomy":"category","embeddable":true,"href":"https:\/\/www.copealcoy.es\/es\/wp-json\/wp\/v2\/categories?post=146097"},{"taxonomy":"post_tag","embeddable":true,"href":"https:\/\/www.copealcoy.es\/es\/wp-json\/wp\/v2\/tags?post=146097"}],"curies":[{"name":"wp","href":"https:\/\/api.w.org\/{rel}","templated":true}]}}