{"id":146002,"date":"2025-01-14T12:19:05","date_gmt":"2025-01-14T11:19:05","guid":{"rendered":"https:\/\/www.copealcoy.es\/?p=146002"},"modified":"2025-01-14T12:22:43","modified_gmt":"2025-01-14T11:22:43","slug":"manolo-gomicia-aspira-a-liderar-el-pspv-de-alcoy","status":"publish","type":"post","link":"https:\/\/www.copealcoy.es\/es\/manolo-gomicia-aspira-a-liderar-el-pspv-de-alcoy\/","title":{"rendered":"Manolo Gomicia aspira a liderar el PSPV de Alcoy"},"content":{"rendered":"<p style=\"text-align: justify;\">Un veterano del PSOE local, <strong>con dilatada trayectoria en la pol\u00edtica<\/strong>, ha anunciado su candidatura a la secretar\u00eda general de <a href=\"https:\/\/www.facebook.com\/psoealcoi\" target=\"_blank\" rel=\"noopener\"><span style=\"color: #0000ff;\"><strong>la Agrupaci\u00f3n Socialista Alcoyana<\/strong><\/span><\/a>, tras un periodo de retiro pol\u00edtico. Se trata de <strong>Manolo Gomicia<\/strong>, persona que cuenta con una dilatada trayectoria en en la gesti\u00f3n municipal pero tambi\u00e9n en el terreno pol\u00edtico del \u00e1mbito auton\u00f3mico.<\/p>\n<p style=\"text-align: justify;\">Gomicia <strong>expresa su intenci\u00f3n<\/strong> de contribuir al crecimiento del PSPV-PSOE en la ciudad, destacando la importancia de fortalecer la participaci\u00f3n y el compromiso entre los militantes. Adem\u00e1s, subraya\u00a0que uno de sus principales objetivos es garantizar que todos los miembros del partido tengan voz y puedan participar activamente en las decisiones que les afectan. &#8220;<em>Es fundamental abrir canales para que los ciudadanos que comparten nuestros valores puedan unirse al proyecto socialista<\/em>&#8220;, afirma al respecto. Pese a su candidatura a la secretar\u00eda general, Gomicia <strong>ha querido dejar claro<\/strong> que no se presentar\u00e1 a las Elecciones Municipal del a\u00f1o 2027 &#8220;<em>el partido debe ser una herramienta para escuchar y dar respuesta a las necesidades de las alcoyanas y alcoyanos, m\u00e1s all\u00e1 de la din\u00e1mica electoral<\/em>&#8220;, indica. Tambi\u00e9n marca alguno de los puntos clave de su hoja de ruta &#8220;<em>pretendo construir una agrupaci\u00f3n abierta, participativa y cohesionada. El \u00e9xito del proyecto depender\u00e1 del di\u00e1logo constante, la participaci\u00f3n activa y el trabajo colectivo entre todos los miembros del partido<\/em>&#8220;, significa.<\/p>\n<p style=\"text-align: justify;\">La decisi\u00f3n de Gomicia<strong> llega en un momento significativo para el PSOE local<\/strong>, ya que el actual secretario general, Jordi Mart\u00ednez, dejar\u00e1 el cargo en 2026 tras haber liderado el partido durante los \u00faltimos a\u00f1os. En este tiempo el PSPV consigui\u00f3 una importante victoria electoral en 2019, alcanzado 12 concejales y rozando la mayor\u00eda absoluta tras crecer a nueve ediles en los comicios 2015 frente a los 7 de 2011, y sufri\u00f3 un importante varapalo en 2023 cuando pas\u00f3 de nuevo a 9 concejales con una diferencia de escasos votos respecto al PP que qued\u00f3 tras ellos.<\/p>\n","protected":false},"excerpt":{"rendered":"<p>Un veterano del PSOE local, con dilatada trayectoria en la pol\u00edtica, ha anunciado su candidatura a la secretar\u00eda general de&#8230;<\/p>\n","protected":false},"author":1,"featured_media":45335,"comment_status":"open","ping_status":"open","sticky":false,"template":"","format":"standard","meta":{"footnotes":""},"categories":[6909,97,75,79],"tags":[1494,1871,839,5372],"class_list":["post-146002","post","type-post","status-publish","format-standard","has-post-thumbnail","hentry","category-actualidad","category-alcoy","category-noticias","category-politicayeconomia","tag-alcoy","tag-manolo-gomicia","tag-pspv","tag-secretaria-general"],"yoast_head":"<!-- This site is optimized with the Yoast SEO plugin v27.3 - https:\/\/yoast.com\/product\/yoast-seo-wordpress\/ -->\n<title>Manolo Gomicia aspira a liderar el PSPV de Alcoy - COPE Alcoy<\/title>\n<meta name=\"description\" content=\"Un veterano del PSOE local, con dilatada trayectoria en la pol\u00edtica, ha anunciado su candidatura a la secretar\u00eda general de la Agrupaci\u00f3n Socialista Alcoyana, tras un periodo de retiro pol\u00edtico\" \/>\n<meta name=\"robots\" content=\"index, follow, max-snippet:-1, max-image-preview:large, max-video-preview:-1\" \/>\n<link rel=\"canonical\" href=\"https:\/\/www.copealcoy.es\/es\/manolo-gomicia-aspira-a-liderar-el-pspv-de-alcoy\/\" \/>\n<meta property=\"og:locale\" content=\"es_ES\" \/>\n<meta property=\"og:type\" content=\"article\" \/>\n<meta property=\"og:title\" content=\"Manolo Gomicia aspira a liderar el PSPV de Alcoy - COPE Alcoy\" \/>\n<meta property=\"og:description\" content=\"Un veterano del PSOE local, con dilatada trayectoria en la pol\u00edtica, ha anunciado su candidatura a la secretar\u00eda general de la Agrupaci\u00f3n Socialista Alcoyana, tras un periodo de retiro pol\u00edtico\" \/>\n<meta property=\"og:url\" content=\"https:\/\/www.copealcoy.es\/es\/manolo-gomicia-aspira-a-liderar-el-pspv-de-alcoy\/\" \/>\n<meta property=\"og:site_name\" content=\"COPE Alcoy\" \/>\n<meta property=\"article:published_time\" content=\"2025-01-14T11:19:05+00:00\" \/>\n<meta property=\"article:modified_time\" content=\"2025-01-14T11:22:43+00:00\" \/>\n<meta property=\"og:image\" content=\"https:\/\/www.copealcoy.es\/wp-content\/uploads\/2018\/08\/Manolo-Gomicia-rp-inmpuls-5-1024x683.jpg\" \/>\n\t<meta property=\"og:image:width\" content=\"1024\" \/>\n\t<meta property=\"og:image:height\" content=\"683\" \/>\n\t<meta property=\"og:image:type\" content=\"image\/jpeg\" \/>\n<meta name=\"author\" content=\"Cope Alcoy\" \/>\n<meta name=\"twitter:label1\" content=\"Escrito por\" \/>\n\t<meta name=\"twitter:data1\" content=\"Cope Alcoy\" \/>\n\t<meta name=\"twitter:label2\" content=\"Tiempo de lectura\" \/>\n\t<meta name=\"twitter:data2\" content=\"2 minutos\" \/>\n<script type=\"application\/ld+json\" class=\"yoast-schema-graph\">{\"@context\":\"https:\\\/\\\/schema.org\",\"@graph\":[{\"@type\":\"Article\",\"@id\":\"https:\\\/\\\/www.copealcoy.es\\\/es\\\/manolo-gomicia-aspira-a-liderar-el-pspv-de-alcoy\\\/#article\",\"isPartOf\":{\"@id\":\"https:\\\/\\\/www.copealcoy.es\\\/es\\\/manolo-gomicia-aspira-a-liderar-el-pspv-de-alcoy\\\/\"},\"author\":{\"name\":\"Cope Alcoy\",\"@id\":\"https:\\\/\\\/www.copealcoy.es\\\/es\\\/#\\\/schema\\\/person\\\/e777c87fa024e57d40170af9df39882c\"},\"headline\":\"Manolo Gomicia aspira a liderar el PSPV de Alcoy\",\"datePublished\":\"2025-01-14T11:19:05+00:00\",\"dateModified\":\"2025-01-14T11:22:43+00:00\",\"mainEntityOfPage\":{\"@id\":\"https:\\\/\\\/www.copealcoy.es\\\/es\\\/manolo-gomicia-aspira-a-liderar-el-pspv-de-alcoy\\\/\"},\"wordCount\":342,\"commentCount\":0,\"image\":{\"@id\":\"https:\\\/\\\/www.copealcoy.es\\\/es\\\/manolo-gomicia-aspira-a-liderar-el-pspv-de-alcoy\\\/#primaryimage\"},\"thumbnailUrl\":\"https:\\\/\\\/www.copealcoy.es\\\/wp-content\\\/uploads\\\/2018\\\/08\\\/Manolo-Gomicia-rp-inmpuls-5.jpg\",\"keywords\":[\"Alcoy\",\"Manolo Gomicia\",\"PSPV\",\"Secretar\u00eda General\"],\"articleSection\":[\"Actualidad\",\"Alcoy\",\"Noticias\",\"Pol\u00edtica y Econom\u00eda\"],\"inLanguage\":\"es\"},{\"@type\":\"WebPage\",\"@id\":\"https:\\\/\\\/www.copealcoy.es\\\/es\\\/manolo-gomicia-aspira-a-liderar-el-pspv-de-alcoy\\\/\",\"url\":\"https:\\\/\\\/www.copealcoy.es\\\/es\\\/manolo-gomicia-aspira-a-liderar-el-pspv-de-alcoy\\\/\",\"name\":\"Manolo Gomicia aspira a liderar el PSPV de Alcoy - COPE Alcoy\",\"isPartOf\":{\"@id\":\"https:\\\/\\\/www.copealcoy.es\\\/es\\\/#website\"},\"primaryImageOfPage\":{\"@id\":\"https:\\\/\\\/www.copealcoy.es\\\/es\\\/manolo-gomicia-aspira-a-liderar-el-pspv-de-alcoy\\\/#primaryimage\"},\"image\":{\"@id\":\"https:\\\/\\\/www.copealcoy.es\\\/es\\\/manolo-gomicia-aspira-a-liderar-el-pspv-de-alcoy\\\/#primaryimage\"},\"thumbnailUrl\":\"https:\\\/\\\/www.copealcoy.es\\\/wp-content\\\/uploads\\\/2018\\\/08\\\/Manolo-Gomicia-rp-inmpuls-5.jpg\",\"datePublished\":\"2025-01-14T11:19:05+00:00\",\"dateModified\":\"2025-01-14T11:22:43+00:00\",\"author\":{\"@id\":\"https:\\\/\\\/www.copealcoy.es\\\/es\\\/#\\\/schema\\\/person\\\/e777c87fa024e57d40170af9df39882c\"},\"description\":\"Un veterano del PSOE local, con dilatada trayectoria en la pol\u00edtica, ha anunciado su candidatura a la secretar\u00eda general de la Agrupaci\u00f3n Socialista Alcoyana, tras un periodo de retiro pol\u00edtico\",\"breadcrumb\":{\"@id\":\"https:\\\/\\\/www.copealcoy.es\\\/es\\\/manolo-gomicia-aspira-a-liderar-el-pspv-de-alcoy\\\/#breadcrumb\"},\"inLanguage\":\"es\",\"potentialAction\":[{\"@type\":\"ReadAction\",\"target\":[\"https:\\\/\\\/www.copealcoy.es\\\/es\\\/manolo-gomicia-aspira-a-liderar-el-pspv-de-alcoy\\\/\"]}]},{\"@type\":\"ImageObject\",\"inLanguage\":\"es\",\"@id\":\"https:\\\/\\\/www.copealcoy.es\\\/es\\\/manolo-gomicia-aspira-a-liderar-el-pspv-de-alcoy\\\/#primaryimage\",\"url\":\"https:\\\/\\\/www.copealcoy.es\\\/wp-content\\\/uploads\\\/2018\\\/08\\\/Manolo-Gomicia-rp-inmpuls-5.jpg\",\"contentUrl\":\"https:\\\/\\\/www.copealcoy.es\\\/wp-content\\\/uploads\\\/2018\\\/08\\\/Manolo-Gomicia-rp-inmpuls-5.jpg\",\"width\":4272,\"height\":2848},{\"@type\":\"BreadcrumbList\",\"@id\":\"https:\\\/\\\/www.copealcoy.es\\\/es\\\/manolo-gomicia-aspira-a-liderar-el-pspv-de-alcoy\\\/#breadcrumb\",\"itemListElement\":[{\"@type\":\"ListItem\",\"position\":1,\"name\":\"Portada\",\"item\":\"https:\\\/\\\/www.copealcoy.es\\\/es\\\/\"},{\"@type\":\"ListItem\",\"position\":2,\"name\":\"Manolo Gomicia aspira a liderar el PSPV de Alcoy\"}]},{\"@type\":\"WebSite\",\"@id\":\"https:\\\/\\\/www.copealcoy.es\\\/es\\\/#website\",\"url\":\"https:\\\/\\\/www.copealcoy.es\\\/es\\\/\",\"name\":\"COPE Alcoy\",\"description\":\"Emisora COPE de radio local con emisi\u00f3n online. Pont de Sant Jordi 8-10 03803 Alcoy\",\"potentialAction\":[{\"@type\":\"SearchAction\",\"target\":{\"@type\":\"EntryPoint\",\"urlTemplate\":\"https:\\\/\\\/www.copealcoy.es\\\/es\\\/?s={search_term_string}\"},\"query-input\":{\"@type\":\"PropertyValueSpecification\",\"valueRequired\":true,\"valueName\":\"search_term_string\"}}],\"inLanguage\":\"es\"},{\"@type\":\"Person\",\"@id\":\"https:\\\/\\\/www.copealcoy.es\\\/es\\\/#\\\/schema\\\/person\\\/e777c87fa024e57d40170af9df39882c\",\"name\":\"Cope Alcoy\",\"image\":{\"@type\":\"ImageObject\",\"inLanguage\":\"es\",\"@id\":\"https:\\\/\\\/secure.gravatar.com\\\/avatar\\\/bb65d0283347e303893ba14f0692005417c1e0e690a325a4c5d8bb2b3943ee14?s=96&d=mm&r=g\",\"url\":\"https:\\\/\\\/secure.gravatar.com\\\/avatar\\\/bb65d0283347e303893ba14f0692005417c1e0e690a325a4c5d8bb2b3943ee14?s=96&d=mm&r=g\",\"contentUrl\":\"https:\\\/\\\/secure.gravatar.com\\\/avatar\\\/bb65d0283347e303893ba14f0692005417c1e0e690a325a4c5d8bb2b3943ee14?s=96&d=mm&r=g\",\"caption\":\"Cope Alcoy\"}}]}<\/script>\n<!-- \/ Yoast SEO plugin. -->","yoast_head_json":{"title":"Manolo Gomicia aspira a liderar el PSPV de Alcoy - COPE Alcoy","description":"Un veterano del PSOE local, con dilatada trayectoria en la pol\u00edtica, ha anunciado su candidatura a la secretar\u00eda general de la Agrupaci\u00f3n Socialista Alcoyana, tras un periodo de retiro pol\u00edtico","robots":{"index":"index","follow":"follow","max-snippet":"max-snippet:-1","max-image-preview":"max-image-preview:large","max-video-preview":"max-video-preview:-1"},"canonical":"https:\/\/www.copealcoy.es\/es\/manolo-gomicia-aspira-a-liderar-el-pspv-de-alcoy\/","og_locale":"es_ES","og_type":"article","og_title":"Manolo Gomicia aspira a liderar el PSPV de Alcoy - COPE Alcoy","og_description":"Un veterano del PSOE local, con dilatada trayectoria en la pol\u00edtica, ha anunciado su candidatura a la secretar\u00eda general de la Agrupaci\u00f3n Socialista Alcoyana, tras un periodo de retiro pol\u00edtico","og_url":"https:\/\/www.copealcoy.es\/es\/manolo-gomicia-aspira-a-liderar-el-pspv-de-alcoy\/","og_site_name":"COPE Alcoy","article_published_time":"2025-01-14T11:19:05+00:00","article_modified_time":"2025-01-14T11:22:43+00:00","og_image":[{"width":1024,"height":683,"url":"https:\/\/www.copealcoy.es\/wp-content\/uploads\/2018\/08\/Manolo-Gomicia-rp-inmpuls-5-1024x683.jpg","type":"image\/jpeg"}],"author":"Cope Alcoy","twitter_misc":{"Escrito por":"Cope Alcoy","Tiempo de lectura":"2 minutos"},"schema":{"@context":"https:\/\/schema.org","@graph":[{"@type":"Article","@id":"https:\/\/www.copealcoy.es\/es\/manolo-gomicia-aspira-a-liderar-el-pspv-de-alcoy\/#article","isPartOf":{"@id":"https:\/\/www.copealcoy.es\/es\/manolo-gomicia-aspira-a-liderar-el-pspv-de-alcoy\/"},"author":{"name":"Cope Alcoy","@id":"https:\/\/www.copealcoy.es\/es\/#\/schema\/person\/e777c87fa024e57d40170af9df39882c"},"headline":"Manolo Gomicia aspira a liderar el PSPV de Alcoy","datePublished":"2025-01-14T11:19:05+00:00","dateModified":"2025-01-14T11:22:43+00:00","mainEntityOfPage":{"@id":"https:\/\/www.copealcoy.es\/es\/manolo-gomicia-aspira-a-liderar-el-pspv-de-alcoy\/"},"wordCount":342,"commentCount":0,"image":{"@id":"https:\/\/www.copealcoy.es\/es\/manolo-gomicia-aspira-a-liderar-el-pspv-de-alcoy\/#primaryimage"},"thumbnailUrl":"https:\/\/www.copealcoy.es\/wp-content\/uploads\/2018\/08\/Manolo-Gomicia-rp-inmpuls-5.jpg","keywords":["Alcoy","Manolo Gomicia","PSPV","Secretar\u00eda General"],"articleSection":["Actualidad","Alcoy","Noticias","Pol\u00edtica y Econom\u00eda"],"inLanguage":"es"},{"@type":"WebPage","@id":"https:\/\/www.copealcoy.es\/es\/manolo-gomicia-aspira-a-liderar-el-pspv-de-alcoy\/","url":"https:\/\/www.copealcoy.es\/es\/manolo-gomicia-aspira-a-liderar-el-pspv-de-alcoy\/","name":"Manolo Gomicia aspira a liderar el PSPV de Alcoy - COPE Alcoy","isPartOf":{"@id":"https:\/\/www.copealcoy.es\/es\/#website"},"primaryImageOfPage":{"@id":"https:\/\/www.copealcoy.es\/es\/manolo-gomicia-aspira-a-liderar-el-pspv-de-alcoy\/#primaryimage"},"image":{"@id":"https:\/\/www.copealcoy.es\/es\/manolo-gomicia-aspira-a-liderar-el-pspv-de-alcoy\/#primaryimage"},"thumbnailUrl":"https:\/\/www.copealcoy.es\/wp-content\/uploads\/2018\/08\/Manolo-Gomicia-rp-inmpuls-5.jpg","datePublished":"2025-01-14T11:19:05+00:00","dateModified":"2025-01-14T11:22:43+00:00","author":{"@id":"https:\/\/www.copealcoy.es\/es\/#\/schema\/person\/e777c87fa024e57d40170af9df39882c"},"description":"Un veterano del PSOE local, con dilatada trayectoria en la pol\u00edtica, ha anunciado su candidatura a la secretar\u00eda general de la Agrupaci\u00f3n Socialista Alcoyana, tras un periodo de retiro pol\u00edtico","breadcrumb":{"@id":"https:\/\/www.copealcoy.es\/es\/manolo-gomicia-aspira-a-liderar-el-pspv-de-alcoy\/#breadcrumb"},"inLanguage":"es","potentialAction":[{"@type":"ReadAction","target":["https:\/\/www.copealcoy.es\/es\/manolo-gomicia-aspira-a-liderar-el-pspv-de-alcoy\/"]}]},{"@type":"ImageObject","inLanguage":"es","@id":"https:\/\/www.copealcoy.es\/es\/manolo-gomicia-aspira-a-liderar-el-pspv-de-alcoy\/#primaryimage","url":"https:\/\/www.copealcoy.es\/wp-content\/uploads\/2018\/08\/Manolo-Gomicia-rp-inmpuls-5.jpg","contentUrl":"https:\/\/www.copealcoy.es\/wp-content\/uploads\/2018\/08\/Manolo-Gomicia-rp-inmpuls-5.jpg","width":4272,"height":2848},{"@type":"BreadcrumbList","@id":"https:\/\/www.copealcoy.es\/es\/manolo-gomicia-aspira-a-liderar-el-pspv-de-alcoy\/#breadcrumb","itemListElement":[{"@type":"ListItem","position":1,"name":"Portada","item":"https:\/\/www.copealcoy.es\/es\/"},{"@type":"ListItem","position":2,"name":"Manolo Gomicia aspira a liderar el PSPV de Alcoy"}]},{"@type":"WebSite","@id":"https:\/\/www.copealcoy.es\/es\/#website","url":"https:\/\/www.copealcoy.es\/es\/","name":"COPE Alcoy","description":"Emisora COPE de radio local con emisi\u00f3n online. Pont de Sant Jordi 8-10 03803 Alcoy","potentialAction":[{"@type":"SearchAction","target":{"@type":"EntryPoint","urlTemplate":"https:\/\/www.copealcoy.es\/es\/?s={search_term_string}"},"query-input":{"@type":"PropertyValueSpecification","valueRequired":true,"valueName":"search_term_string"}}],"inLanguage":"es"},{"@type":"Person","@id":"https:\/\/www.copealcoy.es\/es\/#\/schema\/person\/e777c87fa024e57d40170af9df39882c","name":"Cope Alcoy","image":{"@type":"ImageObject","inLanguage":"es","@id":"https:\/\/secure.gravatar.com\/avatar\/bb65d0283347e303893ba14f0692005417c1e0e690a325a4c5d8bb2b3943ee14?s=96&d=mm&r=g","url":"https:\/\/secure.gravatar.com\/avatar\/bb65d0283347e303893ba14f0692005417c1e0e690a325a4c5d8bb2b3943ee14?s=96&d=mm&r=g","contentUrl":"https:\/\/secure.gravatar.com\/avatar\/bb65d0283347e303893ba14f0692005417c1e0e690a325a4c5d8bb2b3943ee14?s=96&d=mm&r=g","caption":"Cope Alcoy"}}]}},"_links":{"self":[{"href":"https:\/\/www.copealcoy.es\/es\/wp-json\/wp\/v2\/posts\/146002","targetHints":{"allow":["GET"]}}],"collection":[{"href":"https:\/\/www.copealcoy.es\/es\/wp-json\/wp\/v2\/posts"}],"about":[{"href":"https:\/\/www.copealcoy.es\/es\/wp-json\/wp\/v2\/types\/post"}],"author":[{"embeddable":true,"href":"https:\/\/www.copealcoy.es\/es\/wp-json\/wp\/v2\/users\/1"}],"replies":[{"embeddable":true,"href":"https:\/\/www.copealcoy.es\/es\/wp-json\/wp\/v2\/comments?post=146002"}],"version-history":[{"count":0,"href":"https:\/\/www.copealcoy.es\/es\/wp-json\/wp\/v2\/posts\/146002\/revisions"}],"wp:featuredmedia":[{"embeddable":true,"href":"https:\/\/www.copealcoy.es\/es\/wp-json\/wp\/v2\/media\/45335"}],"wp:attachment":[{"href":"https:\/\/www.copealcoy.es\/es\/wp-json\/wp\/v2\/media?parent=146002"}],"wp:term":[{"taxonomy":"category","embeddable":true,"href":"https:\/\/www.copealcoy.es\/es\/wp-json\/wp\/v2\/categories?post=146002"},{"taxonomy":"post_tag","embeddable":true,"href":"https:\/\/www.copealcoy.es\/es\/wp-json\/wp\/v2\/tags?post=146002"}],"curies":[{"name":"wp","href":"https:\/\/api.w.org\/{rel}","templated":true}]}}