{"id":145970,"date":"2025-01-15T08:00:05","date_gmt":"2025-01-15T07:00:05","guid":{"rendered":"https:\/\/www.copealcoy.es\/?p=145970"},"modified":"2025-01-15T12:18:07","modified_gmt":"2025-01-15T11:18:07","slug":"recomiendan-de-nuevo-el-uso-de-la-mascarilla-en-los-centros-sanitarios","status":"publish","type":"post","link":"https:\/\/www.copealcoy.es\/es\/recomiendan-de-nuevo-el-uso-de-la-mascarilla-en-los-centros-sanitarios\/","title":{"rendered":"Recomiendan de nuevo el uso de la mascarilla en los centros sanitarios"},"content":{"rendered":"<p class=\"paragraph\" style=\"text-align: justify;\">Los casos de gripe <strong>han aumentado en las \u00faltimas semanas<\/strong> y la previsi\u00f3n es que lo sigan haciendo, incluso con tendencia a que el pico se pueda alcanzar a partir de esta semana. Por este motivo, seg\u00fan ha comunicado <a href=\"https:\/\/www.san.gva.es\/ca\/web\/sanidad\" target=\"_blank\" rel=\"noopener\"><strong><span style=\"color: #0000ff;\">la Conselleria de Sanitat<\/span><\/strong><\/a>, <strong>la Comunitat Valenciana pone ya en marcha medidas de prevenci\u00f3n<\/strong> para la poblaci\u00f3n .<\/p>\n<p class=\"paragraph\" style=\"text-align: justify;\">&#8220;<i>Lo importante es prevenir y no enfermar<\/i>&#8220;, explic\u00f3 el mismo conseller de Sanitat del Gobierno valenciano, <strong>Marciano G\u00f3mez<\/strong>, d\u00edas atr\u00e1s en una visita realizada al Hospital General de Castell\u00f3n &#8220;<i>en nuestro plan de contingencia ante la gripe y el repunte de casos, hoy sale una recomendaci\u00f3n del uso de mascarilla, no solo para el personal facultativo, tambi\u00e9n a pacientes y familiares. Pasamos a fase de recomendaci\u00f3n<\/i>&#8220;, dijo.<\/p>\n<p class=\"paragraph\" style=\"text-align: justify;\">G\u00f3mez ha explic\u00f3 que &#8220;<i>pensamos que la semana que viene podemos tener un aumento del pico y nos hemos preparado con un plan de contigencia<\/i>&#8220;.\u00a0El conseller detall\u00f3 que se recomienda el uso de mascarilla &#8220;<i>en Urgencias de hospitales y centros de salud a todo aquel paciente que tenga sintomatolog\u00eda; a todo aquel paciente o cl\u00ednico que vaya a salas de pacientes vulnerables como oncol\u00f3gicos, con quimioterapia, inmunodiprimidos y aquellas \u00e1reas sociosanitarias que tengan cl\u00ednic<\/i>&#8220;.<\/p>\n<p><strong><span style=\"color: #0000ff;\">Medida<\/span><\/strong><\/p>\n<p class=\"paragraph\" style=\"text-align: justify;\">&#8220;<i>Queremos adelantarnos a intentar evitar el pico que, inevitablemente, vamos a tener. Todos los a\u00f1os lo tenemos<\/i>&#8220;, a\u00f1adi\u00f3 <strong>Marciano G\u00f3mez<\/strong>. Y eso que &#8220;<i>este a\u00f1o la covid ha bajado espectacularmente, subiendo la gripe y el VRS&#8221;<\/i>. Por este motivo, reiter\u00f3, <strong>la Generalitat Valenciana<\/strong> trata de &#8220;<i>tomar todas las medidas para evitar el pico hospitalario<\/i>&#8221; y asegura que &#8220;<i>hay algunos hospitales en Valencia, el Hospital Cl\u00ednico Universitario, donde hay acumulaci\u00f3n de pacientes, que no colapso<\/i>&#8220;, concluy\u00f3.<\/p>\n<p class=\"paragraph\" style=\"text-align: justify;\"><strong><span style=\"color: #0000ff;\">Situaci\u00f3n del Hospital de Alcoy<\/span><\/strong><\/p>\n<p style=\"text-align: justify;\">Cabe recordar que en los \u00faltimos d\u00edas <strong>los Sindicatos han denunciado<\/strong> un &#8220;<em>alto nivel de saturaci\u00f3n<\/em>&#8221; en varios hospitales de la Comunitat Valenciana debido a la gripe. En el caso del <strong>Virgen de los Lirios<\/strong>, seg\u00fan aseguraron las mismas fuentes sindicales, tambi\u00e9n se registra una presi\u00f3n asistenciale, tanto en urgencias como en hospitalizaci\u00f3n.<\/p>\n","protected":false},"excerpt":{"rendered":"<p>Los casos de gripe han aumentado en las \u00faltimas semanas y la previsi\u00f3n es que lo sigan haciendo, incluso con&#8230;<\/p>\n","protected":false},"author":1,"featured_media":0,"comment_status":"open","ping_status":"open","sticky":false,"template":"","format":"standard","meta":{"footnotes":""},"categories":[6909,97,75],"tags":[1494,7401,1530,11679,19084,3865],"class_list":["post-145970","post","type-post","status-publish","format-standard","hentry","category-actualidad","category-alcoy","category-noticias","tag-alcoy","tag-contagios","tag-gripe","tag-mascarilla","tag-recomendacion","tag-uso"],"yoast_head":"<!-- This site is optimized with the Yoast SEO plugin v27.3 - https:\/\/yoast.com\/product\/yoast-seo-wordpress\/ -->\n<title>Recomiendan de nuevo el uso de la mascarilla en los centros sanitarios - COPE Alcoy<\/title>\n<meta name=\"robots\" content=\"index, follow, max-snippet:-1, max-image-preview:large, max-video-preview:-1\" \/>\n<link rel=\"canonical\" href=\"https:\/\/www.copealcoy.es\/es\/recomiendan-de-nuevo-el-uso-de-la-mascarilla-en-los-centros-sanitarios\/\" \/>\n<meta property=\"og:locale\" content=\"es_ES\" \/>\n<meta property=\"og:type\" content=\"article\" \/>\n<meta property=\"og:title\" content=\"Recomiendan de nuevo el uso de la mascarilla en los centros sanitarios - COPE Alcoy\" \/>\n<meta property=\"og:description\" content=\"Los casos de gripe han aumentado en las \u00faltimas semanas y la previsi\u00f3n es que lo sigan haciendo, incluso con...\" \/>\n<meta property=\"og:url\" content=\"https:\/\/www.copealcoy.es\/es\/recomiendan-de-nuevo-el-uso-de-la-mascarilla-en-los-centros-sanitarios\/\" \/>\n<meta property=\"og:site_name\" content=\"COPE Alcoy\" \/>\n<meta property=\"article:published_time\" content=\"2025-01-15T07:00:05+00:00\" \/>\n<meta property=\"article:modified_time\" content=\"2025-01-15T11:18:07+00:00\" \/>\n<meta property=\"og:image\" content=\"https:\/\/www.copealcoy.es\/wp-content\/uploads\/2024\/02\/HOS2-1-scaled-e1707299535721.jpg\" \/>\n\t<meta property=\"og:image:width\" content=\"645\" \/>\n\t<meta property=\"og:image:height\" content=\"444\" \/>\n\t<meta property=\"og:image:type\" content=\"image\/jpeg\" \/>\n<meta name=\"author\" content=\"Cope Alcoy\" \/>\n<meta name=\"twitter:label1\" content=\"Escrito por\" \/>\n\t<meta name=\"twitter:data1\" content=\"Cope Alcoy\" \/>\n\t<meta name=\"twitter:label2\" content=\"Tiempo de lectura\" \/>\n\t<meta name=\"twitter:data2\" content=\"3 minutos\" \/>\n<script type=\"application\/ld+json\" class=\"yoast-schema-graph\">{\"@context\":\"https:\\\/\\\/schema.org\",\"@graph\":[{\"@type\":\"Article\",\"@id\":\"https:\\\/\\\/www.copealcoy.es\\\/es\\\/recomiendan-de-nuevo-el-uso-de-la-mascarilla-en-los-centros-sanitarios\\\/#article\",\"isPartOf\":{\"@id\":\"https:\\\/\\\/www.copealcoy.es\\\/es\\\/recomiendan-de-nuevo-el-uso-de-la-mascarilla-en-los-centros-sanitarios\\\/\"},\"author\":{\"name\":\"Cope Alcoy\",\"@id\":\"https:\\\/\\\/www.copealcoy.es\\\/es\\\/#\\\/schema\\\/person\\\/e777c87fa024e57d40170af9df39882c\"},\"headline\":\"Recomiendan de nuevo el uso de la mascarilla en los centros sanitarios\",\"datePublished\":\"2025-01-15T07:00:05+00:00\",\"dateModified\":\"2025-01-15T11:18:07+00:00\",\"mainEntityOfPage\":{\"@id\":\"https:\\\/\\\/www.copealcoy.es\\\/es\\\/recomiendan-de-nuevo-el-uso-de-la-mascarilla-en-los-centros-sanitarios\\\/\"},\"wordCount\":373,\"commentCount\":0,\"keywords\":[\"Alcoy\",\"contagios\",\"Gripe\",\"Mascarilla\",\"recomendaci\u00f3n\",\"uso\"],\"articleSection\":[\"Actualidad\",\"Alcoy\",\"Noticias\"],\"inLanguage\":\"es\"},{\"@type\":\"WebPage\",\"@id\":\"https:\\\/\\\/www.copealcoy.es\\\/es\\\/recomiendan-de-nuevo-el-uso-de-la-mascarilla-en-los-centros-sanitarios\\\/\",\"url\":\"https:\\\/\\\/www.copealcoy.es\\\/es\\\/recomiendan-de-nuevo-el-uso-de-la-mascarilla-en-los-centros-sanitarios\\\/\",\"name\":\"Recomiendan de nuevo el uso de la mascarilla en los centros sanitarios - COPE Alcoy\",\"isPartOf\":{\"@id\":\"https:\\\/\\\/www.copealcoy.es\\\/es\\\/#website\"},\"datePublished\":\"2025-01-15T07:00:05+00:00\",\"dateModified\":\"2025-01-15T11:18:07+00:00\",\"author\":{\"@id\":\"https:\\\/\\\/www.copealcoy.es\\\/es\\\/#\\\/schema\\\/person\\\/e777c87fa024e57d40170af9df39882c\"},\"breadcrumb\":{\"@id\":\"https:\\\/\\\/www.copealcoy.es\\\/es\\\/recomiendan-de-nuevo-el-uso-de-la-mascarilla-en-los-centros-sanitarios\\\/#breadcrumb\"},\"inLanguage\":\"es\",\"potentialAction\":[{\"@type\":\"ReadAction\",\"target\":[\"https:\\\/\\\/www.copealcoy.es\\\/es\\\/recomiendan-de-nuevo-el-uso-de-la-mascarilla-en-los-centros-sanitarios\\\/\"]}]},{\"@type\":\"BreadcrumbList\",\"@id\":\"https:\\\/\\\/www.copealcoy.es\\\/es\\\/recomiendan-de-nuevo-el-uso-de-la-mascarilla-en-los-centros-sanitarios\\\/#breadcrumb\",\"itemListElement\":[{\"@type\":\"ListItem\",\"position\":1,\"name\":\"Portada\",\"item\":\"https:\\\/\\\/www.copealcoy.es\\\/es\\\/\"},{\"@type\":\"ListItem\",\"position\":2,\"name\":\"Recomiendan de nuevo el uso de la mascarilla en los centros sanitarios\"}]},{\"@type\":\"WebSite\",\"@id\":\"https:\\\/\\\/www.copealcoy.es\\\/es\\\/#website\",\"url\":\"https:\\\/\\\/www.copealcoy.es\\\/es\\\/\",\"name\":\"COPE Alcoy\",\"description\":\"Emisora COPE de radio local con emisi\u00f3n online. Pont de Sant Jordi 8-10 03803 Alcoy\",\"potentialAction\":[{\"@type\":\"SearchAction\",\"target\":{\"@type\":\"EntryPoint\",\"urlTemplate\":\"https:\\\/\\\/www.copealcoy.es\\\/es\\\/?s={search_term_string}\"},\"query-input\":{\"@type\":\"PropertyValueSpecification\",\"valueRequired\":true,\"valueName\":\"search_term_string\"}}],\"inLanguage\":\"es\"},{\"@type\":\"Person\",\"@id\":\"https:\\\/\\\/www.copealcoy.es\\\/es\\\/#\\\/schema\\\/person\\\/e777c87fa024e57d40170af9df39882c\",\"name\":\"Cope Alcoy\",\"image\":{\"@type\":\"ImageObject\",\"inLanguage\":\"es\",\"@id\":\"https:\\\/\\\/secure.gravatar.com\\\/avatar\\\/bb65d0283347e303893ba14f0692005417c1e0e690a325a4c5d8bb2b3943ee14?s=96&d=mm&r=g\",\"url\":\"https:\\\/\\\/secure.gravatar.com\\\/avatar\\\/bb65d0283347e303893ba14f0692005417c1e0e690a325a4c5d8bb2b3943ee14?s=96&d=mm&r=g\",\"contentUrl\":\"https:\\\/\\\/secure.gravatar.com\\\/avatar\\\/bb65d0283347e303893ba14f0692005417c1e0e690a325a4c5d8bb2b3943ee14?s=96&d=mm&r=g\",\"caption\":\"Cope Alcoy\"}}]}<\/script>\n<!-- \/ Yoast SEO plugin. -->","yoast_head_json":{"title":"Recomiendan de nuevo el uso de la mascarilla en los centros sanitarios - COPE Alcoy","robots":{"index":"index","follow":"follow","max-snippet":"max-snippet:-1","max-image-preview":"max-image-preview:large","max-video-preview":"max-video-preview:-1"},"canonical":"https:\/\/www.copealcoy.es\/es\/recomiendan-de-nuevo-el-uso-de-la-mascarilla-en-los-centros-sanitarios\/","og_locale":"es_ES","og_type":"article","og_title":"Recomiendan de nuevo el uso de la mascarilla en los centros sanitarios - COPE Alcoy","og_description":"Los casos de gripe han aumentado en las \u00faltimas semanas y la previsi\u00f3n es que lo sigan haciendo, incluso con...","og_url":"https:\/\/www.copealcoy.es\/es\/recomiendan-de-nuevo-el-uso-de-la-mascarilla-en-los-centros-sanitarios\/","og_site_name":"COPE Alcoy","article_published_time":"2025-01-15T07:00:05+00:00","article_modified_time":"2025-01-15T11:18:07+00:00","og_image":[{"width":645,"height":444,"url":"https:\/\/www.copealcoy.es\/wp-content\/uploads\/2024\/02\/HOS2-1-scaled-e1707299535721.jpg","type":"image\/jpeg"}],"author":"Cope Alcoy","twitter_misc":{"Escrito por":"Cope Alcoy","Tiempo de lectura":"3 minutos"},"schema":{"@context":"https:\/\/schema.org","@graph":[{"@type":"Article","@id":"https:\/\/www.copealcoy.es\/es\/recomiendan-de-nuevo-el-uso-de-la-mascarilla-en-los-centros-sanitarios\/#article","isPartOf":{"@id":"https:\/\/www.copealcoy.es\/es\/recomiendan-de-nuevo-el-uso-de-la-mascarilla-en-los-centros-sanitarios\/"},"author":{"name":"Cope Alcoy","@id":"https:\/\/www.copealcoy.es\/es\/#\/schema\/person\/e777c87fa024e57d40170af9df39882c"},"headline":"Recomiendan de nuevo el uso de la mascarilla en los centros sanitarios","datePublished":"2025-01-15T07:00:05+00:00","dateModified":"2025-01-15T11:18:07+00:00","mainEntityOfPage":{"@id":"https:\/\/www.copealcoy.es\/es\/recomiendan-de-nuevo-el-uso-de-la-mascarilla-en-los-centros-sanitarios\/"},"wordCount":373,"commentCount":0,"keywords":["Alcoy","contagios","Gripe","Mascarilla","recomendaci\u00f3n","uso"],"articleSection":["Actualidad","Alcoy","Noticias"],"inLanguage":"es"},{"@type":"WebPage","@id":"https:\/\/www.copealcoy.es\/es\/recomiendan-de-nuevo-el-uso-de-la-mascarilla-en-los-centros-sanitarios\/","url":"https:\/\/www.copealcoy.es\/es\/recomiendan-de-nuevo-el-uso-de-la-mascarilla-en-los-centros-sanitarios\/","name":"Recomiendan de nuevo el uso de la mascarilla en los centros sanitarios - COPE Alcoy","isPartOf":{"@id":"https:\/\/www.copealcoy.es\/es\/#website"},"datePublished":"2025-01-15T07:00:05+00:00","dateModified":"2025-01-15T11:18:07+00:00","author":{"@id":"https:\/\/www.copealcoy.es\/es\/#\/schema\/person\/e777c87fa024e57d40170af9df39882c"},"breadcrumb":{"@id":"https:\/\/www.copealcoy.es\/es\/recomiendan-de-nuevo-el-uso-de-la-mascarilla-en-los-centros-sanitarios\/#breadcrumb"},"inLanguage":"es","potentialAction":[{"@type":"ReadAction","target":["https:\/\/www.copealcoy.es\/es\/recomiendan-de-nuevo-el-uso-de-la-mascarilla-en-los-centros-sanitarios\/"]}]},{"@type":"BreadcrumbList","@id":"https:\/\/www.copealcoy.es\/es\/recomiendan-de-nuevo-el-uso-de-la-mascarilla-en-los-centros-sanitarios\/#breadcrumb","itemListElement":[{"@type":"ListItem","position":1,"name":"Portada","item":"https:\/\/www.copealcoy.es\/es\/"},{"@type":"ListItem","position":2,"name":"Recomiendan de nuevo el uso de la mascarilla en los centros sanitarios"}]},{"@type":"WebSite","@id":"https:\/\/www.copealcoy.es\/es\/#website","url":"https:\/\/www.copealcoy.es\/es\/","name":"COPE Alcoy","description":"Emisora COPE de radio local con emisi\u00f3n online. Pont de Sant Jordi 8-10 03803 Alcoy","potentialAction":[{"@type":"SearchAction","target":{"@type":"EntryPoint","urlTemplate":"https:\/\/www.copealcoy.es\/es\/?s={search_term_string}"},"query-input":{"@type":"PropertyValueSpecification","valueRequired":true,"valueName":"search_term_string"}}],"inLanguage":"es"},{"@type":"Person","@id":"https:\/\/www.copealcoy.es\/es\/#\/schema\/person\/e777c87fa024e57d40170af9df39882c","name":"Cope Alcoy","image":{"@type":"ImageObject","inLanguage":"es","@id":"https:\/\/secure.gravatar.com\/avatar\/bb65d0283347e303893ba14f0692005417c1e0e690a325a4c5d8bb2b3943ee14?s=96&d=mm&r=g","url":"https:\/\/secure.gravatar.com\/avatar\/bb65d0283347e303893ba14f0692005417c1e0e690a325a4c5d8bb2b3943ee14?s=96&d=mm&r=g","contentUrl":"https:\/\/secure.gravatar.com\/avatar\/bb65d0283347e303893ba14f0692005417c1e0e690a325a4c5d8bb2b3943ee14?s=96&d=mm&r=g","caption":"Cope Alcoy"}}]}},"_links":{"self":[{"href":"https:\/\/www.copealcoy.es\/es\/wp-json\/wp\/v2\/posts\/145970","targetHints":{"allow":["GET"]}}],"collection":[{"href":"https:\/\/www.copealcoy.es\/es\/wp-json\/wp\/v2\/posts"}],"about":[{"href":"https:\/\/www.copealcoy.es\/es\/wp-json\/wp\/v2\/types\/post"}],"author":[{"embeddable":true,"href":"https:\/\/www.copealcoy.es\/es\/wp-json\/wp\/v2\/users\/1"}],"replies":[{"embeddable":true,"href":"https:\/\/www.copealcoy.es\/es\/wp-json\/wp\/v2\/comments?post=145970"}],"version-history":[{"count":0,"href":"https:\/\/www.copealcoy.es\/es\/wp-json\/wp\/v2\/posts\/145970\/revisions"}],"wp:attachment":[{"href":"https:\/\/www.copealcoy.es\/es\/wp-json\/wp\/v2\/media?parent=145970"}],"wp:term":[{"taxonomy":"category","embeddable":true,"href":"https:\/\/www.copealcoy.es\/es\/wp-json\/wp\/v2\/categories?post=145970"},{"taxonomy":"post_tag","embeddable":true,"href":"https:\/\/www.copealcoy.es\/es\/wp-json\/wp\/v2\/tags?post=145970"}],"curies":[{"name":"wp","href":"https:\/\/api.w.org\/{rel}","templated":true}]}}