{"id":145765,"date":"2025-01-09T07:30:04","date_gmt":"2025-01-09T06:30:04","guid":{"rendered":"https:\/\/www.copealcoy.es\/?p=145765"},"modified":"2025-02-11T17:09:56","modified_gmt":"2025-02-11T16:09:56","slug":"informativo-matinal-jueves-9-de-enero-2025-0750h","status":"publish","type":"post","link":"https:\/\/www.copealcoy.es\/es\/informativo-matinal-jueves-9-de-enero-2025-0750h\/","title":{"rendered":"Informativo matinal jueves 9 de enero 2025 (07:50h)"},"content":{"rendered":"<p><iframe loading=\"lazy\" title=\"Informativo Matinal Jueves 9 De Enero 2025 (07:50h)\" width=\"100%\" height=\"120\" src=\"https:\/\/www.mixcloud.com\/widget\/iframe\/?feed=https%3A%2F%2Fwww.mixcloud.com%2FCOPEAlcoy%2Finformativo-matinal-jueves-9-de-enero-2025-0750h%2F&amp;hide_cover=1\" frameborder=\"0\"><\/iframe><\/p>\n<p style=\"text-align: justify;\">Hoy jueves <strong>os hemos contado que vecinos de Muro han mostrado su malestar por el almacenamiento de veh\u00edculos afectados por la DANA<\/strong> en unos terrenos de propiedad privada. Tambi\u00e9n hemos comentado <strong>las opciones que plantean los estudiantes del Campus de Alcoy de la UPV<\/strong> para dar otros usos a los nuevos terrenos de la universidad.<\/p>\n<p style=\"text-align: justify;\">El\u00a0<a href=\"https:\/\/www.upv.es\/otros\/como-llegar-upv\/campus-alcoy\/index-es.html\" target=\"_blank\" rel=\"noopener\"><span style=\"color: #0000ff;\"><strong>Campus de Alcoy de la Universidad Polit\u00e9cnica de Valencia (UPV)<\/strong><\/span>\u00a0<\/a>ha llevado a cabo\u00a0<strong>un proceso participativo<\/strong>\u00a0para recabar la opini\u00f3n de sus estudiantes sobre el futuro uso de una nueva zona ajardinada de 8.000 m\u00b2, ubicada junto al edificio Carbonell. Seg\u00fan\u00a0<strong>los resultados<\/strong>\u00a0de la encuesta realizada y facilitados por el mismo Campus,\u00a0<strong>la opci\u00f3n m\u00e1s votada<\/strong>\u00a0por el alumnado es la creaci\u00f3n de una piscina, con un apoyo del 72%, lo que complementar\u00eda la oferta deportiva actual del campus.<\/p>\n<p style=\"text-align: justify;\">La\u00a0<strong>segunda prioridad<\/strong>\u00a0identificada por los estudiantes es habilitar un \u00e1rea de descanso y esparcimiento en este espacio verde, con mesas, bancos y otras infraestructuras recreativas, respaldada por el 48% de los encuestados. Adem\u00e1s, un 25% del alumnado se mostr\u00f3 a favor de construir una pista de tenis, mientras que un 19,4% propuso la instalaci\u00f3n de un roc\u00f3dromo.<\/p>\n<p style=\"text-align: justify;\">El i<strong>nter\u00e9s por el deporte<\/strong>\u00a0es evidente entre los estudiantes, quienes tambi\u00e9n sugirieron trasladar las actuales pistas de p\u00e1del a esta nueva zona y crear espacios para obst\u00e1culos en bicicletas o incluso una zona de karting. Otras propuestas incluyen la construcci\u00f3n de un peque\u00f1o lago, un jard\u00edn bot\u00e1nico con especies aut\u00f3ctonas y un almac\u00e9n.<\/p>\n<p style=\"text-align: justify;\">El director del campus,<strong>\u00a0Pau Bernabeu<\/strong>, destac\u00f3 la importancia de la participaci\u00f3n estudiantil en este proceso. Adem\u00e1s se\u00f1ala la importancia de que los alumnos aporten ideas para definir el Campus de cara al futuro m\u00e1s inmediato \u201c<em>la participaci\u00f3n del alumnado siempre es prioridad en la UPV. As\u00ed conseguimos crear la nueva Casa del Alumno y trasladar la reprograf\u00eda, incluyendo la tienda oficial de la UPV. La escucha activa nos aporta valiosas ideas para el desarrollo del proyecto que se ejecutar\u00e1 en los pr\u00f3ximos a\u00f1os<\/em>\u201d, concluye.<\/p>\n<p style=\"text-align: justify;\">Este proceso participativo se llev\u00f3 a cabo en las ultimas semanas y permiti\u00f3 a los estudiantes visitar el \u00e1rea ajardinada para conocer mejor las posibilidades que ofrece. Las propuestas recogidas\u00a0<strong>ser\u00e1n consideradas<\/strong>\u00a0en el dise\u00f1o final del proyecto para esta nueva zona recreativa.<\/p>\n","protected":false},"excerpt":{"rendered":"<p>Hoy jueves os hemos contado que vecinos de Muro han mostrado su malestar por el almacenamiento de veh\u00edculos afectados por&#8230;<\/p>\n","protected":false},"author":1,"featured_media":147419,"comment_status":"open","ping_status":"open","sticky":false,"template":"","format":"standard","meta":{"footnotes":""},"categories":[6909,89,91,75],"tags":[],"class_list":["post-145765","post","type-post","status-publish","format-standard","has-post-thumbnail","hentry","category-actualidad","category-audiosdelosprogramas","category-informativos","category-noticias"],"yoast_head":"<!-- This site is optimized with the Yoast SEO plugin v27.3 - https:\/\/yoast.com\/product\/yoast-seo-wordpress\/ -->\n<title>Informativo matinal jueves 9 de enero 2025 (07:50h) - COPE Alcoy<\/title>\n<meta name=\"robots\" content=\"index, follow, max-snippet:-1, max-image-preview:large, max-video-preview:-1\" \/>\n<link rel=\"canonical\" href=\"https:\/\/www.copealcoy.es\/es\/informativo-matinal-jueves-9-de-enero-2025-0750h\/\" \/>\n<meta property=\"og:locale\" content=\"es_ES\" \/>\n<meta property=\"og:type\" content=\"article\" \/>\n<meta property=\"og:title\" content=\"Informativo matinal jueves 9 de enero 2025 (07:50h) - COPE Alcoy\" \/>\n<meta property=\"og:description\" content=\"Hoy jueves os hemos contado que vecinos de Muro han mostrado su malestar por el almacenamiento de veh\u00edculos afectados por...\" \/>\n<meta property=\"og:url\" content=\"https:\/\/www.copealcoy.es\/es\/informativo-matinal-jueves-9-de-enero-2025-0750h\/\" \/>\n<meta property=\"og:site_name\" content=\"COPE Alcoy\" \/>\n<meta property=\"article:published_time\" content=\"2025-01-09T06:30:04+00:00\" \/>\n<meta property=\"article:modified_time\" content=\"2025-02-11T16:09:56+00:00\" \/>\n<meta property=\"og:image\" content=\"https:\/\/www.copealcoy.es\/wp-content\/uploads\/2025\/01\/Informativo-matinal-castellano-3.png\" \/>\n\t<meta property=\"og:image:width\" content=\"357\" \/>\n\t<meta property=\"og:image:height\" content=\"290\" \/>\n\t<meta property=\"og:image:type\" content=\"image\/png\" \/>\n<meta name=\"author\" content=\"Cope Alcoy\" \/>\n<meta name=\"twitter:label1\" content=\"Escrito por\" \/>\n\t<meta name=\"twitter:data1\" content=\"Cope Alcoy\" \/>\n\t<meta name=\"twitter:label2\" content=\"Tiempo de lectura\" \/>\n\t<meta name=\"twitter:data2\" content=\"3 minutos\" \/>\n<script type=\"application\/ld+json\" class=\"yoast-schema-graph\">{\"@context\":\"https:\\\/\\\/schema.org\",\"@graph\":[{\"@type\":\"Article\",\"@id\":\"https:\\\/\\\/www.copealcoy.es\\\/es\\\/informativo-matinal-jueves-9-de-enero-2025-0750h\\\/#article\",\"isPartOf\":{\"@id\":\"https:\\\/\\\/www.copealcoy.es\\\/es\\\/informativo-matinal-jueves-9-de-enero-2025-0750h\\\/\"},\"author\":{\"name\":\"Cope Alcoy\",\"@id\":\"https:\\\/\\\/www.copealcoy.es\\\/es\\\/#\\\/schema\\\/person\\\/e777c87fa024e57d40170af9df39882c\"},\"headline\":\"Informativo matinal jueves 9 de enero 2025 (07:50h)\",\"datePublished\":\"2025-01-09T06:30:04+00:00\",\"dateModified\":\"2025-02-11T16:09:56+00:00\",\"mainEntityOfPage\":{\"@id\":\"https:\\\/\\\/www.copealcoy.es\\\/es\\\/informativo-matinal-jueves-9-de-enero-2025-0750h\\\/\"},\"wordCount\":419,\"commentCount\":0,\"image\":{\"@id\":\"https:\\\/\\\/www.copealcoy.es\\\/es\\\/informativo-matinal-jueves-9-de-enero-2025-0750h\\\/#primaryimage\"},\"thumbnailUrl\":\"https:\\\/\\\/www.copealcoy.es\\\/wp-content\\\/uploads\\\/2025\\\/01\\\/Informativo-matinal-castellano-3.png\",\"articleSection\":[\"Actualidad\",\"Audios de los programas\",\"Informativos\",\"Noticias\"],\"inLanguage\":\"es\"},{\"@type\":\"WebPage\",\"@id\":\"https:\\\/\\\/www.copealcoy.es\\\/es\\\/informativo-matinal-jueves-9-de-enero-2025-0750h\\\/\",\"url\":\"https:\\\/\\\/www.copealcoy.es\\\/es\\\/informativo-matinal-jueves-9-de-enero-2025-0750h\\\/\",\"name\":\"Informativo matinal jueves 9 de enero 2025 (07:50h) - COPE Alcoy\",\"isPartOf\":{\"@id\":\"https:\\\/\\\/www.copealcoy.es\\\/es\\\/#website\"},\"primaryImageOfPage\":{\"@id\":\"https:\\\/\\\/www.copealcoy.es\\\/es\\\/informativo-matinal-jueves-9-de-enero-2025-0750h\\\/#primaryimage\"},\"image\":{\"@id\":\"https:\\\/\\\/www.copealcoy.es\\\/es\\\/informativo-matinal-jueves-9-de-enero-2025-0750h\\\/#primaryimage\"},\"thumbnailUrl\":\"https:\\\/\\\/www.copealcoy.es\\\/wp-content\\\/uploads\\\/2025\\\/01\\\/Informativo-matinal-castellano-3.png\",\"datePublished\":\"2025-01-09T06:30:04+00:00\",\"dateModified\":\"2025-02-11T16:09:56+00:00\",\"author\":{\"@id\":\"https:\\\/\\\/www.copealcoy.es\\\/es\\\/#\\\/schema\\\/person\\\/e777c87fa024e57d40170af9df39882c\"},\"breadcrumb\":{\"@id\":\"https:\\\/\\\/www.copealcoy.es\\\/es\\\/informativo-matinal-jueves-9-de-enero-2025-0750h\\\/#breadcrumb\"},\"inLanguage\":\"es\",\"potentialAction\":[{\"@type\":\"ReadAction\",\"target\":[\"https:\\\/\\\/www.copealcoy.es\\\/es\\\/informativo-matinal-jueves-9-de-enero-2025-0750h\\\/\"]}]},{\"@type\":\"ImageObject\",\"inLanguage\":\"es\",\"@id\":\"https:\\\/\\\/www.copealcoy.es\\\/es\\\/informativo-matinal-jueves-9-de-enero-2025-0750h\\\/#primaryimage\",\"url\":\"https:\\\/\\\/www.copealcoy.es\\\/wp-content\\\/uploads\\\/2025\\\/01\\\/Informativo-matinal-castellano-3.png\",\"contentUrl\":\"https:\\\/\\\/www.copealcoy.es\\\/wp-content\\\/uploads\\\/2025\\\/01\\\/Informativo-matinal-castellano-3.png\",\"width\":357,\"height\":290},{\"@type\":\"BreadcrumbList\",\"@id\":\"https:\\\/\\\/www.copealcoy.es\\\/es\\\/informativo-matinal-jueves-9-de-enero-2025-0750h\\\/#breadcrumb\",\"itemListElement\":[{\"@type\":\"ListItem\",\"position\":1,\"name\":\"Portada\",\"item\":\"https:\\\/\\\/www.copealcoy.es\\\/es\\\/\"},{\"@type\":\"ListItem\",\"position\":2,\"name\":\"Informativo matinal jueves 9 de enero 2025 (07:50h)\"}]},{\"@type\":\"WebSite\",\"@id\":\"https:\\\/\\\/www.copealcoy.es\\\/es\\\/#website\",\"url\":\"https:\\\/\\\/www.copealcoy.es\\\/es\\\/\",\"name\":\"COPE Alcoy\",\"description\":\"Emisora COPE de radio local con emisi\u00f3n online. Pont de Sant Jordi 8-10 03803 Alcoy\",\"potentialAction\":[{\"@type\":\"SearchAction\",\"target\":{\"@type\":\"EntryPoint\",\"urlTemplate\":\"https:\\\/\\\/www.copealcoy.es\\\/es\\\/?s={search_term_string}\"},\"query-input\":{\"@type\":\"PropertyValueSpecification\",\"valueRequired\":true,\"valueName\":\"search_term_string\"}}],\"inLanguage\":\"es\"},{\"@type\":\"Person\",\"@id\":\"https:\\\/\\\/www.copealcoy.es\\\/es\\\/#\\\/schema\\\/person\\\/e777c87fa024e57d40170af9df39882c\",\"name\":\"Cope Alcoy\",\"image\":{\"@type\":\"ImageObject\",\"inLanguage\":\"es\",\"@id\":\"https:\\\/\\\/secure.gravatar.com\\\/avatar\\\/bb65d0283347e303893ba14f0692005417c1e0e690a325a4c5d8bb2b3943ee14?s=96&d=mm&r=g\",\"url\":\"https:\\\/\\\/secure.gravatar.com\\\/avatar\\\/bb65d0283347e303893ba14f0692005417c1e0e690a325a4c5d8bb2b3943ee14?s=96&d=mm&r=g\",\"contentUrl\":\"https:\\\/\\\/secure.gravatar.com\\\/avatar\\\/bb65d0283347e303893ba14f0692005417c1e0e690a325a4c5d8bb2b3943ee14?s=96&d=mm&r=g\",\"caption\":\"Cope Alcoy\"}}]}<\/script>\n<!-- \/ Yoast SEO plugin. -->","yoast_head_json":{"title":"Informativo matinal jueves 9 de enero 2025 (07:50h) - COPE Alcoy","robots":{"index":"index","follow":"follow","max-snippet":"max-snippet:-1","max-image-preview":"max-image-preview:large","max-video-preview":"max-video-preview:-1"},"canonical":"https:\/\/www.copealcoy.es\/es\/informativo-matinal-jueves-9-de-enero-2025-0750h\/","og_locale":"es_ES","og_type":"article","og_title":"Informativo matinal jueves 9 de enero 2025 (07:50h) - COPE Alcoy","og_description":"Hoy jueves os hemos contado que vecinos de Muro han mostrado su malestar por el almacenamiento de veh\u00edculos afectados por...","og_url":"https:\/\/www.copealcoy.es\/es\/informativo-matinal-jueves-9-de-enero-2025-0750h\/","og_site_name":"COPE Alcoy","article_published_time":"2025-01-09T06:30:04+00:00","article_modified_time":"2025-02-11T16:09:56+00:00","og_image":[{"width":357,"height":290,"url":"https:\/\/www.copealcoy.es\/wp-content\/uploads\/2025\/01\/Informativo-matinal-castellano-3.png","type":"image\/png"}],"author":"Cope Alcoy","twitter_misc":{"Escrito por":"Cope Alcoy","Tiempo de lectura":"3 minutos"},"schema":{"@context":"https:\/\/schema.org","@graph":[{"@type":"Article","@id":"https:\/\/www.copealcoy.es\/es\/informativo-matinal-jueves-9-de-enero-2025-0750h\/#article","isPartOf":{"@id":"https:\/\/www.copealcoy.es\/es\/informativo-matinal-jueves-9-de-enero-2025-0750h\/"},"author":{"name":"Cope Alcoy","@id":"https:\/\/www.copealcoy.es\/es\/#\/schema\/person\/e777c87fa024e57d40170af9df39882c"},"headline":"Informativo matinal jueves 9 de enero 2025 (07:50h)","datePublished":"2025-01-09T06:30:04+00:00","dateModified":"2025-02-11T16:09:56+00:00","mainEntityOfPage":{"@id":"https:\/\/www.copealcoy.es\/es\/informativo-matinal-jueves-9-de-enero-2025-0750h\/"},"wordCount":419,"commentCount":0,"image":{"@id":"https:\/\/www.copealcoy.es\/es\/informativo-matinal-jueves-9-de-enero-2025-0750h\/#primaryimage"},"thumbnailUrl":"https:\/\/www.copealcoy.es\/wp-content\/uploads\/2025\/01\/Informativo-matinal-castellano-3.png","articleSection":["Actualidad","Audios de los programas","Informativos","Noticias"],"inLanguage":"es"},{"@type":"WebPage","@id":"https:\/\/www.copealcoy.es\/es\/informativo-matinal-jueves-9-de-enero-2025-0750h\/","url":"https:\/\/www.copealcoy.es\/es\/informativo-matinal-jueves-9-de-enero-2025-0750h\/","name":"Informativo matinal jueves 9 de enero 2025 (07:50h) - COPE Alcoy","isPartOf":{"@id":"https:\/\/www.copealcoy.es\/es\/#website"},"primaryImageOfPage":{"@id":"https:\/\/www.copealcoy.es\/es\/informativo-matinal-jueves-9-de-enero-2025-0750h\/#primaryimage"},"image":{"@id":"https:\/\/www.copealcoy.es\/es\/informativo-matinal-jueves-9-de-enero-2025-0750h\/#primaryimage"},"thumbnailUrl":"https:\/\/www.copealcoy.es\/wp-content\/uploads\/2025\/01\/Informativo-matinal-castellano-3.png","datePublished":"2025-01-09T06:30:04+00:00","dateModified":"2025-02-11T16:09:56+00:00","author":{"@id":"https:\/\/www.copealcoy.es\/es\/#\/schema\/person\/e777c87fa024e57d40170af9df39882c"},"breadcrumb":{"@id":"https:\/\/www.copealcoy.es\/es\/informativo-matinal-jueves-9-de-enero-2025-0750h\/#breadcrumb"},"inLanguage":"es","potentialAction":[{"@type":"ReadAction","target":["https:\/\/www.copealcoy.es\/es\/informativo-matinal-jueves-9-de-enero-2025-0750h\/"]}]},{"@type":"ImageObject","inLanguage":"es","@id":"https:\/\/www.copealcoy.es\/es\/informativo-matinal-jueves-9-de-enero-2025-0750h\/#primaryimage","url":"https:\/\/www.copealcoy.es\/wp-content\/uploads\/2025\/01\/Informativo-matinal-castellano-3.png","contentUrl":"https:\/\/www.copealcoy.es\/wp-content\/uploads\/2025\/01\/Informativo-matinal-castellano-3.png","width":357,"height":290},{"@type":"BreadcrumbList","@id":"https:\/\/www.copealcoy.es\/es\/informativo-matinal-jueves-9-de-enero-2025-0750h\/#breadcrumb","itemListElement":[{"@type":"ListItem","position":1,"name":"Portada","item":"https:\/\/www.copealcoy.es\/es\/"},{"@type":"ListItem","position":2,"name":"Informativo matinal jueves 9 de enero 2025 (07:50h)"}]},{"@type":"WebSite","@id":"https:\/\/www.copealcoy.es\/es\/#website","url":"https:\/\/www.copealcoy.es\/es\/","name":"COPE Alcoy","description":"Emisora COPE de radio local con emisi\u00f3n online. Pont de Sant Jordi 8-10 03803 Alcoy","potentialAction":[{"@type":"SearchAction","target":{"@type":"EntryPoint","urlTemplate":"https:\/\/www.copealcoy.es\/es\/?s={search_term_string}"},"query-input":{"@type":"PropertyValueSpecification","valueRequired":true,"valueName":"search_term_string"}}],"inLanguage":"es"},{"@type":"Person","@id":"https:\/\/www.copealcoy.es\/es\/#\/schema\/person\/e777c87fa024e57d40170af9df39882c","name":"Cope Alcoy","image":{"@type":"ImageObject","inLanguage":"es","@id":"https:\/\/secure.gravatar.com\/avatar\/bb65d0283347e303893ba14f0692005417c1e0e690a325a4c5d8bb2b3943ee14?s=96&d=mm&r=g","url":"https:\/\/secure.gravatar.com\/avatar\/bb65d0283347e303893ba14f0692005417c1e0e690a325a4c5d8bb2b3943ee14?s=96&d=mm&r=g","contentUrl":"https:\/\/secure.gravatar.com\/avatar\/bb65d0283347e303893ba14f0692005417c1e0e690a325a4c5d8bb2b3943ee14?s=96&d=mm&r=g","caption":"Cope Alcoy"}}]}},"_links":{"self":[{"href":"https:\/\/www.copealcoy.es\/es\/wp-json\/wp\/v2\/posts\/145765","targetHints":{"allow":["GET"]}}],"collection":[{"href":"https:\/\/www.copealcoy.es\/es\/wp-json\/wp\/v2\/posts"}],"about":[{"href":"https:\/\/www.copealcoy.es\/es\/wp-json\/wp\/v2\/types\/post"}],"author":[{"embeddable":true,"href":"https:\/\/www.copealcoy.es\/es\/wp-json\/wp\/v2\/users\/1"}],"replies":[{"embeddable":true,"href":"https:\/\/www.copealcoy.es\/es\/wp-json\/wp\/v2\/comments?post=145765"}],"version-history":[{"count":0,"href":"https:\/\/www.copealcoy.es\/es\/wp-json\/wp\/v2\/posts\/145765\/revisions"}],"wp:featuredmedia":[{"embeddable":true,"href":"https:\/\/www.copealcoy.es\/es\/wp-json\/wp\/v2\/media\/147419"}],"wp:attachment":[{"href":"https:\/\/www.copealcoy.es\/es\/wp-json\/wp\/v2\/media?parent=145765"}],"wp:term":[{"taxonomy":"category","embeddable":true,"href":"https:\/\/www.copealcoy.es\/es\/wp-json\/wp\/v2\/categories?post=145765"},{"taxonomy":"post_tag","embeddable":true,"href":"https:\/\/www.copealcoy.es\/es\/wp-json\/wp\/v2\/tags?post=145765"}],"curies":[{"name":"wp","href":"https:\/\/api.w.org\/{rel}","templated":true}]}}