{"id":145745,"date":"2025-01-09T08:05:56","date_gmt":"2025-01-09T07:05:56","guid":{"rendered":"https:\/\/www.copealcoy.es\/?p=145745"},"modified":"2025-01-09T11:26:47","modified_gmt":"2025-01-09T10:26:47","slug":"cocentaina-conmemora-el-425-aniversario-del-patronazgo-de-san-hipolito","status":"publish","type":"post","link":"https:\/\/www.copealcoy.es\/es\/cocentaina-conmemora-el-425-aniversario-del-patronazgo-de-san-hipolito\/","title":{"rendered":"Cocentaina conmemora el 425 aniversario del patronazgo de San Hip\u00f3lito"},"content":{"rendered":"<div id=\"chat_conversation\" class=\"flex flex-col items-center text-sm dark:bg-gray-800 w-full\">\n<div class=\"w-full border-b2 border-black\/10 dark:border-gray-900\/50 text-gray-800 dark:text-gray-100 group dark:bg-gray-800\">\n<div class=\"text-base gap-4 md:gap-6 m-auto md:max-w-2xl lg:max-w-2xl xl:max-w-4xl p-4 md:py-6 flex lg:px-0\">\n<div class=\"w-[calc(100%-50px)] \">\n<div class=\"relative flex flex-col gap-1 md:gap-3 lg:w-[calc(100%-115px)]\">\n<div id=\"copy_952\" class=\"markdown prose w-full break-words dark:prose-invert dark system_write\">\n<p style=\"text-align: justify;\">Cocentaina se prepara para conmemorar el <strong>425 aniversario de la elecci\u00f3n y proclamaci\u00f3n de San Hip\u00f3lito M\u00e1rtir<\/strong> como patr\u00f3n de la localidad, una efem\u00e9ride que ser\u00e1 protagonista durante todo este a\u00f1o 2025. La <a href=\"https:\/\/www.facebook.com\/federacionjuntafiestas.cocentaina\" target=\"_blank\" rel=\"noopener\"><span style=\"color: #0000ff;\"><strong>Junta de Festes<\/strong><\/span><\/a> ha organizado <strong>una completa programaci\u00f3n de actos presentada ayer por la tarde <\/strong>cuyo grueso se llevar\u00e1 a cabo en primavera, ya que el 7 de mayo de 1600 es cuando San Hip\u00f3lito fue escogido patr\u00f3n por insaculaci\u00f3n ante la grave peste que asolaba el municipio; siendo proclamado como tal el 10 de mayo del mismo a\u00f1o.\u00a0Para coordinar estas celebraciones, <strong>se ha formado una comisi\u00f3n especial<\/strong> que incluye a representantes del Ayuntamiento, las parroquias locales, la Comunidad de los Padres Franciscanos y las personas que han ejercido de vicepresidentes de culto en la misma Junta de Festes durante las \u00faltimas d\u00e9cadas.<\/p>\n<p style=\"text-align: justify;\">El presidente de la entidad festera, <strong>Rafael Monar<\/strong>, destac\u00f3 que las actividades est\u00e1n dise\u00f1adas para involucrar a toda la poblaci\u00f3n e hizo un llamamiento a los contestanos y las contestanas: \u201c<em>son actos sencillos, enfocados a todo el pueblo, y animamos a todos a participar porque San Hip\u00f3lito es el patr\u00f3n de toda Cocentaina<\/em>\u201d. Entre <strong>las propuestas m\u00e1s destacadas<\/strong> se encuentra <strong>un triduo<\/strong> que se llevar\u00e1 a cabo del 4 al 6 de mayo en las diferentes iglesias locales. La primera jornada tendr\u00e1 lugar en el Monasterio de la Mare de D\u00e9u del Miracle, seguida por el Convento de los Franciscanos y culminando en la parroquia del Salvador.\u00a0 El mismo d\u00eda 6 de mayo, y coincidiendo con el 25 aniversario de la inauguraci\u00f3n del Monumento dedicado a San Hip\u00f3lito en la pla\u00e7a alcalde Reig, habr\u00e1 un acto conmemorativo en este mismo punto en el que no faltar\u00e1n <em>Les Danses\u00a0<\/em>ni la m\u00fasica tradicional.<\/p>\n<p style=\"text-align: justify;\">El d\u00eda 7 de mayo <strong>se celebrar\u00e1 una misa solemne<\/strong> a las 19:00h en la iglesia de Santa Mar\u00eda, presidida por el arzobispo de Valencia, Monse\u00f1or Enrique Benavent. Posteriormente, se realizar\u00e1 <strong>un disparo de arcabucer\u00eda<\/strong> en la plaza frente a la parroquia &#8220;<em>en el que participar\u00e1n dos festeros de cada Fil\u00e0, con la indumentaria oficial de la misma, recordando as\u00ed los or\u00edgenes de nuestros moros y cristianos<\/em>\u201d, se\u00f1al\u00f3 <strong>Natxo Ferr\u00e1ndiz<\/strong>; actual vicepresidente de culto de la Junta de Festes.<\/p>\n<p style=\"text-align: justify;\">Uno de los momentos m\u00e1s significativos ser\u00e1 el domingo 18 de mayo, d\u00eda en el que la imagen de San Hip\u00f3lito M\u00e1rtir <strong>subir\u00e1 al Cementerio Municipal en romer\u00eda para presidir una eucarist\u00eda en memoria de los contestanos difuntos<\/strong>. Tambi\u00e9n para esta jornada <strong>se ha previsto un instante significativo<\/strong> &#8220;<em>y tambi\u00e9n este d\u00eda se har\u00e1 una parada en la pla\u00e7a de La Vila, ante el Ayuntamiento, donde se leer\u00e1 el documento de 1600 en el que qued\u00f3 plasmada la elecci\u00f3n y proclamaci\u00f3n de San Hip\u00f3lito como patr\u00f3n de nuestro pueblo<\/em>\u201d aclar\u00f3 <strong>Don Eduardo Rengel<\/strong>; asesor religioso en la misma Junta de Festes.<\/p>\n<\/div>\n<div id=\"copy_952\" class=\"markdown prose w-full break-words dark:prose-invert dark system_write\">\n<p style=\"text-align: justify;\">El programa<strong> incluir\u00e1 adem\u00e1s<\/strong> actividades culturales, conciertos, la recopilaci\u00f3n de toda la m\u00fasica dedicada a San Hip\u00f3lito M\u00e1rtir o exposiciones. Tambi\u00e9n el 28 de junio, coincidiendo con La Publicaci\u00f3 y el cincuenta aniversario de La Publicaci\u00f3 Infantil, los publicadores infantiles desfilar\u00e1n hasta la parroquia de Santa Mar\u00eda para realizar <strong>una ofrenda al patr\u00f3n<\/strong> que en ese momento estar\u00e1 presidiendo el altar mayor del templo hasta finalizar las Fiestas de Moros y Cristianos de agosto &#8220;<em>desde el Ayuntamiento damos total respaldo a esta conmemoraci\u00f3n y pondremos a disposici\u00f3n de la comisi\u00f3n organizadora todos los recursos que necesite para llevar a cabo las diferentes iniciativas previstas<\/em>\u201d, concluy\u00f3 el alcalde contestano; <strong>Jordi Pla<\/strong>.<\/p>\n<\/div>\n<\/div>\n<\/div>\n<\/div>\n<\/div>\n<\/div>\n","protected":false},"excerpt":{"rendered":"<p>Cocentaina se prepara para conmemorar el 425 aniversario de la elecci\u00f3n y proclamaci\u00f3n de San Hip\u00f3lito M\u00e1rtir como patr\u00f3n de&#8230;<\/p>\n","protected":false},"author":1,"featured_media":145746,"comment_status":"open","ping_status":"open","sticky":false,"template":"","format":"standard","meta":{"footnotes":""},"categories":[6909,98,75],"tags":[19067,746,132,19068,126,4488],"class_list":["post-145745","post","type-post","status-publish","format-standard","has-post-thumbnail","hentry","category-actualidad","category-comarcas","category-noticias","tag-425-aniversario","tag-actos","tag-cocentaina","tag-eleccion-y-proclamacion","tag-patron","tag-san-hipolito-martir"],"yoast_head":"<!-- This site is optimized with the Yoast SEO plugin v27.3 - https:\/\/yoast.com\/product\/yoast-seo-wordpress\/ -->\n<title>Cocentaina conmemora el 425 aniversario del patronazgo de San Hip\u00f3lito - COPE Alcoy<\/title>\n<meta name=\"description\" content=\"Cocentaina se prepara para conmemorar el 425 aniversario de la elecci\u00f3n y proclamaci\u00f3n de San Hip\u00f3lito M\u00e1rtir como patr\u00f3n de la localidad, una efem\u00e9ride que ser\u00e1 protagonista durante todo este a\u00f1o 2025\" \/>\n<meta name=\"robots\" content=\"index, follow, max-snippet:-1, max-image-preview:large, max-video-preview:-1\" \/>\n<link rel=\"canonical\" href=\"https:\/\/www.copealcoy.es\/es\/cocentaina-conmemora-el-425-aniversario-del-patronazgo-de-san-hipolito\/\" \/>\n<meta property=\"og:locale\" content=\"es_ES\" \/>\n<meta property=\"og:type\" content=\"article\" \/>\n<meta property=\"og:title\" content=\"Cocentaina conmemora el 425 aniversario del patronazgo de San Hip\u00f3lito - COPE Alcoy\" \/>\n<meta property=\"og:description\" content=\"Cocentaina se prepara para conmemorar el 425 aniversario de la elecci\u00f3n y proclamaci\u00f3n de San Hip\u00f3lito M\u00e1rtir como patr\u00f3n de la localidad, una efem\u00e9ride que ser\u00e1 protagonista durante todo este a\u00f1o 2025\" \/>\n<meta property=\"og:url\" content=\"https:\/\/www.copealcoy.es\/es\/cocentaina-conmemora-el-425-aniversario-del-patronazgo-de-san-hipolito\/\" \/>\n<meta property=\"og:site_name\" content=\"COPE Alcoy\" \/>\n<meta property=\"article:published_time\" content=\"2025-01-09T07:05:56+00:00\" \/>\n<meta property=\"article:modified_time\" content=\"2025-01-09T10:26:47+00:00\" \/>\n<meta property=\"og:image\" content=\"https:\/\/www.copealcoy.es\/wp-content\/uploads\/2025\/01\/unnamed-1-11-scaled.jpg\" \/>\n\t<meta property=\"og:image:width\" content=\"1356\" \/>\n\t<meta property=\"og:image:height\" content=\"1080\" \/>\n\t<meta property=\"og:image:type\" content=\"image\/jpeg\" \/>\n<meta name=\"author\" content=\"Cope Alcoy\" \/>\n<meta name=\"twitter:label1\" content=\"Escrito por\" \/>\n\t<meta name=\"twitter:data1\" content=\"Cope Alcoy\" \/>\n\t<meta name=\"twitter:label2\" content=\"Tiempo de lectura\" \/>\n\t<meta name=\"twitter:data2\" content=\"4 minutos\" \/>\n<script type=\"application\/ld+json\" class=\"yoast-schema-graph\">{\"@context\":\"https:\\\/\\\/schema.org\",\"@graph\":[{\"@type\":\"Article\",\"@id\":\"https:\\\/\\\/www.copealcoy.es\\\/es\\\/cocentaina-conmemora-el-425-aniversario-del-patronazgo-de-san-hipolito\\\/#article\",\"isPartOf\":{\"@id\":\"https:\\\/\\\/www.copealcoy.es\\\/es\\\/cocentaina-conmemora-el-425-aniversario-del-patronazgo-de-san-hipolito\\\/\"},\"author\":{\"name\":\"Cope Alcoy\",\"@id\":\"https:\\\/\\\/www.copealcoy.es\\\/es\\\/#\\\/schema\\\/person\\\/e777c87fa024e57d40170af9df39882c\"},\"headline\":\"Cocentaina conmemora el 425 aniversario del patronazgo de San Hip\u00f3lito\",\"datePublished\":\"2025-01-09T07:05:56+00:00\",\"dateModified\":\"2025-01-09T10:26:47+00:00\",\"mainEntityOfPage\":{\"@id\":\"https:\\\/\\\/www.copealcoy.es\\\/es\\\/cocentaina-conmemora-el-425-aniversario-del-patronazgo-de-san-hipolito\\\/\"},\"wordCount\":637,\"commentCount\":0,\"image\":{\"@id\":\"https:\\\/\\\/www.copealcoy.es\\\/es\\\/cocentaina-conmemora-el-425-aniversario-del-patronazgo-de-san-hipolito\\\/#primaryimage\"},\"thumbnailUrl\":\"https:\\\/\\\/www.copealcoy.es\\\/wp-content\\\/uploads\\\/2025\\\/01\\\/unnamed-1-11-scaled.jpg\",\"keywords\":[\"425 aniversario\",\"Actos\",\"Cocentaina\",\"elecci\u00f3n y proclamaci\u00f3n\",\"patr\u00f3n\",\"San Hip\u00f3lito M\u00e1rtir\"],\"articleSection\":[\"Actualidad\",\"Comarcas\",\"Noticias\"],\"inLanguage\":\"es\"},{\"@type\":\"WebPage\",\"@id\":\"https:\\\/\\\/www.copealcoy.es\\\/es\\\/cocentaina-conmemora-el-425-aniversario-del-patronazgo-de-san-hipolito\\\/\",\"url\":\"https:\\\/\\\/www.copealcoy.es\\\/es\\\/cocentaina-conmemora-el-425-aniversario-del-patronazgo-de-san-hipolito\\\/\",\"name\":\"Cocentaina conmemora el 425 aniversario del patronazgo de San Hip\u00f3lito - COPE Alcoy\",\"isPartOf\":{\"@id\":\"https:\\\/\\\/www.copealcoy.es\\\/es\\\/#website\"},\"primaryImageOfPage\":{\"@id\":\"https:\\\/\\\/www.copealcoy.es\\\/es\\\/cocentaina-conmemora-el-425-aniversario-del-patronazgo-de-san-hipolito\\\/#primaryimage\"},\"image\":{\"@id\":\"https:\\\/\\\/www.copealcoy.es\\\/es\\\/cocentaina-conmemora-el-425-aniversario-del-patronazgo-de-san-hipolito\\\/#primaryimage\"},\"thumbnailUrl\":\"https:\\\/\\\/www.copealcoy.es\\\/wp-content\\\/uploads\\\/2025\\\/01\\\/unnamed-1-11-scaled.jpg\",\"datePublished\":\"2025-01-09T07:05:56+00:00\",\"dateModified\":\"2025-01-09T10:26:47+00:00\",\"author\":{\"@id\":\"https:\\\/\\\/www.copealcoy.es\\\/es\\\/#\\\/schema\\\/person\\\/e777c87fa024e57d40170af9df39882c\"},\"description\":\"Cocentaina se prepara para conmemorar el 425 aniversario de la elecci\u00f3n y proclamaci\u00f3n de San Hip\u00f3lito M\u00e1rtir como patr\u00f3n de la localidad, una efem\u00e9ride que ser\u00e1 protagonista durante todo este a\u00f1o 2025\",\"breadcrumb\":{\"@id\":\"https:\\\/\\\/www.copealcoy.es\\\/es\\\/cocentaina-conmemora-el-425-aniversario-del-patronazgo-de-san-hipolito\\\/#breadcrumb\"},\"inLanguage\":\"es\",\"potentialAction\":[{\"@type\":\"ReadAction\",\"target\":[\"https:\\\/\\\/www.copealcoy.es\\\/es\\\/cocentaina-conmemora-el-425-aniversario-del-patronazgo-de-san-hipolito\\\/\"]}]},{\"@type\":\"ImageObject\",\"inLanguage\":\"es\",\"@id\":\"https:\\\/\\\/www.copealcoy.es\\\/es\\\/cocentaina-conmemora-el-425-aniversario-del-patronazgo-de-san-hipolito\\\/#primaryimage\",\"url\":\"https:\\\/\\\/www.copealcoy.es\\\/wp-content\\\/uploads\\\/2025\\\/01\\\/unnamed-1-11-scaled.jpg\",\"contentUrl\":\"https:\\\/\\\/www.copealcoy.es\\\/wp-content\\\/uploads\\\/2025\\\/01\\\/unnamed-1-11-scaled.jpg\",\"width\":1356,\"height\":1080},{\"@type\":\"BreadcrumbList\",\"@id\":\"https:\\\/\\\/www.copealcoy.es\\\/es\\\/cocentaina-conmemora-el-425-aniversario-del-patronazgo-de-san-hipolito\\\/#breadcrumb\",\"itemListElement\":[{\"@type\":\"ListItem\",\"position\":1,\"name\":\"Portada\",\"item\":\"https:\\\/\\\/www.copealcoy.es\\\/es\\\/\"},{\"@type\":\"ListItem\",\"position\":2,\"name\":\"Cocentaina conmemora el 425 aniversario del patronazgo de San Hip\u00f3lito\"}]},{\"@type\":\"WebSite\",\"@id\":\"https:\\\/\\\/www.copealcoy.es\\\/es\\\/#website\",\"url\":\"https:\\\/\\\/www.copealcoy.es\\\/es\\\/\",\"name\":\"COPE Alcoy\",\"description\":\"Emisora COPE de radio local con emisi\u00f3n online. Pont de Sant Jordi 8-10 03803 Alcoy\",\"potentialAction\":[{\"@type\":\"SearchAction\",\"target\":{\"@type\":\"EntryPoint\",\"urlTemplate\":\"https:\\\/\\\/www.copealcoy.es\\\/es\\\/?s={search_term_string}\"},\"query-input\":{\"@type\":\"PropertyValueSpecification\",\"valueRequired\":true,\"valueName\":\"search_term_string\"}}],\"inLanguage\":\"es\"},{\"@type\":\"Person\",\"@id\":\"https:\\\/\\\/www.copealcoy.es\\\/es\\\/#\\\/schema\\\/person\\\/e777c87fa024e57d40170af9df39882c\",\"name\":\"Cope Alcoy\",\"image\":{\"@type\":\"ImageObject\",\"inLanguage\":\"es\",\"@id\":\"https:\\\/\\\/secure.gravatar.com\\\/avatar\\\/bb65d0283347e303893ba14f0692005417c1e0e690a325a4c5d8bb2b3943ee14?s=96&d=mm&r=g\",\"url\":\"https:\\\/\\\/secure.gravatar.com\\\/avatar\\\/bb65d0283347e303893ba14f0692005417c1e0e690a325a4c5d8bb2b3943ee14?s=96&d=mm&r=g\",\"contentUrl\":\"https:\\\/\\\/secure.gravatar.com\\\/avatar\\\/bb65d0283347e303893ba14f0692005417c1e0e690a325a4c5d8bb2b3943ee14?s=96&d=mm&r=g\",\"caption\":\"Cope Alcoy\"}}]}<\/script>\n<!-- \/ Yoast SEO plugin. -->","yoast_head_json":{"title":"Cocentaina conmemora el 425 aniversario del patronazgo de San Hip\u00f3lito - COPE Alcoy","description":"Cocentaina se prepara para conmemorar el 425 aniversario de la elecci\u00f3n y proclamaci\u00f3n de San Hip\u00f3lito M\u00e1rtir como patr\u00f3n de la localidad, una efem\u00e9ride que ser\u00e1 protagonista durante todo este a\u00f1o 2025","robots":{"index":"index","follow":"follow","max-snippet":"max-snippet:-1","max-image-preview":"max-image-preview:large","max-video-preview":"max-video-preview:-1"},"canonical":"https:\/\/www.copealcoy.es\/es\/cocentaina-conmemora-el-425-aniversario-del-patronazgo-de-san-hipolito\/","og_locale":"es_ES","og_type":"article","og_title":"Cocentaina conmemora el 425 aniversario del patronazgo de San Hip\u00f3lito - COPE Alcoy","og_description":"Cocentaina se prepara para conmemorar el 425 aniversario de la elecci\u00f3n y proclamaci\u00f3n de San Hip\u00f3lito M\u00e1rtir como patr\u00f3n de la localidad, una efem\u00e9ride que ser\u00e1 protagonista durante todo este a\u00f1o 2025","og_url":"https:\/\/www.copealcoy.es\/es\/cocentaina-conmemora-el-425-aniversario-del-patronazgo-de-san-hipolito\/","og_site_name":"COPE Alcoy","article_published_time":"2025-01-09T07:05:56+00:00","article_modified_time":"2025-01-09T10:26:47+00:00","og_image":[{"width":1356,"height":1080,"url":"https:\/\/www.copealcoy.es\/wp-content\/uploads\/2025\/01\/unnamed-1-11-scaled.jpg","type":"image\/jpeg"}],"author":"Cope Alcoy","twitter_misc":{"Escrito por":"Cope Alcoy","Tiempo de lectura":"4 minutos"},"schema":{"@context":"https:\/\/schema.org","@graph":[{"@type":"Article","@id":"https:\/\/www.copealcoy.es\/es\/cocentaina-conmemora-el-425-aniversario-del-patronazgo-de-san-hipolito\/#article","isPartOf":{"@id":"https:\/\/www.copealcoy.es\/es\/cocentaina-conmemora-el-425-aniversario-del-patronazgo-de-san-hipolito\/"},"author":{"name":"Cope Alcoy","@id":"https:\/\/www.copealcoy.es\/es\/#\/schema\/person\/e777c87fa024e57d40170af9df39882c"},"headline":"Cocentaina conmemora el 425 aniversario del patronazgo de San Hip\u00f3lito","datePublished":"2025-01-09T07:05:56+00:00","dateModified":"2025-01-09T10:26:47+00:00","mainEntityOfPage":{"@id":"https:\/\/www.copealcoy.es\/es\/cocentaina-conmemora-el-425-aniversario-del-patronazgo-de-san-hipolito\/"},"wordCount":637,"commentCount":0,"image":{"@id":"https:\/\/www.copealcoy.es\/es\/cocentaina-conmemora-el-425-aniversario-del-patronazgo-de-san-hipolito\/#primaryimage"},"thumbnailUrl":"https:\/\/www.copealcoy.es\/wp-content\/uploads\/2025\/01\/unnamed-1-11-scaled.jpg","keywords":["425 aniversario","Actos","Cocentaina","elecci\u00f3n y proclamaci\u00f3n","patr\u00f3n","San Hip\u00f3lito M\u00e1rtir"],"articleSection":["Actualidad","Comarcas","Noticias"],"inLanguage":"es"},{"@type":"WebPage","@id":"https:\/\/www.copealcoy.es\/es\/cocentaina-conmemora-el-425-aniversario-del-patronazgo-de-san-hipolito\/","url":"https:\/\/www.copealcoy.es\/es\/cocentaina-conmemora-el-425-aniversario-del-patronazgo-de-san-hipolito\/","name":"Cocentaina conmemora el 425 aniversario del patronazgo de San Hip\u00f3lito - COPE Alcoy","isPartOf":{"@id":"https:\/\/www.copealcoy.es\/es\/#website"},"primaryImageOfPage":{"@id":"https:\/\/www.copealcoy.es\/es\/cocentaina-conmemora-el-425-aniversario-del-patronazgo-de-san-hipolito\/#primaryimage"},"image":{"@id":"https:\/\/www.copealcoy.es\/es\/cocentaina-conmemora-el-425-aniversario-del-patronazgo-de-san-hipolito\/#primaryimage"},"thumbnailUrl":"https:\/\/www.copealcoy.es\/wp-content\/uploads\/2025\/01\/unnamed-1-11-scaled.jpg","datePublished":"2025-01-09T07:05:56+00:00","dateModified":"2025-01-09T10:26:47+00:00","author":{"@id":"https:\/\/www.copealcoy.es\/es\/#\/schema\/person\/e777c87fa024e57d40170af9df39882c"},"description":"Cocentaina se prepara para conmemorar el 425 aniversario de la elecci\u00f3n y proclamaci\u00f3n de San Hip\u00f3lito M\u00e1rtir como patr\u00f3n de la localidad, una efem\u00e9ride que ser\u00e1 protagonista durante todo este a\u00f1o 2025","breadcrumb":{"@id":"https:\/\/www.copealcoy.es\/es\/cocentaina-conmemora-el-425-aniversario-del-patronazgo-de-san-hipolito\/#breadcrumb"},"inLanguage":"es","potentialAction":[{"@type":"ReadAction","target":["https:\/\/www.copealcoy.es\/es\/cocentaina-conmemora-el-425-aniversario-del-patronazgo-de-san-hipolito\/"]}]},{"@type":"ImageObject","inLanguage":"es","@id":"https:\/\/www.copealcoy.es\/es\/cocentaina-conmemora-el-425-aniversario-del-patronazgo-de-san-hipolito\/#primaryimage","url":"https:\/\/www.copealcoy.es\/wp-content\/uploads\/2025\/01\/unnamed-1-11-scaled.jpg","contentUrl":"https:\/\/www.copealcoy.es\/wp-content\/uploads\/2025\/01\/unnamed-1-11-scaled.jpg","width":1356,"height":1080},{"@type":"BreadcrumbList","@id":"https:\/\/www.copealcoy.es\/es\/cocentaina-conmemora-el-425-aniversario-del-patronazgo-de-san-hipolito\/#breadcrumb","itemListElement":[{"@type":"ListItem","position":1,"name":"Portada","item":"https:\/\/www.copealcoy.es\/es\/"},{"@type":"ListItem","position":2,"name":"Cocentaina conmemora el 425 aniversario del patronazgo de San Hip\u00f3lito"}]},{"@type":"WebSite","@id":"https:\/\/www.copealcoy.es\/es\/#website","url":"https:\/\/www.copealcoy.es\/es\/","name":"COPE Alcoy","description":"Emisora COPE de radio local con emisi\u00f3n online. Pont de Sant Jordi 8-10 03803 Alcoy","potentialAction":[{"@type":"SearchAction","target":{"@type":"EntryPoint","urlTemplate":"https:\/\/www.copealcoy.es\/es\/?s={search_term_string}"},"query-input":{"@type":"PropertyValueSpecification","valueRequired":true,"valueName":"search_term_string"}}],"inLanguage":"es"},{"@type":"Person","@id":"https:\/\/www.copealcoy.es\/es\/#\/schema\/person\/e777c87fa024e57d40170af9df39882c","name":"Cope Alcoy","image":{"@type":"ImageObject","inLanguage":"es","@id":"https:\/\/secure.gravatar.com\/avatar\/bb65d0283347e303893ba14f0692005417c1e0e690a325a4c5d8bb2b3943ee14?s=96&d=mm&r=g","url":"https:\/\/secure.gravatar.com\/avatar\/bb65d0283347e303893ba14f0692005417c1e0e690a325a4c5d8bb2b3943ee14?s=96&d=mm&r=g","contentUrl":"https:\/\/secure.gravatar.com\/avatar\/bb65d0283347e303893ba14f0692005417c1e0e690a325a4c5d8bb2b3943ee14?s=96&d=mm&r=g","caption":"Cope Alcoy"}}]}},"_links":{"self":[{"href":"https:\/\/www.copealcoy.es\/es\/wp-json\/wp\/v2\/posts\/145745","targetHints":{"allow":["GET"]}}],"collection":[{"href":"https:\/\/www.copealcoy.es\/es\/wp-json\/wp\/v2\/posts"}],"about":[{"href":"https:\/\/www.copealcoy.es\/es\/wp-json\/wp\/v2\/types\/post"}],"author":[{"embeddable":true,"href":"https:\/\/www.copealcoy.es\/es\/wp-json\/wp\/v2\/users\/1"}],"replies":[{"embeddable":true,"href":"https:\/\/www.copealcoy.es\/es\/wp-json\/wp\/v2\/comments?post=145745"}],"version-history":[{"count":0,"href":"https:\/\/www.copealcoy.es\/es\/wp-json\/wp\/v2\/posts\/145745\/revisions"}],"wp:featuredmedia":[{"embeddable":true,"href":"https:\/\/www.copealcoy.es\/es\/wp-json\/wp\/v2\/media\/145746"}],"wp:attachment":[{"href":"https:\/\/www.copealcoy.es\/es\/wp-json\/wp\/v2\/media?parent=145745"}],"wp:term":[{"taxonomy":"category","embeddable":true,"href":"https:\/\/www.copealcoy.es\/es\/wp-json\/wp\/v2\/categories?post=145745"},{"taxonomy":"post_tag","embeddable":true,"href":"https:\/\/www.copealcoy.es\/es\/wp-json\/wp\/v2\/tags?post=145745"}],"curies":[{"name":"wp","href":"https:\/\/api.w.org\/{rel}","templated":true}]}}