{"id":145612,"date":"2025-01-08T08:00:18","date_gmt":"2025-01-08T07:00:18","guid":{"rendered":"https:\/\/www.copealcoy.es\/?p=145612"},"modified":"2025-01-08T10:55:33","modified_gmt":"2025-01-08T09:55:33","slug":"arrancan-los-preparativos-del-sent-me-2025-asi-se-perfila-la-edicion-de-este-ano","status":"publish","type":"post","link":"https:\/\/www.copealcoy.es\/es\/arrancan-los-preparativos-del-sent-me-2025-asi-se-perfila-la-edicion-de-este-ano\/","title":{"rendered":"Arrancan los preparativos del Sent-me 2025. As\u00ed se perfila la edici\u00f3n de este a\u00f1o"},"content":{"rendered":"<p style=\"text-align: justify;\">Cocentaina ha acogido <strong>una reuni\u00f3n de trabajo<\/strong> para evaluar la \u00faltima edici\u00f3n del <a href=\"https:\/\/www.facebook.com\/sentme.cocentaina\" target=\"_blank\" rel=\"noopener\"><span style=\"color: #0000ff;\"><strong>Sent-me<\/strong><\/span><\/a>, con la participaci\u00f3n de <strong>Ignacio Garc\u00eda-Vidal<\/strong>, director art\u00edstico del certamen; <strong>Miguel \u00c1ngel Raigal<\/strong>, t\u00e9cnico de Juventud del consistorio contestano; <strong>Berta I\u00f1\u00edguez<\/strong>, edil de Cultura; y <strong>Jordi Pla<\/strong>, alcalde de la capital del Comtat. La memoria presentada destaca <strong>la alta calidad musical y un aumento significativo de asistencia<\/strong> a los eventos programados en comparaci\u00f3n con ediciones anteriores, y tambi\u00e9n pone \u00e9nfasis en todas la iniciativas previstas con ocasi\u00f3n del d\u00e9cimo aniversario del simposio.<\/p>\n<p style=\"text-align: justify;\">Desde la organizaci\u00f3n destacan que <strong>estos datos revelan la excelente acogida que tiene el Sent-me<\/strong> tanto en Cocentaina como en toda la comarca, al mismo tiempo que aseguran que la cita est\u00e1 totalmente consolidada despu\u00e9s de una d\u00e9cada de intensa actividad en cada verano. Adem\u00e1s ponen el acento en el camino que seguir\u00e1 el certamen a partir de ahora &#8220;<em>a estas alturas, entra en una nueva fase de maduraci\u00f3n y mejora con el objetivo de ofrecer una propuesta art\u00edstica y de aprendizaje musical de la m\u00e1s alta calidad, una de sus se\u00f1as distintivas desde la primera edici\u00f3n. Por mi parte, quiero agradecer el apoyo del Ayuntamiento en un proyecto educativo y cultural que contribuye a la difusi\u00f3n del pueblo de Cocentaina y lo vincula a la cultura, la educaci\u00f3n, el arte y al m\u00e1s alto nivel art\u00edstico. Por lo tanto, estamos ya trabajando con mucha ilusi\u00f3n para ofrecer a contestanos y contestanas una und\u00e9cima edici\u00f3n que sea, de nuevo, una experiencia transformadora, de reflexi\u00f3n, de disfrute, de reencuentro y de di\u00e1logo, como siempre ha estado en el esp\u00edritu de Sent-me Cocentaina<\/em>&#8220;, afirma el mismo director art\u00edstico del simposio; <strong>Ignacio Garc\u00eda Vidal<\/strong>.<\/p>\n<p style=\"text-align: justify;\">Desde el \u00e1rea de Cultura, <strong>a trav\u00e9s de la edil Berta I\u00f1\u00edguez<\/strong>, remarcan que todos los esfuerzos est\u00e1n centrados ya en preparar la nueva convocatoria del Sent-me. Tambi\u00e9n el Ayuntamiento coincide en que <strong>la propuesta es todo un referente<\/strong> de la m\u00fasica y la educaci\u00f3n dentro de nuestras comarcas y en el conjunto de nuestro pa\u00eds &#8220;<em>desde el Ayuntamiento trabajamos con el objetivo de continuar promocion\u00e1ndolo y haci\u00e9ndolo crecer a\u00f1o tras a\u00f1o para democratizar la cultura a todos los niveles. Con este objetivo, hemos mantenido una reuni\u00f3n para empezar a trazar las l\u00edneas de trabajo de la pr\u00f3xima edici\u00f3n. Queremos que Cocentaina acoja los mejores profesores de m\u00fasica de todo el Estado Espa\u00f1ol, as\u00ed como los mejores m\u00fasicos, directores, bandas u orquestas de todo el mundo. Esto es porque, como todo el mundo sabe, durante el mes de julio, Cocentaina acontece el epicentro de la m\u00fasica, la cultura y la educaci\u00f3n. Un acontecimiento que es el orgullo de nuestro pueblo<\/em>&#8220;, concluye el alcalde contestano; <strong>Jordi Pla<\/strong>.<\/p>\n","protected":false},"excerpt":{"rendered":"<p>Cocentaina ha acogido una reuni\u00f3n de trabajo para evaluar la \u00faltima edici\u00f3n del Sent-me, con la participaci\u00f3n de Ignacio Garc\u00eda-Vidal,&#8230;<\/p>\n","protected":false},"author":1,"featured_media":145613,"comment_status":"open","ping_status":"open","sticky":false,"template":"","format":"standard","meta":{"footnotes":""},"categories":[6909,98,75],"tags":[132,19060,2222,973],"class_list":["post-145612","post","type-post","status-publish","format-standard","has-post-thumbnail","hentry","category-actualidad","category-comarcas","category-noticias","tag-cocentaina","tag-edicion-2025","tag-ignacio-garcia-vidal","tag-sent-me"],"yoast_head":"<!-- This site is optimized with the Yoast SEO plugin v27.3 - https:\/\/yoast.com\/product\/yoast-seo-wordpress\/ -->\n<title>Arrancan los preparativos del Sent-me 2025. As\u00ed se perfila la edici\u00f3n de este a\u00f1o - COPE Alcoy<\/title>\n<meta name=\"description\" content=\"Cocentaina ha acogido una reuni\u00f3n de trabajo para evaluar la \u00faltima edici\u00f3n del Sent-me, con la participaci\u00f3n de Ignacio Garc\u00eda-Vidal, director art\u00edstico del certamen; Miguel \u00c1ngel Raigal, t\u00e9cnico de Juventud del consistorio contestano; Berta I\u00f1\u00edguez, edil de Cultura; y Jordi Pla, alcalde de la capital del Comtat\" \/>\n<meta name=\"robots\" content=\"index, follow, max-snippet:-1, max-image-preview:large, max-video-preview:-1\" \/>\n<link rel=\"canonical\" href=\"https:\/\/www.copealcoy.es\/es\/arrancan-los-preparativos-del-sent-me-2025-asi-se-perfila-la-edicion-de-este-ano\/\" \/>\n<meta property=\"og:locale\" content=\"es_ES\" \/>\n<meta property=\"og:type\" content=\"article\" \/>\n<meta property=\"og:title\" content=\"Arrancan los preparativos del Sent-me 2025. As\u00ed se perfila la edici\u00f3n de este a\u00f1o - COPE Alcoy\" \/>\n<meta property=\"og:description\" content=\"Cocentaina ha acogido una reuni\u00f3n de trabajo para evaluar la \u00faltima edici\u00f3n del Sent-me, con la participaci\u00f3n de Ignacio Garc\u00eda-Vidal, director art\u00edstico del certamen; Miguel \u00c1ngel Raigal, t\u00e9cnico de Juventud del consistorio contestano; Berta I\u00f1\u00edguez, edil de Cultura; y Jordi Pla, alcalde de la capital del Comtat\" \/>\n<meta property=\"og:url\" content=\"https:\/\/www.copealcoy.es\/es\/arrancan-los-preparativos-del-sent-me-2025-asi-se-perfila-la-edicion-de-este-ano\/\" \/>\n<meta property=\"og:site_name\" content=\"COPE Alcoy\" \/>\n<meta property=\"article:published_time\" content=\"2025-01-08T07:00:18+00:00\" \/>\n<meta property=\"article:modified_time\" content=\"2025-01-08T09:55:33+00:00\" \/>\n<meta property=\"og:image\" content=\"https:\/\/www.copealcoy.es\/wp-content\/uploads\/2025\/01\/Ignacio-Garcia-Vidal-director-del-SENT-ME-Berta-Iniguez-regidora-de-Cultura_-Jordi-Pla-alcalde-de-Cocentaina_-i-Quelo-Raigal-tecnic-de-Joventut-i-Coordinador-de-Cultura.jpg\" \/>\n\t<meta property=\"og:image:width\" content=\"1440\" \/>\n\t<meta property=\"og:image:height\" content=\"1080\" \/>\n\t<meta property=\"og:image:type\" content=\"image\/jpeg\" \/>\n<meta name=\"author\" content=\"Cope Alcoy\" \/>\n<meta name=\"twitter:label1\" content=\"Escrito por\" \/>\n\t<meta name=\"twitter:data1\" content=\"Cope Alcoy\" \/>\n\t<meta name=\"twitter:label2\" content=\"Tiempo de lectura\" \/>\n\t<meta name=\"twitter:data2\" content=\"3 minutos\" \/>\n<script type=\"application\/ld+json\" class=\"yoast-schema-graph\">{\"@context\":\"https:\\\/\\\/schema.org\",\"@graph\":[{\"@type\":\"Article\",\"@id\":\"https:\\\/\\\/www.copealcoy.es\\\/es\\\/arrancan-los-preparativos-del-sent-me-2025-asi-se-perfila-la-edicion-de-este-ano\\\/#article\",\"isPartOf\":{\"@id\":\"https:\\\/\\\/www.copealcoy.es\\\/es\\\/arrancan-los-preparativos-del-sent-me-2025-asi-se-perfila-la-edicion-de-este-ano\\\/\"},\"author\":{\"name\":\"Cope Alcoy\",\"@id\":\"https:\\\/\\\/www.copealcoy.es\\\/es\\\/#\\\/schema\\\/person\\\/e777c87fa024e57d40170af9df39882c\"},\"headline\":\"Arrancan los preparativos del Sent-me 2025. As\u00ed se perfila la edici\u00f3n de este a\u00f1o\",\"datePublished\":\"2025-01-08T07:00:18+00:00\",\"dateModified\":\"2025-01-08T09:55:33+00:00\",\"mainEntityOfPage\":{\"@id\":\"https:\\\/\\\/www.copealcoy.es\\\/es\\\/arrancan-los-preparativos-del-sent-me-2025-asi-se-perfila-la-edicion-de-este-ano\\\/\"},\"wordCount\":510,\"commentCount\":0,\"image\":{\"@id\":\"https:\\\/\\\/www.copealcoy.es\\\/es\\\/arrancan-los-preparativos-del-sent-me-2025-asi-se-perfila-la-edicion-de-este-ano\\\/#primaryimage\"},\"thumbnailUrl\":\"https:\\\/\\\/www.copealcoy.es\\\/wp-content\\\/uploads\\\/2025\\\/01\\\/Ignacio-Garcia-Vidal-director-del-SENT-ME-Berta-Iniguez-regidora-de-Cultura_-Jordi-Pla-alcalde-de-Cocentaina_-i-Quelo-Raigal-tecnic-de-Joventut-i-Coordinador-de-Cultura.jpg\",\"keywords\":[\"Cocentaina\",\"edici\u00f3n 2025\",\"Ignacio Garc\u00eda Vidal\",\"Sent-Me\"],\"articleSection\":[\"Actualidad\",\"Comarcas\",\"Noticias\"],\"inLanguage\":\"es\"},{\"@type\":\"WebPage\",\"@id\":\"https:\\\/\\\/www.copealcoy.es\\\/es\\\/arrancan-los-preparativos-del-sent-me-2025-asi-se-perfila-la-edicion-de-este-ano\\\/\",\"url\":\"https:\\\/\\\/www.copealcoy.es\\\/es\\\/arrancan-los-preparativos-del-sent-me-2025-asi-se-perfila-la-edicion-de-este-ano\\\/\",\"name\":\"Arrancan los preparativos del Sent-me 2025. As\u00ed se perfila la edici\u00f3n de este a\u00f1o - COPE Alcoy\",\"isPartOf\":{\"@id\":\"https:\\\/\\\/www.copealcoy.es\\\/es\\\/#website\"},\"primaryImageOfPage\":{\"@id\":\"https:\\\/\\\/www.copealcoy.es\\\/es\\\/arrancan-los-preparativos-del-sent-me-2025-asi-se-perfila-la-edicion-de-este-ano\\\/#primaryimage\"},\"image\":{\"@id\":\"https:\\\/\\\/www.copealcoy.es\\\/es\\\/arrancan-los-preparativos-del-sent-me-2025-asi-se-perfila-la-edicion-de-este-ano\\\/#primaryimage\"},\"thumbnailUrl\":\"https:\\\/\\\/www.copealcoy.es\\\/wp-content\\\/uploads\\\/2025\\\/01\\\/Ignacio-Garcia-Vidal-director-del-SENT-ME-Berta-Iniguez-regidora-de-Cultura_-Jordi-Pla-alcalde-de-Cocentaina_-i-Quelo-Raigal-tecnic-de-Joventut-i-Coordinador-de-Cultura.jpg\",\"datePublished\":\"2025-01-08T07:00:18+00:00\",\"dateModified\":\"2025-01-08T09:55:33+00:00\",\"author\":{\"@id\":\"https:\\\/\\\/www.copealcoy.es\\\/es\\\/#\\\/schema\\\/person\\\/e777c87fa024e57d40170af9df39882c\"},\"description\":\"Cocentaina ha acogido una reuni\u00f3n de trabajo para evaluar la \u00faltima edici\u00f3n del Sent-me, con la participaci\u00f3n de Ignacio Garc\u00eda-Vidal, director art\u00edstico del certamen; Miguel \u00c1ngel Raigal, t\u00e9cnico de Juventud del consistorio contestano; Berta I\u00f1\u00edguez, edil de Cultura; y Jordi Pla, alcalde de la capital del Comtat\",\"breadcrumb\":{\"@id\":\"https:\\\/\\\/www.copealcoy.es\\\/es\\\/arrancan-los-preparativos-del-sent-me-2025-asi-se-perfila-la-edicion-de-este-ano\\\/#breadcrumb\"},\"inLanguage\":\"es\",\"potentialAction\":[{\"@type\":\"ReadAction\",\"target\":[\"https:\\\/\\\/www.copealcoy.es\\\/es\\\/arrancan-los-preparativos-del-sent-me-2025-asi-se-perfila-la-edicion-de-este-ano\\\/\"]}]},{\"@type\":\"ImageObject\",\"inLanguage\":\"es\",\"@id\":\"https:\\\/\\\/www.copealcoy.es\\\/es\\\/arrancan-los-preparativos-del-sent-me-2025-asi-se-perfila-la-edicion-de-este-ano\\\/#primaryimage\",\"url\":\"https:\\\/\\\/www.copealcoy.es\\\/wp-content\\\/uploads\\\/2025\\\/01\\\/Ignacio-Garcia-Vidal-director-del-SENT-ME-Berta-Iniguez-regidora-de-Cultura_-Jordi-Pla-alcalde-de-Cocentaina_-i-Quelo-Raigal-tecnic-de-Joventut-i-Coordinador-de-Cultura.jpg\",\"contentUrl\":\"https:\\\/\\\/www.copealcoy.es\\\/wp-content\\\/uploads\\\/2025\\\/01\\\/Ignacio-Garcia-Vidal-director-del-SENT-ME-Berta-Iniguez-regidora-de-Cultura_-Jordi-Pla-alcalde-de-Cocentaina_-i-Quelo-Raigal-tecnic-de-Joventut-i-Coordinador-de-Cultura.jpg\",\"width\":1440,\"height\":1080},{\"@type\":\"BreadcrumbList\",\"@id\":\"https:\\\/\\\/www.copealcoy.es\\\/es\\\/arrancan-los-preparativos-del-sent-me-2025-asi-se-perfila-la-edicion-de-este-ano\\\/#breadcrumb\",\"itemListElement\":[{\"@type\":\"ListItem\",\"position\":1,\"name\":\"Portada\",\"item\":\"https:\\\/\\\/www.copealcoy.es\\\/es\\\/\"},{\"@type\":\"ListItem\",\"position\":2,\"name\":\"Arrancan los preparativos del Sent-me 2025. As\u00ed se perfila la edici\u00f3n de este a\u00f1o\"}]},{\"@type\":\"WebSite\",\"@id\":\"https:\\\/\\\/www.copealcoy.es\\\/es\\\/#website\",\"url\":\"https:\\\/\\\/www.copealcoy.es\\\/es\\\/\",\"name\":\"COPE Alcoy\",\"description\":\"Emisora COPE de radio local con emisi\u00f3n online. Pont de Sant Jordi 8-10 03803 Alcoy\",\"potentialAction\":[{\"@type\":\"SearchAction\",\"target\":{\"@type\":\"EntryPoint\",\"urlTemplate\":\"https:\\\/\\\/www.copealcoy.es\\\/es\\\/?s={search_term_string}\"},\"query-input\":{\"@type\":\"PropertyValueSpecification\",\"valueRequired\":true,\"valueName\":\"search_term_string\"}}],\"inLanguage\":\"es\"},{\"@type\":\"Person\",\"@id\":\"https:\\\/\\\/www.copealcoy.es\\\/es\\\/#\\\/schema\\\/person\\\/e777c87fa024e57d40170af9df39882c\",\"name\":\"Cope Alcoy\",\"image\":{\"@type\":\"ImageObject\",\"inLanguage\":\"es\",\"@id\":\"https:\\\/\\\/secure.gravatar.com\\\/avatar\\\/bb65d0283347e303893ba14f0692005417c1e0e690a325a4c5d8bb2b3943ee14?s=96&d=mm&r=g\",\"url\":\"https:\\\/\\\/secure.gravatar.com\\\/avatar\\\/bb65d0283347e303893ba14f0692005417c1e0e690a325a4c5d8bb2b3943ee14?s=96&d=mm&r=g\",\"contentUrl\":\"https:\\\/\\\/secure.gravatar.com\\\/avatar\\\/bb65d0283347e303893ba14f0692005417c1e0e690a325a4c5d8bb2b3943ee14?s=96&d=mm&r=g\",\"caption\":\"Cope Alcoy\"}}]}<\/script>\n<!-- \/ Yoast SEO plugin. -->","yoast_head_json":{"title":"Arrancan los preparativos del Sent-me 2025. As\u00ed se perfila la edici\u00f3n de este a\u00f1o - COPE Alcoy","description":"Cocentaina ha acogido una reuni\u00f3n de trabajo para evaluar la \u00faltima edici\u00f3n del Sent-me, con la participaci\u00f3n de Ignacio Garc\u00eda-Vidal, director art\u00edstico del certamen; Miguel \u00c1ngel Raigal, t\u00e9cnico de Juventud del consistorio contestano; Berta I\u00f1\u00edguez, edil de Cultura; y Jordi Pla, alcalde de la capital del Comtat","robots":{"index":"index","follow":"follow","max-snippet":"max-snippet:-1","max-image-preview":"max-image-preview:large","max-video-preview":"max-video-preview:-1"},"canonical":"https:\/\/www.copealcoy.es\/es\/arrancan-los-preparativos-del-sent-me-2025-asi-se-perfila-la-edicion-de-este-ano\/","og_locale":"es_ES","og_type":"article","og_title":"Arrancan los preparativos del Sent-me 2025. As\u00ed se perfila la edici\u00f3n de este a\u00f1o - COPE Alcoy","og_description":"Cocentaina ha acogido una reuni\u00f3n de trabajo para evaluar la \u00faltima edici\u00f3n del Sent-me, con la participaci\u00f3n de Ignacio Garc\u00eda-Vidal, director art\u00edstico del certamen; Miguel \u00c1ngel Raigal, t\u00e9cnico de Juventud del consistorio contestano; Berta I\u00f1\u00edguez, edil de Cultura; y Jordi Pla, alcalde de la capital del Comtat","og_url":"https:\/\/www.copealcoy.es\/es\/arrancan-los-preparativos-del-sent-me-2025-asi-se-perfila-la-edicion-de-este-ano\/","og_site_name":"COPE Alcoy","article_published_time":"2025-01-08T07:00:18+00:00","article_modified_time":"2025-01-08T09:55:33+00:00","og_image":[{"width":1440,"height":1080,"url":"https:\/\/www.copealcoy.es\/wp-content\/uploads\/2025\/01\/Ignacio-Garcia-Vidal-director-del-SENT-ME-Berta-Iniguez-regidora-de-Cultura_-Jordi-Pla-alcalde-de-Cocentaina_-i-Quelo-Raigal-tecnic-de-Joventut-i-Coordinador-de-Cultura.jpg","type":"image\/jpeg"}],"author":"Cope Alcoy","twitter_misc":{"Escrito por":"Cope Alcoy","Tiempo de lectura":"3 minutos"},"schema":{"@context":"https:\/\/schema.org","@graph":[{"@type":"Article","@id":"https:\/\/www.copealcoy.es\/es\/arrancan-los-preparativos-del-sent-me-2025-asi-se-perfila-la-edicion-de-este-ano\/#article","isPartOf":{"@id":"https:\/\/www.copealcoy.es\/es\/arrancan-los-preparativos-del-sent-me-2025-asi-se-perfila-la-edicion-de-este-ano\/"},"author":{"name":"Cope Alcoy","@id":"https:\/\/www.copealcoy.es\/es\/#\/schema\/person\/e777c87fa024e57d40170af9df39882c"},"headline":"Arrancan los preparativos del Sent-me 2025. As\u00ed se perfila la edici\u00f3n de este a\u00f1o","datePublished":"2025-01-08T07:00:18+00:00","dateModified":"2025-01-08T09:55:33+00:00","mainEntityOfPage":{"@id":"https:\/\/www.copealcoy.es\/es\/arrancan-los-preparativos-del-sent-me-2025-asi-se-perfila-la-edicion-de-este-ano\/"},"wordCount":510,"commentCount":0,"image":{"@id":"https:\/\/www.copealcoy.es\/es\/arrancan-los-preparativos-del-sent-me-2025-asi-se-perfila-la-edicion-de-este-ano\/#primaryimage"},"thumbnailUrl":"https:\/\/www.copealcoy.es\/wp-content\/uploads\/2025\/01\/Ignacio-Garcia-Vidal-director-del-SENT-ME-Berta-Iniguez-regidora-de-Cultura_-Jordi-Pla-alcalde-de-Cocentaina_-i-Quelo-Raigal-tecnic-de-Joventut-i-Coordinador-de-Cultura.jpg","keywords":["Cocentaina","edici\u00f3n 2025","Ignacio Garc\u00eda Vidal","Sent-Me"],"articleSection":["Actualidad","Comarcas","Noticias"],"inLanguage":"es"},{"@type":"WebPage","@id":"https:\/\/www.copealcoy.es\/es\/arrancan-los-preparativos-del-sent-me-2025-asi-se-perfila-la-edicion-de-este-ano\/","url":"https:\/\/www.copealcoy.es\/es\/arrancan-los-preparativos-del-sent-me-2025-asi-se-perfila-la-edicion-de-este-ano\/","name":"Arrancan los preparativos del Sent-me 2025. As\u00ed se perfila la edici\u00f3n de este a\u00f1o - COPE Alcoy","isPartOf":{"@id":"https:\/\/www.copealcoy.es\/es\/#website"},"primaryImageOfPage":{"@id":"https:\/\/www.copealcoy.es\/es\/arrancan-los-preparativos-del-sent-me-2025-asi-se-perfila-la-edicion-de-este-ano\/#primaryimage"},"image":{"@id":"https:\/\/www.copealcoy.es\/es\/arrancan-los-preparativos-del-sent-me-2025-asi-se-perfila-la-edicion-de-este-ano\/#primaryimage"},"thumbnailUrl":"https:\/\/www.copealcoy.es\/wp-content\/uploads\/2025\/01\/Ignacio-Garcia-Vidal-director-del-SENT-ME-Berta-Iniguez-regidora-de-Cultura_-Jordi-Pla-alcalde-de-Cocentaina_-i-Quelo-Raigal-tecnic-de-Joventut-i-Coordinador-de-Cultura.jpg","datePublished":"2025-01-08T07:00:18+00:00","dateModified":"2025-01-08T09:55:33+00:00","author":{"@id":"https:\/\/www.copealcoy.es\/es\/#\/schema\/person\/e777c87fa024e57d40170af9df39882c"},"description":"Cocentaina ha acogido una reuni\u00f3n de trabajo para evaluar la \u00faltima edici\u00f3n del Sent-me, con la participaci\u00f3n de Ignacio Garc\u00eda-Vidal, director art\u00edstico del certamen; Miguel \u00c1ngel Raigal, t\u00e9cnico de Juventud del consistorio contestano; Berta I\u00f1\u00edguez, edil de Cultura; y Jordi Pla, alcalde de la capital del Comtat","breadcrumb":{"@id":"https:\/\/www.copealcoy.es\/es\/arrancan-los-preparativos-del-sent-me-2025-asi-se-perfila-la-edicion-de-este-ano\/#breadcrumb"},"inLanguage":"es","potentialAction":[{"@type":"ReadAction","target":["https:\/\/www.copealcoy.es\/es\/arrancan-los-preparativos-del-sent-me-2025-asi-se-perfila-la-edicion-de-este-ano\/"]}]},{"@type":"ImageObject","inLanguage":"es","@id":"https:\/\/www.copealcoy.es\/es\/arrancan-los-preparativos-del-sent-me-2025-asi-se-perfila-la-edicion-de-este-ano\/#primaryimage","url":"https:\/\/www.copealcoy.es\/wp-content\/uploads\/2025\/01\/Ignacio-Garcia-Vidal-director-del-SENT-ME-Berta-Iniguez-regidora-de-Cultura_-Jordi-Pla-alcalde-de-Cocentaina_-i-Quelo-Raigal-tecnic-de-Joventut-i-Coordinador-de-Cultura.jpg","contentUrl":"https:\/\/www.copealcoy.es\/wp-content\/uploads\/2025\/01\/Ignacio-Garcia-Vidal-director-del-SENT-ME-Berta-Iniguez-regidora-de-Cultura_-Jordi-Pla-alcalde-de-Cocentaina_-i-Quelo-Raigal-tecnic-de-Joventut-i-Coordinador-de-Cultura.jpg","width":1440,"height":1080},{"@type":"BreadcrumbList","@id":"https:\/\/www.copealcoy.es\/es\/arrancan-los-preparativos-del-sent-me-2025-asi-se-perfila-la-edicion-de-este-ano\/#breadcrumb","itemListElement":[{"@type":"ListItem","position":1,"name":"Portada","item":"https:\/\/www.copealcoy.es\/es\/"},{"@type":"ListItem","position":2,"name":"Arrancan los preparativos del Sent-me 2025. As\u00ed se perfila la edici\u00f3n de este a\u00f1o"}]},{"@type":"WebSite","@id":"https:\/\/www.copealcoy.es\/es\/#website","url":"https:\/\/www.copealcoy.es\/es\/","name":"COPE Alcoy","description":"Emisora COPE de radio local con emisi\u00f3n online. Pont de Sant Jordi 8-10 03803 Alcoy","potentialAction":[{"@type":"SearchAction","target":{"@type":"EntryPoint","urlTemplate":"https:\/\/www.copealcoy.es\/es\/?s={search_term_string}"},"query-input":{"@type":"PropertyValueSpecification","valueRequired":true,"valueName":"search_term_string"}}],"inLanguage":"es"},{"@type":"Person","@id":"https:\/\/www.copealcoy.es\/es\/#\/schema\/person\/e777c87fa024e57d40170af9df39882c","name":"Cope Alcoy","image":{"@type":"ImageObject","inLanguage":"es","@id":"https:\/\/secure.gravatar.com\/avatar\/bb65d0283347e303893ba14f0692005417c1e0e690a325a4c5d8bb2b3943ee14?s=96&d=mm&r=g","url":"https:\/\/secure.gravatar.com\/avatar\/bb65d0283347e303893ba14f0692005417c1e0e690a325a4c5d8bb2b3943ee14?s=96&d=mm&r=g","contentUrl":"https:\/\/secure.gravatar.com\/avatar\/bb65d0283347e303893ba14f0692005417c1e0e690a325a4c5d8bb2b3943ee14?s=96&d=mm&r=g","caption":"Cope Alcoy"}}]}},"_links":{"self":[{"href":"https:\/\/www.copealcoy.es\/es\/wp-json\/wp\/v2\/posts\/145612","targetHints":{"allow":["GET"]}}],"collection":[{"href":"https:\/\/www.copealcoy.es\/es\/wp-json\/wp\/v2\/posts"}],"about":[{"href":"https:\/\/www.copealcoy.es\/es\/wp-json\/wp\/v2\/types\/post"}],"author":[{"embeddable":true,"href":"https:\/\/www.copealcoy.es\/es\/wp-json\/wp\/v2\/users\/1"}],"replies":[{"embeddable":true,"href":"https:\/\/www.copealcoy.es\/es\/wp-json\/wp\/v2\/comments?post=145612"}],"version-history":[{"count":0,"href":"https:\/\/www.copealcoy.es\/es\/wp-json\/wp\/v2\/posts\/145612\/revisions"}],"wp:featuredmedia":[{"embeddable":true,"href":"https:\/\/www.copealcoy.es\/es\/wp-json\/wp\/v2\/media\/145613"}],"wp:attachment":[{"href":"https:\/\/www.copealcoy.es\/es\/wp-json\/wp\/v2\/media?parent=145612"}],"wp:term":[{"taxonomy":"category","embeddable":true,"href":"https:\/\/www.copealcoy.es\/es\/wp-json\/wp\/v2\/categories?post=145612"},{"taxonomy":"post_tag","embeddable":true,"href":"https:\/\/www.copealcoy.es\/es\/wp-json\/wp\/v2\/tags?post=145612"}],"curies":[{"name":"wp","href":"https:\/\/api.w.org\/{rel}","templated":true}]}}