{"id":145416,"date":"2025-01-05T16:38:15","date_gmt":"2025-01-05T15:38:15","guid":{"rendered":"https:\/\/www.copealcoy.es\/?p=145416"},"modified":"2025-01-05T16:40:09","modified_gmt":"2025-01-05T15:40:09","slug":"la-ilusion-se-vive-cada-5-de-enero-en-el-campamento-real-de-alcoy","status":"publish","type":"post","link":"https:\/\/www.copealcoy.es\/es\/la-ilusion-se-vive-cada-5-de-enero-en-el-campamento-real-de-alcoy\/","title":{"rendered":"La ilusi\u00f3n se vive cada 5 de enero en el Campamento Real de Alcoy"},"content":{"rendered":"<div id=\"chat_conversation\" class=\"flex flex-col items-center text-sm dark:bg-gray-800 w-full\">\n<div class=\"w-full border-b2 border-black\/10 dark:border-gray-900\/50 text-gray-800 dark:text-gray-100 group dark:bg-gray-800\">\n<div class=\"text-base gap-4 md:gap-6 m-auto md:max-w-2xl lg:max-w-2xl xl:max-w-4xl p-4 md:py-6 flex lg:px-0\">\n<div class=\"w-[calc(100%-50px)] \">\n<div class=\"relative flex flex-col gap-1 md:gap-3 lg:w-[calc(100%-115px)]\">\n<div id=\"copy_776\" class=\"markdown prose w-full break-words dark:prose-invert dark system_write\">\n<p style=\"text-align: justify;\">Alcoy <strong>vive un nuevo intenso 5 de enero<\/strong> en una jornada en la que <strong>la ciudad espera con ilusi\u00f3n la venida de los Reyes Magos de Oriente<\/strong>. Ser\u00e1 en la <strong>140 edici\u00f3n de la Cabalgata<\/strong>, desfile que comenzar\u00e1 a partir de las 18:00h desde la zona alta de El Cam\u00ed para recorrer las principales calles del Centro.<\/p>\n<p style=\"text-align: justify;\">Pero antes de este momento tan ansiado,<strong> hemos tenido la oportunidad de visitar durante esta ma\u00f1ana el Campamento<\/strong> en el que Sus Majestades han pasado la noche nada m\u00e1s llegar a Alcoy. La jornada <strong>ha amanecido fr\u00eda en El Preventorio<\/strong>, con temperaturas por debajo de los cero grados, pero eso no ha frenado a numerosas familias a subir a pie para recorrer la morada en la que han descanso <strong>Melchor, Gaspar y Baltasar<\/strong> despu\u00e9s de un largo viaje que desde el lejano Oriente les ha acercado hasta estas tierras de la Serra de Mariola.<\/p>\n<p style=\"text-align: justify;\">En este m\u00e1gico enclave, <strong>los visitantes pudieron ver<\/strong> a los camellos que Sus Majestades utilizar\u00e1n para recorrer las calles alcoyanas, as\u00ed como a las burritas que participaron en el cortejo del Embajador Real, encargadas de recoger las cartas de los m\u00e1s peque\u00f1os. El Escriba ha estado ocupado leyendo las misivas mientras centenares de pajes trabajaban arduamente empaquetando regalos para ser entregados esta noche en cada hogar alcoyano. Al igual que en anteriores ediciones, <strong>los asistentes tuvieron acceso a las jaimas donde los Reyes se han alojado para descansar<\/strong> pero tambi\u00e9n vieron de cerca la guardia que custodiaba el recinto junto a los animales o astr\u00f3logos que acompa\u00f1an a los Monarcas en esta nueva visita a Alcoy<\/p>\n<p style=\"text-align: justify;\">La visita al Campamento Real, hecha posible por <a href=\"https:\/\/www.facebook.com\/acsamarita\" target=\"_blank\" rel=\"noopener\"><span style=\"color: #0000ff;\"><strong>la Asociaci\u00f3n Cultural Samarita<\/strong><\/span><\/a>, finaliz\u00f3 a mediod\u00eda tras recibir a las seis mil personas que consiguieron una entrada junto a muchas que se acercaron hasta el recinto para verlo por fuera. Ahora, todas las miradas <strong>se centran en la Cabalgata<\/strong>, acto en el que tambi\u00e9n se prev\u00e9 gran cantidad de p\u00fablico al coincidir en domingo.<\/p>\n<div id='gallery-1' class='gallery galleryid-145416 gallery-columns-2 gallery-size-full'><figure class='gallery-item'>\n\t\t\t<div class='gallery-icon landscape'>\n\t\t\t\t<a href='https:\/\/www.copealcoy.es\/es\/la-ilusion-se-vive-cada-5-de-enero-en-el-campamento-real-de-alcoy\/img_5209\/'><img loading=\"lazy\" decoding=\"async\" width=\"1920\" height=\"1440\" src=\"https:\/\/www.copealcoy.es\/wp-content\/uploads\/2025\/01\/IMG_5209-scaled.jpg\" class=\"attachment-full size-full\" alt=\"\" srcset=\"https:\/\/www.copealcoy.es\/wp-content\/uploads\/2025\/01\/IMG_5209-scaled.jpg 1920w, https:\/\/www.copealcoy.es\/wp-content\/uploads\/2025\/01\/IMG_5209-768x576.jpg 768w, https:\/\/www.copealcoy.es\/wp-content\/uploads\/2025\/01\/IMG_5209-1536x1152.jpg 1536w, https:\/\/www.copealcoy.es\/wp-content\/uploads\/2025\/01\/IMG_5209-2048x1536.jpg 2048w\" sizes=\"auto, (max-width: 1920px) 100vw, 1920px\" \/><\/a>\n\t\t\t<\/div><\/figure><figure class='gallery-item'>\n\t\t\t<div class='gallery-icon landscape'>\n\t\t\t\t<a href='https:\/\/www.copealcoy.es\/es\/la-ilusion-se-vive-cada-5-de-enero-en-el-campamento-real-de-alcoy\/campamento-alcoy-2024-4\/'><img loading=\"lazy\" decoding=\"async\" width=\"911\" height=\"683\" src=\"https:\/\/www.copealcoy.es\/wp-content\/uploads\/2025\/01\/0-3.jpg\" class=\"attachment-full size-full\" alt=\"\" srcset=\"https:\/\/www.copealcoy.es\/wp-content\/uploads\/2025\/01\/0-3.jpg 911w, https:\/\/www.copealcoy.es\/wp-content\/uploads\/2025\/01\/0-3-768x576.jpg 768w\" sizes=\"auto, (max-width: 911px) 100vw, 911px\" \/><\/a>\n\t\t\t<\/div><\/figure><figure class='gallery-item'>\n\t\t\t<div class='gallery-icon landscape'>\n\t\t\t\t<a href='https:\/\/www.copealcoy.es\/es\/la-ilusion-se-vive-cada-5-de-enero-en-el-campamento-real-de-alcoy\/0-2-9\/'><img loading=\"lazy\" decoding=\"async\" width=\"911\" height=\"683\" src=\"https:\/\/www.copealcoy.es\/wp-content\/uploads\/2025\/01\/0-2-1.jpg\" class=\"attachment-full size-full\" alt=\"\" srcset=\"https:\/\/www.copealcoy.es\/wp-content\/uploads\/2025\/01\/0-2-1.jpg 911w, https:\/\/www.copealcoy.es\/wp-content\/uploads\/2025\/01\/0-2-1-768x576.jpg 768w\" sizes=\"auto, (max-width: 911px) 100vw, 911px\" \/><\/a>\n\t\t\t<\/div><\/figure><figure class='gallery-item'>\n\t\t\t<div class='gallery-icon landscape'>\n\t\t\t\t<a href='https:\/\/www.copealcoy.es\/es\/la-ilusion-se-vive-cada-5-de-enero-en-el-campamento-real-de-alcoy\/img_5198\/'><img loading=\"lazy\" decoding=\"async\" width=\"1920\" height=\"1440\" src=\"https:\/\/www.copealcoy.es\/wp-content\/uploads\/2025\/01\/IMG_5198-scaled.jpg\" class=\"attachment-full size-full\" alt=\"\" srcset=\"https:\/\/www.copealcoy.es\/wp-content\/uploads\/2025\/01\/IMG_5198-scaled.jpg 1920w, https:\/\/www.copealcoy.es\/wp-content\/uploads\/2025\/01\/IMG_5198-768x576.jpg 768w, https:\/\/www.copealcoy.es\/wp-content\/uploads\/2025\/01\/IMG_5198-1536x1152.jpg 1536w, https:\/\/www.copealcoy.es\/wp-content\/uploads\/2025\/01\/IMG_5198-2048x1536.jpg 2048w\" sizes=\"auto, (max-width: 1920px) 100vw, 1920px\" \/><\/a>\n\t\t\t<\/div><\/figure><figure class='gallery-item'>\n\t\t\t<div class='gallery-icon landscape'>\n\t\t\t\t<a href='https:\/\/www.copealcoy.es\/es\/la-ilusion-se-vive-cada-5-de-enero-en-el-campamento-real-de-alcoy\/img_5202\/'><img loading=\"lazy\" decoding=\"async\" width=\"1920\" height=\"1440\" src=\"https:\/\/www.copealcoy.es\/wp-content\/uploads\/2025\/01\/IMG_5202-scaled.jpg\" class=\"attachment-full size-full\" alt=\"\" srcset=\"https:\/\/www.copealcoy.es\/wp-content\/uploads\/2025\/01\/IMG_5202-scaled.jpg 1920w, https:\/\/www.copealcoy.es\/wp-content\/uploads\/2025\/01\/IMG_5202-768x576.jpg 768w, https:\/\/www.copealcoy.es\/wp-content\/uploads\/2025\/01\/IMG_5202-1536x1152.jpg 1536w, https:\/\/www.copealcoy.es\/wp-content\/uploads\/2025\/01\/IMG_5202-2048x1536.jpg 2048w\" sizes=\"auto, (max-width: 1920px) 100vw, 1920px\" \/><\/a>\n\t\t\t<\/div><\/figure><figure class='gallery-item'>\n\t\t\t<div class='gallery-icon landscape'>\n\t\t\t\t<a href='https:\/\/www.copealcoy.es\/es\/la-ilusion-se-vive-cada-5-de-enero-en-el-campamento-real-de-alcoy\/campamento-alcoy-2024-3\/'><img loading=\"lazy\" decoding=\"async\" width=\"911\" height=\"683\" src=\"https:\/\/www.copealcoy.es\/wp-content\/uploads\/2025\/01\/0-2.jpg\" class=\"attachment-full size-full\" alt=\"\" srcset=\"https:\/\/www.copealcoy.es\/wp-content\/uploads\/2025\/01\/0-2.jpg 911w, https:\/\/www.copealcoy.es\/wp-content\/uploads\/2025\/01\/0-2-768x576.jpg 768w\" sizes=\"auto, (max-width: 911px) 100vw, 911px\" \/><\/a>\n\t\t\t<\/div><\/figure><figure class='gallery-item'>\n\t\t\t<div class='gallery-icon landscape'>\n\t\t\t\t<a href='https:\/\/www.copealcoy.es\/es\/la-ilusion-se-vive-cada-5-de-enero-en-el-campamento-real-de-alcoy\/img_5222\/'><img loading=\"lazy\" decoding=\"async\" width=\"1440\" height=\"1080\" src=\"https:\/\/www.copealcoy.es\/wp-content\/uploads\/2025\/01\/IMG_5222-scaled.jpg\" class=\"attachment-full size-full\" alt=\"\" srcset=\"https:\/\/www.copealcoy.es\/wp-content\/uploads\/2025\/01\/IMG_5222-scaled.jpg 1440w, https:\/\/www.copealcoy.es\/wp-content\/uploads\/2025\/01\/IMG_5222-768x576.jpg 768w, https:\/\/www.copealcoy.es\/wp-content\/uploads\/2025\/01\/IMG_5222-1536x1152.jpg 1536w, https:\/\/www.copealcoy.es\/wp-content\/uploads\/2025\/01\/IMG_5222-2048x1536.jpg 2048w\" sizes=\"auto, (max-width: 1440px) 100vw, 1440px\" \/><\/a>\n\t\t\t<\/div><\/figure><figure class='gallery-item'>\n\t\t\t<div class='gallery-icon landscape'>\n\t\t\t\t<a href='https:\/\/www.copealcoy.es\/es\/la-ilusion-se-vive-cada-5-de-enero-en-el-campamento-real-de-alcoy\/campamento-alcoy-2024\/'><img loading=\"lazy\" decoding=\"async\" width=\"911\" height=\"683\" src=\"https:\/\/www.copealcoy.es\/wp-content\/uploads\/2025\/01\/0.jpg\" class=\"attachment-full size-full\" alt=\"\" srcset=\"https:\/\/www.copealcoy.es\/wp-content\/uploads\/2025\/01\/0.jpg 911w, https:\/\/www.copealcoy.es\/wp-content\/uploads\/2025\/01\/0-768x576.jpg 768w\" sizes=\"auto, (max-width: 911px) 100vw, 911px\" \/><\/a>\n\t\t\t<\/div><\/figure>\n\t\t<\/div>\n\n<\/div>\n<\/div>\n<\/div>\n<\/div>\n<\/div>\n<\/div>\n<div id=\"humanchat_conversation\" class=\"flex flex-col items-center text-sm dark:bg-gray-800 w-full\"><\/div>\n","protected":false},"excerpt":{"rendered":"<p>Alcoy vive un nuevo intenso 5 de enero en una jornada en la que la ciudad espera con ilusi\u00f3n la&#8230;<\/p>\n","protected":false},"author":1,"featured_media":145432,"comment_status":"open","ping_status":"open","sticky":false,"template":"","format":"standard","meta":{"footnotes":""},"categories":[6909,97,78,75],"tags":[1494,368,1709,488],"class_list":["post-145416","post","type-post","status-publish","format-standard","has-post-thumbnail","hentry","category-actualidad","category-alcoy","category-fiestaycultura","category-noticias","tag-alcoy","tag-cabalgata","tag-campamento-real","tag-reyes-magos"],"yoast_head":"<!-- This site is optimized with the Yoast SEO plugin v27.3 - https:\/\/yoast.com\/product\/yoast-seo-wordpress\/ -->\n<title>La ilusi\u00f3n se vive cada 5 de enero en el Campamento Real de Alcoy - COPE Alcoy<\/title>\n<meta name=\"description\" content=\"Alcoy vive un nuevo intenso 5 de enero en una jornada en la que la ciudad espera con ilusi\u00f3n la venida de los Reyes Magos de Oriente\" \/>\n<meta name=\"robots\" content=\"index, follow, max-snippet:-1, max-image-preview:large, max-video-preview:-1\" \/>\n<link rel=\"canonical\" href=\"https:\/\/www.copealcoy.es\/es\/la-ilusion-se-vive-cada-5-de-enero-en-el-campamento-real-de-alcoy\/\" \/>\n<meta property=\"og:locale\" content=\"es_ES\" \/>\n<meta property=\"og:type\" content=\"article\" \/>\n<meta property=\"og:title\" content=\"La ilusi\u00f3n se vive cada 5 de enero en el Campamento Real de Alcoy - COPE Alcoy\" \/>\n<meta property=\"og:description\" content=\"Alcoy vive un nuevo intenso 5 de enero en una jornada en la que la ciudad espera con ilusi\u00f3n la venida de los Reyes Magos de Oriente\" \/>\n<meta property=\"og:url\" content=\"https:\/\/www.copealcoy.es\/es\/la-ilusion-se-vive-cada-5-de-enero-en-el-campamento-real-de-alcoy\/\" \/>\n<meta property=\"og:site_name\" content=\"COPE Alcoy\" \/>\n<meta property=\"article:published_time\" content=\"2025-01-05T15:38:15+00:00\" \/>\n<meta property=\"article:modified_time\" content=\"2025-01-05T15:40:09+00:00\" \/>\n<meta property=\"og:image\" content=\"https:\/\/www.copealcoy.es\/wp-content\/uploads\/2025\/01\/IMG_5209-scaled.jpg\" \/>\n\t<meta property=\"og:image:width\" content=\"1920\" \/>\n\t<meta property=\"og:image:height\" content=\"1440\" \/>\n\t<meta property=\"og:image:type\" content=\"image\/jpeg\" \/>\n<meta name=\"author\" content=\"Cope Alcoy\" \/>\n<meta name=\"twitter:label1\" content=\"Escrito por\" \/>\n\t<meta name=\"twitter:data1\" content=\"Cope Alcoy\" \/>\n\t<meta name=\"twitter:label2\" content=\"Tiempo de lectura\" \/>\n\t<meta name=\"twitter:data2\" content=\"3 minutos\" \/>\n<script type=\"application\/ld+json\" class=\"yoast-schema-graph\">{\"@context\":\"https:\\\/\\\/schema.org\",\"@graph\":[{\"@type\":\"Article\",\"@id\":\"https:\\\/\\\/www.copealcoy.es\\\/es\\\/la-ilusion-se-vive-cada-5-de-enero-en-el-campamento-real-de-alcoy\\\/#article\",\"isPartOf\":{\"@id\":\"https:\\\/\\\/www.copealcoy.es\\\/es\\\/la-ilusion-se-vive-cada-5-de-enero-en-el-campamento-real-de-alcoy\\\/\"},\"author\":{\"name\":\"Cope Alcoy\",\"@id\":\"https:\\\/\\\/www.copealcoy.es\\\/es\\\/#\\\/schema\\\/person\\\/e777c87fa024e57d40170af9df39882c\"},\"headline\":\"La ilusi\u00f3n se vive cada 5 de enero en el Campamento Real de Alcoy\",\"datePublished\":\"2025-01-05T15:38:15+00:00\",\"dateModified\":\"2025-01-05T15:40:09+00:00\",\"mainEntityOfPage\":{\"@id\":\"https:\\\/\\\/www.copealcoy.es\\\/es\\\/la-ilusion-se-vive-cada-5-de-enero-en-el-campamento-real-de-alcoy\\\/\"},\"wordCount\":364,\"commentCount\":0,\"image\":{\"@id\":\"https:\\\/\\\/www.copealcoy.es\\\/es\\\/la-ilusion-se-vive-cada-5-de-enero-en-el-campamento-real-de-alcoy\\\/#primaryimage\"},\"thumbnailUrl\":\"https:\\\/\\\/www.copealcoy.es\\\/wp-content\\\/uploads\\\/2025\\\/01\\\/IMG_5209-scaled.jpg\",\"keywords\":[\"Alcoy\",\"Cabalgata\",\"Campamento Real\",\"Reyes Magos\"],\"articleSection\":[\"Actualidad\",\"Alcoy\",\"Fiesta y Cultura\",\"Noticias\"],\"inLanguage\":\"es\"},{\"@type\":\"WebPage\",\"@id\":\"https:\\\/\\\/www.copealcoy.es\\\/es\\\/la-ilusion-se-vive-cada-5-de-enero-en-el-campamento-real-de-alcoy\\\/\",\"url\":\"https:\\\/\\\/www.copealcoy.es\\\/es\\\/la-ilusion-se-vive-cada-5-de-enero-en-el-campamento-real-de-alcoy\\\/\",\"name\":\"La ilusi\u00f3n se vive cada 5 de enero en el Campamento Real de Alcoy - COPE Alcoy\",\"isPartOf\":{\"@id\":\"https:\\\/\\\/www.copealcoy.es\\\/es\\\/#website\"},\"primaryImageOfPage\":{\"@id\":\"https:\\\/\\\/www.copealcoy.es\\\/es\\\/la-ilusion-se-vive-cada-5-de-enero-en-el-campamento-real-de-alcoy\\\/#primaryimage\"},\"image\":{\"@id\":\"https:\\\/\\\/www.copealcoy.es\\\/es\\\/la-ilusion-se-vive-cada-5-de-enero-en-el-campamento-real-de-alcoy\\\/#primaryimage\"},\"thumbnailUrl\":\"https:\\\/\\\/www.copealcoy.es\\\/wp-content\\\/uploads\\\/2025\\\/01\\\/IMG_5209-scaled.jpg\",\"datePublished\":\"2025-01-05T15:38:15+00:00\",\"dateModified\":\"2025-01-05T15:40:09+00:00\",\"author\":{\"@id\":\"https:\\\/\\\/www.copealcoy.es\\\/es\\\/#\\\/schema\\\/person\\\/e777c87fa024e57d40170af9df39882c\"},\"description\":\"Alcoy vive un nuevo intenso 5 de enero en una jornada en la que la ciudad espera con ilusi\u00f3n la venida de los Reyes Magos de Oriente\",\"breadcrumb\":{\"@id\":\"https:\\\/\\\/www.copealcoy.es\\\/es\\\/la-ilusion-se-vive-cada-5-de-enero-en-el-campamento-real-de-alcoy\\\/#breadcrumb\"},\"inLanguage\":\"es\",\"potentialAction\":[{\"@type\":\"ReadAction\",\"target\":[\"https:\\\/\\\/www.copealcoy.es\\\/es\\\/la-ilusion-se-vive-cada-5-de-enero-en-el-campamento-real-de-alcoy\\\/\"]}]},{\"@type\":\"ImageObject\",\"inLanguage\":\"es\",\"@id\":\"https:\\\/\\\/www.copealcoy.es\\\/es\\\/la-ilusion-se-vive-cada-5-de-enero-en-el-campamento-real-de-alcoy\\\/#primaryimage\",\"url\":\"https:\\\/\\\/www.copealcoy.es\\\/wp-content\\\/uploads\\\/2025\\\/01\\\/IMG_5209-scaled.jpg\",\"contentUrl\":\"https:\\\/\\\/www.copealcoy.es\\\/wp-content\\\/uploads\\\/2025\\\/01\\\/IMG_5209-scaled.jpg\",\"width\":1920,\"height\":1440},{\"@type\":\"BreadcrumbList\",\"@id\":\"https:\\\/\\\/www.copealcoy.es\\\/es\\\/la-ilusion-se-vive-cada-5-de-enero-en-el-campamento-real-de-alcoy\\\/#breadcrumb\",\"itemListElement\":[{\"@type\":\"ListItem\",\"position\":1,\"name\":\"Portada\",\"item\":\"https:\\\/\\\/www.copealcoy.es\\\/es\\\/\"},{\"@type\":\"ListItem\",\"position\":2,\"name\":\"La ilusi\u00f3n se vive cada 5 de enero en el Campamento Real de Alcoy\"}]},{\"@type\":\"WebSite\",\"@id\":\"https:\\\/\\\/www.copealcoy.es\\\/es\\\/#website\",\"url\":\"https:\\\/\\\/www.copealcoy.es\\\/es\\\/\",\"name\":\"COPE Alcoy\",\"description\":\"Emisora COPE de radio local con emisi\u00f3n online. Pont de Sant Jordi 8-10 03803 Alcoy\",\"potentialAction\":[{\"@type\":\"SearchAction\",\"target\":{\"@type\":\"EntryPoint\",\"urlTemplate\":\"https:\\\/\\\/www.copealcoy.es\\\/es\\\/?s={search_term_string}\"},\"query-input\":{\"@type\":\"PropertyValueSpecification\",\"valueRequired\":true,\"valueName\":\"search_term_string\"}}],\"inLanguage\":\"es\"},{\"@type\":\"Person\",\"@id\":\"https:\\\/\\\/www.copealcoy.es\\\/es\\\/#\\\/schema\\\/person\\\/e777c87fa024e57d40170af9df39882c\",\"name\":\"Cope Alcoy\",\"image\":{\"@type\":\"ImageObject\",\"inLanguage\":\"es\",\"@id\":\"https:\\\/\\\/secure.gravatar.com\\\/avatar\\\/bb65d0283347e303893ba14f0692005417c1e0e690a325a4c5d8bb2b3943ee14?s=96&d=mm&r=g\",\"url\":\"https:\\\/\\\/secure.gravatar.com\\\/avatar\\\/bb65d0283347e303893ba14f0692005417c1e0e690a325a4c5d8bb2b3943ee14?s=96&d=mm&r=g\",\"contentUrl\":\"https:\\\/\\\/secure.gravatar.com\\\/avatar\\\/bb65d0283347e303893ba14f0692005417c1e0e690a325a4c5d8bb2b3943ee14?s=96&d=mm&r=g\",\"caption\":\"Cope Alcoy\"}}]}<\/script>\n<!-- \/ Yoast SEO plugin. -->","yoast_head_json":{"title":"La ilusi\u00f3n se vive cada 5 de enero en el Campamento Real de Alcoy - COPE Alcoy","description":"Alcoy vive un nuevo intenso 5 de enero en una jornada en la que la ciudad espera con ilusi\u00f3n la venida de los Reyes Magos de Oriente","robots":{"index":"index","follow":"follow","max-snippet":"max-snippet:-1","max-image-preview":"max-image-preview:large","max-video-preview":"max-video-preview:-1"},"canonical":"https:\/\/www.copealcoy.es\/es\/la-ilusion-se-vive-cada-5-de-enero-en-el-campamento-real-de-alcoy\/","og_locale":"es_ES","og_type":"article","og_title":"La ilusi\u00f3n se vive cada 5 de enero en el Campamento Real de Alcoy - COPE Alcoy","og_description":"Alcoy vive un nuevo intenso 5 de enero en una jornada en la que la ciudad espera con ilusi\u00f3n la venida de los Reyes Magos de Oriente","og_url":"https:\/\/www.copealcoy.es\/es\/la-ilusion-se-vive-cada-5-de-enero-en-el-campamento-real-de-alcoy\/","og_site_name":"COPE Alcoy","article_published_time":"2025-01-05T15:38:15+00:00","article_modified_time":"2025-01-05T15:40:09+00:00","og_image":[{"width":1920,"height":1440,"url":"https:\/\/www.copealcoy.es\/wp-content\/uploads\/2025\/01\/IMG_5209-scaled.jpg","type":"image\/jpeg"}],"author":"Cope Alcoy","twitter_misc":{"Escrito por":"Cope Alcoy","Tiempo de lectura":"3 minutos"},"schema":{"@context":"https:\/\/schema.org","@graph":[{"@type":"Article","@id":"https:\/\/www.copealcoy.es\/es\/la-ilusion-se-vive-cada-5-de-enero-en-el-campamento-real-de-alcoy\/#article","isPartOf":{"@id":"https:\/\/www.copealcoy.es\/es\/la-ilusion-se-vive-cada-5-de-enero-en-el-campamento-real-de-alcoy\/"},"author":{"name":"Cope Alcoy","@id":"https:\/\/www.copealcoy.es\/es\/#\/schema\/person\/e777c87fa024e57d40170af9df39882c"},"headline":"La ilusi\u00f3n se vive cada 5 de enero en el Campamento Real de Alcoy","datePublished":"2025-01-05T15:38:15+00:00","dateModified":"2025-01-05T15:40:09+00:00","mainEntityOfPage":{"@id":"https:\/\/www.copealcoy.es\/es\/la-ilusion-se-vive-cada-5-de-enero-en-el-campamento-real-de-alcoy\/"},"wordCount":364,"commentCount":0,"image":{"@id":"https:\/\/www.copealcoy.es\/es\/la-ilusion-se-vive-cada-5-de-enero-en-el-campamento-real-de-alcoy\/#primaryimage"},"thumbnailUrl":"https:\/\/www.copealcoy.es\/wp-content\/uploads\/2025\/01\/IMG_5209-scaled.jpg","keywords":["Alcoy","Cabalgata","Campamento Real","Reyes Magos"],"articleSection":["Actualidad","Alcoy","Fiesta y Cultura","Noticias"],"inLanguage":"es"},{"@type":"WebPage","@id":"https:\/\/www.copealcoy.es\/es\/la-ilusion-se-vive-cada-5-de-enero-en-el-campamento-real-de-alcoy\/","url":"https:\/\/www.copealcoy.es\/es\/la-ilusion-se-vive-cada-5-de-enero-en-el-campamento-real-de-alcoy\/","name":"La ilusi\u00f3n se vive cada 5 de enero en el Campamento Real de Alcoy - COPE Alcoy","isPartOf":{"@id":"https:\/\/www.copealcoy.es\/es\/#website"},"primaryImageOfPage":{"@id":"https:\/\/www.copealcoy.es\/es\/la-ilusion-se-vive-cada-5-de-enero-en-el-campamento-real-de-alcoy\/#primaryimage"},"image":{"@id":"https:\/\/www.copealcoy.es\/es\/la-ilusion-se-vive-cada-5-de-enero-en-el-campamento-real-de-alcoy\/#primaryimage"},"thumbnailUrl":"https:\/\/www.copealcoy.es\/wp-content\/uploads\/2025\/01\/IMG_5209-scaled.jpg","datePublished":"2025-01-05T15:38:15+00:00","dateModified":"2025-01-05T15:40:09+00:00","author":{"@id":"https:\/\/www.copealcoy.es\/es\/#\/schema\/person\/e777c87fa024e57d40170af9df39882c"},"description":"Alcoy vive un nuevo intenso 5 de enero en una jornada en la que la ciudad espera con ilusi\u00f3n la venida de los Reyes Magos de Oriente","breadcrumb":{"@id":"https:\/\/www.copealcoy.es\/es\/la-ilusion-se-vive-cada-5-de-enero-en-el-campamento-real-de-alcoy\/#breadcrumb"},"inLanguage":"es","potentialAction":[{"@type":"ReadAction","target":["https:\/\/www.copealcoy.es\/es\/la-ilusion-se-vive-cada-5-de-enero-en-el-campamento-real-de-alcoy\/"]}]},{"@type":"ImageObject","inLanguage":"es","@id":"https:\/\/www.copealcoy.es\/es\/la-ilusion-se-vive-cada-5-de-enero-en-el-campamento-real-de-alcoy\/#primaryimage","url":"https:\/\/www.copealcoy.es\/wp-content\/uploads\/2025\/01\/IMG_5209-scaled.jpg","contentUrl":"https:\/\/www.copealcoy.es\/wp-content\/uploads\/2025\/01\/IMG_5209-scaled.jpg","width":1920,"height":1440},{"@type":"BreadcrumbList","@id":"https:\/\/www.copealcoy.es\/es\/la-ilusion-se-vive-cada-5-de-enero-en-el-campamento-real-de-alcoy\/#breadcrumb","itemListElement":[{"@type":"ListItem","position":1,"name":"Portada","item":"https:\/\/www.copealcoy.es\/es\/"},{"@type":"ListItem","position":2,"name":"La ilusi\u00f3n se vive cada 5 de enero en el Campamento Real de Alcoy"}]},{"@type":"WebSite","@id":"https:\/\/www.copealcoy.es\/es\/#website","url":"https:\/\/www.copealcoy.es\/es\/","name":"COPE Alcoy","description":"Emisora COPE de radio local con emisi\u00f3n online. Pont de Sant Jordi 8-10 03803 Alcoy","potentialAction":[{"@type":"SearchAction","target":{"@type":"EntryPoint","urlTemplate":"https:\/\/www.copealcoy.es\/es\/?s={search_term_string}"},"query-input":{"@type":"PropertyValueSpecification","valueRequired":true,"valueName":"search_term_string"}}],"inLanguage":"es"},{"@type":"Person","@id":"https:\/\/www.copealcoy.es\/es\/#\/schema\/person\/e777c87fa024e57d40170af9df39882c","name":"Cope Alcoy","image":{"@type":"ImageObject","inLanguage":"es","@id":"https:\/\/secure.gravatar.com\/avatar\/bb65d0283347e303893ba14f0692005417c1e0e690a325a4c5d8bb2b3943ee14?s=96&d=mm&r=g","url":"https:\/\/secure.gravatar.com\/avatar\/bb65d0283347e303893ba14f0692005417c1e0e690a325a4c5d8bb2b3943ee14?s=96&d=mm&r=g","contentUrl":"https:\/\/secure.gravatar.com\/avatar\/bb65d0283347e303893ba14f0692005417c1e0e690a325a4c5d8bb2b3943ee14?s=96&d=mm&r=g","caption":"Cope Alcoy"}}]}},"_links":{"self":[{"href":"https:\/\/www.copealcoy.es\/es\/wp-json\/wp\/v2\/posts\/145416","targetHints":{"allow":["GET"]}}],"collection":[{"href":"https:\/\/www.copealcoy.es\/es\/wp-json\/wp\/v2\/posts"}],"about":[{"href":"https:\/\/www.copealcoy.es\/es\/wp-json\/wp\/v2\/types\/post"}],"author":[{"embeddable":true,"href":"https:\/\/www.copealcoy.es\/es\/wp-json\/wp\/v2\/users\/1"}],"replies":[{"embeddable":true,"href":"https:\/\/www.copealcoy.es\/es\/wp-json\/wp\/v2\/comments?post=145416"}],"version-history":[{"count":0,"href":"https:\/\/www.copealcoy.es\/es\/wp-json\/wp\/v2\/posts\/145416\/revisions"}],"wp:featuredmedia":[{"embeddable":true,"href":"https:\/\/www.copealcoy.es\/es\/wp-json\/wp\/v2\/media\/145432"}],"wp:attachment":[{"href":"https:\/\/www.copealcoy.es\/es\/wp-json\/wp\/v2\/media?parent=145416"}],"wp:term":[{"taxonomy":"category","embeddable":true,"href":"https:\/\/www.copealcoy.es\/es\/wp-json\/wp\/v2\/categories?post=145416"},{"taxonomy":"post_tag","embeddable":true,"href":"https:\/\/www.copealcoy.es\/es\/wp-json\/wp\/v2\/tags?post=145416"}],"curies":[{"name":"wp","href":"https:\/\/api.w.org\/{rel}","templated":true}]}}