{"id":145301,"date":"2025-01-03T07:30:41","date_gmt":"2025-01-03T06:30:41","guid":{"rendered":"https:\/\/www.copealcoy.es\/?p=145301"},"modified":"2025-01-03T18:59:24","modified_gmt":"2025-01-03T17:59:24","slug":"informativo-matinal-viernes-3-de-enero-2025-0750h","status":"publish","type":"post","link":"https:\/\/www.copealcoy.es\/es\/informativo-matinal-viernes-3-de-enero-2025-0750h\/","title":{"rendered":"Informativo matinal viernes 3 de enero 2025 (07:50h)"},"content":{"rendered":"<p><iframe loading=\"lazy\" title=\"Informativo Matinal Viernes 3 De Enero 2025 (07:50h)\" width=\"100%\" height=\"120\" src=\"https:\/\/www.mixcloud.com\/widget\/iframe\/?feed=https%3A%2F%2Fwww.mixcloud.com%2FCOPEAlcoy%2Finformativo-matinal-viernes-3-de-enero-2025-0750h%2F&amp;hide_cover=1\" frameborder=\"0\"><\/iframe><\/p>\n<p style=\"text-align: justify;\">Hoy viernes os hemos contado que <strong>Alcoy se adentra en uno de los fines de semana m\u00e1s m\u00e1gicos del a\u00f1o<\/strong>. Todo ya est\u00e1 preparado para<strong> la celebraci\u00f3n de la m\u00e1gica y esperada Cabalgata<\/strong> el pr\u00f3ximo domingo 5 de enero.<\/p>\n<p style=\"text-align: justify;\">Alcoy\u00a0<strong>se prepara para dar la bienvenida a los Reyes Magos de Oriente<\/strong>\u00a0en\u00a0<strong>la 140 edici\u00f3n de su\u00a0<span style=\"color: #0000ff;\"><a style=\"color: #0000ff;\" href=\"https:\/\/www.facebook.com\/alcoiciutatdelnadal\" target=\"_blank\" rel=\"noopener\">Cabalgata<\/a><\/span><\/strong>, la m\u00e1s antigua de Espa\u00f1a, y una tradici\u00f3n que presume con orgullo de ser Bien de Inter\u00e9s Cultural (BIC). El hecho de que el 5 de enero sea en domingo, con la posibilidad de un largo puente festivo al ser el d\u00eda seis festivo en toda Espa\u00f1a con ocasi\u00f3n del D\u00eda de Reyes,\u00a0<strong>augura una gran afluencia de personas<\/strong>\u00a0a disfrutar del acto como ya se constata en los buenos \u00edndices de ocupaci\u00f3n que hay tanto en la hosteler\u00eda como en hoteles o alojamientos rurales.<\/p>\n<p style=\"text-align: justify;\"><span style=\"color: #0000ff;\"><strong>El Bando anunciar\u00e1 que los Reyes vienen de camino\u00a0<\/strong><\/span><\/p>\n<p style=\"text-align: justify;\">Antes de la venida de Sus Majestades\u00a0<strong>ser\u00e1 el turno de recibir al Embajador Real<\/strong>\u00a0en la tarde del 4 de enero. El acto, tal y como es tradici\u00f3n, comenzar\u00e1 en el Teatro Principal donde los personajes del Tirisiti cobrar\u00e1n vida para salir despu\u00e9s a la calle. Como es habitual, acompa\u00f1ar\u00e1n al T\u00edo Piam en su preg\u00f3n hasta la Font Redona mediante el cual animar\u00e1 a grandes y peque\u00f1os a agolparse en las aceras para escuchar con atenci\u00f3n el mensaje que trae el regio emisario. El actor\u00a0<strong>Rafa Segura<\/strong>\u00a0y la escritora\u00a0<strong>Nat\u00e0lia Gisbert<\/strong>\u00a0ser\u00e1n protagonistas de este momento puesto que el primero se va a encargar de ayudar en la declamaci\u00f3n del texto que la primera ha elaborado bajo la supervisi\u00f3n de los Monarcas \u00ab<em>estamos muy ilusionados y, aunque somos de Alcoy y conocemos este acto, supondr\u00e1 para nosotros vivirlo desde otro punto de vista<\/em>\u00ab, afirmaron ambos en declaraciones a COPE ALCOY.<\/p>\n<p style=\"text-align: justify;\"><span style=\"color: #0000ff;\"><strong>El Preventorio, el lugar donde cobra vida la magia\u00a0<\/strong><\/span><\/p>\n<p style=\"text-align: justify;\">Mientras el Embajador desfile por el Centro,\u00a0<strong>los Reyes Magos preparar\u00e1n su Campamento en la Serra de Mariola<\/strong>. Las hogueras nos advertir\u00e1n de que los Soberanos han instalado su morada en el Preventorio, enclave que podremos ver el domingo desde las ocho de la ma\u00f1ana y hasta el mediod\u00eda \u00ab<em>siempre intentamos introducir novedades y este a\u00f1o se ha trabajado para reforzar la iluminaci\u00f3n o la decoraci\u00f3n<\/em>\u00ab, explica\u00a0<strong>David Ponsoda<\/strong>\u00a0como representante de la Asociaci\u00f3n Cultural Samarita; entidad que hace posible esta visita al Campamento. Se han vendido m\u00e1s de cuatro mil entradas, a las que suman un millar m\u00e1s para protocolo, mientras que muchas personas ascender\u00e1n hasta la monta\u00f1a para visualizar el recinto desde fuera sin entrar dentro por no haber podido conseguir localidad.<\/p>\n<p style=\"text-align: justify;\"><span style=\"color: #0000ff;\"><strong>La esperada Cabalgata arrancar\u00e1 a las 18:00h<\/strong><\/span><\/p>\n<p style=\"text-align: justify;\">La\u00a0<strong>Cabalgata<\/strong>, que se celebra ininterrumpidamente desde 1885 y es considerada la m\u00e1s antigua de Espa\u00f1a,\u00a0<strong>contar\u00e1 este a\u00f1o con la colaboraci\u00f3n<\/strong>\u00a0del Club Patinaje Art\u00edstico Alcoy, la Casa de Andaluc\u00eda y la Fil\u00e0 Mud\u00e9jares. Desde las 9:00 y hasta las 13:00 horas, voluntarios organizar\u00e1n los regalos en el IES Pare Vit\u00f2ria. A partir de las 18:00 horas, Melchor, Gaspar y Baltasar desfilar\u00e1n por las calles del Centre y Zona Alta, repartiendo ilusi\u00f3n a peque\u00f1os y mayores. M\u00e1s de mil personas participar\u00e1n en este desfile que incluye elementos como los heraldos de la ciudad, el portador de la estrella, pajes y antorcheros, servidores y escoltas; carros engalanados y carrozas; las cuatro bandas de m\u00fasica locales, los grupos de de m\u00fasica tradicional, y las agrupaciones de danzas junto a la representaci\u00f3n de la gente la gente del pueblo. A ello se le unen m\u00e1s de 400 pajes, con la caracter\u00edstica indumentaria que tanto los identifica en Alcoy, y que se encargar\u00e1n de acercar los regalos hasta los balcones de las casas subiendo por largas escaleras rojas.<\/p>\n<p style=\"text-align: justify;\">La\u00a0<strong>Adoraci\u00f3n a la Sagrada Familia viviente<\/strong>\u00a0en la Plaza de Espa\u00f1a, al filo de las 20:30h, ser\u00e1 uno de los momentos m\u00e1s esperados de la m\u00e1gica tarde del cinco de enero. El lunes, como es tradici\u00f3n, Sus Majestades visitar\u00e1n el Hospital Virgen de los Lirios junto a los centros de mayores despidi\u00e9ndose de la ciudad hacia el mediod\u00eda con la promesa de volver a principios de 2026.<\/p>\n","protected":false},"excerpt":{"rendered":"<p>Hoy viernes os hemos contado que Alcoy se adentra en uno de los fines de semana m\u00e1s m\u00e1gicos del a\u00f1o&#8230;.<\/p>\n","protected":false},"author":1,"featured_media":110612,"comment_status":"open","ping_status":"open","sticky":false,"template":"","format":"standard","meta":{"footnotes":""},"categories":[6909,89,91,75],"tags":[],"class_list":["post-145301","post","type-post","status-publish","format-standard","has-post-thumbnail","hentry","category-actualidad","category-audiosdelosprogramas","category-informativos","category-noticias"],"yoast_head":"<!-- This site is optimized with the Yoast SEO plugin v27.3 - https:\/\/yoast.com\/product\/yoast-seo-wordpress\/ -->\n<title>Informativo matinal viernes 3 de enero 2025 (07:50h) - COPE Alcoy<\/title>\n<meta name=\"robots\" content=\"index, follow, max-snippet:-1, max-image-preview:large, max-video-preview:-1\" \/>\n<link rel=\"canonical\" href=\"https:\/\/www.copealcoy.es\/es\/informativo-matinal-viernes-3-de-enero-2025-0750h\/\" \/>\n<meta property=\"og:locale\" content=\"es_ES\" \/>\n<meta property=\"og:type\" content=\"article\" \/>\n<meta property=\"og:title\" content=\"Informativo matinal viernes 3 de enero 2025 (07:50h) - COPE Alcoy\" \/>\n<meta property=\"og:description\" content=\"Hoy viernes os hemos contado que Alcoy se adentra en uno de los fines de semana m\u00e1s m\u00e1gicos del a\u00f1o....\" \/>\n<meta property=\"og:url\" content=\"https:\/\/www.copealcoy.es\/es\/informativo-matinal-viernes-3-de-enero-2025-0750h\/\" \/>\n<meta property=\"og:site_name\" content=\"COPE Alcoy\" \/>\n<meta property=\"article:published_time\" content=\"2025-01-03T06:30:41+00:00\" \/>\n<meta property=\"article:modified_time\" content=\"2025-01-03T17:59:24+00:00\" \/>\n<meta property=\"og:image\" content=\"https:\/\/www.copealcoy.es\/wp-content\/uploads\/2023\/02\/Herrera-en-COPE-Alcoy-4.png\" \/>\n\t<meta property=\"og:image:width\" content=\"357\" \/>\n\t<meta property=\"og:image:height\" content=\"290\" \/>\n\t<meta property=\"og:image:type\" content=\"image\/png\" \/>\n<meta name=\"author\" content=\"Cope Alcoy\" \/>\n<meta name=\"twitter:label1\" content=\"Escrito por\" \/>\n\t<meta name=\"twitter:data1\" content=\"Cope Alcoy\" \/>\n\t<meta name=\"twitter:label2\" content=\"Tiempo de lectura\" \/>\n\t<meta name=\"twitter:data2\" content=\"4 minutos\" \/>\n<script type=\"application\/ld+json\" class=\"yoast-schema-graph\">{\"@context\":\"https:\\\/\\\/schema.org\",\"@graph\":[{\"@type\":\"Article\",\"@id\":\"https:\\\/\\\/www.copealcoy.es\\\/es\\\/informativo-matinal-viernes-3-de-enero-2025-0750h\\\/#article\",\"isPartOf\":{\"@id\":\"https:\\\/\\\/www.copealcoy.es\\\/es\\\/informativo-matinal-viernes-3-de-enero-2025-0750h\\\/\"},\"author\":{\"name\":\"Cope Alcoy\",\"@id\":\"https:\\\/\\\/www.copealcoy.es\\\/es\\\/#\\\/schema\\\/person\\\/e777c87fa024e57d40170af9df39882c\"},\"headline\":\"Informativo matinal viernes 3 de enero 2025 (07:50h)\",\"datePublished\":\"2025-01-03T06:30:41+00:00\",\"dateModified\":\"2025-01-03T17:59:24+00:00\",\"mainEntityOfPage\":{\"@id\":\"https:\\\/\\\/www.copealcoy.es\\\/es\\\/informativo-matinal-viernes-3-de-enero-2025-0750h\\\/\"},\"wordCount\":764,\"commentCount\":0,\"image\":{\"@id\":\"https:\\\/\\\/www.copealcoy.es\\\/es\\\/informativo-matinal-viernes-3-de-enero-2025-0750h\\\/#primaryimage\"},\"thumbnailUrl\":\"https:\\\/\\\/www.copealcoy.es\\\/wp-content\\\/uploads\\\/2023\\\/02\\\/Herrera-en-COPE-Alcoy-4.png\",\"articleSection\":[\"Actualidad\",\"Audios de los programas\",\"Informativos\",\"Noticias\"],\"inLanguage\":\"es\"},{\"@type\":\"WebPage\",\"@id\":\"https:\\\/\\\/www.copealcoy.es\\\/es\\\/informativo-matinal-viernes-3-de-enero-2025-0750h\\\/\",\"url\":\"https:\\\/\\\/www.copealcoy.es\\\/es\\\/informativo-matinal-viernes-3-de-enero-2025-0750h\\\/\",\"name\":\"Informativo matinal viernes 3 de enero 2025 (07:50h) - COPE Alcoy\",\"isPartOf\":{\"@id\":\"https:\\\/\\\/www.copealcoy.es\\\/es\\\/#website\"},\"primaryImageOfPage\":{\"@id\":\"https:\\\/\\\/www.copealcoy.es\\\/es\\\/informativo-matinal-viernes-3-de-enero-2025-0750h\\\/#primaryimage\"},\"image\":{\"@id\":\"https:\\\/\\\/www.copealcoy.es\\\/es\\\/informativo-matinal-viernes-3-de-enero-2025-0750h\\\/#primaryimage\"},\"thumbnailUrl\":\"https:\\\/\\\/www.copealcoy.es\\\/wp-content\\\/uploads\\\/2023\\\/02\\\/Herrera-en-COPE-Alcoy-4.png\",\"datePublished\":\"2025-01-03T06:30:41+00:00\",\"dateModified\":\"2025-01-03T17:59:24+00:00\",\"author\":{\"@id\":\"https:\\\/\\\/www.copealcoy.es\\\/es\\\/#\\\/schema\\\/person\\\/e777c87fa024e57d40170af9df39882c\"},\"breadcrumb\":{\"@id\":\"https:\\\/\\\/www.copealcoy.es\\\/es\\\/informativo-matinal-viernes-3-de-enero-2025-0750h\\\/#breadcrumb\"},\"inLanguage\":\"es\",\"potentialAction\":[{\"@type\":\"ReadAction\",\"target\":[\"https:\\\/\\\/www.copealcoy.es\\\/es\\\/informativo-matinal-viernes-3-de-enero-2025-0750h\\\/\"]}]},{\"@type\":\"ImageObject\",\"inLanguage\":\"es\",\"@id\":\"https:\\\/\\\/www.copealcoy.es\\\/es\\\/informativo-matinal-viernes-3-de-enero-2025-0750h\\\/#primaryimage\",\"url\":\"https:\\\/\\\/www.copealcoy.es\\\/wp-content\\\/uploads\\\/2023\\\/02\\\/Herrera-en-COPE-Alcoy-4.png\",\"contentUrl\":\"https:\\\/\\\/www.copealcoy.es\\\/wp-content\\\/uploads\\\/2023\\\/02\\\/Herrera-en-COPE-Alcoy-4.png\",\"width\":357,\"height\":290},{\"@type\":\"BreadcrumbList\",\"@id\":\"https:\\\/\\\/www.copealcoy.es\\\/es\\\/informativo-matinal-viernes-3-de-enero-2025-0750h\\\/#breadcrumb\",\"itemListElement\":[{\"@type\":\"ListItem\",\"position\":1,\"name\":\"Portada\",\"item\":\"https:\\\/\\\/www.copealcoy.es\\\/es\\\/\"},{\"@type\":\"ListItem\",\"position\":2,\"name\":\"Informativo matinal viernes 3 de enero 2025 (07:50h)\"}]},{\"@type\":\"WebSite\",\"@id\":\"https:\\\/\\\/www.copealcoy.es\\\/es\\\/#website\",\"url\":\"https:\\\/\\\/www.copealcoy.es\\\/es\\\/\",\"name\":\"COPE Alcoy\",\"description\":\"Emisora COPE de radio local con emisi\u00f3n online. Pont de Sant Jordi 8-10 03803 Alcoy\",\"potentialAction\":[{\"@type\":\"SearchAction\",\"target\":{\"@type\":\"EntryPoint\",\"urlTemplate\":\"https:\\\/\\\/www.copealcoy.es\\\/es\\\/?s={search_term_string}\"},\"query-input\":{\"@type\":\"PropertyValueSpecification\",\"valueRequired\":true,\"valueName\":\"search_term_string\"}}],\"inLanguage\":\"es\"},{\"@type\":\"Person\",\"@id\":\"https:\\\/\\\/www.copealcoy.es\\\/es\\\/#\\\/schema\\\/person\\\/e777c87fa024e57d40170af9df39882c\",\"name\":\"Cope Alcoy\",\"image\":{\"@type\":\"ImageObject\",\"inLanguage\":\"es\",\"@id\":\"https:\\\/\\\/secure.gravatar.com\\\/avatar\\\/bb65d0283347e303893ba14f0692005417c1e0e690a325a4c5d8bb2b3943ee14?s=96&d=mm&r=g\",\"url\":\"https:\\\/\\\/secure.gravatar.com\\\/avatar\\\/bb65d0283347e303893ba14f0692005417c1e0e690a325a4c5d8bb2b3943ee14?s=96&d=mm&r=g\",\"contentUrl\":\"https:\\\/\\\/secure.gravatar.com\\\/avatar\\\/bb65d0283347e303893ba14f0692005417c1e0e690a325a4c5d8bb2b3943ee14?s=96&d=mm&r=g\",\"caption\":\"Cope Alcoy\"}}]}<\/script>\n<!-- \/ Yoast SEO plugin. -->","yoast_head_json":{"title":"Informativo matinal viernes 3 de enero 2025 (07:50h) - COPE Alcoy","robots":{"index":"index","follow":"follow","max-snippet":"max-snippet:-1","max-image-preview":"max-image-preview:large","max-video-preview":"max-video-preview:-1"},"canonical":"https:\/\/www.copealcoy.es\/es\/informativo-matinal-viernes-3-de-enero-2025-0750h\/","og_locale":"es_ES","og_type":"article","og_title":"Informativo matinal viernes 3 de enero 2025 (07:50h) - COPE Alcoy","og_description":"Hoy viernes os hemos contado que Alcoy se adentra en uno de los fines de semana m\u00e1s m\u00e1gicos del a\u00f1o....","og_url":"https:\/\/www.copealcoy.es\/es\/informativo-matinal-viernes-3-de-enero-2025-0750h\/","og_site_name":"COPE Alcoy","article_published_time":"2025-01-03T06:30:41+00:00","article_modified_time":"2025-01-03T17:59:24+00:00","og_image":[{"width":357,"height":290,"url":"https:\/\/www.copealcoy.es\/wp-content\/uploads\/2023\/02\/Herrera-en-COPE-Alcoy-4.png","type":"image\/png"}],"author":"Cope Alcoy","twitter_misc":{"Escrito por":"Cope Alcoy","Tiempo de lectura":"4 minutos"},"schema":{"@context":"https:\/\/schema.org","@graph":[{"@type":"Article","@id":"https:\/\/www.copealcoy.es\/es\/informativo-matinal-viernes-3-de-enero-2025-0750h\/#article","isPartOf":{"@id":"https:\/\/www.copealcoy.es\/es\/informativo-matinal-viernes-3-de-enero-2025-0750h\/"},"author":{"name":"Cope Alcoy","@id":"https:\/\/www.copealcoy.es\/es\/#\/schema\/person\/e777c87fa024e57d40170af9df39882c"},"headline":"Informativo matinal viernes 3 de enero 2025 (07:50h)","datePublished":"2025-01-03T06:30:41+00:00","dateModified":"2025-01-03T17:59:24+00:00","mainEntityOfPage":{"@id":"https:\/\/www.copealcoy.es\/es\/informativo-matinal-viernes-3-de-enero-2025-0750h\/"},"wordCount":764,"commentCount":0,"image":{"@id":"https:\/\/www.copealcoy.es\/es\/informativo-matinal-viernes-3-de-enero-2025-0750h\/#primaryimage"},"thumbnailUrl":"https:\/\/www.copealcoy.es\/wp-content\/uploads\/2023\/02\/Herrera-en-COPE-Alcoy-4.png","articleSection":["Actualidad","Audios de los programas","Informativos","Noticias"],"inLanguage":"es"},{"@type":"WebPage","@id":"https:\/\/www.copealcoy.es\/es\/informativo-matinal-viernes-3-de-enero-2025-0750h\/","url":"https:\/\/www.copealcoy.es\/es\/informativo-matinal-viernes-3-de-enero-2025-0750h\/","name":"Informativo matinal viernes 3 de enero 2025 (07:50h) - COPE Alcoy","isPartOf":{"@id":"https:\/\/www.copealcoy.es\/es\/#website"},"primaryImageOfPage":{"@id":"https:\/\/www.copealcoy.es\/es\/informativo-matinal-viernes-3-de-enero-2025-0750h\/#primaryimage"},"image":{"@id":"https:\/\/www.copealcoy.es\/es\/informativo-matinal-viernes-3-de-enero-2025-0750h\/#primaryimage"},"thumbnailUrl":"https:\/\/www.copealcoy.es\/wp-content\/uploads\/2023\/02\/Herrera-en-COPE-Alcoy-4.png","datePublished":"2025-01-03T06:30:41+00:00","dateModified":"2025-01-03T17:59:24+00:00","author":{"@id":"https:\/\/www.copealcoy.es\/es\/#\/schema\/person\/e777c87fa024e57d40170af9df39882c"},"breadcrumb":{"@id":"https:\/\/www.copealcoy.es\/es\/informativo-matinal-viernes-3-de-enero-2025-0750h\/#breadcrumb"},"inLanguage":"es","potentialAction":[{"@type":"ReadAction","target":["https:\/\/www.copealcoy.es\/es\/informativo-matinal-viernes-3-de-enero-2025-0750h\/"]}]},{"@type":"ImageObject","inLanguage":"es","@id":"https:\/\/www.copealcoy.es\/es\/informativo-matinal-viernes-3-de-enero-2025-0750h\/#primaryimage","url":"https:\/\/www.copealcoy.es\/wp-content\/uploads\/2023\/02\/Herrera-en-COPE-Alcoy-4.png","contentUrl":"https:\/\/www.copealcoy.es\/wp-content\/uploads\/2023\/02\/Herrera-en-COPE-Alcoy-4.png","width":357,"height":290},{"@type":"BreadcrumbList","@id":"https:\/\/www.copealcoy.es\/es\/informativo-matinal-viernes-3-de-enero-2025-0750h\/#breadcrumb","itemListElement":[{"@type":"ListItem","position":1,"name":"Portada","item":"https:\/\/www.copealcoy.es\/es\/"},{"@type":"ListItem","position":2,"name":"Informativo matinal viernes 3 de enero 2025 (07:50h)"}]},{"@type":"WebSite","@id":"https:\/\/www.copealcoy.es\/es\/#website","url":"https:\/\/www.copealcoy.es\/es\/","name":"COPE Alcoy","description":"Emisora COPE de radio local con emisi\u00f3n online. Pont de Sant Jordi 8-10 03803 Alcoy","potentialAction":[{"@type":"SearchAction","target":{"@type":"EntryPoint","urlTemplate":"https:\/\/www.copealcoy.es\/es\/?s={search_term_string}"},"query-input":{"@type":"PropertyValueSpecification","valueRequired":true,"valueName":"search_term_string"}}],"inLanguage":"es"},{"@type":"Person","@id":"https:\/\/www.copealcoy.es\/es\/#\/schema\/person\/e777c87fa024e57d40170af9df39882c","name":"Cope Alcoy","image":{"@type":"ImageObject","inLanguage":"es","@id":"https:\/\/secure.gravatar.com\/avatar\/bb65d0283347e303893ba14f0692005417c1e0e690a325a4c5d8bb2b3943ee14?s=96&d=mm&r=g","url":"https:\/\/secure.gravatar.com\/avatar\/bb65d0283347e303893ba14f0692005417c1e0e690a325a4c5d8bb2b3943ee14?s=96&d=mm&r=g","contentUrl":"https:\/\/secure.gravatar.com\/avatar\/bb65d0283347e303893ba14f0692005417c1e0e690a325a4c5d8bb2b3943ee14?s=96&d=mm&r=g","caption":"Cope Alcoy"}}]}},"_links":{"self":[{"href":"https:\/\/www.copealcoy.es\/es\/wp-json\/wp\/v2\/posts\/145301","targetHints":{"allow":["GET"]}}],"collection":[{"href":"https:\/\/www.copealcoy.es\/es\/wp-json\/wp\/v2\/posts"}],"about":[{"href":"https:\/\/www.copealcoy.es\/es\/wp-json\/wp\/v2\/types\/post"}],"author":[{"embeddable":true,"href":"https:\/\/www.copealcoy.es\/es\/wp-json\/wp\/v2\/users\/1"}],"replies":[{"embeddable":true,"href":"https:\/\/www.copealcoy.es\/es\/wp-json\/wp\/v2\/comments?post=145301"}],"version-history":[{"count":0,"href":"https:\/\/www.copealcoy.es\/es\/wp-json\/wp\/v2\/posts\/145301\/revisions"}],"wp:featuredmedia":[{"embeddable":true,"href":"https:\/\/www.copealcoy.es\/es\/wp-json\/wp\/v2\/media\/110612"}],"wp:attachment":[{"href":"https:\/\/www.copealcoy.es\/es\/wp-json\/wp\/v2\/media?parent=145301"}],"wp:term":[{"taxonomy":"category","embeddable":true,"href":"https:\/\/www.copealcoy.es\/es\/wp-json\/wp\/v2\/categories?post=145301"},{"taxonomy":"post_tag","embeddable":true,"href":"https:\/\/www.copealcoy.es\/es\/wp-json\/wp\/v2\/tags?post=145301"}],"curies":[{"name":"wp","href":"https:\/\/api.w.org\/{rel}","templated":true}]}}