{"id":145173,"date":"2024-12-31T00:32:15","date_gmt":"2024-12-30T23:32:15","guid":{"rendered":"https:\/\/www.copealcoy.es\/?p=145173"},"modified":"2025-01-11T23:58:44","modified_gmt":"2025-01-11T22:58:44","slug":"2024-el-ano-en-el-que-tuvimos-el-corazon-en-un-puno","status":"publish","type":"post","link":"https:\/\/www.copealcoy.es\/es\/2024-el-ano-en-el-que-tuvimos-el-corazon-en-un-puno\/","title":{"rendered":"2024, el a\u00f1o en el que tuvimos el coraz\u00f3n en un pu\u00f1o"},"content":{"rendered":"<audio class=\"wp-audio-shortcode\" id=\"audio-145173-1\" preload=\"none\" style=\"width: 100%;\" controls=\"controls\"><source type=\"audio\/mpeg\" src=\"https:\/\/www.copealcoy.es\/wp-content\/uploads\/2024\/12\/Resumen-2024.mp3?_=1\" \/><a href=\"https:\/\/www.copealcoy.es\/wp-content\/uploads\/2024\/12\/Resumen-2024.mp3\">https:\/\/www.copealcoy.es\/wp-content\/uploads\/2024\/12\/Resumen-2024.mp3<\/a><\/audio>\n<p>&nbsp;<\/p>\n<p style=\"text-align: justify;\">Al 2024 <strong>le quedan pocas horas<\/strong> y <strong>llega el momento de hacer<\/strong> balance de un a\u00f1o bisiesto cuyas 366 jornadas han estado marcadas por una intensa actualidad. Hemos mirado con recelo al nuevo contexto global y a los retos que nos plantean las nuevas tecnolog\u00edas, con la Inteligencia Artificial cada vez m\u00e1s presente en nuestras vidas, pero tambi\u00e9n <strong>nos han tocado de cerca tragedias<\/strong> que han te\u00f1ido de luto el conjunto de la tierra valenciana. Y es que este 2024 empez\u00f3 con <strong>el grave incendio en un edificio del barrio de Campanar de la capital del Turia<\/strong>, en febrero, y termina con <strong>las consecuencias de la terrible riada<\/strong> que arras\u00f3 buena parte de la provincia de Valencia el pasado 29 de octubre.<\/p>\n<p style=\"text-align: justify;\">En <strong>Alcoy<\/strong> han sido noticia los avances que se van dando para buscar una soluci\u00f3n a la falta de suelo industrial que sufre la ciudad y los primeros pasos del Parque Tecnol\u00f3gico Urbano de Rodes, iniciativa que ya comienza a ser una realidad. Hemos sido testigos de la puesta en marcha de la Ciudad Polit\u00e9cnica de la Innovaci\u00f3n, gracias al empe\u00f1o del Campus de la UPV, y el Alcoyano ha copado la actualidad despu\u00e9s de que a finales de primavera el propietario del Club manifestase la intenci\u00f3n de que la entidad abandonara la ciudad ante la falta de apoyo que a su juicio tiene la entidad en la capital de l&#8217;Alcoi\u00e0. Finalmente, y tras muchas acciones para evitar la marcha, se dio un paso atr\u00e1s en la decisi\u00f3n y el Alcoyano sigue en su ciudad de origen. La Festa tambi\u00e9n ha tenido protagonismo, con unos brillantes Moros y Cristianos en abril, pero tambi\u00e9n con los cambios aprobados en enero por la Asamblea de la Asociaci\u00f3n de San Jorge que abr\u00edan la puerta a escuadras mixtas o a que las mujeres hagan cargo. Y ser\u00e1 en 2025 cuando veamos por las calles de Alcoy a Ana Gisbert Mira-Perceval, de la Fil\u00e0 Marrakesch, como primera mujer en ostentar el cargo de Alf\u00e9rez Moro en una demostraci\u00f3n de que la plena integraci\u00f3n ha llegado a la Nostra Festa tras un largo camino recorrido.<\/p>\n<p style=\"text-align: justify;\">2024 nos deja de nuevo incendios forestales, como el que a finales de julio calcin\u00f3 m\u00e1s de 270 hect\u00e1reas, afectando a poblaciones como Pen\u00e0guila. Un a\u00f1o en el que<strong> las comarcas de l&#8217;Alcoi\u00e0 y el Comtat<\/strong> se volcaron al m\u00e1ximo para ayudar a las poblaciones de la provincia de Valencia afectadas por la DANA en una ola solidaria sin precedentes canalizada desde los Ayuntamientos de cada localidad, con el respaldo de empresas privadas, e instituciones como el Campus de Alcoy de la UPV o la Mancomunitat del Xarpolar.<\/p>\n<p style=\"text-align: justify;\">Son algunas pinceladas de un a\u00f1o que nos ha tenido en vilo,<strong> con el coraz\u00f3n en un pu\u00f1o<\/strong>, y que llega ahora a su fin. En 2025 seguiremos contando noticias, seguramente algunas buenas. Desde <strong><a href=\"https:\/\/www.facebook.com\/copealcoy\/\" target=\"_blank\" rel=\"noopener\"><span style=\"color: #0000ff;\">COPE ALCOY<\/span> <\/a><\/strong>os deseamos <strong>\u00a1FELIZ A\u00d1O NUEVO!<\/strong>.<\/p>\n","protected":false},"excerpt":{"rendered":"<p>&nbsp; Al 2024 le quedan pocas horas y llega el momento de hacer balance de un a\u00f1o bisiesto cuyas 366&#8230;<\/p>\n","protected":false},"author":1,"featured_media":145174,"comment_status":"open","ping_status":"open","sticky":false,"template":"","format":"standard","meta":{"footnotes":""},"categories":[6909,75,125],"tags":[12752,482,1494,280,430,237],"class_list":["post-145173","post","type-post","status-publish","format-standard","has-post-thumbnail","hentry","category-actualidad","category-noticias","category-portada","tag-12752","tag-alcoia","tag-alcoy","tag-ano","tag-balance","tag-comtat"],"yoast_head":"<!-- This site is optimized with the Yoast SEO plugin v27.3 - https:\/\/yoast.com\/product\/yoast-seo-wordpress\/ -->\n<title>2024, el a\u00f1o en el que tuvimos el coraz\u00f3n en un pu\u00f1o - COPE Alcoy<\/title>\n<meta name=\"robots\" content=\"index, follow, max-snippet:-1, max-image-preview:large, max-video-preview:-1\" \/>\n<link rel=\"canonical\" href=\"https:\/\/www.copealcoy.es\/es\/2024-el-ano-en-el-que-tuvimos-el-corazon-en-un-puno\/\" \/>\n<meta property=\"og:locale\" content=\"es_ES\" \/>\n<meta property=\"og:type\" content=\"article\" \/>\n<meta property=\"og:title\" content=\"2024, el a\u00f1o en el que tuvimos el coraz\u00f3n en un pu\u00f1o - COPE Alcoy\" \/>\n<meta property=\"og:description\" content=\"&nbsp; Al 2024 le quedan pocas horas y llega el momento de hacer balance de un a\u00f1o bisiesto cuyas 366...\" \/>\n<meta property=\"og:url\" content=\"https:\/\/www.copealcoy.es\/es\/2024-el-ano-en-el-que-tuvimos-el-corazon-en-un-puno\/\" \/>\n<meta property=\"og:site_name\" content=\"COPE Alcoy\" \/>\n<meta property=\"article:published_time\" content=\"2024-12-30T23:32:15+00:00\" \/>\n<meta property=\"article:modified_time\" content=\"2025-01-11T22:58:44+00:00\" \/>\n<meta property=\"og:image\" content=\"https:\/\/www.copealcoy.es\/wp-content\/uploads\/2024\/12\/unnamed-1-32.jpg\" \/>\n\t<meta property=\"og:image:width\" content=\"1920\" \/>\n\t<meta property=\"og:image:height\" content=\"1080\" \/>\n\t<meta property=\"og:image:type\" content=\"image\/jpeg\" \/>\n<meta name=\"author\" content=\"Cope Alcoy\" \/>\n<meta name=\"twitter:label1\" content=\"Escrito por\" \/>\n\t<meta name=\"twitter:data1\" content=\"Cope Alcoy\" \/>\n\t<meta name=\"twitter:label2\" content=\"Tiempo de lectura\" \/>\n\t<meta name=\"twitter:data2\" content=\"3 minutos\" \/>\n<script type=\"application\/ld+json\" class=\"yoast-schema-graph\">{\"@context\":\"https:\\\/\\\/schema.org\",\"@graph\":[{\"@type\":\"Article\",\"@id\":\"https:\\\/\\\/www.copealcoy.es\\\/es\\\/2024-el-ano-en-el-que-tuvimos-el-corazon-en-un-puno\\\/#article\",\"isPartOf\":{\"@id\":\"https:\\\/\\\/www.copealcoy.es\\\/es\\\/2024-el-ano-en-el-que-tuvimos-el-corazon-en-un-puno\\\/\"},\"author\":{\"name\":\"Cope Alcoy\",\"@id\":\"https:\\\/\\\/www.copealcoy.es\\\/es\\\/#\\\/schema\\\/person\\\/e777c87fa024e57d40170af9df39882c\"},\"headline\":\"2024, el a\u00f1o en el que tuvimos el coraz\u00f3n en un pu\u00f1o\",\"datePublished\":\"2024-12-30T23:32:15+00:00\",\"dateModified\":\"2025-01-11T22:58:44+00:00\",\"mainEntityOfPage\":{\"@id\":\"https:\\\/\\\/www.copealcoy.es\\\/es\\\/2024-el-ano-en-el-que-tuvimos-el-corazon-en-un-puno\\\/\"},\"wordCount\":531,\"commentCount\":0,\"image\":{\"@id\":\"https:\\\/\\\/www.copealcoy.es\\\/es\\\/2024-el-ano-en-el-que-tuvimos-el-corazon-en-un-puno\\\/#primaryimage\"},\"thumbnailUrl\":\"https:\\\/\\\/www.copealcoy.es\\\/wp-content\\\/uploads\\\/2024\\\/12\\\/unnamed-1-32.jpg\",\"keywords\":[\"2024\",\"Alcoi\u00e0\",\"Alcoy\",\"a\u00f1o\",\"Balance\",\"Comtat\"],\"articleSection\":[\"Actualidad\",\"Noticias\",\"Portada\"],\"inLanguage\":\"es\"},{\"@type\":\"WebPage\",\"@id\":\"https:\\\/\\\/www.copealcoy.es\\\/es\\\/2024-el-ano-en-el-que-tuvimos-el-corazon-en-un-puno\\\/\",\"url\":\"https:\\\/\\\/www.copealcoy.es\\\/es\\\/2024-el-ano-en-el-que-tuvimos-el-corazon-en-un-puno\\\/\",\"name\":\"2024, el a\u00f1o en el que tuvimos el coraz\u00f3n en un pu\u00f1o - COPE Alcoy\",\"isPartOf\":{\"@id\":\"https:\\\/\\\/www.copealcoy.es\\\/es\\\/#website\"},\"primaryImageOfPage\":{\"@id\":\"https:\\\/\\\/www.copealcoy.es\\\/es\\\/2024-el-ano-en-el-que-tuvimos-el-corazon-en-un-puno\\\/#primaryimage\"},\"image\":{\"@id\":\"https:\\\/\\\/www.copealcoy.es\\\/es\\\/2024-el-ano-en-el-que-tuvimos-el-corazon-en-un-puno\\\/#primaryimage\"},\"thumbnailUrl\":\"https:\\\/\\\/www.copealcoy.es\\\/wp-content\\\/uploads\\\/2024\\\/12\\\/unnamed-1-32.jpg\",\"datePublished\":\"2024-12-30T23:32:15+00:00\",\"dateModified\":\"2025-01-11T22:58:44+00:00\",\"author\":{\"@id\":\"https:\\\/\\\/www.copealcoy.es\\\/es\\\/#\\\/schema\\\/person\\\/e777c87fa024e57d40170af9df39882c\"},\"breadcrumb\":{\"@id\":\"https:\\\/\\\/www.copealcoy.es\\\/es\\\/2024-el-ano-en-el-que-tuvimos-el-corazon-en-un-puno\\\/#breadcrumb\"},\"inLanguage\":\"es\",\"potentialAction\":[{\"@type\":\"ReadAction\",\"target\":[\"https:\\\/\\\/www.copealcoy.es\\\/es\\\/2024-el-ano-en-el-que-tuvimos-el-corazon-en-un-puno\\\/\"]}]},{\"@type\":\"ImageObject\",\"inLanguage\":\"es\",\"@id\":\"https:\\\/\\\/www.copealcoy.es\\\/es\\\/2024-el-ano-en-el-que-tuvimos-el-corazon-en-un-puno\\\/#primaryimage\",\"url\":\"https:\\\/\\\/www.copealcoy.es\\\/wp-content\\\/uploads\\\/2024\\\/12\\\/unnamed-1-32.jpg\",\"contentUrl\":\"https:\\\/\\\/www.copealcoy.es\\\/wp-content\\\/uploads\\\/2024\\\/12\\\/unnamed-1-32.jpg\",\"width\":1920,\"height\":1080},{\"@type\":\"BreadcrumbList\",\"@id\":\"https:\\\/\\\/www.copealcoy.es\\\/es\\\/2024-el-ano-en-el-que-tuvimos-el-corazon-en-un-puno\\\/#breadcrumb\",\"itemListElement\":[{\"@type\":\"ListItem\",\"position\":1,\"name\":\"Portada\",\"item\":\"https:\\\/\\\/www.copealcoy.es\\\/es\\\/\"},{\"@type\":\"ListItem\",\"position\":2,\"name\":\"2024, el a\u00f1o en el que tuvimos el coraz\u00f3n en un pu\u00f1o\"}]},{\"@type\":\"WebSite\",\"@id\":\"https:\\\/\\\/www.copealcoy.es\\\/es\\\/#website\",\"url\":\"https:\\\/\\\/www.copealcoy.es\\\/es\\\/\",\"name\":\"COPE Alcoy\",\"description\":\"Emisora COPE de radio local con emisi\u00f3n online. Pont de Sant Jordi 8-10 03803 Alcoy\",\"potentialAction\":[{\"@type\":\"SearchAction\",\"target\":{\"@type\":\"EntryPoint\",\"urlTemplate\":\"https:\\\/\\\/www.copealcoy.es\\\/es\\\/?s={search_term_string}\"},\"query-input\":{\"@type\":\"PropertyValueSpecification\",\"valueRequired\":true,\"valueName\":\"search_term_string\"}}],\"inLanguage\":\"es\"},{\"@type\":\"Person\",\"@id\":\"https:\\\/\\\/www.copealcoy.es\\\/es\\\/#\\\/schema\\\/person\\\/e777c87fa024e57d40170af9df39882c\",\"name\":\"Cope Alcoy\",\"image\":{\"@type\":\"ImageObject\",\"inLanguage\":\"es\",\"@id\":\"https:\\\/\\\/secure.gravatar.com\\\/avatar\\\/bb65d0283347e303893ba14f0692005417c1e0e690a325a4c5d8bb2b3943ee14?s=96&d=mm&r=g\",\"url\":\"https:\\\/\\\/secure.gravatar.com\\\/avatar\\\/bb65d0283347e303893ba14f0692005417c1e0e690a325a4c5d8bb2b3943ee14?s=96&d=mm&r=g\",\"contentUrl\":\"https:\\\/\\\/secure.gravatar.com\\\/avatar\\\/bb65d0283347e303893ba14f0692005417c1e0e690a325a4c5d8bb2b3943ee14?s=96&d=mm&r=g\",\"caption\":\"Cope Alcoy\"}}]}<\/script>\n<!-- \/ Yoast SEO plugin. -->","yoast_head_json":{"title":"2024, el a\u00f1o en el que tuvimos el coraz\u00f3n en un pu\u00f1o - COPE Alcoy","robots":{"index":"index","follow":"follow","max-snippet":"max-snippet:-1","max-image-preview":"max-image-preview:large","max-video-preview":"max-video-preview:-1"},"canonical":"https:\/\/www.copealcoy.es\/es\/2024-el-ano-en-el-que-tuvimos-el-corazon-en-un-puno\/","og_locale":"es_ES","og_type":"article","og_title":"2024, el a\u00f1o en el que tuvimos el coraz\u00f3n en un pu\u00f1o - COPE Alcoy","og_description":"&nbsp; Al 2024 le quedan pocas horas y llega el momento de hacer balance de un a\u00f1o bisiesto cuyas 366...","og_url":"https:\/\/www.copealcoy.es\/es\/2024-el-ano-en-el-que-tuvimos-el-corazon-en-un-puno\/","og_site_name":"COPE Alcoy","article_published_time":"2024-12-30T23:32:15+00:00","article_modified_time":"2025-01-11T22:58:44+00:00","og_image":[{"width":1920,"height":1080,"url":"https:\/\/www.copealcoy.es\/wp-content\/uploads\/2024\/12\/unnamed-1-32.jpg","type":"image\/jpeg"}],"author":"Cope Alcoy","twitter_misc":{"Escrito por":"Cope Alcoy","Tiempo de lectura":"3 minutos"},"schema":{"@context":"https:\/\/schema.org","@graph":[{"@type":"Article","@id":"https:\/\/www.copealcoy.es\/es\/2024-el-ano-en-el-que-tuvimos-el-corazon-en-un-puno\/#article","isPartOf":{"@id":"https:\/\/www.copealcoy.es\/es\/2024-el-ano-en-el-que-tuvimos-el-corazon-en-un-puno\/"},"author":{"name":"Cope Alcoy","@id":"https:\/\/www.copealcoy.es\/es\/#\/schema\/person\/e777c87fa024e57d40170af9df39882c"},"headline":"2024, el a\u00f1o en el que tuvimos el coraz\u00f3n en un pu\u00f1o","datePublished":"2024-12-30T23:32:15+00:00","dateModified":"2025-01-11T22:58:44+00:00","mainEntityOfPage":{"@id":"https:\/\/www.copealcoy.es\/es\/2024-el-ano-en-el-que-tuvimos-el-corazon-en-un-puno\/"},"wordCount":531,"commentCount":0,"image":{"@id":"https:\/\/www.copealcoy.es\/es\/2024-el-ano-en-el-que-tuvimos-el-corazon-en-un-puno\/#primaryimage"},"thumbnailUrl":"https:\/\/www.copealcoy.es\/wp-content\/uploads\/2024\/12\/unnamed-1-32.jpg","keywords":["2024","Alcoi\u00e0","Alcoy","a\u00f1o","Balance","Comtat"],"articleSection":["Actualidad","Noticias","Portada"],"inLanguage":"es"},{"@type":"WebPage","@id":"https:\/\/www.copealcoy.es\/es\/2024-el-ano-en-el-que-tuvimos-el-corazon-en-un-puno\/","url":"https:\/\/www.copealcoy.es\/es\/2024-el-ano-en-el-que-tuvimos-el-corazon-en-un-puno\/","name":"2024, el a\u00f1o en el que tuvimos el coraz\u00f3n en un pu\u00f1o - COPE Alcoy","isPartOf":{"@id":"https:\/\/www.copealcoy.es\/es\/#website"},"primaryImageOfPage":{"@id":"https:\/\/www.copealcoy.es\/es\/2024-el-ano-en-el-que-tuvimos-el-corazon-en-un-puno\/#primaryimage"},"image":{"@id":"https:\/\/www.copealcoy.es\/es\/2024-el-ano-en-el-que-tuvimos-el-corazon-en-un-puno\/#primaryimage"},"thumbnailUrl":"https:\/\/www.copealcoy.es\/wp-content\/uploads\/2024\/12\/unnamed-1-32.jpg","datePublished":"2024-12-30T23:32:15+00:00","dateModified":"2025-01-11T22:58:44+00:00","author":{"@id":"https:\/\/www.copealcoy.es\/es\/#\/schema\/person\/e777c87fa024e57d40170af9df39882c"},"breadcrumb":{"@id":"https:\/\/www.copealcoy.es\/es\/2024-el-ano-en-el-que-tuvimos-el-corazon-en-un-puno\/#breadcrumb"},"inLanguage":"es","potentialAction":[{"@type":"ReadAction","target":["https:\/\/www.copealcoy.es\/es\/2024-el-ano-en-el-que-tuvimos-el-corazon-en-un-puno\/"]}]},{"@type":"ImageObject","inLanguage":"es","@id":"https:\/\/www.copealcoy.es\/es\/2024-el-ano-en-el-que-tuvimos-el-corazon-en-un-puno\/#primaryimage","url":"https:\/\/www.copealcoy.es\/wp-content\/uploads\/2024\/12\/unnamed-1-32.jpg","contentUrl":"https:\/\/www.copealcoy.es\/wp-content\/uploads\/2024\/12\/unnamed-1-32.jpg","width":1920,"height":1080},{"@type":"BreadcrumbList","@id":"https:\/\/www.copealcoy.es\/es\/2024-el-ano-en-el-que-tuvimos-el-corazon-en-un-puno\/#breadcrumb","itemListElement":[{"@type":"ListItem","position":1,"name":"Portada","item":"https:\/\/www.copealcoy.es\/es\/"},{"@type":"ListItem","position":2,"name":"2024, el a\u00f1o en el que tuvimos el coraz\u00f3n en un pu\u00f1o"}]},{"@type":"WebSite","@id":"https:\/\/www.copealcoy.es\/es\/#website","url":"https:\/\/www.copealcoy.es\/es\/","name":"COPE Alcoy","description":"Emisora COPE de radio local con emisi\u00f3n online. Pont de Sant Jordi 8-10 03803 Alcoy","potentialAction":[{"@type":"SearchAction","target":{"@type":"EntryPoint","urlTemplate":"https:\/\/www.copealcoy.es\/es\/?s={search_term_string}"},"query-input":{"@type":"PropertyValueSpecification","valueRequired":true,"valueName":"search_term_string"}}],"inLanguage":"es"},{"@type":"Person","@id":"https:\/\/www.copealcoy.es\/es\/#\/schema\/person\/e777c87fa024e57d40170af9df39882c","name":"Cope Alcoy","image":{"@type":"ImageObject","inLanguage":"es","@id":"https:\/\/secure.gravatar.com\/avatar\/bb65d0283347e303893ba14f0692005417c1e0e690a325a4c5d8bb2b3943ee14?s=96&d=mm&r=g","url":"https:\/\/secure.gravatar.com\/avatar\/bb65d0283347e303893ba14f0692005417c1e0e690a325a4c5d8bb2b3943ee14?s=96&d=mm&r=g","contentUrl":"https:\/\/secure.gravatar.com\/avatar\/bb65d0283347e303893ba14f0692005417c1e0e690a325a4c5d8bb2b3943ee14?s=96&d=mm&r=g","caption":"Cope Alcoy"}}]}},"_links":{"self":[{"href":"https:\/\/www.copealcoy.es\/es\/wp-json\/wp\/v2\/posts\/145173","targetHints":{"allow":["GET"]}}],"collection":[{"href":"https:\/\/www.copealcoy.es\/es\/wp-json\/wp\/v2\/posts"}],"about":[{"href":"https:\/\/www.copealcoy.es\/es\/wp-json\/wp\/v2\/types\/post"}],"author":[{"embeddable":true,"href":"https:\/\/www.copealcoy.es\/es\/wp-json\/wp\/v2\/users\/1"}],"replies":[{"embeddable":true,"href":"https:\/\/www.copealcoy.es\/es\/wp-json\/wp\/v2\/comments?post=145173"}],"version-history":[{"count":0,"href":"https:\/\/www.copealcoy.es\/es\/wp-json\/wp\/v2\/posts\/145173\/revisions"}],"wp:featuredmedia":[{"embeddable":true,"href":"https:\/\/www.copealcoy.es\/es\/wp-json\/wp\/v2\/media\/145174"}],"wp:attachment":[{"href":"https:\/\/www.copealcoy.es\/es\/wp-json\/wp\/v2\/media?parent=145173"}],"wp:term":[{"taxonomy":"category","embeddable":true,"href":"https:\/\/www.copealcoy.es\/es\/wp-json\/wp\/v2\/categories?post=145173"},{"taxonomy":"post_tag","embeddable":true,"href":"https:\/\/www.copealcoy.es\/es\/wp-json\/wp\/v2\/tags?post=145173"}],"curies":[{"name":"wp","href":"https:\/\/api.w.org\/{rel}","templated":true}]}}