{"id":14504,"date":"2015-07-17T18:02:56","date_gmt":"2015-07-17T18:02:56","guid":{"rendered":"http:\/\/copealcoi.es\/new\/?p=14504"},"modified":"2015-07-17T18:02:56","modified_gmt":"2015-07-17T18:02:56","slug":"comercio-y-urbanismo-plantearan-una-ordenanza-adaptada-a-los-locales-comerciales-del-centro","status":"publish","type":"post","link":"https:\/\/www.copealcoy.es\/es\/comercio-y-urbanismo-plantearan-una-ordenanza-adaptada-a-los-locales-comerciales-del-centro\/","title":{"rendered":"Comercio y Urbanismo plantearan una ordenanza adaptada a los locales comerciales del centro"},"content":{"rendered":"<p>El gobierno municipal trabajar\u00e1 en una nueva ordenanza adaptada a los locales comerciales del centro de Alcoy. Lo ha dicho Vanesa Molt\u00f3, edil de comercio en el Ayuntamiento de Alcoy, en La Ma\u00f1ana en Alcoy donde coment\u00f3 adem\u00e1s que se trabajar\u00e1 en esta nueva ordenanza junto con la concejal\u00eda de Urbanismo de la que es titular Manolo Gomicia.<\/p>\n<p>Seg\u00fan la edil, se pretende con ello dar facilidades a todos aquellos que quieren abrir un negocio en el casco hist\u00f3rico de Alcoy porque dice que &#8221; estas normativas vienen reguladas por el propio gobierno auton\u00f3mico y sabemos que esta ley es muy estricta y por eso vamos a empezar a trabajar en nueva ordenanza que puede adaptarse a los locales comerciales de Alcoy, que c\u00f3mo ya sabemos presentan deficiencias y muchos no pueden cumplir la normativa por su idiosincrasia&#8221;. Vanesa Molt\u00f3 afirma que &#8220;nosotros creemos que el centro de Alcoy tiene mucho potencial al que hay que apoyar y potenciar&#8221;.<\/p>\n<p>&nbsp;<\/p>\n<p>&nbsp;<\/p>\n","protected":false},"excerpt":{"rendered":"<p>El gobierno municipal trabajar\u00e1 en una nueva ordenanza adaptada a los locales comerciales del centro de Alcoy. Lo ha dicho&#8230;<\/p>\n","protected":false},"author":1,"featured_media":14505,"comment_status":"open","ping_status":"open","sticky":false,"template":"","format":"standard","meta":{"footnotes":""},"categories":[97,75,125],"tags":[1494,295,467],"class_list":["post-14504","post","type-post","status-publish","format-standard","has-post-thumbnail","hentry","category-alcoy","category-noticias","category-portada","tag-alcoy","tag-centro","tag-comercio"],"yoast_head":"<!-- This site is optimized with the Yoast SEO plugin v27.3 - https:\/\/yoast.com\/product\/yoast-seo-wordpress\/ -->\n<title>Comercio y Urbanismo plantearan una ordenanza adaptada a los locales comerciales del centro - COPE Alcoy<\/title>\n<meta name=\"robots\" content=\"index, follow, max-snippet:-1, max-image-preview:large, max-video-preview:-1\" \/>\n<link rel=\"canonical\" href=\"https:\/\/www.copealcoy.es\/es\/comercio-y-urbanismo-plantearan-una-ordenanza-adaptada-a-los-locales-comerciales-del-centro\/\" \/>\n<meta property=\"og:locale\" content=\"es_ES\" \/>\n<meta property=\"og:type\" content=\"article\" \/>\n<meta property=\"og:title\" content=\"Comercio y Urbanismo plantearan una ordenanza adaptada a los locales comerciales del centro - COPE Alcoy\" \/>\n<meta property=\"og:description\" content=\"El gobierno municipal trabajar\u00e1 en una nueva ordenanza adaptada a los locales comerciales del centro de Alcoy. Lo ha dicho...\" \/>\n<meta property=\"og:url\" content=\"https:\/\/www.copealcoy.es\/es\/comercio-y-urbanismo-plantearan-una-ordenanza-adaptada-a-los-locales-comerciales-del-centro\/\" \/>\n<meta property=\"og:site_name\" content=\"COPE Alcoy\" \/>\n<meta property=\"article:published_time\" content=\"2015-07-17T18:02:56+00:00\" \/>\n<meta property=\"og:image\" content=\"https:\/\/www.copealcoy.es\/wp-content\/uploads\/2015\/07\/calle-san-lorenzo.jpg\" \/>\n\t<meta property=\"og:image:width\" content=\"1024\" \/>\n\t<meta property=\"og:image:height\" content=\"451\" \/>\n\t<meta property=\"og:image:type\" content=\"image\/jpeg\" \/>\n<meta name=\"author\" content=\"Cope Alcoy\" \/>\n<meta name=\"twitter:label1\" content=\"Escrito por\" \/>\n\t<meta name=\"twitter:data1\" content=\"Cope Alcoy\" \/>\n\t<meta name=\"twitter:label2\" content=\"Tiempo de lectura\" \/>\n\t<meta name=\"twitter:data2\" content=\"1 minuto\" \/>\n<script type=\"application\/ld+json\" class=\"yoast-schema-graph\">{\"@context\":\"https:\\\/\\\/schema.org\",\"@graph\":[{\"@type\":\"Article\",\"@id\":\"https:\\\/\\\/www.copealcoy.es\\\/es\\\/comercio-y-urbanismo-plantearan-una-ordenanza-adaptada-a-los-locales-comerciales-del-centro\\\/#article\",\"isPartOf\":{\"@id\":\"https:\\\/\\\/www.copealcoy.es\\\/es\\\/comercio-y-urbanismo-plantearan-una-ordenanza-adaptada-a-los-locales-comerciales-del-centro\\\/\"},\"author\":{\"name\":\"Cope Alcoy\",\"@id\":\"https:\\\/\\\/www.copealcoy.es\\\/es\\\/#\\\/schema\\\/person\\\/e777c87fa024e57d40170af9df39882c\"},\"headline\":\"Comercio y Urbanismo plantearan una ordenanza adaptada a los locales comerciales del centro\",\"datePublished\":\"2015-07-17T18:02:56+00:00\",\"mainEntityOfPage\":{\"@id\":\"https:\\\/\\\/www.copealcoy.es\\\/es\\\/comercio-y-urbanismo-plantearan-una-ordenanza-adaptada-a-los-locales-comerciales-del-centro\\\/\"},\"wordCount\":180,\"commentCount\":0,\"image\":{\"@id\":\"https:\\\/\\\/www.copealcoy.es\\\/es\\\/comercio-y-urbanismo-plantearan-una-ordenanza-adaptada-a-los-locales-comerciales-del-centro\\\/#primaryimage\"},\"thumbnailUrl\":\"https:\\\/\\\/www.copealcoy.es\\\/wp-content\\\/uploads\\\/2015\\\/07\\\/calle-san-lorenzo.jpg\",\"keywords\":[\"Alcoy\",\"Centro\",\"Comercio\"],\"articleSection\":[\"Alcoy\",\"Noticias\",\"Portada\"],\"inLanguage\":\"es\"},{\"@type\":\"WebPage\",\"@id\":\"https:\\\/\\\/www.copealcoy.es\\\/es\\\/comercio-y-urbanismo-plantearan-una-ordenanza-adaptada-a-los-locales-comerciales-del-centro\\\/\",\"url\":\"https:\\\/\\\/www.copealcoy.es\\\/es\\\/comercio-y-urbanismo-plantearan-una-ordenanza-adaptada-a-los-locales-comerciales-del-centro\\\/\",\"name\":\"Comercio y Urbanismo plantearan una ordenanza adaptada a los locales comerciales del centro - COPE Alcoy\",\"isPartOf\":{\"@id\":\"https:\\\/\\\/www.copealcoy.es\\\/es\\\/#website\"},\"primaryImageOfPage\":{\"@id\":\"https:\\\/\\\/www.copealcoy.es\\\/es\\\/comercio-y-urbanismo-plantearan-una-ordenanza-adaptada-a-los-locales-comerciales-del-centro\\\/#primaryimage\"},\"image\":{\"@id\":\"https:\\\/\\\/www.copealcoy.es\\\/es\\\/comercio-y-urbanismo-plantearan-una-ordenanza-adaptada-a-los-locales-comerciales-del-centro\\\/#primaryimage\"},\"thumbnailUrl\":\"https:\\\/\\\/www.copealcoy.es\\\/wp-content\\\/uploads\\\/2015\\\/07\\\/calle-san-lorenzo.jpg\",\"datePublished\":\"2015-07-17T18:02:56+00:00\",\"author\":{\"@id\":\"https:\\\/\\\/www.copealcoy.es\\\/es\\\/#\\\/schema\\\/person\\\/e777c87fa024e57d40170af9df39882c\"},\"breadcrumb\":{\"@id\":\"https:\\\/\\\/www.copealcoy.es\\\/es\\\/comercio-y-urbanismo-plantearan-una-ordenanza-adaptada-a-los-locales-comerciales-del-centro\\\/#breadcrumb\"},\"inLanguage\":\"es\",\"potentialAction\":[{\"@type\":\"ReadAction\",\"target\":[\"https:\\\/\\\/www.copealcoy.es\\\/es\\\/comercio-y-urbanismo-plantearan-una-ordenanza-adaptada-a-los-locales-comerciales-del-centro\\\/\"]}]},{\"@type\":\"ImageObject\",\"inLanguage\":\"es\",\"@id\":\"https:\\\/\\\/www.copealcoy.es\\\/es\\\/comercio-y-urbanismo-plantearan-una-ordenanza-adaptada-a-los-locales-comerciales-del-centro\\\/#primaryimage\",\"url\":\"https:\\\/\\\/www.copealcoy.es\\\/wp-content\\\/uploads\\\/2015\\\/07\\\/calle-san-lorenzo.jpg\",\"contentUrl\":\"https:\\\/\\\/www.copealcoy.es\\\/wp-content\\\/uploads\\\/2015\\\/07\\\/calle-san-lorenzo.jpg\",\"width\":1024,\"height\":451},{\"@type\":\"BreadcrumbList\",\"@id\":\"https:\\\/\\\/www.copealcoy.es\\\/es\\\/comercio-y-urbanismo-plantearan-una-ordenanza-adaptada-a-los-locales-comerciales-del-centro\\\/#breadcrumb\",\"itemListElement\":[{\"@type\":\"ListItem\",\"position\":1,\"name\":\"Portada\",\"item\":\"https:\\\/\\\/www.copealcoy.es\\\/es\\\/\"},{\"@type\":\"ListItem\",\"position\":2,\"name\":\"Comercio y Urbanismo plantearan una ordenanza adaptada a los locales comerciales del centro\"}]},{\"@type\":\"WebSite\",\"@id\":\"https:\\\/\\\/www.copealcoy.es\\\/es\\\/#website\",\"url\":\"https:\\\/\\\/www.copealcoy.es\\\/es\\\/\",\"name\":\"COPE Alcoy\",\"description\":\"Emisora COPE de radio local con emisi\u00f3n online. Pont de Sant Jordi 8-10 03803 Alcoy\",\"potentialAction\":[{\"@type\":\"SearchAction\",\"target\":{\"@type\":\"EntryPoint\",\"urlTemplate\":\"https:\\\/\\\/www.copealcoy.es\\\/es\\\/?s={search_term_string}\"},\"query-input\":{\"@type\":\"PropertyValueSpecification\",\"valueRequired\":true,\"valueName\":\"search_term_string\"}}],\"inLanguage\":\"es\"},{\"@type\":\"Person\",\"@id\":\"https:\\\/\\\/www.copealcoy.es\\\/es\\\/#\\\/schema\\\/person\\\/e777c87fa024e57d40170af9df39882c\",\"name\":\"Cope Alcoy\",\"image\":{\"@type\":\"ImageObject\",\"inLanguage\":\"es\",\"@id\":\"https:\\\/\\\/secure.gravatar.com\\\/avatar\\\/bb65d0283347e303893ba14f0692005417c1e0e690a325a4c5d8bb2b3943ee14?s=96&d=mm&r=g\",\"url\":\"https:\\\/\\\/secure.gravatar.com\\\/avatar\\\/bb65d0283347e303893ba14f0692005417c1e0e690a325a4c5d8bb2b3943ee14?s=96&d=mm&r=g\",\"contentUrl\":\"https:\\\/\\\/secure.gravatar.com\\\/avatar\\\/bb65d0283347e303893ba14f0692005417c1e0e690a325a4c5d8bb2b3943ee14?s=96&d=mm&r=g\",\"caption\":\"Cope Alcoy\"}}]}<\/script>\n<!-- \/ Yoast SEO plugin. -->","yoast_head_json":{"title":"Comercio y Urbanismo plantearan una ordenanza adaptada a los locales comerciales del centro - COPE Alcoy","robots":{"index":"index","follow":"follow","max-snippet":"max-snippet:-1","max-image-preview":"max-image-preview:large","max-video-preview":"max-video-preview:-1"},"canonical":"https:\/\/www.copealcoy.es\/es\/comercio-y-urbanismo-plantearan-una-ordenanza-adaptada-a-los-locales-comerciales-del-centro\/","og_locale":"es_ES","og_type":"article","og_title":"Comercio y Urbanismo plantearan una ordenanza adaptada a los locales comerciales del centro - COPE Alcoy","og_description":"El gobierno municipal trabajar\u00e1 en una nueva ordenanza adaptada a los locales comerciales del centro de Alcoy. Lo ha dicho...","og_url":"https:\/\/www.copealcoy.es\/es\/comercio-y-urbanismo-plantearan-una-ordenanza-adaptada-a-los-locales-comerciales-del-centro\/","og_site_name":"COPE Alcoy","article_published_time":"2015-07-17T18:02:56+00:00","og_image":[{"width":1024,"height":451,"url":"https:\/\/www.copealcoy.es\/wp-content\/uploads\/2015\/07\/calle-san-lorenzo.jpg","type":"image\/jpeg"}],"author":"Cope Alcoy","twitter_misc":{"Escrito por":"Cope Alcoy","Tiempo de lectura":"1 minuto"},"schema":{"@context":"https:\/\/schema.org","@graph":[{"@type":"Article","@id":"https:\/\/www.copealcoy.es\/es\/comercio-y-urbanismo-plantearan-una-ordenanza-adaptada-a-los-locales-comerciales-del-centro\/#article","isPartOf":{"@id":"https:\/\/www.copealcoy.es\/es\/comercio-y-urbanismo-plantearan-una-ordenanza-adaptada-a-los-locales-comerciales-del-centro\/"},"author":{"name":"Cope Alcoy","@id":"https:\/\/www.copealcoy.es\/es\/#\/schema\/person\/e777c87fa024e57d40170af9df39882c"},"headline":"Comercio y Urbanismo plantearan una ordenanza adaptada a los locales comerciales del centro","datePublished":"2015-07-17T18:02:56+00:00","mainEntityOfPage":{"@id":"https:\/\/www.copealcoy.es\/es\/comercio-y-urbanismo-plantearan-una-ordenanza-adaptada-a-los-locales-comerciales-del-centro\/"},"wordCount":180,"commentCount":0,"image":{"@id":"https:\/\/www.copealcoy.es\/es\/comercio-y-urbanismo-plantearan-una-ordenanza-adaptada-a-los-locales-comerciales-del-centro\/#primaryimage"},"thumbnailUrl":"https:\/\/www.copealcoy.es\/wp-content\/uploads\/2015\/07\/calle-san-lorenzo.jpg","keywords":["Alcoy","Centro","Comercio"],"articleSection":["Alcoy","Noticias","Portada"],"inLanguage":"es"},{"@type":"WebPage","@id":"https:\/\/www.copealcoy.es\/es\/comercio-y-urbanismo-plantearan-una-ordenanza-adaptada-a-los-locales-comerciales-del-centro\/","url":"https:\/\/www.copealcoy.es\/es\/comercio-y-urbanismo-plantearan-una-ordenanza-adaptada-a-los-locales-comerciales-del-centro\/","name":"Comercio y Urbanismo plantearan una ordenanza adaptada a los locales comerciales del centro - COPE Alcoy","isPartOf":{"@id":"https:\/\/www.copealcoy.es\/es\/#website"},"primaryImageOfPage":{"@id":"https:\/\/www.copealcoy.es\/es\/comercio-y-urbanismo-plantearan-una-ordenanza-adaptada-a-los-locales-comerciales-del-centro\/#primaryimage"},"image":{"@id":"https:\/\/www.copealcoy.es\/es\/comercio-y-urbanismo-plantearan-una-ordenanza-adaptada-a-los-locales-comerciales-del-centro\/#primaryimage"},"thumbnailUrl":"https:\/\/www.copealcoy.es\/wp-content\/uploads\/2015\/07\/calle-san-lorenzo.jpg","datePublished":"2015-07-17T18:02:56+00:00","author":{"@id":"https:\/\/www.copealcoy.es\/es\/#\/schema\/person\/e777c87fa024e57d40170af9df39882c"},"breadcrumb":{"@id":"https:\/\/www.copealcoy.es\/es\/comercio-y-urbanismo-plantearan-una-ordenanza-adaptada-a-los-locales-comerciales-del-centro\/#breadcrumb"},"inLanguage":"es","potentialAction":[{"@type":"ReadAction","target":["https:\/\/www.copealcoy.es\/es\/comercio-y-urbanismo-plantearan-una-ordenanza-adaptada-a-los-locales-comerciales-del-centro\/"]}]},{"@type":"ImageObject","inLanguage":"es","@id":"https:\/\/www.copealcoy.es\/es\/comercio-y-urbanismo-plantearan-una-ordenanza-adaptada-a-los-locales-comerciales-del-centro\/#primaryimage","url":"https:\/\/www.copealcoy.es\/wp-content\/uploads\/2015\/07\/calle-san-lorenzo.jpg","contentUrl":"https:\/\/www.copealcoy.es\/wp-content\/uploads\/2015\/07\/calle-san-lorenzo.jpg","width":1024,"height":451},{"@type":"BreadcrumbList","@id":"https:\/\/www.copealcoy.es\/es\/comercio-y-urbanismo-plantearan-una-ordenanza-adaptada-a-los-locales-comerciales-del-centro\/#breadcrumb","itemListElement":[{"@type":"ListItem","position":1,"name":"Portada","item":"https:\/\/www.copealcoy.es\/es\/"},{"@type":"ListItem","position":2,"name":"Comercio y Urbanismo plantearan una ordenanza adaptada a los locales comerciales del centro"}]},{"@type":"WebSite","@id":"https:\/\/www.copealcoy.es\/es\/#website","url":"https:\/\/www.copealcoy.es\/es\/","name":"COPE Alcoy","description":"Emisora COPE de radio local con emisi\u00f3n online. Pont de Sant Jordi 8-10 03803 Alcoy","potentialAction":[{"@type":"SearchAction","target":{"@type":"EntryPoint","urlTemplate":"https:\/\/www.copealcoy.es\/es\/?s={search_term_string}"},"query-input":{"@type":"PropertyValueSpecification","valueRequired":true,"valueName":"search_term_string"}}],"inLanguage":"es"},{"@type":"Person","@id":"https:\/\/www.copealcoy.es\/es\/#\/schema\/person\/e777c87fa024e57d40170af9df39882c","name":"Cope Alcoy","image":{"@type":"ImageObject","inLanguage":"es","@id":"https:\/\/secure.gravatar.com\/avatar\/bb65d0283347e303893ba14f0692005417c1e0e690a325a4c5d8bb2b3943ee14?s=96&d=mm&r=g","url":"https:\/\/secure.gravatar.com\/avatar\/bb65d0283347e303893ba14f0692005417c1e0e690a325a4c5d8bb2b3943ee14?s=96&d=mm&r=g","contentUrl":"https:\/\/secure.gravatar.com\/avatar\/bb65d0283347e303893ba14f0692005417c1e0e690a325a4c5d8bb2b3943ee14?s=96&d=mm&r=g","caption":"Cope Alcoy"}}]}},"_links":{"self":[{"href":"https:\/\/www.copealcoy.es\/es\/wp-json\/wp\/v2\/posts\/14504","targetHints":{"allow":["GET"]}}],"collection":[{"href":"https:\/\/www.copealcoy.es\/es\/wp-json\/wp\/v2\/posts"}],"about":[{"href":"https:\/\/www.copealcoy.es\/es\/wp-json\/wp\/v2\/types\/post"}],"author":[{"embeddable":true,"href":"https:\/\/www.copealcoy.es\/es\/wp-json\/wp\/v2\/users\/1"}],"replies":[{"embeddable":true,"href":"https:\/\/www.copealcoy.es\/es\/wp-json\/wp\/v2\/comments?post=14504"}],"version-history":[{"count":0,"href":"https:\/\/www.copealcoy.es\/es\/wp-json\/wp\/v2\/posts\/14504\/revisions"}],"wp:featuredmedia":[{"embeddable":true,"href":"https:\/\/www.copealcoy.es\/es\/wp-json\/wp\/v2\/media\/14505"}],"wp:attachment":[{"href":"https:\/\/www.copealcoy.es\/es\/wp-json\/wp\/v2\/media?parent=14504"}],"wp:term":[{"taxonomy":"category","embeddable":true,"href":"https:\/\/www.copealcoy.es\/es\/wp-json\/wp\/v2\/categories?post=14504"},{"taxonomy":"post_tag","embeddable":true,"href":"https:\/\/www.copealcoy.es\/es\/wp-json\/wp\/v2\/tags?post=14504"}],"curies":[{"name":"wp","href":"https:\/\/api.w.org\/{rel}","templated":true}]}}