{"id":144987,"date":"2024-12-29T00:33:55","date_gmt":"2024-12-28T23:33:55","guid":{"rendered":"https:\/\/www.copealcoy.es\/?p=144987"},"modified":"2024-12-29T00:41:51","modified_gmt":"2024-12-28T23:41:51","slug":"la-parroquia-la-transfiguracion-de-ibi-tambien-cuenta-con-su-propio-belen","status":"publish","type":"post","link":"https:\/\/www.copealcoy.es\/es\/la-parroquia-la-transfiguracion-de-ibi-tambien-cuenta-con-su-propio-belen\/","title":{"rendered":"La parroquia la Transfiguraci\u00f3n de Ibi tambi\u00e9n cuenta con su propio Bel\u00e9n"},"content":{"rendered":"<p style=\"text-align: justify;\">Ibi <strong>es otra de las poblaciones de nuestras comarcas que vive con intensidad la Navidad<\/strong> y que se vuelca con tradiciones como <strong>la venida de Sus Majestades de Oriente<\/strong>. Pero en estos d\u00edas, al margen de todas las actividades previstas, tambi\u00e9n destacan <strong>los numerosos Belenes<\/strong> que se pueden encontrar por la tambi\u00e9n conocida como Villa Juguetera. Uno de ellos destaca en <strong>la parroquia de la Transfiguraci\u00f3n<\/strong>, lugar en el que encontramos <strong>un sencillo conjunto<\/strong> con escenas como el Nacimiento, la Venida de los Magos o la Adoraci\u00f3n de los Pastores. Se encuentra en un lateral del altar mayor, el cual est\u00e1 presidido en el centro por una imagen del Ni\u00f1o Jes\u00fas.<\/p>\n<div id='gallery-1' class='gallery galleryid-144987 gallery-columns-2 gallery-size-large'><figure class='gallery-item'>\n\t\t\t<div class='gallery-icon landscape'>\n\t\t\t\t<a href='https:\/\/www.copealcoy.es\/es\/la-parroquia-la-transfiguracion-de-ibi-tambien-cuenta-con-su-propio-belen\/img_4540\/'><img loading=\"lazy\" decoding=\"async\" width=\"980\" height=\"588\" src=\"https:\/\/www.copealcoy.es\/wp-content\/uploads\/2024\/12\/IMG_4540-980x588.jpg\" class=\"attachment-large size-large\" alt=\"\" \/><\/a>\n\t\t\t<\/div><\/figure><figure class='gallery-item'>\n\t\t\t<div class='gallery-icon landscape'>\n\t\t\t\t<a href='https:\/\/www.copealcoy.es\/es\/la-parroquia-la-transfiguracion-de-ibi-tambien-cuenta-con-su-propio-belen\/img_4541\/'><img loading=\"lazy\" decoding=\"async\" width=\"980\" height=\"588\" src=\"https:\/\/www.copealcoy.es\/wp-content\/uploads\/2024\/12\/IMG_4541-980x588.jpg\" class=\"attachment-large size-large\" alt=\"\" \/><\/a>\n\t\t\t<\/div><\/figure><figure class='gallery-item'>\n\t\t\t<div class='gallery-icon landscape'>\n\t\t\t\t<a href='https:\/\/www.copealcoy.es\/es\/la-parroquia-la-transfiguracion-de-ibi-tambien-cuenta-con-su-propio-belen\/img_4539\/'><img loading=\"lazy\" decoding=\"async\" width=\"980\" height=\"588\" src=\"https:\/\/www.copealcoy.es\/wp-content\/uploads\/2024\/12\/IMG_4539-980x588.jpg\" class=\"attachment-large size-large\" alt=\"\" \/><\/a>\n\t\t\t<\/div><\/figure><figure class='gallery-item'>\n\t\t\t<div class='gallery-icon landscape'>\n\t\t\t\t<a href='https:\/\/www.copealcoy.es\/es\/la-parroquia-la-transfiguracion-de-ibi-tambien-cuenta-con-su-propio-belen\/1-30\/'><img loading=\"lazy\" decoding=\"async\" width=\"929\" height=\"588\" src=\"https:\/\/www.copealcoy.es\/wp-content\/uploads\/2024\/12\/1-4-929x588.jpg\" class=\"attachment-large size-large\" alt=\"\" \/><\/a>\n\t\t\t<\/div><\/figure><figure class='gallery-item'>\n\t\t\t<div class='gallery-icon landscape'>\n\t\t\t\t<a href='https:\/\/www.copealcoy.es\/es\/la-parroquia-la-transfiguracion-de-ibi-tambien-cuenta-con-su-propio-belen\/1-1-5\/'><img loading=\"lazy\" decoding=\"async\" width=\"929\" height=\"588\" src=\"https:\/\/www.copealcoy.es\/wp-content\/uploads\/2024\/12\/1-1-1-929x588.jpg\" class=\"attachment-large size-large\" alt=\"\" \/><\/a>\n\t\t\t<\/div><\/figure><figure class='gallery-item'>\n\t\t\t<div class='gallery-icon landscape'>\n\t\t\t\t<a href='https:\/\/www.copealcoy.es\/es\/la-parroquia-la-transfiguracion-de-ibi-tambien-cuenta-con-su-propio-belen\/1-2-8\/'><img loading=\"lazy\" decoding=\"async\" width=\"929\" height=\"588\" src=\"https:\/\/www.copealcoy.es\/wp-content\/uploads\/2024\/12\/1-2-1-929x588.jpg\" class=\"attachment-large size-large\" alt=\"\" \/><\/a>\n\t\t\t<\/div><\/figure>\n\t\t<\/div>\n\n","protected":false},"excerpt":{"rendered":"<p>Ibi es otra de las poblaciones de nuestras comarcas que vive con intensidad la Navidad y que se vuelca con&#8230;<\/p>\n","protected":false},"author":1,"featured_media":144991,"comment_status":"open","ping_status":"open","sticky":false,"template":"","format":"standard","meta":{"footnotes":""},"categories":[6909,98,75],"tags":[210,474,19038],"class_list":["post-144987","post","type-post","status-publish","format-standard","has-post-thumbnail","hentry","category-actualidad","category-comarcas","category-noticias","tag-belen","tag-ibi","tag-parroquia-de-la-transfiguracion"],"yoast_head":"<!-- This site is optimized with the Yoast SEO plugin v27.3 - https:\/\/yoast.com\/product\/yoast-seo-wordpress\/ -->\n<title>La parroquia la Transfiguraci\u00f3n de Ibi tambi\u00e9n cuenta con su propio Bel\u00e9n - COPE Alcoy<\/title>\n<meta name=\"description\" content=\"Ibi es otra de las poblaciones de nuestras comarcas que vive con intensidad la Navidad y que se vuelca con tradiciones como la venida de Sus Majestades de Oriente\" \/>\n<meta name=\"robots\" content=\"index, follow, max-snippet:-1, max-image-preview:large, max-video-preview:-1\" \/>\n<link rel=\"canonical\" href=\"https:\/\/www.copealcoy.es\/es\/la-parroquia-la-transfiguracion-de-ibi-tambien-cuenta-con-su-propio-belen\/\" \/>\n<meta property=\"og:locale\" content=\"es_ES\" \/>\n<meta property=\"og:type\" content=\"article\" \/>\n<meta property=\"og:title\" content=\"La parroquia la Transfiguraci\u00f3n de Ibi tambi\u00e9n cuenta con su propio Bel\u00e9n - COPE Alcoy\" \/>\n<meta property=\"og:description\" content=\"Ibi es otra de las poblaciones de nuestras comarcas que vive con intensidad la Navidad y que se vuelca con tradiciones como la venida de Sus Majestades de Oriente\" \/>\n<meta property=\"og:url\" content=\"https:\/\/www.copealcoy.es\/es\/la-parroquia-la-transfiguracion-de-ibi-tambien-cuenta-con-su-propio-belen\/\" \/>\n<meta property=\"og:site_name\" content=\"COPE Alcoy\" \/>\n<meta property=\"article:published_time\" content=\"2024-12-28T23:33:55+00:00\" \/>\n<meta property=\"article:modified_time\" content=\"2024-12-28T23:41:51+00:00\" \/>\n<meta property=\"og:image\" content=\"https:\/\/www.copealcoy.es\/wp-content\/uploads\/2024\/12\/IMG_4541-scaled.jpg\" \/>\n\t<meta property=\"og:image:width\" content=\"1920\" \/>\n\t<meta property=\"og:image:height\" content=\"1440\" \/>\n\t<meta property=\"og:image:type\" content=\"image\/jpeg\" \/>\n<meta name=\"author\" content=\"Cope Alcoy\" \/>\n<meta name=\"twitter:label1\" content=\"Escrito por\" \/>\n\t<meta name=\"twitter:data1\" content=\"Cope Alcoy\" \/>\n\t<meta name=\"twitter:label2\" content=\"Tiempo de lectura\" \/>\n\t<meta name=\"twitter:data2\" content=\"1 minuto\" \/>\n<script type=\"application\/ld+json\" class=\"yoast-schema-graph\">{\"@context\":\"https:\\\/\\\/schema.org\",\"@graph\":[{\"@type\":\"Article\",\"@id\":\"https:\\\/\\\/www.copealcoy.es\\\/es\\\/la-parroquia-la-transfiguracion-de-ibi-tambien-cuenta-con-su-propio-belen\\\/#article\",\"isPartOf\":{\"@id\":\"https:\\\/\\\/www.copealcoy.es\\\/es\\\/la-parroquia-la-transfiguracion-de-ibi-tambien-cuenta-con-su-propio-belen\\\/\"},\"author\":{\"name\":\"Cope Alcoy\",\"@id\":\"https:\\\/\\\/www.copealcoy.es\\\/es\\\/#\\\/schema\\\/person\\\/e777c87fa024e57d40170af9df39882c\"},\"headline\":\"La parroquia la Transfiguraci\u00f3n de Ibi tambi\u00e9n cuenta con su propio Bel\u00e9n\",\"datePublished\":\"2024-12-28T23:33:55+00:00\",\"dateModified\":\"2024-12-28T23:41:51+00:00\",\"mainEntityOfPage\":{\"@id\":\"https:\\\/\\\/www.copealcoy.es\\\/es\\\/la-parroquia-la-transfiguracion-de-ibi-tambien-cuenta-con-su-propio-belen\\\/\"},\"wordCount\":138,\"commentCount\":0,\"image\":{\"@id\":\"https:\\\/\\\/www.copealcoy.es\\\/es\\\/la-parroquia-la-transfiguracion-de-ibi-tambien-cuenta-con-su-propio-belen\\\/#primaryimage\"},\"thumbnailUrl\":\"https:\\\/\\\/www.copealcoy.es\\\/wp-content\\\/uploads\\\/2024\\\/12\\\/IMG_4541-scaled.jpg\",\"keywords\":[\"Bel\u00e9n\",\"Ibi\",\"parroquia de La Transfiguraci\u00f3n\"],\"articleSection\":[\"Actualidad\",\"Comarcas\",\"Noticias\"],\"inLanguage\":\"es\"},{\"@type\":\"WebPage\",\"@id\":\"https:\\\/\\\/www.copealcoy.es\\\/es\\\/la-parroquia-la-transfiguracion-de-ibi-tambien-cuenta-con-su-propio-belen\\\/\",\"url\":\"https:\\\/\\\/www.copealcoy.es\\\/es\\\/la-parroquia-la-transfiguracion-de-ibi-tambien-cuenta-con-su-propio-belen\\\/\",\"name\":\"La parroquia la Transfiguraci\u00f3n de Ibi tambi\u00e9n cuenta con su propio Bel\u00e9n - COPE Alcoy\",\"isPartOf\":{\"@id\":\"https:\\\/\\\/www.copealcoy.es\\\/es\\\/#website\"},\"primaryImageOfPage\":{\"@id\":\"https:\\\/\\\/www.copealcoy.es\\\/es\\\/la-parroquia-la-transfiguracion-de-ibi-tambien-cuenta-con-su-propio-belen\\\/#primaryimage\"},\"image\":{\"@id\":\"https:\\\/\\\/www.copealcoy.es\\\/es\\\/la-parroquia-la-transfiguracion-de-ibi-tambien-cuenta-con-su-propio-belen\\\/#primaryimage\"},\"thumbnailUrl\":\"https:\\\/\\\/www.copealcoy.es\\\/wp-content\\\/uploads\\\/2024\\\/12\\\/IMG_4541-scaled.jpg\",\"datePublished\":\"2024-12-28T23:33:55+00:00\",\"dateModified\":\"2024-12-28T23:41:51+00:00\",\"author\":{\"@id\":\"https:\\\/\\\/www.copealcoy.es\\\/es\\\/#\\\/schema\\\/person\\\/e777c87fa024e57d40170af9df39882c\"},\"description\":\"Ibi es otra de las poblaciones de nuestras comarcas que vive con intensidad la Navidad y que se vuelca con tradiciones como la venida de Sus Majestades de Oriente\",\"breadcrumb\":{\"@id\":\"https:\\\/\\\/www.copealcoy.es\\\/es\\\/la-parroquia-la-transfiguracion-de-ibi-tambien-cuenta-con-su-propio-belen\\\/#breadcrumb\"},\"inLanguage\":\"es\",\"potentialAction\":[{\"@type\":\"ReadAction\",\"target\":[\"https:\\\/\\\/www.copealcoy.es\\\/es\\\/la-parroquia-la-transfiguracion-de-ibi-tambien-cuenta-con-su-propio-belen\\\/\"]}]},{\"@type\":\"ImageObject\",\"inLanguage\":\"es\",\"@id\":\"https:\\\/\\\/www.copealcoy.es\\\/es\\\/la-parroquia-la-transfiguracion-de-ibi-tambien-cuenta-con-su-propio-belen\\\/#primaryimage\",\"url\":\"https:\\\/\\\/www.copealcoy.es\\\/wp-content\\\/uploads\\\/2024\\\/12\\\/IMG_4541-scaled.jpg\",\"contentUrl\":\"https:\\\/\\\/www.copealcoy.es\\\/wp-content\\\/uploads\\\/2024\\\/12\\\/IMG_4541-scaled.jpg\",\"width\":1920,\"height\":1440},{\"@type\":\"BreadcrumbList\",\"@id\":\"https:\\\/\\\/www.copealcoy.es\\\/es\\\/la-parroquia-la-transfiguracion-de-ibi-tambien-cuenta-con-su-propio-belen\\\/#breadcrumb\",\"itemListElement\":[{\"@type\":\"ListItem\",\"position\":1,\"name\":\"Portada\",\"item\":\"https:\\\/\\\/www.copealcoy.es\\\/es\\\/\"},{\"@type\":\"ListItem\",\"position\":2,\"name\":\"La parroquia la Transfiguraci\u00f3n de Ibi tambi\u00e9n cuenta con su propio Bel\u00e9n\"}]},{\"@type\":\"WebSite\",\"@id\":\"https:\\\/\\\/www.copealcoy.es\\\/es\\\/#website\",\"url\":\"https:\\\/\\\/www.copealcoy.es\\\/es\\\/\",\"name\":\"COPE Alcoy\",\"description\":\"Emisora COPE de radio local con emisi\u00f3n online. Pont de Sant Jordi 8-10 03803 Alcoy\",\"potentialAction\":[{\"@type\":\"SearchAction\",\"target\":{\"@type\":\"EntryPoint\",\"urlTemplate\":\"https:\\\/\\\/www.copealcoy.es\\\/es\\\/?s={search_term_string}\"},\"query-input\":{\"@type\":\"PropertyValueSpecification\",\"valueRequired\":true,\"valueName\":\"search_term_string\"}}],\"inLanguage\":\"es\"},{\"@type\":\"Person\",\"@id\":\"https:\\\/\\\/www.copealcoy.es\\\/es\\\/#\\\/schema\\\/person\\\/e777c87fa024e57d40170af9df39882c\",\"name\":\"Cope Alcoy\",\"image\":{\"@type\":\"ImageObject\",\"inLanguage\":\"es\",\"@id\":\"https:\\\/\\\/secure.gravatar.com\\\/avatar\\\/bb65d0283347e303893ba14f0692005417c1e0e690a325a4c5d8bb2b3943ee14?s=96&d=mm&r=g\",\"url\":\"https:\\\/\\\/secure.gravatar.com\\\/avatar\\\/bb65d0283347e303893ba14f0692005417c1e0e690a325a4c5d8bb2b3943ee14?s=96&d=mm&r=g\",\"contentUrl\":\"https:\\\/\\\/secure.gravatar.com\\\/avatar\\\/bb65d0283347e303893ba14f0692005417c1e0e690a325a4c5d8bb2b3943ee14?s=96&d=mm&r=g\",\"caption\":\"Cope Alcoy\"}}]}<\/script>\n<!-- \/ Yoast SEO plugin. -->","yoast_head_json":{"title":"La parroquia la Transfiguraci\u00f3n de Ibi tambi\u00e9n cuenta con su propio Bel\u00e9n - COPE Alcoy","description":"Ibi es otra de las poblaciones de nuestras comarcas que vive con intensidad la Navidad y que se vuelca con tradiciones como la venida de Sus Majestades de Oriente","robots":{"index":"index","follow":"follow","max-snippet":"max-snippet:-1","max-image-preview":"max-image-preview:large","max-video-preview":"max-video-preview:-1"},"canonical":"https:\/\/www.copealcoy.es\/es\/la-parroquia-la-transfiguracion-de-ibi-tambien-cuenta-con-su-propio-belen\/","og_locale":"es_ES","og_type":"article","og_title":"La parroquia la Transfiguraci\u00f3n de Ibi tambi\u00e9n cuenta con su propio Bel\u00e9n - COPE Alcoy","og_description":"Ibi es otra de las poblaciones de nuestras comarcas que vive con intensidad la Navidad y que se vuelca con tradiciones como la venida de Sus Majestades de Oriente","og_url":"https:\/\/www.copealcoy.es\/es\/la-parroquia-la-transfiguracion-de-ibi-tambien-cuenta-con-su-propio-belen\/","og_site_name":"COPE Alcoy","article_published_time":"2024-12-28T23:33:55+00:00","article_modified_time":"2024-12-28T23:41:51+00:00","og_image":[{"width":1920,"height":1440,"url":"https:\/\/www.copealcoy.es\/wp-content\/uploads\/2024\/12\/IMG_4541-scaled.jpg","type":"image\/jpeg"}],"author":"Cope Alcoy","twitter_misc":{"Escrito por":"Cope Alcoy","Tiempo de lectura":"1 minuto"},"schema":{"@context":"https:\/\/schema.org","@graph":[{"@type":"Article","@id":"https:\/\/www.copealcoy.es\/es\/la-parroquia-la-transfiguracion-de-ibi-tambien-cuenta-con-su-propio-belen\/#article","isPartOf":{"@id":"https:\/\/www.copealcoy.es\/es\/la-parroquia-la-transfiguracion-de-ibi-tambien-cuenta-con-su-propio-belen\/"},"author":{"name":"Cope Alcoy","@id":"https:\/\/www.copealcoy.es\/es\/#\/schema\/person\/e777c87fa024e57d40170af9df39882c"},"headline":"La parroquia la Transfiguraci\u00f3n de Ibi tambi\u00e9n cuenta con su propio Bel\u00e9n","datePublished":"2024-12-28T23:33:55+00:00","dateModified":"2024-12-28T23:41:51+00:00","mainEntityOfPage":{"@id":"https:\/\/www.copealcoy.es\/es\/la-parroquia-la-transfiguracion-de-ibi-tambien-cuenta-con-su-propio-belen\/"},"wordCount":138,"commentCount":0,"image":{"@id":"https:\/\/www.copealcoy.es\/es\/la-parroquia-la-transfiguracion-de-ibi-tambien-cuenta-con-su-propio-belen\/#primaryimage"},"thumbnailUrl":"https:\/\/www.copealcoy.es\/wp-content\/uploads\/2024\/12\/IMG_4541-scaled.jpg","keywords":["Bel\u00e9n","Ibi","parroquia de La Transfiguraci\u00f3n"],"articleSection":["Actualidad","Comarcas","Noticias"],"inLanguage":"es"},{"@type":"WebPage","@id":"https:\/\/www.copealcoy.es\/es\/la-parroquia-la-transfiguracion-de-ibi-tambien-cuenta-con-su-propio-belen\/","url":"https:\/\/www.copealcoy.es\/es\/la-parroquia-la-transfiguracion-de-ibi-tambien-cuenta-con-su-propio-belen\/","name":"La parroquia la Transfiguraci\u00f3n de Ibi tambi\u00e9n cuenta con su propio Bel\u00e9n - COPE Alcoy","isPartOf":{"@id":"https:\/\/www.copealcoy.es\/es\/#website"},"primaryImageOfPage":{"@id":"https:\/\/www.copealcoy.es\/es\/la-parroquia-la-transfiguracion-de-ibi-tambien-cuenta-con-su-propio-belen\/#primaryimage"},"image":{"@id":"https:\/\/www.copealcoy.es\/es\/la-parroquia-la-transfiguracion-de-ibi-tambien-cuenta-con-su-propio-belen\/#primaryimage"},"thumbnailUrl":"https:\/\/www.copealcoy.es\/wp-content\/uploads\/2024\/12\/IMG_4541-scaled.jpg","datePublished":"2024-12-28T23:33:55+00:00","dateModified":"2024-12-28T23:41:51+00:00","author":{"@id":"https:\/\/www.copealcoy.es\/es\/#\/schema\/person\/e777c87fa024e57d40170af9df39882c"},"description":"Ibi es otra de las poblaciones de nuestras comarcas que vive con intensidad la Navidad y que se vuelca con tradiciones como la venida de Sus Majestades de Oriente","breadcrumb":{"@id":"https:\/\/www.copealcoy.es\/es\/la-parroquia-la-transfiguracion-de-ibi-tambien-cuenta-con-su-propio-belen\/#breadcrumb"},"inLanguage":"es","potentialAction":[{"@type":"ReadAction","target":["https:\/\/www.copealcoy.es\/es\/la-parroquia-la-transfiguracion-de-ibi-tambien-cuenta-con-su-propio-belen\/"]}]},{"@type":"ImageObject","inLanguage":"es","@id":"https:\/\/www.copealcoy.es\/es\/la-parroquia-la-transfiguracion-de-ibi-tambien-cuenta-con-su-propio-belen\/#primaryimage","url":"https:\/\/www.copealcoy.es\/wp-content\/uploads\/2024\/12\/IMG_4541-scaled.jpg","contentUrl":"https:\/\/www.copealcoy.es\/wp-content\/uploads\/2024\/12\/IMG_4541-scaled.jpg","width":1920,"height":1440},{"@type":"BreadcrumbList","@id":"https:\/\/www.copealcoy.es\/es\/la-parroquia-la-transfiguracion-de-ibi-tambien-cuenta-con-su-propio-belen\/#breadcrumb","itemListElement":[{"@type":"ListItem","position":1,"name":"Portada","item":"https:\/\/www.copealcoy.es\/es\/"},{"@type":"ListItem","position":2,"name":"La parroquia la Transfiguraci\u00f3n de Ibi tambi\u00e9n cuenta con su propio Bel\u00e9n"}]},{"@type":"WebSite","@id":"https:\/\/www.copealcoy.es\/es\/#website","url":"https:\/\/www.copealcoy.es\/es\/","name":"COPE Alcoy","description":"Emisora COPE de radio local con emisi\u00f3n online. Pont de Sant Jordi 8-10 03803 Alcoy","potentialAction":[{"@type":"SearchAction","target":{"@type":"EntryPoint","urlTemplate":"https:\/\/www.copealcoy.es\/es\/?s={search_term_string}"},"query-input":{"@type":"PropertyValueSpecification","valueRequired":true,"valueName":"search_term_string"}}],"inLanguage":"es"},{"@type":"Person","@id":"https:\/\/www.copealcoy.es\/es\/#\/schema\/person\/e777c87fa024e57d40170af9df39882c","name":"Cope Alcoy","image":{"@type":"ImageObject","inLanguage":"es","@id":"https:\/\/secure.gravatar.com\/avatar\/bb65d0283347e303893ba14f0692005417c1e0e690a325a4c5d8bb2b3943ee14?s=96&d=mm&r=g","url":"https:\/\/secure.gravatar.com\/avatar\/bb65d0283347e303893ba14f0692005417c1e0e690a325a4c5d8bb2b3943ee14?s=96&d=mm&r=g","contentUrl":"https:\/\/secure.gravatar.com\/avatar\/bb65d0283347e303893ba14f0692005417c1e0e690a325a4c5d8bb2b3943ee14?s=96&d=mm&r=g","caption":"Cope Alcoy"}}]}},"_links":{"self":[{"href":"https:\/\/www.copealcoy.es\/es\/wp-json\/wp\/v2\/posts\/144987","targetHints":{"allow":["GET"]}}],"collection":[{"href":"https:\/\/www.copealcoy.es\/es\/wp-json\/wp\/v2\/posts"}],"about":[{"href":"https:\/\/www.copealcoy.es\/es\/wp-json\/wp\/v2\/types\/post"}],"author":[{"embeddable":true,"href":"https:\/\/www.copealcoy.es\/es\/wp-json\/wp\/v2\/users\/1"}],"replies":[{"embeddable":true,"href":"https:\/\/www.copealcoy.es\/es\/wp-json\/wp\/v2\/comments?post=144987"}],"version-history":[{"count":0,"href":"https:\/\/www.copealcoy.es\/es\/wp-json\/wp\/v2\/posts\/144987\/revisions"}],"wp:featuredmedia":[{"embeddable":true,"href":"https:\/\/www.copealcoy.es\/es\/wp-json\/wp\/v2\/media\/144991"}],"wp:attachment":[{"href":"https:\/\/www.copealcoy.es\/es\/wp-json\/wp\/v2\/media?parent=144987"}],"wp:term":[{"taxonomy":"category","embeddable":true,"href":"https:\/\/www.copealcoy.es\/es\/wp-json\/wp\/v2\/categories?post=144987"},{"taxonomy":"post_tag","embeddable":true,"href":"https:\/\/www.copealcoy.es\/es\/wp-json\/wp\/v2\/tags?post=144987"}],"curies":[{"name":"wp","href":"https:\/\/api.w.org\/{rel}","templated":true}]}}