{"id":144687,"date":"2024-12-24T08:00:36","date_gmt":"2024-12-24T07:00:36","guid":{"rendered":"https:\/\/www.copealcoy.es\/?p=144687"},"modified":"2024-12-26T08:13:21","modified_gmt":"2024-12-26T07:13:21","slug":"los-franciscanos-de-cocentaina-celebran-la-navidad-con-un-original-belen","status":"publish","type":"post","link":"https:\/\/www.copealcoy.es\/es\/los-franciscanos-de-cocentaina-celebran-la-navidad-con-un-original-belen\/","title":{"rendered":"Los Franciscanos de Cocentaina celebran la Navidad con un original Bel\u00e9n"},"content":{"rendered":"<p style=\"text-align: justify;\">Este a\u00f1o <strong>se conmemoran 801 a\u00f1os desde que San Francisco de As\u00eds llev\u00f3 a cabo el primer Bel\u00e9n<\/strong> de la historia en una cueva del municipio italiano de Greccio, un hito que siempre recuerdan los Franciscanos y un momento que marc\u00f3 el origen de las representaciones del Nacimiento de Jes\u00fas que han llegado hasta nuestros d\u00edas. En el <strong>Convento de Cocentaina<\/strong> vuelven a poner en valor esta tradici\u00f3n impulsada por el fundador de la Orden Franciscana con un original Bel\u00e9n que podemos ver desde hace d\u00edas en la Capilla de la Comuni\u00f3n de la iglesia de San Sebasti\u00e1n.<\/p>\n<p style=\"text-align: justify;\">Los religiosos, junto con <a href=\"https:\/\/www.facebook.com\/profile.php?id=61551754323888\" target=\"_blank\" rel=\"noopener\"><span style=\"color: #0000ff;\"><strong>la Orden Franciscana Segla<\/strong><\/span><\/a>r y miembros de las Cofrad\u00edas de Semana Santa del Convento, <strong>han preparado de nuevo este monumental conjunto<\/strong> que recrea las escenas b\u00edblicas m\u00e1s significativas relacionadas con el Nacimiento de Jes\u00fas. Entre las representaciones <strong>se pueden observar<\/strong> la anunciaci\u00f3n a la Virgen Mar\u00eda, el camino hacia Bel\u00e9n, el Nacimiento, la adoraci\u00f3n de los pastores, la huida a Egipto o la visita de los Reyes Magos &#8220;<em>lo que quiz\u00e1s m\u00e1s llama la atenci\u00f3n es una gran maqueta que reproduce con todo detalle el edificio del mismo Convento, incluyendo elementos como el campanario de la iglesia, la reproducci\u00f3n de la cruz g\u00f3tica de la plaza exterior y el huerto trasero con la conocido como \u2018Fonteta dels Frares<\/em>&#8220;, explicaba en COPE ALCOY <strong>Fray Fernando Fuertes<\/strong>; guardi\u00e1n del mismo Convento. A todo ello se le une <strong>una recreaci\u00f3n de esa gruta de Greccio<\/strong> donde San Francisco ejecut\u00f3 su primera escenificaci\u00f3n del Nacimiento el 24 de diciembre de 1223.<\/p>\n<p style=\"text-align: justify;\">El Bel\u00e9n <strong>est\u00e1 disponible para ser visitado en la Capilla de la Comuni\u00f3n del mismo Convento<\/strong> antes y despu\u00e9s de las eucarist\u00edas diarias.\u00a0 Tambi\u00e9n se podr\u00e1 hacer esta noche con ocasi\u00f3n de <strong>la Misa del Gallo<\/strong>, la cual se adelanta a las 20:00h mientras que el D\u00eda de Navidad las celebraciones ser\u00e1n tanto a las 09:30h como a las 11:00h.<\/p>\n<div id='gallery-1' class='gallery galleryid-144687 gallery-columns-2 gallery-size-large'><figure class='gallery-item'>\n\t\t\t<div class='gallery-icon landscape'>\n\t\t\t\t<a href='https:\/\/www.copealcoy.es\/es\/los-franciscanos-de-cocentaina-celebran-la-navidad-con-un-original-belen\/img_4283\/'><img loading=\"lazy\" decoding=\"async\" width=\"980\" height=\"588\" src=\"https:\/\/www.copealcoy.es\/wp-content\/uploads\/2024\/12\/IMG_4283-980x588.jpg\" class=\"attachment-large size-large\" alt=\"\" \/><\/a>\n\t\t\t<\/div><\/figure><figure class='gallery-item'>\n\t\t\t<div class='gallery-icon landscape'>\n\t\t\t\t<a href='https:\/\/www.copealcoy.es\/es\/los-franciscanos-de-cocentaina-celebran-la-navidad-con-un-original-belen\/img_4276\/'><img loading=\"lazy\" decoding=\"async\" width=\"980\" height=\"588\" src=\"https:\/\/www.copealcoy.es\/wp-content\/uploads\/2024\/12\/IMG_4276-980x588.jpg\" class=\"attachment-large size-large\" alt=\"\" \/><\/a>\n\t\t\t<\/div><\/figure><figure class='gallery-item'>\n\t\t\t<div class='gallery-icon landscape'>\n\t\t\t\t<a href='https:\/\/www.copealcoy.es\/es\/los-franciscanos-de-cocentaina-celebran-la-navidad-con-un-original-belen\/img_4271\/'><img loading=\"lazy\" decoding=\"async\" width=\"980\" height=\"588\" src=\"https:\/\/www.copealcoy.es\/wp-content\/uploads\/2024\/12\/IMG_4271-980x588.jpg\" class=\"attachment-large size-large\" alt=\"\" \/><\/a>\n\t\t\t<\/div><\/figure><figure class='gallery-item'>\n\t\t\t<div class='gallery-icon landscape'>\n\t\t\t\t<a href='https:\/\/www.copealcoy.es\/es\/los-franciscanos-de-cocentaina-celebran-la-navidad-con-un-original-belen\/img_4278\/'><img loading=\"lazy\" decoding=\"async\" width=\"980\" height=\"588\" src=\"https:\/\/www.copealcoy.es\/wp-content\/uploads\/2024\/12\/IMG_4278-980x588.jpg\" class=\"attachment-large size-large\" alt=\"\" \/><\/a>\n\t\t\t<\/div><\/figure><figure class='gallery-item'>\n\t\t\t<div class='gallery-icon landscape'>\n\t\t\t\t<a href='https:\/\/www.copealcoy.es\/es\/los-franciscanos-de-cocentaina-celebran-la-navidad-con-un-original-belen\/img_4281\/'><img loading=\"lazy\" decoding=\"async\" width=\"980\" height=\"588\" src=\"https:\/\/www.copealcoy.es\/wp-content\/uploads\/2024\/12\/IMG_4281-980x588.jpg\" class=\"attachment-large size-large\" alt=\"\" \/><\/a>\n\t\t\t<\/div><\/figure><figure class='gallery-item'>\n\t\t\t<div class='gallery-icon landscape'>\n\t\t\t\t<a href='https:\/\/www.copealcoy.es\/es\/los-franciscanos-de-cocentaina-celebran-la-navidad-con-un-original-belen\/img_4280\/'><img loading=\"lazy\" decoding=\"async\" width=\"980\" height=\"588\" src=\"https:\/\/www.copealcoy.es\/wp-content\/uploads\/2024\/12\/IMG_4280-980x588.jpg\" class=\"attachment-large size-large\" alt=\"\" \/><\/a>\n\t\t\t<\/div><\/figure><figure class='gallery-item'>\n\t\t\t<div class='gallery-icon landscape'>\n\t\t\t\t<a href='https:\/\/www.copealcoy.es\/es\/los-franciscanos-de-cocentaina-celebran-la-navidad-con-un-original-belen\/img_4272\/'><img loading=\"lazy\" decoding=\"async\" width=\"980\" height=\"588\" src=\"https:\/\/www.copealcoy.es\/wp-content\/uploads\/2024\/12\/IMG_4272-980x588.jpg\" class=\"attachment-large size-large\" alt=\"\" \/><\/a>\n\t\t\t<\/div><\/figure><figure class='gallery-item'>\n\t\t\t<div class='gallery-icon landscape'>\n\t\t\t\t<a href='https:\/\/www.copealcoy.es\/es\/los-franciscanos-de-cocentaina-celebran-la-navidad-con-un-original-belen\/img_4269\/'><img loading=\"lazy\" decoding=\"async\" width=\"980\" height=\"588\" src=\"https:\/\/www.copealcoy.es\/wp-content\/uploads\/2024\/12\/IMG_4269-980x588.jpg\" class=\"attachment-large size-large\" alt=\"\" \/><\/a>\n\t\t\t<\/div><\/figure>\n\t\t<\/div>\n\n<p>&nbsp;<\/p>\n<p>Aqu\u00ed <strong>puedes escuchar la entrevista<\/strong> con Fray Fernando Fuertes:<\/p>\n<p><iframe loading=\"lazy\" title=\"&#039;Mediod\u00eda Cope&#039; Alcoy Martes 24 De Diciembre 2024 (13:50h)\" width=\"100%\" height=\"120\" src=\"https:\/\/www.mixcloud.com\/widget\/iframe\/?feed=https%3A%2F%2Fwww.mixcloud.com%2FCOPEAlcoy%2Fmediod%25C3%25ADa-cope-alcoy-martes-24-de-diciembre-2024-1350h%2F&amp;hide_cover=1\" frameborder=\"0\"><\/iframe><\/p>\n","protected":false},"excerpt":{"rendered":"<p>Este a\u00f1o se conmemoran 801 a\u00f1os desde que San Francisco de As\u00eds llev\u00f3 a cabo el primer Bel\u00e9n de la&#8230;<\/p>\n","protected":false},"author":1,"featured_media":144723,"comment_status":"open","ping_status":"open","sticky":false,"template":"","format":"standard","meta":{"footnotes":""},"categories":[6909,98,75],"tags":[210,132,1471,174,11827],"class_list":["post-144687","post","type-post","status-publish","format-standard","has-post-thumbnail","hentry","category-actualidad","category-comarcas","category-noticias","tag-belen","tag-cocentaina","tag-convento","tag-navidad","tag-padres-franciscanos"],"yoast_head":"<!-- This site is optimized with the Yoast SEO plugin v27.3 - https:\/\/yoast.com\/product\/yoast-seo-wordpress\/ -->\n<title>Los Franciscanos de Cocentaina celebran la Navidad con un original Bel\u00e9n - COPE Alcoy<\/title>\n<meta name=\"description\" content=\"Este a\u00f1o se conmemoran 801 a\u00f1os desde que San Francisco de As\u00eds puso en escena el primer Bel\u00e9n en una cueva del municipio italiano de Greccio\" \/>\n<meta name=\"robots\" content=\"index, follow, max-snippet:-1, max-image-preview:large, max-video-preview:-1\" \/>\n<link rel=\"canonical\" href=\"https:\/\/www.copealcoy.es\/es\/los-franciscanos-de-cocentaina-celebran-la-navidad-con-un-original-belen\/\" \/>\n<meta property=\"og:locale\" content=\"es_ES\" \/>\n<meta property=\"og:type\" content=\"article\" \/>\n<meta property=\"og:title\" content=\"Los Franciscanos de Cocentaina celebran la Navidad con un original Bel\u00e9n - COPE Alcoy\" \/>\n<meta property=\"og:description\" content=\"Este a\u00f1o se conmemoran 801 a\u00f1os desde que San Francisco de As\u00eds puso en escena el primer Bel\u00e9n en una cueva del municipio italiano de Greccio\" \/>\n<meta property=\"og:url\" content=\"https:\/\/www.copealcoy.es\/es\/los-franciscanos-de-cocentaina-celebran-la-navidad-con-un-original-belen\/\" \/>\n<meta property=\"og:site_name\" content=\"COPE Alcoy\" \/>\n<meta property=\"article:published_time\" content=\"2024-12-24T07:00:36+00:00\" \/>\n<meta property=\"article:modified_time\" content=\"2024-12-26T07:13:21+00:00\" \/>\n<meta property=\"og:image\" content=\"https:\/\/www.copealcoy.es\/wp-content\/uploads\/2024\/12\/0-3.jpg\" \/>\n\t<meta property=\"og:image:width\" content=\"760\" \/>\n\t<meta property=\"og:image:height\" content=\"521\" \/>\n\t<meta property=\"og:image:type\" content=\"image\/jpeg\" \/>\n<meta name=\"author\" content=\"Cope Alcoy\" \/>\n<meta name=\"twitter:label1\" content=\"Escrito por\" \/>\n\t<meta name=\"twitter:data1\" content=\"Cope Alcoy\" \/>\n\t<meta name=\"twitter:label2\" content=\"Tiempo de lectura\" \/>\n\t<meta name=\"twitter:data2\" content=\"3 minutos\" \/>\n<script type=\"application\/ld+json\" class=\"yoast-schema-graph\">{\"@context\":\"https:\\\/\\\/schema.org\",\"@graph\":[{\"@type\":\"Article\",\"@id\":\"https:\\\/\\\/www.copealcoy.es\\\/es\\\/los-franciscanos-de-cocentaina-celebran-la-navidad-con-un-original-belen\\\/#article\",\"isPartOf\":{\"@id\":\"https:\\\/\\\/www.copealcoy.es\\\/es\\\/los-franciscanos-de-cocentaina-celebran-la-navidad-con-un-original-belen\\\/\"},\"author\":{\"name\":\"Cope Alcoy\",\"@id\":\"https:\\\/\\\/www.copealcoy.es\\\/es\\\/#\\\/schema\\\/person\\\/e777c87fa024e57d40170af9df39882c\"},\"headline\":\"Los Franciscanos de Cocentaina celebran la Navidad con un original Bel\u00e9n\",\"datePublished\":\"2024-12-24T07:00:36+00:00\",\"dateModified\":\"2024-12-26T07:13:21+00:00\",\"mainEntityOfPage\":{\"@id\":\"https:\\\/\\\/www.copealcoy.es\\\/es\\\/los-franciscanos-de-cocentaina-celebran-la-navidad-con-un-original-belen\\\/\"},\"wordCount\":390,\"commentCount\":0,\"image\":{\"@id\":\"https:\\\/\\\/www.copealcoy.es\\\/es\\\/los-franciscanos-de-cocentaina-celebran-la-navidad-con-un-original-belen\\\/#primaryimage\"},\"thumbnailUrl\":\"https:\\\/\\\/www.copealcoy.es\\\/wp-content\\\/uploads\\\/2024\\\/12\\\/0-3.jpg\",\"keywords\":[\"Bel\u00e9n\",\"Cocentaina\",\"Convento\",\"Navidad\",\"Padres Franciscanos\"],\"articleSection\":[\"Actualidad\",\"Comarcas\",\"Noticias\"],\"inLanguage\":\"es\"},{\"@type\":\"WebPage\",\"@id\":\"https:\\\/\\\/www.copealcoy.es\\\/es\\\/los-franciscanos-de-cocentaina-celebran-la-navidad-con-un-original-belen\\\/\",\"url\":\"https:\\\/\\\/www.copealcoy.es\\\/es\\\/los-franciscanos-de-cocentaina-celebran-la-navidad-con-un-original-belen\\\/\",\"name\":\"Los Franciscanos de Cocentaina celebran la Navidad con un original Bel\u00e9n - COPE Alcoy\",\"isPartOf\":{\"@id\":\"https:\\\/\\\/www.copealcoy.es\\\/es\\\/#website\"},\"primaryImageOfPage\":{\"@id\":\"https:\\\/\\\/www.copealcoy.es\\\/es\\\/los-franciscanos-de-cocentaina-celebran-la-navidad-con-un-original-belen\\\/#primaryimage\"},\"image\":{\"@id\":\"https:\\\/\\\/www.copealcoy.es\\\/es\\\/los-franciscanos-de-cocentaina-celebran-la-navidad-con-un-original-belen\\\/#primaryimage\"},\"thumbnailUrl\":\"https:\\\/\\\/www.copealcoy.es\\\/wp-content\\\/uploads\\\/2024\\\/12\\\/0-3.jpg\",\"datePublished\":\"2024-12-24T07:00:36+00:00\",\"dateModified\":\"2024-12-26T07:13:21+00:00\",\"author\":{\"@id\":\"https:\\\/\\\/www.copealcoy.es\\\/es\\\/#\\\/schema\\\/person\\\/e777c87fa024e57d40170af9df39882c\"},\"description\":\"Este a\u00f1o se conmemoran 801 a\u00f1os desde que San Francisco de As\u00eds puso en escena el primer Bel\u00e9n en una cueva del municipio italiano de Greccio\",\"breadcrumb\":{\"@id\":\"https:\\\/\\\/www.copealcoy.es\\\/es\\\/los-franciscanos-de-cocentaina-celebran-la-navidad-con-un-original-belen\\\/#breadcrumb\"},\"inLanguage\":\"es\",\"potentialAction\":[{\"@type\":\"ReadAction\",\"target\":[\"https:\\\/\\\/www.copealcoy.es\\\/es\\\/los-franciscanos-de-cocentaina-celebran-la-navidad-con-un-original-belen\\\/\"]}]},{\"@type\":\"ImageObject\",\"inLanguage\":\"es\",\"@id\":\"https:\\\/\\\/www.copealcoy.es\\\/es\\\/los-franciscanos-de-cocentaina-celebran-la-navidad-con-un-original-belen\\\/#primaryimage\",\"url\":\"https:\\\/\\\/www.copealcoy.es\\\/wp-content\\\/uploads\\\/2024\\\/12\\\/0-3.jpg\",\"contentUrl\":\"https:\\\/\\\/www.copealcoy.es\\\/wp-content\\\/uploads\\\/2024\\\/12\\\/0-3.jpg\",\"width\":760,\"height\":521},{\"@type\":\"BreadcrumbList\",\"@id\":\"https:\\\/\\\/www.copealcoy.es\\\/es\\\/los-franciscanos-de-cocentaina-celebran-la-navidad-con-un-original-belen\\\/#breadcrumb\",\"itemListElement\":[{\"@type\":\"ListItem\",\"position\":1,\"name\":\"Portada\",\"item\":\"https:\\\/\\\/www.copealcoy.es\\\/es\\\/\"},{\"@type\":\"ListItem\",\"position\":2,\"name\":\"Los Franciscanos de Cocentaina celebran la Navidad con un original Bel\u00e9n\"}]},{\"@type\":\"WebSite\",\"@id\":\"https:\\\/\\\/www.copealcoy.es\\\/es\\\/#website\",\"url\":\"https:\\\/\\\/www.copealcoy.es\\\/es\\\/\",\"name\":\"COPE Alcoy\",\"description\":\"Emisora COPE de radio local con emisi\u00f3n online. Pont de Sant Jordi 8-10 03803 Alcoy\",\"potentialAction\":[{\"@type\":\"SearchAction\",\"target\":{\"@type\":\"EntryPoint\",\"urlTemplate\":\"https:\\\/\\\/www.copealcoy.es\\\/es\\\/?s={search_term_string}\"},\"query-input\":{\"@type\":\"PropertyValueSpecification\",\"valueRequired\":true,\"valueName\":\"search_term_string\"}}],\"inLanguage\":\"es\"},{\"@type\":\"Person\",\"@id\":\"https:\\\/\\\/www.copealcoy.es\\\/es\\\/#\\\/schema\\\/person\\\/e777c87fa024e57d40170af9df39882c\",\"name\":\"Cope Alcoy\",\"image\":{\"@type\":\"ImageObject\",\"inLanguage\":\"es\",\"@id\":\"https:\\\/\\\/secure.gravatar.com\\\/avatar\\\/bb65d0283347e303893ba14f0692005417c1e0e690a325a4c5d8bb2b3943ee14?s=96&d=mm&r=g\",\"url\":\"https:\\\/\\\/secure.gravatar.com\\\/avatar\\\/bb65d0283347e303893ba14f0692005417c1e0e690a325a4c5d8bb2b3943ee14?s=96&d=mm&r=g\",\"contentUrl\":\"https:\\\/\\\/secure.gravatar.com\\\/avatar\\\/bb65d0283347e303893ba14f0692005417c1e0e690a325a4c5d8bb2b3943ee14?s=96&d=mm&r=g\",\"caption\":\"Cope Alcoy\"}}]}<\/script>\n<!-- \/ Yoast SEO plugin. -->","yoast_head_json":{"title":"Los Franciscanos de Cocentaina celebran la Navidad con un original Bel\u00e9n - COPE Alcoy","description":"Este a\u00f1o se conmemoran 801 a\u00f1os desde que San Francisco de As\u00eds puso en escena el primer Bel\u00e9n en una cueva del municipio italiano de Greccio","robots":{"index":"index","follow":"follow","max-snippet":"max-snippet:-1","max-image-preview":"max-image-preview:large","max-video-preview":"max-video-preview:-1"},"canonical":"https:\/\/www.copealcoy.es\/es\/los-franciscanos-de-cocentaina-celebran-la-navidad-con-un-original-belen\/","og_locale":"es_ES","og_type":"article","og_title":"Los Franciscanos de Cocentaina celebran la Navidad con un original Bel\u00e9n - COPE Alcoy","og_description":"Este a\u00f1o se conmemoran 801 a\u00f1os desde que San Francisco de As\u00eds puso en escena el primer Bel\u00e9n en una cueva del municipio italiano de Greccio","og_url":"https:\/\/www.copealcoy.es\/es\/los-franciscanos-de-cocentaina-celebran-la-navidad-con-un-original-belen\/","og_site_name":"COPE Alcoy","article_published_time":"2024-12-24T07:00:36+00:00","article_modified_time":"2024-12-26T07:13:21+00:00","og_image":[{"width":760,"height":521,"url":"https:\/\/www.copealcoy.es\/wp-content\/uploads\/2024\/12\/0-3.jpg","type":"image\/jpeg"}],"author":"Cope Alcoy","twitter_misc":{"Escrito por":"Cope Alcoy","Tiempo de lectura":"3 minutos"},"schema":{"@context":"https:\/\/schema.org","@graph":[{"@type":"Article","@id":"https:\/\/www.copealcoy.es\/es\/los-franciscanos-de-cocentaina-celebran-la-navidad-con-un-original-belen\/#article","isPartOf":{"@id":"https:\/\/www.copealcoy.es\/es\/los-franciscanos-de-cocentaina-celebran-la-navidad-con-un-original-belen\/"},"author":{"name":"Cope Alcoy","@id":"https:\/\/www.copealcoy.es\/es\/#\/schema\/person\/e777c87fa024e57d40170af9df39882c"},"headline":"Los Franciscanos de Cocentaina celebran la Navidad con un original Bel\u00e9n","datePublished":"2024-12-24T07:00:36+00:00","dateModified":"2024-12-26T07:13:21+00:00","mainEntityOfPage":{"@id":"https:\/\/www.copealcoy.es\/es\/los-franciscanos-de-cocentaina-celebran-la-navidad-con-un-original-belen\/"},"wordCount":390,"commentCount":0,"image":{"@id":"https:\/\/www.copealcoy.es\/es\/los-franciscanos-de-cocentaina-celebran-la-navidad-con-un-original-belen\/#primaryimage"},"thumbnailUrl":"https:\/\/www.copealcoy.es\/wp-content\/uploads\/2024\/12\/0-3.jpg","keywords":["Bel\u00e9n","Cocentaina","Convento","Navidad","Padres Franciscanos"],"articleSection":["Actualidad","Comarcas","Noticias"],"inLanguage":"es"},{"@type":"WebPage","@id":"https:\/\/www.copealcoy.es\/es\/los-franciscanos-de-cocentaina-celebran-la-navidad-con-un-original-belen\/","url":"https:\/\/www.copealcoy.es\/es\/los-franciscanos-de-cocentaina-celebran-la-navidad-con-un-original-belen\/","name":"Los Franciscanos de Cocentaina celebran la Navidad con un original Bel\u00e9n - COPE Alcoy","isPartOf":{"@id":"https:\/\/www.copealcoy.es\/es\/#website"},"primaryImageOfPage":{"@id":"https:\/\/www.copealcoy.es\/es\/los-franciscanos-de-cocentaina-celebran-la-navidad-con-un-original-belen\/#primaryimage"},"image":{"@id":"https:\/\/www.copealcoy.es\/es\/los-franciscanos-de-cocentaina-celebran-la-navidad-con-un-original-belen\/#primaryimage"},"thumbnailUrl":"https:\/\/www.copealcoy.es\/wp-content\/uploads\/2024\/12\/0-3.jpg","datePublished":"2024-12-24T07:00:36+00:00","dateModified":"2024-12-26T07:13:21+00:00","author":{"@id":"https:\/\/www.copealcoy.es\/es\/#\/schema\/person\/e777c87fa024e57d40170af9df39882c"},"description":"Este a\u00f1o se conmemoran 801 a\u00f1os desde que San Francisco de As\u00eds puso en escena el primer Bel\u00e9n en una cueva del municipio italiano de Greccio","breadcrumb":{"@id":"https:\/\/www.copealcoy.es\/es\/los-franciscanos-de-cocentaina-celebran-la-navidad-con-un-original-belen\/#breadcrumb"},"inLanguage":"es","potentialAction":[{"@type":"ReadAction","target":["https:\/\/www.copealcoy.es\/es\/los-franciscanos-de-cocentaina-celebran-la-navidad-con-un-original-belen\/"]}]},{"@type":"ImageObject","inLanguage":"es","@id":"https:\/\/www.copealcoy.es\/es\/los-franciscanos-de-cocentaina-celebran-la-navidad-con-un-original-belen\/#primaryimage","url":"https:\/\/www.copealcoy.es\/wp-content\/uploads\/2024\/12\/0-3.jpg","contentUrl":"https:\/\/www.copealcoy.es\/wp-content\/uploads\/2024\/12\/0-3.jpg","width":760,"height":521},{"@type":"BreadcrumbList","@id":"https:\/\/www.copealcoy.es\/es\/los-franciscanos-de-cocentaina-celebran-la-navidad-con-un-original-belen\/#breadcrumb","itemListElement":[{"@type":"ListItem","position":1,"name":"Portada","item":"https:\/\/www.copealcoy.es\/es\/"},{"@type":"ListItem","position":2,"name":"Los Franciscanos de Cocentaina celebran la Navidad con un original Bel\u00e9n"}]},{"@type":"WebSite","@id":"https:\/\/www.copealcoy.es\/es\/#website","url":"https:\/\/www.copealcoy.es\/es\/","name":"COPE Alcoy","description":"Emisora COPE de radio local con emisi\u00f3n online. Pont de Sant Jordi 8-10 03803 Alcoy","potentialAction":[{"@type":"SearchAction","target":{"@type":"EntryPoint","urlTemplate":"https:\/\/www.copealcoy.es\/es\/?s={search_term_string}"},"query-input":{"@type":"PropertyValueSpecification","valueRequired":true,"valueName":"search_term_string"}}],"inLanguage":"es"},{"@type":"Person","@id":"https:\/\/www.copealcoy.es\/es\/#\/schema\/person\/e777c87fa024e57d40170af9df39882c","name":"Cope Alcoy","image":{"@type":"ImageObject","inLanguage":"es","@id":"https:\/\/secure.gravatar.com\/avatar\/bb65d0283347e303893ba14f0692005417c1e0e690a325a4c5d8bb2b3943ee14?s=96&d=mm&r=g","url":"https:\/\/secure.gravatar.com\/avatar\/bb65d0283347e303893ba14f0692005417c1e0e690a325a4c5d8bb2b3943ee14?s=96&d=mm&r=g","contentUrl":"https:\/\/secure.gravatar.com\/avatar\/bb65d0283347e303893ba14f0692005417c1e0e690a325a4c5d8bb2b3943ee14?s=96&d=mm&r=g","caption":"Cope Alcoy"}}]}},"_links":{"self":[{"href":"https:\/\/www.copealcoy.es\/es\/wp-json\/wp\/v2\/posts\/144687","targetHints":{"allow":["GET"]}}],"collection":[{"href":"https:\/\/www.copealcoy.es\/es\/wp-json\/wp\/v2\/posts"}],"about":[{"href":"https:\/\/www.copealcoy.es\/es\/wp-json\/wp\/v2\/types\/post"}],"author":[{"embeddable":true,"href":"https:\/\/www.copealcoy.es\/es\/wp-json\/wp\/v2\/users\/1"}],"replies":[{"embeddable":true,"href":"https:\/\/www.copealcoy.es\/es\/wp-json\/wp\/v2\/comments?post=144687"}],"version-history":[{"count":0,"href":"https:\/\/www.copealcoy.es\/es\/wp-json\/wp\/v2\/posts\/144687\/revisions"}],"wp:featuredmedia":[{"embeddable":true,"href":"https:\/\/www.copealcoy.es\/es\/wp-json\/wp\/v2\/media\/144723"}],"wp:attachment":[{"href":"https:\/\/www.copealcoy.es\/es\/wp-json\/wp\/v2\/media?parent=144687"}],"wp:term":[{"taxonomy":"category","embeddable":true,"href":"https:\/\/www.copealcoy.es\/es\/wp-json\/wp\/v2\/categories?post=144687"},{"taxonomy":"post_tag","embeddable":true,"href":"https:\/\/www.copealcoy.es\/es\/wp-json\/wp\/v2\/tags?post=144687"}],"curies":[{"name":"wp","href":"https:\/\/api.w.org\/{rel}","templated":true}]}}