{"id":144485,"date":"2024-12-19T08:05:50","date_gmt":"2024-12-19T07:05:50","guid":{"rendered":"https:\/\/www.copealcoy.es\/?p=144485"},"modified":"2024-12-19T15:35:41","modified_gmt":"2024-12-19T14:35:41","slug":"el-pp-de-alcoy-cuestiona-el-borrador-de-presupuestos-para-2025-las-previsiones-son-irreales","status":"publish","type":"post","link":"https:\/\/www.copealcoy.es\/es\/el-pp-de-alcoy-cuestiona-el-borrador-de-presupuestos-para-2025-las-previsiones-son-irreales\/","title":{"rendered":"El PP de Alcoy cuestiona el borrador de Presupuestos para 2025 &#8220;las previsiones son irreales&#8221;"},"content":{"rendered":"<p style=\"text-align: justify;\">El <a href=\"https:\/\/www.facebook.com\/copealcoy\/\" target=\"_blank\" rel=\"noopener\"><strong><span style=\"color: #0000ff;\">Partido Popular de Alcoy<\/span><\/strong><\/a> ha expresado <strong>su descontento<\/strong> con la gesti\u00f3n del gobierno local, formado por PSPV y Comprom\u00eds,\u00a0 acus\u00e1ndolo de <strong>ignorar a la oposici\u00f3n<\/strong> durante la negociaci\u00f3n de los pr\u00f3ximos Presupuestos Municipales. <strong>Carlos Pastor<\/strong>, portavoz de la formaci\u00f3n pol\u00edtica, ha criticado que la propuesta de cuentas para el a\u00f1o que viene haya sido presentada en un documento de Excel &#8220;<em>sin las justificaciones, memorias ni informes necesarios<\/em>&#8220;, afirma el portavoz popular; <strong>Carlos Pastor<\/strong>.<\/p>\n<p style=\"text-align: justify;\">El propio Pastor <strong>ha calificado este borrador<\/strong> como &#8220;<em>irreal<\/em>&#8221; e &#8220;<em>inflado<\/em>&#8220;, afirmando que los ingresos y gastos presentados &#8220;<em>no son fiables<\/em>&#8220;.\u00a0 De igual forma, el l\u00edder popular <strong>ha subrayado que el gobierno no solo ignora al PP<\/strong>, que es el primer grupo de la oposici\u00f3n, sino que tambi\u00e9n muestra una &#8220;t<em>emeridad y dejadez absoluta<\/em>&#8221; al no facilitar los informes preceptivos ni las memorias del presupuesto. Pastor ha insistido en que el PP<strong> tiene claro qu\u00e9 quiere para la ciudad<\/strong>: &#8220;<em>Queremos inversiones reales. Cuando el alcalde Toni Franc\u00e9s quiera reunirse con nosotros le mostraremos nuestra propuesta de presupuesto para Alcoy. De momento, ni est\u00e1 ni se le espera<\/em>\u201d.<\/p>\n<p style=\"text-align: justify;\">Adem\u00e1s, sobre el super\u00e1vit anunciado por el ejecutivo el pasado lunes, que asciende a 1,2 millones de euros previstos para 2025, Pastor ha aclarado que este &#8220;<em>no es resultado de una buena gesti\u00f3n, sino del d\u00e9ficit obtenido en la liquidaci\u00f3n de 2023&#8243;, <\/em>ha aclarado. Por \u00faltimo, ha recordado que l<strong>a Ley obliga a ajustar las previsiones presupuestarias para 2025<\/strong> por el mismo importe.<\/p>\n<p><strong><span style=\"color: #0000ff;\">Un Presupuesto de m\u00e1s de setenta millones para 2025<\/span><\/strong><\/p>\n<p style=\"text-align: justify;\">Cabe recordar que el pasado lunes, el gobierno local <span style=\"color: #0000ff;\"><strong><a style=\"color: #0000ff;\" href=\"https:\/\/www.copealcoy.es\/es\/el-borrador-del-presupuesto-de-alcoy-para-2025-llega-antes-de-que-termine-este-ano\/\" target=\"_blank\" rel=\"noopener\">present\u00f3 un Presupuesto de 74 millones\u00a0 para el pr\u00f3ximo a\u00f1o<\/a><\/strong><\/span> y en el que la previsi\u00f3n de ingresos se incrementa en un 15% mientras que la de gastos del 13%, lo cual se traduce en unos 72 millones de euros. <span style=\"color: #333333; font-size: 16px;\">El ejecutivo <\/span><strong style=\"color: #333333; font-size: 16px;\">inicia ahora la ronda de negociaci\u00f3n<\/strong><span style=\"color: #333333; font-size: 16px;\">\u00a0con todos los partidos pol\u00edticos de la Corporaci\u00f3n Municipal confiando en que Guanyar Alcoi\u00a0<\/span><strong style=\"color: #333333; font-size: 16px;\">facilite la aprobaci\u00f3n de las cuentas<\/strong><span style=\"color: #333333; font-size: 16px;\">. La intenci\u00f3n es que\u00a0<\/span><strong style=\"color: #333333; font-size: 16px;\">el Pleno para aprobar el Presupuesto<\/strong><span style=\"color: #333333; font-size: 16px;\">\u00a0se celebre en las primeras semanas de 2025.<\/span><\/p>\n<aside id=\"post-content-bottom-sidebar\" class=\"clearfix\">\n<div class=\"post-widget-area\"><\/div>\n<\/aside>\n","protected":false},"excerpt":{"rendered":"<p>El Partido Popular de Alcoy ha expresado su descontento con la gesti\u00f3n del gobierno local, formado por PSPV y Comprom\u00eds,\u00a0&#8230;<\/p>\n","protected":false},"author":1,"featured_media":116372,"comment_status":"open","ping_status":"open","sticky":false,"template":"","format":"standard","meta":{"footnotes":""},"categories":[6909,97,75,79],"tags":[1494,8040,448,1572],"class_list":["post-144485","post","type-post","status-publish","format-standard","has-post-thumbnail","hentry","category-actualidad","category-alcoy","category-noticias","category-politicayeconomia","tag-alcoy","tag-borrador","tag-partido-popular","tag-presupuestos-municipales"],"yoast_head":"<!-- This site is optimized with the Yoast SEO plugin v27.3 - https:\/\/yoast.com\/product\/yoast-seo-wordpress\/ -->\n<title>El PP de Alcoy cuestiona el borrador de Presupuestos para 2025 &quot;las previsiones son irreales&quot; - COPE Alcoy<\/title>\n<meta name=\"description\" content=\"El Partido Popular de Alcoy ha expresado su descontento con la gesti\u00f3n del gobierno local, formado por PSPV y Comprom\u00eds,\u00a0 acus\u00e1ndolo de ignorar a la oposici\u00f3n durante la negociaci\u00f3n de los pr\u00f3ximos Presupuestos Municipales\" \/>\n<meta name=\"robots\" content=\"index, follow, max-snippet:-1, max-image-preview:large, max-video-preview:-1\" \/>\n<link rel=\"canonical\" href=\"https:\/\/www.copealcoy.es\/es\/el-pp-de-alcoy-cuestiona-el-borrador-de-presupuestos-para-2025-las-previsiones-son-irreales\/\" \/>\n<meta property=\"og:locale\" content=\"es_ES\" \/>\n<meta property=\"og:type\" content=\"article\" \/>\n<meta property=\"og:title\" content=\"El PP de Alcoy cuestiona el borrador de Presupuestos para 2025 &quot;las previsiones son irreales&quot; - COPE Alcoy\" \/>\n<meta property=\"og:description\" content=\"El Partido Popular de Alcoy ha expresado su descontento con la gesti\u00f3n del gobierno local, formado por PSPV y Comprom\u00eds,\u00a0 acus\u00e1ndolo de ignorar a la oposici\u00f3n durante la negociaci\u00f3n de los pr\u00f3ximos Presupuestos Municipales\" \/>\n<meta property=\"og:url\" content=\"https:\/\/www.copealcoy.es\/es\/el-pp-de-alcoy-cuestiona-el-borrador-de-presupuestos-para-2025-las-previsiones-son-irreales\/\" \/>\n<meta property=\"og:site_name\" content=\"COPE Alcoy\" \/>\n<meta property=\"article:published_time\" content=\"2024-12-19T07:05:50+00:00\" \/>\n<meta property=\"article:modified_time\" content=\"2024-12-19T14:35:41+00:00\" \/>\n<meta property=\"og:image\" content=\"https:\/\/www.copealcoy.es\/wp-content\/uploads\/2023\/05\/unnamed-1-18-scaled-e1685034886666.jpg\" \/>\n\t<meta property=\"og:image:width\" content=\"640\" \/>\n\t<meta property=\"og:image:height\" content=\"433\" \/>\n\t<meta property=\"og:image:type\" content=\"image\/jpeg\" \/>\n<meta name=\"author\" content=\"Cope Alcoy\" \/>\n<meta name=\"twitter:label1\" content=\"Escrito por\" \/>\n\t<meta name=\"twitter:data1\" content=\"Cope Alcoy\" \/>\n\t<meta name=\"twitter:label2\" content=\"Tiempo de lectura\" \/>\n\t<meta name=\"twitter:data2\" content=\"3 minutos\" \/>\n<script type=\"application\/ld+json\" class=\"yoast-schema-graph\">{\"@context\":\"https:\\\/\\\/schema.org\",\"@graph\":[{\"@type\":\"Article\",\"@id\":\"https:\\\/\\\/www.copealcoy.es\\\/es\\\/el-pp-de-alcoy-cuestiona-el-borrador-de-presupuestos-para-2025-las-previsiones-son-irreales\\\/#article\",\"isPartOf\":{\"@id\":\"https:\\\/\\\/www.copealcoy.es\\\/es\\\/el-pp-de-alcoy-cuestiona-el-borrador-de-presupuestos-para-2025-las-previsiones-son-irreales\\\/\"},\"author\":{\"name\":\"Cope Alcoy\",\"@id\":\"https:\\\/\\\/www.copealcoy.es\\\/es\\\/#\\\/schema\\\/person\\\/e777c87fa024e57d40170af9df39882c\"},\"headline\":\"El PP de Alcoy cuestiona el borrador de Presupuestos para 2025 &#8220;las previsiones son irreales&#8221;\",\"datePublished\":\"2024-12-19T07:05:50+00:00\",\"dateModified\":\"2024-12-19T14:35:41+00:00\",\"mainEntityOfPage\":{\"@id\":\"https:\\\/\\\/www.copealcoy.es\\\/es\\\/el-pp-de-alcoy-cuestiona-el-borrador-de-presupuestos-para-2025-las-previsiones-son-irreales\\\/\"},\"wordCount\":379,\"commentCount\":0,\"image\":{\"@id\":\"https:\\\/\\\/www.copealcoy.es\\\/es\\\/el-pp-de-alcoy-cuestiona-el-borrador-de-presupuestos-para-2025-las-previsiones-son-irreales\\\/#primaryimage\"},\"thumbnailUrl\":\"https:\\\/\\\/www.copealcoy.es\\\/wp-content\\\/uploads\\\/2023\\\/05\\\/unnamed-1-18-scaled-e1685034886666.jpg\",\"keywords\":[\"Alcoy\",\"borrador\",\"Partido Popular\",\"Presupuestos Municipales\"],\"articleSection\":[\"Actualidad\",\"Alcoy\",\"Noticias\",\"Pol\u00edtica y Econom\u00eda\"],\"inLanguage\":\"es\"},{\"@type\":\"WebPage\",\"@id\":\"https:\\\/\\\/www.copealcoy.es\\\/es\\\/el-pp-de-alcoy-cuestiona-el-borrador-de-presupuestos-para-2025-las-previsiones-son-irreales\\\/\",\"url\":\"https:\\\/\\\/www.copealcoy.es\\\/es\\\/el-pp-de-alcoy-cuestiona-el-borrador-de-presupuestos-para-2025-las-previsiones-son-irreales\\\/\",\"name\":\"El PP de Alcoy cuestiona el borrador de Presupuestos para 2025 \\\"las previsiones son irreales\\\" - COPE Alcoy\",\"isPartOf\":{\"@id\":\"https:\\\/\\\/www.copealcoy.es\\\/es\\\/#website\"},\"primaryImageOfPage\":{\"@id\":\"https:\\\/\\\/www.copealcoy.es\\\/es\\\/el-pp-de-alcoy-cuestiona-el-borrador-de-presupuestos-para-2025-las-previsiones-son-irreales\\\/#primaryimage\"},\"image\":{\"@id\":\"https:\\\/\\\/www.copealcoy.es\\\/es\\\/el-pp-de-alcoy-cuestiona-el-borrador-de-presupuestos-para-2025-las-previsiones-son-irreales\\\/#primaryimage\"},\"thumbnailUrl\":\"https:\\\/\\\/www.copealcoy.es\\\/wp-content\\\/uploads\\\/2023\\\/05\\\/unnamed-1-18-scaled-e1685034886666.jpg\",\"datePublished\":\"2024-12-19T07:05:50+00:00\",\"dateModified\":\"2024-12-19T14:35:41+00:00\",\"author\":{\"@id\":\"https:\\\/\\\/www.copealcoy.es\\\/es\\\/#\\\/schema\\\/person\\\/e777c87fa024e57d40170af9df39882c\"},\"description\":\"El Partido Popular de Alcoy ha expresado su descontento con la gesti\u00f3n del gobierno local, formado por PSPV y Comprom\u00eds,\u00a0 acus\u00e1ndolo de ignorar a la oposici\u00f3n durante la negociaci\u00f3n de los pr\u00f3ximos Presupuestos Municipales\",\"breadcrumb\":{\"@id\":\"https:\\\/\\\/www.copealcoy.es\\\/es\\\/el-pp-de-alcoy-cuestiona-el-borrador-de-presupuestos-para-2025-las-previsiones-son-irreales\\\/#breadcrumb\"},\"inLanguage\":\"es\",\"potentialAction\":[{\"@type\":\"ReadAction\",\"target\":[\"https:\\\/\\\/www.copealcoy.es\\\/es\\\/el-pp-de-alcoy-cuestiona-el-borrador-de-presupuestos-para-2025-las-previsiones-son-irreales\\\/\"]}]},{\"@type\":\"ImageObject\",\"inLanguage\":\"es\",\"@id\":\"https:\\\/\\\/www.copealcoy.es\\\/es\\\/el-pp-de-alcoy-cuestiona-el-borrador-de-presupuestos-para-2025-las-previsiones-son-irreales\\\/#primaryimage\",\"url\":\"https:\\\/\\\/www.copealcoy.es\\\/wp-content\\\/uploads\\\/2023\\\/05\\\/unnamed-1-18-scaled-e1685034886666.jpg\",\"contentUrl\":\"https:\\\/\\\/www.copealcoy.es\\\/wp-content\\\/uploads\\\/2023\\\/05\\\/unnamed-1-18-scaled-e1685034886666.jpg\",\"width\":640,\"height\":433},{\"@type\":\"BreadcrumbList\",\"@id\":\"https:\\\/\\\/www.copealcoy.es\\\/es\\\/el-pp-de-alcoy-cuestiona-el-borrador-de-presupuestos-para-2025-las-previsiones-son-irreales\\\/#breadcrumb\",\"itemListElement\":[{\"@type\":\"ListItem\",\"position\":1,\"name\":\"Portada\",\"item\":\"https:\\\/\\\/www.copealcoy.es\\\/es\\\/\"},{\"@type\":\"ListItem\",\"position\":2,\"name\":\"El PP de Alcoy cuestiona el borrador de Presupuestos para 2025 &#8220;las previsiones son irreales&#8221;\"}]},{\"@type\":\"WebSite\",\"@id\":\"https:\\\/\\\/www.copealcoy.es\\\/es\\\/#website\",\"url\":\"https:\\\/\\\/www.copealcoy.es\\\/es\\\/\",\"name\":\"COPE Alcoy\",\"description\":\"Emisora COPE de radio local con emisi\u00f3n online. Pont de Sant Jordi 8-10 03803 Alcoy\",\"potentialAction\":[{\"@type\":\"SearchAction\",\"target\":{\"@type\":\"EntryPoint\",\"urlTemplate\":\"https:\\\/\\\/www.copealcoy.es\\\/es\\\/?s={search_term_string}\"},\"query-input\":{\"@type\":\"PropertyValueSpecification\",\"valueRequired\":true,\"valueName\":\"search_term_string\"}}],\"inLanguage\":\"es\"},{\"@type\":\"Person\",\"@id\":\"https:\\\/\\\/www.copealcoy.es\\\/es\\\/#\\\/schema\\\/person\\\/e777c87fa024e57d40170af9df39882c\",\"name\":\"Cope Alcoy\",\"image\":{\"@type\":\"ImageObject\",\"inLanguage\":\"es\",\"@id\":\"https:\\\/\\\/secure.gravatar.com\\\/avatar\\\/bb65d0283347e303893ba14f0692005417c1e0e690a325a4c5d8bb2b3943ee14?s=96&d=mm&r=g\",\"url\":\"https:\\\/\\\/secure.gravatar.com\\\/avatar\\\/bb65d0283347e303893ba14f0692005417c1e0e690a325a4c5d8bb2b3943ee14?s=96&d=mm&r=g\",\"contentUrl\":\"https:\\\/\\\/secure.gravatar.com\\\/avatar\\\/bb65d0283347e303893ba14f0692005417c1e0e690a325a4c5d8bb2b3943ee14?s=96&d=mm&r=g\",\"caption\":\"Cope Alcoy\"}}]}<\/script>\n<!-- \/ Yoast SEO plugin. -->","yoast_head_json":{"title":"El PP de Alcoy cuestiona el borrador de Presupuestos para 2025 \"las previsiones son irreales\" - COPE Alcoy","description":"El Partido Popular de Alcoy ha expresado su descontento con la gesti\u00f3n del gobierno local, formado por PSPV y Comprom\u00eds,\u00a0 acus\u00e1ndolo de ignorar a la oposici\u00f3n durante la negociaci\u00f3n de los pr\u00f3ximos Presupuestos Municipales","robots":{"index":"index","follow":"follow","max-snippet":"max-snippet:-1","max-image-preview":"max-image-preview:large","max-video-preview":"max-video-preview:-1"},"canonical":"https:\/\/www.copealcoy.es\/es\/el-pp-de-alcoy-cuestiona-el-borrador-de-presupuestos-para-2025-las-previsiones-son-irreales\/","og_locale":"es_ES","og_type":"article","og_title":"El PP de Alcoy cuestiona el borrador de Presupuestos para 2025 \"las previsiones son irreales\" - COPE Alcoy","og_description":"El Partido Popular de Alcoy ha expresado su descontento con la gesti\u00f3n del gobierno local, formado por PSPV y Comprom\u00eds,\u00a0 acus\u00e1ndolo de ignorar a la oposici\u00f3n durante la negociaci\u00f3n de los pr\u00f3ximos Presupuestos Municipales","og_url":"https:\/\/www.copealcoy.es\/es\/el-pp-de-alcoy-cuestiona-el-borrador-de-presupuestos-para-2025-las-previsiones-son-irreales\/","og_site_name":"COPE Alcoy","article_published_time":"2024-12-19T07:05:50+00:00","article_modified_time":"2024-12-19T14:35:41+00:00","og_image":[{"width":640,"height":433,"url":"https:\/\/www.copealcoy.es\/wp-content\/uploads\/2023\/05\/unnamed-1-18-scaled-e1685034886666.jpg","type":"image\/jpeg"}],"author":"Cope Alcoy","twitter_misc":{"Escrito por":"Cope Alcoy","Tiempo de lectura":"3 minutos"},"schema":{"@context":"https:\/\/schema.org","@graph":[{"@type":"Article","@id":"https:\/\/www.copealcoy.es\/es\/el-pp-de-alcoy-cuestiona-el-borrador-de-presupuestos-para-2025-las-previsiones-son-irreales\/#article","isPartOf":{"@id":"https:\/\/www.copealcoy.es\/es\/el-pp-de-alcoy-cuestiona-el-borrador-de-presupuestos-para-2025-las-previsiones-son-irreales\/"},"author":{"name":"Cope Alcoy","@id":"https:\/\/www.copealcoy.es\/es\/#\/schema\/person\/e777c87fa024e57d40170af9df39882c"},"headline":"El PP de Alcoy cuestiona el borrador de Presupuestos para 2025 &#8220;las previsiones son irreales&#8221;","datePublished":"2024-12-19T07:05:50+00:00","dateModified":"2024-12-19T14:35:41+00:00","mainEntityOfPage":{"@id":"https:\/\/www.copealcoy.es\/es\/el-pp-de-alcoy-cuestiona-el-borrador-de-presupuestos-para-2025-las-previsiones-son-irreales\/"},"wordCount":379,"commentCount":0,"image":{"@id":"https:\/\/www.copealcoy.es\/es\/el-pp-de-alcoy-cuestiona-el-borrador-de-presupuestos-para-2025-las-previsiones-son-irreales\/#primaryimage"},"thumbnailUrl":"https:\/\/www.copealcoy.es\/wp-content\/uploads\/2023\/05\/unnamed-1-18-scaled-e1685034886666.jpg","keywords":["Alcoy","borrador","Partido Popular","Presupuestos Municipales"],"articleSection":["Actualidad","Alcoy","Noticias","Pol\u00edtica y Econom\u00eda"],"inLanguage":"es"},{"@type":"WebPage","@id":"https:\/\/www.copealcoy.es\/es\/el-pp-de-alcoy-cuestiona-el-borrador-de-presupuestos-para-2025-las-previsiones-son-irreales\/","url":"https:\/\/www.copealcoy.es\/es\/el-pp-de-alcoy-cuestiona-el-borrador-de-presupuestos-para-2025-las-previsiones-son-irreales\/","name":"El PP de Alcoy cuestiona el borrador de Presupuestos para 2025 \"las previsiones son irreales\" - COPE Alcoy","isPartOf":{"@id":"https:\/\/www.copealcoy.es\/es\/#website"},"primaryImageOfPage":{"@id":"https:\/\/www.copealcoy.es\/es\/el-pp-de-alcoy-cuestiona-el-borrador-de-presupuestos-para-2025-las-previsiones-son-irreales\/#primaryimage"},"image":{"@id":"https:\/\/www.copealcoy.es\/es\/el-pp-de-alcoy-cuestiona-el-borrador-de-presupuestos-para-2025-las-previsiones-son-irreales\/#primaryimage"},"thumbnailUrl":"https:\/\/www.copealcoy.es\/wp-content\/uploads\/2023\/05\/unnamed-1-18-scaled-e1685034886666.jpg","datePublished":"2024-12-19T07:05:50+00:00","dateModified":"2024-12-19T14:35:41+00:00","author":{"@id":"https:\/\/www.copealcoy.es\/es\/#\/schema\/person\/e777c87fa024e57d40170af9df39882c"},"description":"El Partido Popular de Alcoy ha expresado su descontento con la gesti\u00f3n del gobierno local, formado por PSPV y Comprom\u00eds,\u00a0 acus\u00e1ndolo de ignorar a la oposici\u00f3n durante la negociaci\u00f3n de los pr\u00f3ximos Presupuestos Municipales","breadcrumb":{"@id":"https:\/\/www.copealcoy.es\/es\/el-pp-de-alcoy-cuestiona-el-borrador-de-presupuestos-para-2025-las-previsiones-son-irreales\/#breadcrumb"},"inLanguage":"es","potentialAction":[{"@type":"ReadAction","target":["https:\/\/www.copealcoy.es\/es\/el-pp-de-alcoy-cuestiona-el-borrador-de-presupuestos-para-2025-las-previsiones-son-irreales\/"]}]},{"@type":"ImageObject","inLanguage":"es","@id":"https:\/\/www.copealcoy.es\/es\/el-pp-de-alcoy-cuestiona-el-borrador-de-presupuestos-para-2025-las-previsiones-son-irreales\/#primaryimage","url":"https:\/\/www.copealcoy.es\/wp-content\/uploads\/2023\/05\/unnamed-1-18-scaled-e1685034886666.jpg","contentUrl":"https:\/\/www.copealcoy.es\/wp-content\/uploads\/2023\/05\/unnamed-1-18-scaled-e1685034886666.jpg","width":640,"height":433},{"@type":"BreadcrumbList","@id":"https:\/\/www.copealcoy.es\/es\/el-pp-de-alcoy-cuestiona-el-borrador-de-presupuestos-para-2025-las-previsiones-son-irreales\/#breadcrumb","itemListElement":[{"@type":"ListItem","position":1,"name":"Portada","item":"https:\/\/www.copealcoy.es\/es\/"},{"@type":"ListItem","position":2,"name":"El PP de Alcoy cuestiona el borrador de Presupuestos para 2025 &#8220;las previsiones son irreales&#8221;"}]},{"@type":"WebSite","@id":"https:\/\/www.copealcoy.es\/es\/#website","url":"https:\/\/www.copealcoy.es\/es\/","name":"COPE Alcoy","description":"Emisora COPE de radio local con emisi\u00f3n online. Pont de Sant Jordi 8-10 03803 Alcoy","potentialAction":[{"@type":"SearchAction","target":{"@type":"EntryPoint","urlTemplate":"https:\/\/www.copealcoy.es\/es\/?s={search_term_string}"},"query-input":{"@type":"PropertyValueSpecification","valueRequired":true,"valueName":"search_term_string"}}],"inLanguage":"es"},{"@type":"Person","@id":"https:\/\/www.copealcoy.es\/es\/#\/schema\/person\/e777c87fa024e57d40170af9df39882c","name":"Cope Alcoy","image":{"@type":"ImageObject","inLanguage":"es","@id":"https:\/\/secure.gravatar.com\/avatar\/bb65d0283347e303893ba14f0692005417c1e0e690a325a4c5d8bb2b3943ee14?s=96&d=mm&r=g","url":"https:\/\/secure.gravatar.com\/avatar\/bb65d0283347e303893ba14f0692005417c1e0e690a325a4c5d8bb2b3943ee14?s=96&d=mm&r=g","contentUrl":"https:\/\/secure.gravatar.com\/avatar\/bb65d0283347e303893ba14f0692005417c1e0e690a325a4c5d8bb2b3943ee14?s=96&d=mm&r=g","caption":"Cope Alcoy"}}]}},"_links":{"self":[{"href":"https:\/\/www.copealcoy.es\/es\/wp-json\/wp\/v2\/posts\/144485","targetHints":{"allow":["GET"]}}],"collection":[{"href":"https:\/\/www.copealcoy.es\/es\/wp-json\/wp\/v2\/posts"}],"about":[{"href":"https:\/\/www.copealcoy.es\/es\/wp-json\/wp\/v2\/types\/post"}],"author":[{"embeddable":true,"href":"https:\/\/www.copealcoy.es\/es\/wp-json\/wp\/v2\/users\/1"}],"replies":[{"embeddable":true,"href":"https:\/\/www.copealcoy.es\/es\/wp-json\/wp\/v2\/comments?post=144485"}],"version-history":[{"count":0,"href":"https:\/\/www.copealcoy.es\/es\/wp-json\/wp\/v2\/posts\/144485\/revisions"}],"wp:featuredmedia":[{"embeddable":true,"href":"https:\/\/www.copealcoy.es\/es\/wp-json\/wp\/v2\/media\/116372"}],"wp:attachment":[{"href":"https:\/\/www.copealcoy.es\/es\/wp-json\/wp\/v2\/media?parent=144485"}],"wp:term":[{"taxonomy":"category","embeddable":true,"href":"https:\/\/www.copealcoy.es\/es\/wp-json\/wp\/v2\/categories?post=144485"},{"taxonomy":"post_tag","embeddable":true,"href":"https:\/\/www.copealcoy.es\/es\/wp-json\/wp\/v2\/tags?post=144485"}],"curies":[{"name":"wp","href":"https:\/\/api.w.org\/{rel}","templated":true}]}}