{"id":144213,"date":"2024-12-12T08:05:18","date_gmt":"2024-12-12T07:05:18","guid":{"rendered":"https:\/\/www.copealcoy.es\/?p=144213"},"modified":"2024-12-12T11:34:39","modified_gmt":"2024-12-12T10:34:39","slug":"intensificaran-los-controles-de-trafico-en-alcoy-durante-la-navidad","status":"publish","type":"post","link":"https:\/\/www.copealcoy.es\/es\/intensificaran-los-controles-de-trafico-en-alcoy-durante-la-navidad\/","title":{"rendered":"Intensificar\u00e1n los controles de tr\u00e1fico en Alcoy durante la Navidad"},"content":{"rendered":"<p style=\"text-align: justify;\">Durante <strong>la semana del 16 al 22 de diciembre de 2024<\/strong>, la <a href=\"https:\/\/www.facebook.com\/policialocalalcoi\" target=\"_blank\" rel=\"noopener\"><span style=\"color: #0000ff;\"><strong>Polic\u00eda Local de Alcoy<\/strong><\/span><\/a> llevar\u00e1 a cabo <strong>un refuerzo en los servicios de control y vigilancia del tr\u00e1fico<\/strong>, especialmente durante los fines de semana. Esta acci\u00f3n forma parte de la campa\u00f1a municipal que <strong>ya se inici\u00f3 en la recta final del pasado verano<\/strong> sobre seguridad vial, centrada en el consumo de alcohol y otras drogas al volante.<\/p>\n<p style=\"text-align: justify;\">Desde el comienzo de esta iniciativa, <strong>se ha observado una notable disminuci\u00f3n<\/strong> en las infracciones relacionadas con el consumo de alcohol al conducir. En <strong>septiembre<\/strong>, 35 conductores superaron la tasa permitida; en <strong>octubre<\/strong>, fueron 31; mientras que en <strong>noviembre<\/strong> la cifra baj\u00f3 a 12. En lo que va de <strong>diciembre<\/strong>, solo se han registrado 2 infractores en los primeros diez d\u00edas del mes. A pesar de estos avances, consideran desde el consistorio de nuestra ciudad que a\u00fan <strong>no se han alcanzado los resultados deseados<\/strong>, por lo que continuar\u00e1n con los controles hasta finalizar el periodo navide\u00f1o &#8220;<em>con esta Campa\u00f1a Especial, la DGT y el Ayuntamiento reafirmamos nuestro compromiso con la seguridad vial. Recordamos que la \u00fanica tasa segura de alcohol al volante es 0,0%. Esperamos que esta acci\u00f3n conjunta ayude a salvar vidas y a concienciar a la ciudadan\u00eda sobre los riesgos de conducir bajo la influencia de sustancias psicoactivas<\/em>&#8220;, afirma el concejal de Seguridad; <strong>Ra\u00fcl Llopis<\/strong>. Cabe recordar que los citados controles <strong>se intensificar\u00e1n a partir de la semana que viene<\/strong> y los mismos se incrementar\u00e1n de cara a los fines de semana o los d\u00edas festivos en torno a Navidad, A\u00f1o Nuevo y la fiesta de los Reyes Magos.<\/p>\n<p style=\"text-align: justify;\">La iniciativa, tal y como remarcan desde el Consistorio, <strong>busca reducir la siniestralidad vial y avanzar en la Estrategia Espa\u00f1ola de Seguridad Vial 2030<\/strong>, promoviendo una pol\u00edtica de &#8220;Tolerancia cero&#8221; frente a comportamientos de riesgo al volante. El inicio de la nueva campa\u00f1a coincidir\u00e1 con el <strong>periodo de cenas y comidas de empresa<\/strong>, uno de los momentos del a\u00f1o m\u00e1s cr\u00edticos por el riesgo de accidentes de tr\u00e1fico tal y como remarcan desde la DGT.<\/p>\n","protected":false},"excerpt":{"rendered":"<p>Durante la semana del 16 al 22 de diciembre de 2024, la Polic\u00eda Local de Alcoy llevar\u00e1 a cabo un&#8230;<\/p>\n","protected":false},"author":1,"featured_media":139256,"comment_status":"open","ping_status":"open","sticky":false,"template":"","format":"standard","meta":{"footnotes":""},"categories":[6909,97,75,79],"tags":[1494,199,174,846,401],"class_list":["post-144213","post","type-post","status-publish","format-standard","has-post-thumbnail","hentry","category-actualidad","category-alcoy","category-noticias","category-politicayeconomia","tag-alcoy","tag-campana","tag-navidad","tag-policia-local","tag-trafico"],"yoast_head":"<!-- This site is optimized with the Yoast SEO plugin v27.3 - https:\/\/yoast.com\/product\/yoast-seo-wordpress\/ -->\n<title>Intensificar\u00e1n los controles de tr\u00e1fico en Alcoy durante la Navidad - COPE Alcoy<\/title>\n<meta name=\"description\" content=\"Durante la semana del 16 al 22 de diciembre de 2024, la Polic\u00eda Local de Alcoy llevar\u00e1 a cabo un refuerzo en los servicios de control y vigilancia del tr\u00e1fico, especialmente durante los fines de semana\" \/>\n<meta name=\"robots\" content=\"index, follow, max-snippet:-1, max-image-preview:large, max-video-preview:-1\" \/>\n<link rel=\"canonical\" href=\"https:\/\/www.copealcoy.es\/es\/intensificaran-los-controles-de-trafico-en-alcoy-durante-la-navidad\/\" \/>\n<meta property=\"og:locale\" content=\"es_ES\" \/>\n<meta property=\"og:type\" content=\"article\" \/>\n<meta property=\"og:title\" content=\"Intensificar\u00e1n los controles de tr\u00e1fico en Alcoy durante la Navidad - COPE Alcoy\" \/>\n<meta property=\"og:description\" content=\"Durante la semana del 16 al 22 de diciembre de 2024, la Polic\u00eda Local de Alcoy llevar\u00e1 a cabo un refuerzo en los servicios de control y vigilancia del tr\u00e1fico, especialmente durante los fines de semana\" \/>\n<meta property=\"og:url\" content=\"https:\/\/www.copealcoy.es\/es\/intensificaran-los-controles-de-trafico-en-alcoy-durante-la-navidad\/\" \/>\n<meta property=\"og:site_name\" content=\"COPE Alcoy\" \/>\n<meta property=\"article:published_time\" content=\"2024-12-12T07:05:18+00:00\" \/>\n<meta property=\"article:modified_time\" content=\"2024-12-12T10:34:39+00:00\" \/>\n<meta property=\"og:image\" content=\"https:\/\/www.copealcoy.es\/wp-content\/uploads\/2024\/08\/Control-Campanya-DGT-Policia-Local-Alcoi.jpg_1797007883.jpg\" \/>\n\t<meta property=\"og:image:width\" content=\"577\" \/>\n\t<meta property=\"og:image:height\" content=\"360\" \/>\n\t<meta property=\"og:image:type\" content=\"image\/jpeg\" \/>\n<meta name=\"author\" content=\"Cope Alcoy\" \/>\n<meta name=\"twitter:label1\" content=\"Escrito por\" \/>\n\t<meta name=\"twitter:data1\" content=\"Cope Alcoy\" \/>\n\t<meta name=\"twitter:label2\" content=\"Tiempo de lectura\" \/>\n\t<meta name=\"twitter:data2\" content=\"3 minutos\" \/>\n<script type=\"application\/ld+json\" class=\"yoast-schema-graph\">{\"@context\":\"https:\\\/\\\/schema.org\",\"@graph\":[{\"@type\":\"Article\",\"@id\":\"https:\\\/\\\/www.copealcoy.es\\\/es\\\/intensificaran-los-controles-de-trafico-en-alcoy-durante-la-navidad\\\/#article\",\"isPartOf\":{\"@id\":\"https:\\\/\\\/www.copealcoy.es\\\/es\\\/intensificaran-los-controles-de-trafico-en-alcoy-durante-la-navidad\\\/\"},\"author\":{\"name\":\"Cope Alcoy\",\"@id\":\"https:\\\/\\\/www.copealcoy.es\\\/es\\\/#\\\/schema\\\/person\\\/e777c87fa024e57d40170af9df39882c\"},\"headline\":\"Intensificar\u00e1n los controles de tr\u00e1fico en Alcoy durante la Navidad\",\"datePublished\":\"2024-12-12T07:05:18+00:00\",\"dateModified\":\"2024-12-12T10:34:39+00:00\",\"mainEntityOfPage\":{\"@id\":\"https:\\\/\\\/www.copealcoy.es\\\/es\\\/intensificaran-los-controles-de-trafico-en-alcoy-durante-la-navidad\\\/\"},\"wordCount\":372,\"commentCount\":0,\"image\":{\"@id\":\"https:\\\/\\\/www.copealcoy.es\\\/es\\\/intensificaran-los-controles-de-trafico-en-alcoy-durante-la-navidad\\\/#primaryimage\"},\"thumbnailUrl\":\"https:\\\/\\\/www.copealcoy.es\\\/wp-content\\\/uploads\\\/2024\\\/08\\\/Control-Campanya-DGT-Policia-Local-Alcoi.jpg_1797007883.jpg\",\"keywords\":[\"Alcoy\",\"Campa\u00f1a\",\"Navidad\",\"Polic\u00eda Local\",\"Tr\u00e1fico\"],\"articleSection\":[\"Actualidad\",\"Alcoy\",\"Noticias\",\"Pol\u00edtica y Econom\u00eda\"],\"inLanguage\":\"es\"},{\"@type\":\"WebPage\",\"@id\":\"https:\\\/\\\/www.copealcoy.es\\\/es\\\/intensificaran-los-controles-de-trafico-en-alcoy-durante-la-navidad\\\/\",\"url\":\"https:\\\/\\\/www.copealcoy.es\\\/es\\\/intensificaran-los-controles-de-trafico-en-alcoy-durante-la-navidad\\\/\",\"name\":\"Intensificar\u00e1n los controles de tr\u00e1fico en Alcoy durante la Navidad - COPE Alcoy\",\"isPartOf\":{\"@id\":\"https:\\\/\\\/www.copealcoy.es\\\/es\\\/#website\"},\"primaryImageOfPage\":{\"@id\":\"https:\\\/\\\/www.copealcoy.es\\\/es\\\/intensificaran-los-controles-de-trafico-en-alcoy-durante-la-navidad\\\/#primaryimage\"},\"image\":{\"@id\":\"https:\\\/\\\/www.copealcoy.es\\\/es\\\/intensificaran-los-controles-de-trafico-en-alcoy-durante-la-navidad\\\/#primaryimage\"},\"thumbnailUrl\":\"https:\\\/\\\/www.copealcoy.es\\\/wp-content\\\/uploads\\\/2024\\\/08\\\/Control-Campanya-DGT-Policia-Local-Alcoi.jpg_1797007883.jpg\",\"datePublished\":\"2024-12-12T07:05:18+00:00\",\"dateModified\":\"2024-12-12T10:34:39+00:00\",\"author\":{\"@id\":\"https:\\\/\\\/www.copealcoy.es\\\/es\\\/#\\\/schema\\\/person\\\/e777c87fa024e57d40170af9df39882c\"},\"description\":\"Durante la semana del 16 al 22 de diciembre de 2024, la Polic\u00eda Local de Alcoy llevar\u00e1 a cabo un refuerzo en los servicios de control y vigilancia del tr\u00e1fico, especialmente durante los fines de semana\",\"breadcrumb\":{\"@id\":\"https:\\\/\\\/www.copealcoy.es\\\/es\\\/intensificaran-los-controles-de-trafico-en-alcoy-durante-la-navidad\\\/#breadcrumb\"},\"inLanguage\":\"es\",\"potentialAction\":[{\"@type\":\"ReadAction\",\"target\":[\"https:\\\/\\\/www.copealcoy.es\\\/es\\\/intensificaran-los-controles-de-trafico-en-alcoy-durante-la-navidad\\\/\"]}]},{\"@type\":\"ImageObject\",\"inLanguage\":\"es\",\"@id\":\"https:\\\/\\\/www.copealcoy.es\\\/es\\\/intensificaran-los-controles-de-trafico-en-alcoy-durante-la-navidad\\\/#primaryimage\",\"url\":\"https:\\\/\\\/www.copealcoy.es\\\/wp-content\\\/uploads\\\/2024\\\/08\\\/Control-Campanya-DGT-Policia-Local-Alcoi.jpg_1797007883.jpg\",\"contentUrl\":\"https:\\\/\\\/www.copealcoy.es\\\/wp-content\\\/uploads\\\/2024\\\/08\\\/Control-Campanya-DGT-Policia-Local-Alcoi.jpg_1797007883.jpg\",\"width\":577,\"height\":360},{\"@type\":\"BreadcrumbList\",\"@id\":\"https:\\\/\\\/www.copealcoy.es\\\/es\\\/intensificaran-los-controles-de-trafico-en-alcoy-durante-la-navidad\\\/#breadcrumb\",\"itemListElement\":[{\"@type\":\"ListItem\",\"position\":1,\"name\":\"Portada\",\"item\":\"https:\\\/\\\/www.copealcoy.es\\\/es\\\/\"},{\"@type\":\"ListItem\",\"position\":2,\"name\":\"Intensificar\u00e1n los controles de tr\u00e1fico en Alcoy durante la Navidad\"}]},{\"@type\":\"WebSite\",\"@id\":\"https:\\\/\\\/www.copealcoy.es\\\/es\\\/#website\",\"url\":\"https:\\\/\\\/www.copealcoy.es\\\/es\\\/\",\"name\":\"COPE Alcoy\",\"description\":\"Emisora COPE de radio local con emisi\u00f3n online. Pont de Sant Jordi 8-10 03803 Alcoy\",\"potentialAction\":[{\"@type\":\"SearchAction\",\"target\":{\"@type\":\"EntryPoint\",\"urlTemplate\":\"https:\\\/\\\/www.copealcoy.es\\\/es\\\/?s={search_term_string}\"},\"query-input\":{\"@type\":\"PropertyValueSpecification\",\"valueRequired\":true,\"valueName\":\"search_term_string\"}}],\"inLanguage\":\"es\"},{\"@type\":\"Person\",\"@id\":\"https:\\\/\\\/www.copealcoy.es\\\/es\\\/#\\\/schema\\\/person\\\/e777c87fa024e57d40170af9df39882c\",\"name\":\"Cope Alcoy\",\"image\":{\"@type\":\"ImageObject\",\"inLanguage\":\"es\",\"@id\":\"https:\\\/\\\/secure.gravatar.com\\\/avatar\\\/bb65d0283347e303893ba14f0692005417c1e0e690a325a4c5d8bb2b3943ee14?s=96&d=mm&r=g\",\"url\":\"https:\\\/\\\/secure.gravatar.com\\\/avatar\\\/bb65d0283347e303893ba14f0692005417c1e0e690a325a4c5d8bb2b3943ee14?s=96&d=mm&r=g\",\"contentUrl\":\"https:\\\/\\\/secure.gravatar.com\\\/avatar\\\/bb65d0283347e303893ba14f0692005417c1e0e690a325a4c5d8bb2b3943ee14?s=96&d=mm&r=g\",\"caption\":\"Cope Alcoy\"}}]}<\/script>\n<!-- \/ Yoast SEO plugin. -->","yoast_head_json":{"title":"Intensificar\u00e1n los controles de tr\u00e1fico en Alcoy durante la Navidad - COPE Alcoy","description":"Durante la semana del 16 al 22 de diciembre de 2024, la Polic\u00eda Local de Alcoy llevar\u00e1 a cabo un refuerzo en los servicios de control y vigilancia del tr\u00e1fico, especialmente durante los fines de semana","robots":{"index":"index","follow":"follow","max-snippet":"max-snippet:-1","max-image-preview":"max-image-preview:large","max-video-preview":"max-video-preview:-1"},"canonical":"https:\/\/www.copealcoy.es\/es\/intensificaran-los-controles-de-trafico-en-alcoy-durante-la-navidad\/","og_locale":"es_ES","og_type":"article","og_title":"Intensificar\u00e1n los controles de tr\u00e1fico en Alcoy durante la Navidad - COPE Alcoy","og_description":"Durante la semana del 16 al 22 de diciembre de 2024, la Polic\u00eda Local de Alcoy llevar\u00e1 a cabo un refuerzo en los servicios de control y vigilancia del tr\u00e1fico, especialmente durante los fines de semana","og_url":"https:\/\/www.copealcoy.es\/es\/intensificaran-los-controles-de-trafico-en-alcoy-durante-la-navidad\/","og_site_name":"COPE Alcoy","article_published_time":"2024-12-12T07:05:18+00:00","article_modified_time":"2024-12-12T10:34:39+00:00","og_image":[{"width":577,"height":360,"url":"https:\/\/www.copealcoy.es\/wp-content\/uploads\/2024\/08\/Control-Campanya-DGT-Policia-Local-Alcoi.jpg_1797007883.jpg","type":"image\/jpeg"}],"author":"Cope Alcoy","twitter_misc":{"Escrito por":"Cope Alcoy","Tiempo de lectura":"3 minutos"},"schema":{"@context":"https:\/\/schema.org","@graph":[{"@type":"Article","@id":"https:\/\/www.copealcoy.es\/es\/intensificaran-los-controles-de-trafico-en-alcoy-durante-la-navidad\/#article","isPartOf":{"@id":"https:\/\/www.copealcoy.es\/es\/intensificaran-los-controles-de-trafico-en-alcoy-durante-la-navidad\/"},"author":{"name":"Cope Alcoy","@id":"https:\/\/www.copealcoy.es\/es\/#\/schema\/person\/e777c87fa024e57d40170af9df39882c"},"headline":"Intensificar\u00e1n los controles de tr\u00e1fico en Alcoy durante la Navidad","datePublished":"2024-12-12T07:05:18+00:00","dateModified":"2024-12-12T10:34:39+00:00","mainEntityOfPage":{"@id":"https:\/\/www.copealcoy.es\/es\/intensificaran-los-controles-de-trafico-en-alcoy-durante-la-navidad\/"},"wordCount":372,"commentCount":0,"image":{"@id":"https:\/\/www.copealcoy.es\/es\/intensificaran-los-controles-de-trafico-en-alcoy-durante-la-navidad\/#primaryimage"},"thumbnailUrl":"https:\/\/www.copealcoy.es\/wp-content\/uploads\/2024\/08\/Control-Campanya-DGT-Policia-Local-Alcoi.jpg_1797007883.jpg","keywords":["Alcoy","Campa\u00f1a","Navidad","Polic\u00eda Local","Tr\u00e1fico"],"articleSection":["Actualidad","Alcoy","Noticias","Pol\u00edtica y Econom\u00eda"],"inLanguage":"es"},{"@type":"WebPage","@id":"https:\/\/www.copealcoy.es\/es\/intensificaran-los-controles-de-trafico-en-alcoy-durante-la-navidad\/","url":"https:\/\/www.copealcoy.es\/es\/intensificaran-los-controles-de-trafico-en-alcoy-durante-la-navidad\/","name":"Intensificar\u00e1n los controles de tr\u00e1fico en Alcoy durante la Navidad - COPE Alcoy","isPartOf":{"@id":"https:\/\/www.copealcoy.es\/es\/#website"},"primaryImageOfPage":{"@id":"https:\/\/www.copealcoy.es\/es\/intensificaran-los-controles-de-trafico-en-alcoy-durante-la-navidad\/#primaryimage"},"image":{"@id":"https:\/\/www.copealcoy.es\/es\/intensificaran-los-controles-de-trafico-en-alcoy-durante-la-navidad\/#primaryimage"},"thumbnailUrl":"https:\/\/www.copealcoy.es\/wp-content\/uploads\/2024\/08\/Control-Campanya-DGT-Policia-Local-Alcoi.jpg_1797007883.jpg","datePublished":"2024-12-12T07:05:18+00:00","dateModified":"2024-12-12T10:34:39+00:00","author":{"@id":"https:\/\/www.copealcoy.es\/es\/#\/schema\/person\/e777c87fa024e57d40170af9df39882c"},"description":"Durante la semana del 16 al 22 de diciembre de 2024, la Polic\u00eda Local de Alcoy llevar\u00e1 a cabo un refuerzo en los servicios de control y vigilancia del tr\u00e1fico, especialmente durante los fines de semana","breadcrumb":{"@id":"https:\/\/www.copealcoy.es\/es\/intensificaran-los-controles-de-trafico-en-alcoy-durante-la-navidad\/#breadcrumb"},"inLanguage":"es","potentialAction":[{"@type":"ReadAction","target":["https:\/\/www.copealcoy.es\/es\/intensificaran-los-controles-de-trafico-en-alcoy-durante-la-navidad\/"]}]},{"@type":"ImageObject","inLanguage":"es","@id":"https:\/\/www.copealcoy.es\/es\/intensificaran-los-controles-de-trafico-en-alcoy-durante-la-navidad\/#primaryimage","url":"https:\/\/www.copealcoy.es\/wp-content\/uploads\/2024\/08\/Control-Campanya-DGT-Policia-Local-Alcoi.jpg_1797007883.jpg","contentUrl":"https:\/\/www.copealcoy.es\/wp-content\/uploads\/2024\/08\/Control-Campanya-DGT-Policia-Local-Alcoi.jpg_1797007883.jpg","width":577,"height":360},{"@type":"BreadcrumbList","@id":"https:\/\/www.copealcoy.es\/es\/intensificaran-los-controles-de-trafico-en-alcoy-durante-la-navidad\/#breadcrumb","itemListElement":[{"@type":"ListItem","position":1,"name":"Portada","item":"https:\/\/www.copealcoy.es\/es\/"},{"@type":"ListItem","position":2,"name":"Intensificar\u00e1n los controles de tr\u00e1fico en Alcoy durante la Navidad"}]},{"@type":"WebSite","@id":"https:\/\/www.copealcoy.es\/es\/#website","url":"https:\/\/www.copealcoy.es\/es\/","name":"COPE Alcoy","description":"Emisora COPE de radio local con emisi\u00f3n online. Pont de Sant Jordi 8-10 03803 Alcoy","potentialAction":[{"@type":"SearchAction","target":{"@type":"EntryPoint","urlTemplate":"https:\/\/www.copealcoy.es\/es\/?s={search_term_string}"},"query-input":{"@type":"PropertyValueSpecification","valueRequired":true,"valueName":"search_term_string"}}],"inLanguage":"es"},{"@type":"Person","@id":"https:\/\/www.copealcoy.es\/es\/#\/schema\/person\/e777c87fa024e57d40170af9df39882c","name":"Cope Alcoy","image":{"@type":"ImageObject","inLanguage":"es","@id":"https:\/\/secure.gravatar.com\/avatar\/bb65d0283347e303893ba14f0692005417c1e0e690a325a4c5d8bb2b3943ee14?s=96&d=mm&r=g","url":"https:\/\/secure.gravatar.com\/avatar\/bb65d0283347e303893ba14f0692005417c1e0e690a325a4c5d8bb2b3943ee14?s=96&d=mm&r=g","contentUrl":"https:\/\/secure.gravatar.com\/avatar\/bb65d0283347e303893ba14f0692005417c1e0e690a325a4c5d8bb2b3943ee14?s=96&d=mm&r=g","caption":"Cope Alcoy"}}]}},"_links":{"self":[{"href":"https:\/\/www.copealcoy.es\/es\/wp-json\/wp\/v2\/posts\/144213","targetHints":{"allow":["GET"]}}],"collection":[{"href":"https:\/\/www.copealcoy.es\/es\/wp-json\/wp\/v2\/posts"}],"about":[{"href":"https:\/\/www.copealcoy.es\/es\/wp-json\/wp\/v2\/types\/post"}],"author":[{"embeddable":true,"href":"https:\/\/www.copealcoy.es\/es\/wp-json\/wp\/v2\/users\/1"}],"replies":[{"embeddable":true,"href":"https:\/\/www.copealcoy.es\/es\/wp-json\/wp\/v2\/comments?post=144213"}],"version-history":[{"count":0,"href":"https:\/\/www.copealcoy.es\/es\/wp-json\/wp\/v2\/posts\/144213\/revisions"}],"wp:featuredmedia":[{"embeddable":true,"href":"https:\/\/www.copealcoy.es\/es\/wp-json\/wp\/v2\/media\/139256"}],"wp:attachment":[{"href":"https:\/\/www.copealcoy.es\/es\/wp-json\/wp\/v2\/media?parent=144213"}],"wp:term":[{"taxonomy":"category","embeddable":true,"href":"https:\/\/www.copealcoy.es\/es\/wp-json\/wp\/v2\/categories?post=144213"},{"taxonomy":"post_tag","embeddable":true,"href":"https:\/\/www.copealcoy.es\/es\/wp-json\/wp\/v2\/tags?post=144213"}],"curies":[{"name":"wp","href":"https:\/\/api.w.org\/{rel}","templated":true}]}}