{"id":144133,"date":"2024-12-10T08:15:26","date_gmt":"2024-12-10T07:15:26","guid":{"rendered":"https:\/\/www.copealcoy.es\/?p=144133"},"modified":"2024-12-10T11:36:55","modified_gmt":"2024-12-10T10:36:55","slug":"avanzan-los-pasos-para-desarrollar-suelo-industrial-en-alcoy-seremos-muy-escrupulosos","status":"publish","type":"post","link":"https:\/\/www.copealcoy.es\/es\/avanzan-los-pasos-para-desarrollar-suelo-industrial-en-alcoy-seremos-muy-escrupulosos\/","title":{"rendered":"Avanzan los pasos para desarrollar suelo industrial en Alcoy: &#8220;seremos muy escrupulosos&#8221;"},"content":{"rendered":"<p style=\"text-align: justify;\">Analizar<strong> las necesidades que ahora mismo tiene Alcoy<\/strong> en relaci\u00f3n a la falta de suelo industrial y planificar una soluci\u00f3n al respecto es una de las cuestiones que se pusieron sobre la mesa ayer en <strong>las nuevas instalaciones de <a href=\"https:\/\/www.aitex.es\/\" target=\"_blank\" rel=\"noopener\"><span style=\"color: #0000ff;\">AITEX<\/span><\/a><\/strong>. All\u00ed el sector empresarial de nuestra ciudad y tambi\u00e9n de la comarca, representado por la C\u00e1mara de Comercio, <strong>mantuvo una reuni\u00f3n con el Conseller Vicente Mart\u00ednez Mus<\/strong>, al frente de las carteras de Medio Ambiente, Infraestructuras y Territorio; a la que asistieron tambi\u00e9n representantes del mismo instituto tecnol\u00f3gico del textil y de la cosm\u00e9tica.<\/p>\n<p style=\"text-align: justify;\">Mart\u00ednez Mus record\u00f3 que en nuestra ciudad <strong>existe una necesidad manifiesta de disponer de suelo industrial de calidad<\/strong>, desde hace d\u00e9cadas, e insisti\u00f3 en que este aspecto es prioritario de cara a conseguir que nuestras empresas se queden en el t\u00e9rmino municipal de la ciudad al mismo tiempo que puedan llegar nuevas. El Conseller explic\u00f3 que <strong>se siguen dando pasos desde la administraci\u00f3n auton\u00f3mica<\/strong>, trabajando junto al Ayuntamiento y C\u00e1mara de Comercio, para <strong>desarrollar una alternativa de suelo industrial que sea sostenible desde el punto de vista medioambiental<\/strong>. De igual forma asever\u00f3 que <strong>contin\u00faa el proceso para disponer de los informes medioambientales necesarios de cara a determinar la viabilidad de iniciativas como el \u00e1rea industrial de Alcoy Sur<\/strong> &#8220;<em>en los pr\u00f3ximos meses habr\u00e1 resultados m\u00e1s definitivos. Lo importante es que contin\u00fae esta colaboraci\u00f3n conjunta entre todas las partes implicadas para alcanzar la soluci\u00f3n que tanto necesita el tejido empresarial de la ciudad y su no lo conseguimos es que no habremos hecho bien nuestro trabajo. Vamos a ser muy escrupulosos para alcanzar la soluci\u00f3n que haga compatible la protecci\u00f3n ambiental con el desarrollo de nuevo suelo industrial, algo tan necesario<\/em>&#8220;, dijo. Por \u00faltimo, Mart\u00ednez Mus <strong>habl\u00f3 de ese posible pol\u00edgono industrial mancomunado<\/strong> que tantas veces ha estado en el punto de mira de estas comarcas &#8220;<em>cualquier iniciativa ser\u00e1 siempre estudiada, para analizar su viabilidad ambiental, y la soluci\u00f3n a esa falta industrial no tiene l\u00edmites de espacio. Tenemos capacidad en toda la zona para albergar tanto inversi\u00f3n propia como extranjera, y en esa l\u00ednea vamos a seguir trabajando<\/em>&#8220;, concluy\u00f3.<\/p>\n<p style=\"text-align: justify;\">Desde AITEX su presidente, <strong>Le\u00f3n Grau<\/strong>, agradeci\u00f3 la visita del Conseller a las nuevas instalaciones despu\u00e9s de un recorrido que permiti\u00f3 a Vicente Mart\u00ednez Mus conocer la actividad que se desempe\u00f1a en los diferentes laboratorios del instituto. Tambi\u00e9n se explicaron los proyectos de circularidad con los que ya trabaja AITEX y cuyo principal objetivo es la preservaci\u00f3n del medio ambiente, as\u00ed como el entorno natural a trav\u00e9s de iniciativas como el reciclado de residuos textiles. Finalmente <strong>Luc\u00eda Pascual<\/strong>, presidenta de la C\u00e1mara de Comercio de Alcoy, puso foco en la importancia de seguir trabajar conjuntamente todas las partes implicadas para alcanzar esa soluci\u00f3n definitiva a la falta de suelo industrial que tiene nuestra ciudad.<\/p>\n","protected":false},"excerpt":{"rendered":"<p>Analizar las necesidades que ahora mismo tiene Alcoy en relaci\u00f3n a la falta de suelo industrial y planificar una soluci\u00f3n&#8230;<\/p>\n","protected":false},"author":1,"featured_media":144138,"comment_status":"open","ping_status":"open","sticky":false,"template":"","format":"standard","meta":{"footnotes":""},"categories":[6909,97,75,79,125],"tags":[1494,1217,1827,18962,1154],"class_list":["post-144133","post","type-post","status-publish","format-standard","has-post-thumbnail","hentry","category-actualidad","category-alcoy","category-noticias","category-politicayeconomia","category-portada","tag-alcoy","tag-conseller","tag-suelo-industrial","tag-vicente-martinez-mus","tag-visita"],"yoast_head":"<!-- This site is optimized with the Yoast SEO plugin v27.3 - https:\/\/yoast.com\/product\/yoast-seo-wordpress\/ -->\n<title>Avanzan los pasos para desarrollar suelo industrial en Alcoy: &quot;seremos muy escrupulosos&quot; - COPE Alcoy<\/title>\n<meta name=\"description\" content=\"Analizar las necesidades que ahora mismo tiene Alcoy en relaci\u00f3n a la falta de suelo industrial y planificar una soluci\u00f3n al respecto es una de las cuestiones que se han puesto en este lunes sobre la mesa en las nuevas instalaciones de AITEX\" \/>\n<meta name=\"robots\" content=\"index, follow, max-snippet:-1, max-image-preview:large, max-video-preview:-1\" \/>\n<link rel=\"canonical\" href=\"https:\/\/www.copealcoy.es\/es\/avanzan-los-pasos-para-desarrollar-suelo-industrial-en-alcoy-seremos-muy-escrupulosos\/\" \/>\n<meta property=\"og:locale\" content=\"es_ES\" \/>\n<meta property=\"og:type\" content=\"article\" \/>\n<meta property=\"og:title\" content=\"Avanzan los pasos para desarrollar suelo industrial en Alcoy: &quot;seremos muy escrupulosos&quot; - COPE Alcoy\" \/>\n<meta property=\"og:description\" content=\"Analizar las necesidades que ahora mismo tiene Alcoy en relaci\u00f3n a la falta de suelo industrial y planificar una soluci\u00f3n al respecto es una de las cuestiones que se han puesto en este lunes sobre la mesa en las nuevas instalaciones de AITEX\" \/>\n<meta property=\"og:url\" content=\"https:\/\/www.copealcoy.es\/es\/avanzan-los-pasos-para-desarrollar-suelo-industrial-en-alcoy-seremos-muy-escrupulosos\/\" \/>\n<meta property=\"og:site_name\" content=\"COPE Alcoy\" \/>\n<meta property=\"article:published_time\" content=\"2024-12-10T07:15:26+00:00\" \/>\n<meta property=\"article:modified_time\" content=\"2024-12-10T10:36:55+00:00\" \/>\n<meta property=\"og:image\" content=\"https:\/\/www.copealcoy.es\/wp-content\/uploads\/2024\/12\/img_1869_NoticiaAmpliada.jpg\" \/>\n\t<meta property=\"og:image:width\" content=\"768\" \/>\n\t<meta property=\"og:image:height\" content=\"497\" \/>\n\t<meta property=\"og:image:type\" content=\"image\/jpeg\" \/>\n<meta name=\"author\" content=\"Cope Alcoy\" \/>\n<meta name=\"twitter:label1\" content=\"Escrito por\" \/>\n\t<meta name=\"twitter:data1\" content=\"Cope Alcoy\" \/>\n\t<meta name=\"twitter:label2\" content=\"Tiempo de lectura\" \/>\n\t<meta name=\"twitter:data2\" content=\"3 minutos\" \/>\n<script type=\"application\/ld+json\" class=\"yoast-schema-graph\">{\"@context\":\"https:\\\/\\\/schema.org\",\"@graph\":[{\"@type\":\"Article\",\"@id\":\"https:\\\/\\\/www.copealcoy.es\\\/es\\\/avanzan-los-pasos-para-desarrollar-suelo-industrial-en-alcoy-seremos-muy-escrupulosos\\\/#article\",\"isPartOf\":{\"@id\":\"https:\\\/\\\/www.copealcoy.es\\\/es\\\/avanzan-los-pasos-para-desarrollar-suelo-industrial-en-alcoy-seremos-muy-escrupulosos\\\/\"},\"author\":{\"name\":\"Cope Alcoy\",\"@id\":\"https:\\\/\\\/www.copealcoy.es\\\/es\\\/#\\\/schema\\\/person\\\/e777c87fa024e57d40170af9df39882c\"},\"headline\":\"Avanzan los pasos para desarrollar suelo industrial en Alcoy: &#8220;seremos muy escrupulosos&#8221;\",\"datePublished\":\"2024-12-10T07:15:26+00:00\",\"dateModified\":\"2024-12-10T10:36:55+00:00\",\"mainEntityOfPage\":{\"@id\":\"https:\\\/\\\/www.copealcoy.es\\\/es\\\/avanzan-los-pasos-para-desarrollar-suelo-industrial-en-alcoy-seremos-muy-escrupulosos\\\/\"},\"wordCount\":518,\"commentCount\":0,\"image\":{\"@id\":\"https:\\\/\\\/www.copealcoy.es\\\/es\\\/avanzan-los-pasos-para-desarrollar-suelo-industrial-en-alcoy-seremos-muy-escrupulosos\\\/#primaryimage\"},\"thumbnailUrl\":\"https:\\\/\\\/www.copealcoy.es\\\/wp-content\\\/uploads\\\/2024\\\/12\\\/img_1869_NoticiaAmpliada.jpg\",\"keywords\":[\"Alcoy\",\"Conseller\",\"Suelo Industrial\",\"Vicente Mart\u00ednez Mus\",\"Visita\"],\"articleSection\":[\"Actualidad\",\"Alcoy\",\"Noticias\",\"Pol\u00edtica y Econom\u00eda\",\"Portada\"],\"inLanguage\":\"es\"},{\"@type\":\"WebPage\",\"@id\":\"https:\\\/\\\/www.copealcoy.es\\\/es\\\/avanzan-los-pasos-para-desarrollar-suelo-industrial-en-alcoy-seremos-muy-escrupulosos\\\/\",\"url\":\"https:\\\/\\\/www.copealcoy.es\\\/es\\\/avanzan-los-pasos-para-desarrollar-suelo-industrial-en-alcoy-seremos-muy-escrupulosos\\\/\",\"name\":\"Avanzan los pasos para desarrollar suelo industrial en Alcoy: \\\"seremos muy escrupulosos\\\" - COPE Alcoy\",\"isPartOf\":{\"@id\":\"https:\\\/\\\/www.copealcoy.es\\\/es\\\/#website\"},\"primaryImageOfPage\":{\"@id\":\"https:\\\/\\\/www.copealcoy.es\\\/es\\\/avanzan-los-pasos-para-desarrollar-suelo-industrial-en-alcoy-seremos-muy-escrupulosos\\\/#primaryimage\"},\"image\":{\"@id\":\"https:\\\/\\\/www.copealcoy.es\\\/es\\\/avanzan-los-pasos-para-desarrollar-suelo-industrial-en-alcoy-seremos-muy-escrupulosos\\\/#primaryimage\"},\"thumbnailUrl\":\"https:\\\/\\\/www.copealcoy.es\\\/wp-content\\\/uploads\\\/2024\\\/12\\\/img_1869_NoticiaAmpliada.jpg\",\"datePublished\":\"2024-12-10T07:15:26+00:00\",\"dateModified\":\"2024-12-10T10:36:55+00:00\",\"author\":{\"@id\":\"https:\\\/\\\/www.copealcoy.es\\\/es\\\/#\\\/schema\\\/person\\\/e777c87fa024e57d40170af9df39882c\"},\"description\":\"Analizar las necesidades que ahora mismo tiene Alcoy en relaci\u00f3n a la falta de suelo industrial y planificar una soluci\u00f3n al respecto es una de las cuestiones que se han puesto en este lunes sobre la mesa en las nuevas instalaciones de AITEX\",\"breadcrumb\":{\"@id\":\"https:\\\/\\\/www.copealcoy.es\\\/es\\\/avanzan-los-pasos-para-desarrollar-suelo-industrial-en-alcoy-seremos-muy-escrupulosos\\\/#breadcrumb\"},\"inLanguage\":\"es\",\"potentialAction\":[{\"@type\":\"ReadAction\",\"target\":[\"https:\\\/\\\/www.copealcoy.es\\\/es\\\/avanzan-los-pasos-para-desarrollar-suelo-industrial-en-alcoy-seremos-muy-escrupulosos\\\/\"]}]},{\"@type\":\"ImageObject\",\"inLanguage\":\"es\",\"@id\":\"https:\\\/\\\/www.copealcoy.es\\\/es\\\/avanzan-los-pasos-para-desarrollar-suelo-industrial-en-alcoy-seremos-muy-escrupulosos\\\/#primaryimage\",\"url\":\"https:\\\/\\\/www.copealcoy.es\\\/wp-content\\\/uploads\\\/2024\\\/12\\\/img_1869_NoticiaAmpliada.jpg\",\"contentUrl\":\"https:\\\/\\\/www.copealcoy.es\\\/wp-content\\\/uploads\\\/2024\\\/12\\\/img_1869_NoticiaAmpliada.jpg\",\"width\":768,\"height\":497},{\"@type\":\"BreadcrumbList\",\"@id\":\"https:\\\/\\\/www.copealcoy.es\\\/es\\\/avanzan-los-pasos-para-desarrollar-suelo-industrial-en-alcoy-seremos-muy-escrupulosos\\\/#breadcrumb\",\"itemListElement\":[{\"@type\":\"ListItem\",\"position\":1,\"name\":\"Portada\",\"item\":\"https:\\\/\\\/www.copealcoy.es\\\/es\\\/\"},{\"@type\":\"ListItem\",\"position\":2,\"name\":\"Avanzan los pasos para desarrollar suelo industrial en Alcoy: &#8220;seremos muy escrupulosos&#8221;\"}]},{\"@type\":\"WebSite\",\"@id\":\"https:\\\/\\\/www.copealcoy.es\\\/es\\\/#website\",\"url\":\"https:\\\/\\\/www.copealcoy.es\\\/es\\\/\",\"name\":\"COPE Alcoy\",\"description\":\"Emisora COPE de radio local con emisi\u00f3n online. Pont de Sant Jordi 8-10 03803 Alcoy\",\"potentialAction\":[{\"@type\":\"SearchAction\",\"target\":{\"@type\":\"EntryPoint\",\"urlTemplate\":\"https:\\\/\\\/www.copealcoy.es\\\/es\\\/?s={search_term_string}\"},\"query-input\":{\"@type\":\"PropertyValueSpecification\",\"valueRequired\":true,\"valueName\":\"search_term_string\"}}],\"inLanguage\":\"es\"},{\"@type\":\"Person\",\"@id\":\"https:\\\/\\\/www.copealcoy.es\\\/es\\\/#\\\/schema\\\/person\\\/e777c87fa024e57d40170af9df39882c\",\"name\":\"Cope Alcoy\",\"image\":{\"@type\":\"ImageObject\",\"inLanguage\":\"es\",\"@id\":\"https:\\\/\\\/secure.gravatar.com\\\/avatar\\\/bb65d0283347e303893ba14f0692005417c1e0e690a325a4c5d8bb2b3943ee14?s=96&d=mm&r=g\",\"url\":\"https:\\\/\\\/secure.gravatar.com\\\/avatar\\\/bb65d0283347e303893ba14f0692005417c1e0e690a325a4c5d8bb2b3943ee14?s=96&d=mm&r=g\",\"contentUrl\":\"https:\\\/\\\/secure.gravatar.com\\\/avatar\\\/bb65d0283347e303893ba14f0692005417c1e0e690a325a4c5d8bb2b3943ee14?s=96&d=mm&r=g\",\"caption\":\"Cope Alcoy\"}}]}<\/script>\n<!-- \/ Yoast SEO plugin. -->","yoast_head_json":{"title":"Avanzan los pasos para desarrollar suelo industrial en Alcoy: \"seremos muy escrupulosos\" - COPE Alcoy","description":"Analizar las necesidades que ahora mismo tiene Alcoy en relaci\u00f3n a la falta de suelo industrial y planificar una soluci\u00f3n al respecto es una de las cuestiones que se han puesto en este lunes sobre la mesa en las nuevas instalaciones de AITEX","robots":{"index":"index","follow":"follow","max-snippet":"max-snippet:-1","max-image-preview":"max-image-preview:large","max-video-preview":"max-video-preview:-1"},"canonical":"https:\/\/www.copealcoy.es\/es\/avanzan-los-pasos-para-desarrollar-suelo-industrial-en-alcoy-seremos-muy-escrupulosos\/","og_locale":"es_ES","og_type":"article","og_title":"Avanzan los pasos para desarrollar suelo industrial en Alcoy: \"seremos muy escrupulosos\" - COPE Alcoy","og_description":"Analizar las necesidades que ahora mismo tiene Alcoy en relaci\u00f3n a la falta de suelo industrial y planificar una soluci\u00f3n al respecto es una de las cuestiones que se han puesto en este lunes sobre la mesa en las nuevas instalaciones de AITEX","og_url":"https:\/\/www.copealcoy.es\/es\/avanzan-los-pasos-para-desarrollar-suelo-industrial-en-alcoy-seremos-muy-escrupulosos\/","og_site_name":"COPE Alcoy","article_published_time":"2024-12-10T07:15:26+00:00","article_modified_time":"2024-12-10T10:36:55+00:00","og_image":[{"width":768,"height":497,"url":"https:\/\/www.copealcoy.es\/wp-content\/uploads\/2024\/12\/img_1869_NoticiaAmpliada.jpg","type":"image\/jpeg"}],"author":"Cope Alcoy","twitter_misc":{"Escrito por":"Cope Alcoy","Tiempo de lectura":"3 minutos"},"schema":{"@context":"https:\/\/schema.org","@graph":[{"@type":"Article","@id":"https:\/\/www.copealcoy.es\/es\/avanzan-los-pasos-para-desarrollar-suelo-industrial-en-alcoy-seremos-muy-escrupulosos\/#article","isPartOf":{"@id":"https:\/\/www.copealcoy.es\/es\/avanzan-los-pasos-para-desarrollar-suelo-industrial-en-alcoy-seremos-muy-escrupulosos\/"},"author":{"name":"Cope Alcoy","@id":"https:\/\/www.copealcoy.es\/es\/#\/schema\/person\/e777c87fa024e57d40170af9df39882c"},"headline":"Avanzan los pasos para desarrollar suelo industrial en Alcoy: &#8220;seremos muy escrupulosos&#8221;","datePublished":"2024-12-10T07:15:26+00:00","dateModified":"2024-12-10T10:36:55+00:00","mainEntityOfPage":{"@id":"https:\/\/www.copealcoy.es\/es\/avanzan-los-pasos-para-desarrollar-suelo-industrial-en-alcoy-seremos-muy-escrupulosos\/"},"wordCount":518,"commentCount":0,"image":{"@id":"https:\/\/www.copealcoy.es\/es\/avanzan-los-pasos-para-desarrollar-suelo-industrial-en-alcoy-seremos-muy-escrupulosos\/#primaryimage"},"thumbnailUrl":"https:\/\/www.copealcoy.es\/wp-content\/uploads\/2024\/12\/img_1869_NoticiaAmpliada.jpg","keywords":["Alcoy","Conseller","Suelo Industrial","Vicente Mart\u00ednez Mus","Visita"],"articleSection":["Actualidad","Alcoy","Noticias","Pol\u00edtica y Econom\u00eda","Portada"],"inLanguage":"es"},{"@type":"WebPage","@id":"https:\/\/www.copealcoy.es\/es\/avanzan-los-pasos-para-desarrollar-suelo-industrial-en-alcoy-seremos-muy-escrupulosos\/","url":"https:\/\/www.copealcoy.es\/es\/avanzan-los-pasos-para-desarrollar-suelo-industrial-en-alcoy-seremos-muy-escrupulosos\/","name":"Avanzan los pasos para desarrollar suelo industrial en Alcoy: \"seremos muy escrupulosos\" - COPE Alcoy","isPartOf":{"@id":"https:\/\/www.copealcoy.es\/es\/#website"},"primaryImageOfPage":{"@id":"https:\/\/www.copealcoy.es\/es\/avanzan-los-pasos-para-desarrollar-suelo-industrial-en-alcoy-seremos-muy-escrupulosos\/#primaryimage"},"image":{"@id":"https:\/\/www.copealcoy.es\/es\/avanzan-los-pasos-para-desarrollar-suelo-industrial-en-alcoy-seremos-muy-escrupulosos\/#primaryimage"},"thumbnailUrl":"https:\/\/www.copealcoy.es\/wp-content\/uploads\/2024\/12\/img_1869_NoticiaAmpliada.jpg","datePublished":"2024-12-10T07:15:26+00:00","dateModified":"2024-12-10T10:36:55+00:00","author":{"@id":"https:\/\/www.copealcoy.es\/es\/#\/schema\/person\/e777c87fa024e57d40170af9df39882c"},"description":"Analizar las necesidades que ahora mismo tiene Alcoy en relaci\u00f3n a la falta de suelo industrial y planificar una soluci\u00f3n al respecto es una de las cuestiones que se han puesto en este lunes sobre la mesa en las nuevas instalaciones de AITEX","breadcrumb":{"@id":"https:\/\/www.copealcoy.es\/es\/avanzan-los-pasos-para-desarrollar-suelo-industrial-en-alcoy-seremos-muy-escrupulosos\/#breadcrumb"},"inLanguage":"es","potentialAction":[{"@type":"ReadAction","target":["https:\/\/www.copealcoy.es\/es\/avanzan-los-pasos-para-desarrollar-suelo-industrial-en-alcoy-seremos-muy-escrupulosos\/"]}]},{"@type":"ImageObject","inLanguage":"es","@id":"https:\/\/www.copealcoy.es\/es\/avanzan-los-pasos-para-desarrollar-suelo-industrial-en-alcoy-seremos-muy-escrupulosos\/#primaryimage","url":"https:\/\/www.copealcoy.es\/wp-content\/uploads\/2024\/12\/img_1869_NoticiaAmpliada.jpg","contentUrl":"https:\/\/www.copealcoy.es\/wp-content\/uploads\/2024\/12\/img_1869_NoticiaAmpliada.jpg","width":768,"height":497},{"@type":"BreadcrumbList","@id":"https:\/\/www.copealcoy.es\/es\/avanzan-los-pasos-para-desarrollar-suelo-industrial-en-alcoy-seremos-muy-escrupulosos\/#breadcrumb","itemListElement":[{"@type":"ListItem","position":1,"name":"Portada","item":"https:\/\/www.copealcoy.es\/es\/"},{"@type":"ListItem","position":2,"name":"Avanzan los pasos para desarrollar suelo industrial en Alcoy: &#8220;seremos muy escrupulosos&#8221;"}]},{"@type":"WebSite","@id":"https:\/\/www.copealcoy.es\/es\/#website","url":"https:\/\/www.copealcoy.es\/es\/","name":"COPE Alcoy","description":"Emisora COPE de radio local con emisi\u00f3n online. Pont de Sant Jordi 8-10 03803 Alcoy","potentialAction":[{"@type":"SearchAction","target":{"@type":"EntryPoint","urlTemplate":"https:\/\/www.copealcoy.es\/es\/?s={search_term_string}"},"query-input":{"@type":"PropertyValueSpecification","valueRequired":true,"valueName":"search_term_string"}}],"inLanguage":"es"},{"@type":"Person","@id":"https:\/\/www.copealcoy.es\/es\/#\/schema\/person\/e777c87fa024e57d40170af9df39882c","name":"Cope Alcoy","image":{"@type":"ImageObject","inLanguage":"es","@id":"https:\/\/secure.gravatar.com\/avatar\/bb65d0283347e303893ba14f0692005417c1e0e690a325a4c5d8bb2b3943ee14?s=96&d=mm&r=g","url":"https:\/\/secure.gravatar.com\/avatar\/bb65d0283347e303893ba14f0692005417c1e0e690a325a4c5d8bb2b3943ee14?s=96&d=mm&r=g","contentUrl":"https:\/\/secure.gravatar.com\/avatar\/bb65d0283347e303893ba14f0692005417c1e0e690a325a4c5d8bb2b3943ee14?s=96&d=mm&r=g","caption":"Cope Alcoy"}}]}},"_links":{"self":[{"href":"https:\/\/www.copealcoy.es\/es\/wp-json\/wp\/v2\/posts\/144133","targetHints":{"allow":["GET"]}}],"collection":[{"href":"https:\/\/www.copealcoy.es\/es\/wp-json\/wp\/v2\/posts"}],"about":[{"href":"https:\/\/www.copealcoy.es\/es\/wp-json\/wp\/v2\/types\/post"}],"author":[{"embeddable":true,"href":"https:\/\/www.copealcoy.es\/es\/wp-json\/wp\/v2\/users\/1"}],"replies":[{"embeddable":true,"href":"https:\/\/www.copealcoy.es\/es\/wp-json\/wp\/v2\/comments?post=144133"}],"version-history":[{"count":0,"href":"https:\/\/www.copealcoy.es\/es\/wp-json\/wp\/v2\/posts\/144133\/revisions"}],"wp:featuredmedia":[{"embeddable":true,"href":"https:\/\/www.copealcoy.es\/es\/wp-json\/wp\/v2\/media\/144138"}],"wp:attachment":[{"href":"https:\/\/www.copealcoy.es\/es\/wp-json\/wp\/v2\/media?parent=144133"}],"wp:term":[{"taxonomy":"category","embeddable":true,"href":"https:\/\/www.copealcoy.es\/es\/wp-json\/wp\/v2\/categories?post=144133"},{"taxonomy":"post_tag","embeddable":true,"href":"https:\/\/www.copealcoy.es\/es\/wp-json\/wp\/v2\/tags?post=144133"}],"curies":[{"name":"wp","href":"https:\/\/api.w.org\/{rel}","templated":true}]}}