{"id":144067,"date":"2024-12-07T08:07:47","date_gmt":"2024-12-07T07:07:47","guid":{"rendered":"https:\/\/www.copealcoy.es\/?p=144067"},"modified":"2024-12-09T19:51:26","modified_gmt":"2024-12-09T18:51:26","slug":"alcoy-venero-a-san-mauro-404-anos-despues-de-su-eleccion-como-patron","status":"publish","type":"post","link":"https:\/\/www.copealcoy.es\/es\/alcoy-venero-a-san-mauro-404-anos-despues-de-su-eleccion-como-patron\/","title":{"rendered":"Alcoy vener\u00f3 a San Mauro 404 a\u00f1os despu\u00e9s de su elecci\u00f3n como patr\u00f3n"},"content":{"rendered":"<p style=\"text-align: justify;\">Alcoy <strong>ha rendido honores a San Mauro<\/strong> durante los \u00faltimos d\u00edas coincidiendo con el <strong>404 aniversario<\/strong> de la elecci\u00f3n del m\u00e1rtir como patr\u00f3n de la ciudad, un hecho que <strong>se materializ\u00f3 a primeros de diciembre de 1620<\/strong> ante los graves terremotos que sufr\u00edan los alcoyanos de la \u00e9poca. Desde <a href=\"https:\/\/www.facebook.com\/AsociacionDeSanMauroMartir\" target=\"_blank\" rel=\"noopener\"><span style=\"color: #0000ff;\"><strong>la Asociaci\u00f3n de San Mauro M\u00e1rtir<\/strong><\/span><\/a> volvieron a preparar <strong>un amplio programa de actos<\/strong> que comenz\u00f3 a principios de noviembre con el <strong>descubrimiento del cartel anunciador de los festejos<\/strong>, obra de Gloria Segura, y que se ha podido ver en estas semanas colocado en la fachada de la parroquia de San Mauro y San Francisco.<\/p>\n<p style=\"text-align: justify;\">Tras un intenso mes repleto de propuestas, el jueves 28 arrancaron los d\u00edas grandes de la festividad del patr\u00f3n con el inicio del <strong>Triduo<\/strong> en el que cada jornada estuvo reservada para un momento destacado. El primer d\u00eda se recrearon los hechos que propiciaron la elecci\u00f3n de San Mauro como patr\u00f3n de Alcoy gracias a la representaci\u00f3n del auto sacramental \u2018Mauro, un Sant per a Alcoi\u2019, a cargo del Grup Jove de Teatre <em>San Mauro,<\/em> mientras que el viernes se entreg\u00f3 la distinci\u00f3n Asociado de Honor al Cor d\u2019Alcoi tras una eucarist\u00eda en la que los j\u00f3venes fueron los aut\u00e9nticos protagonistas. Y como novedad, al finalizar los cultos, sali\u00f3 San Mauro M\u00e1rtir a las calles del Centro de la ciudad en una festiva procesi\u00f3n en la que tomaron parte devotos, las entidades religiosas alcoyanas o representantes de las diferentes instituciones de la ciudad. El volteo general de campanas recibi\u00f3 el patr\u00f3n a la llegada a su parroquia y ya en el interior se pronunci\u00f3 una oraci\u00f3n para poner fin a una iniciativa que ha venido para quedarse.<\/p>\n<p style=\"text-align: justify;\">La programaci\u00f3n sigui\u00f3 el s\u00e1bado con el \u00faltimo d\u00eda del Triduo y en esta ocasi\u00f3n se efectu\u00f3 dentro del templo <strong>la procesi\u00f3n claustral<\/strong> con el cop\u00f3n, en cuyo interior se guardan las Sagradas Formas, depositando el mismo sobre el tronco de olivo situado en el altar mayor. De esta forma se record\u00f3 lo que hicieron nuestros antepasados el desatarse los temblores de tierra en 1620 y durante el acto tambi\u00e9n recibieron la medalla de San Mauro fieles y devotos, incluido Mart\u00edn Bellver que en las pr\u00f3ximas Fiestas de Moros y Cristianos de 2025 ejercer\u00e1 de Sant Jordiet.<\/p>\n<p style=\"text-align: justify;\">Ya el domingo, festividad de San Mauro, se llev\u00f3 a cabo a mediod\u00eda<strong> la misa solemne<\/strong> en su honor y durante la misma se ley\u00f3 el acta original en la que qued\u00f3 plasmada la elecci\u00f3n del Santo como patrono de la ciudad hace ahora 404 a\u00f1os. Representantes del Ayuntamiento, y de varias entidades alcoyanas, asistieron a esta celebraci\u00f3n que puso fin a la programaci\u00f3n festiva de este a\u00f1o preparada por la Asociaci\u00f3n de San Mauro M\u00e1rtir. No obstante, el martes 3 de diciembre finaliz\u00f3 el programa con la eucarist\u00eda de acci\u00f3n de gracias coincidiendo con la festividad lit\u00fargica del patr\u00f3n.<\/p>\n<div id='gallery-1' class='gallery galleryid-144067 gallery-columns-2 gallery-size-large'><figure class='gallery-item'>\n\t\t\t<div class='gallery-icon landscape'>\n\t\t\t\t<a href='https:\/\/www.copealcoy.es\/es\/alcoy-venero-a-san-mauro-404-anos-despues-de-su-eleccion-como-patron\/festividad-de-san-mauro-2024\/'><img loading=\"lazy\" decoding=\"async\" width=\"932\" height=\"588\" src=\"https:\/\/www.copealcoy.es\/wp-content\/uploads\/2024\/12\/0-932x588.jpg\" class=\"attachment-large size-large\" alt=\"\" \/><\/a>\n\t\t\t<\/div><\/figure><figure class='gallery-item'>\n\t\t\t<div class='gallery-icon landscape'>\n\t\t\t\t<a href='https:\/\/www.copealcoy.es\/es\/alcoy-venero-a-san-mauro-404-anos-despues-de-su-eleccion-como-patron\/img_3262\/'><img loading=\"lazy\" decoding=\"async\" width=\"980\" height=\"588\" src=\"https:\/\/www.copealcoy.es\/wp-content\/uploads\/2024\/12\/IMG_3262-980x588.jpg\" class=\"attachment-large size-large\" alt=\"\" \/><\/a>\n\t\t\t<\/div><\/figure><figure class='gallery-item'>\n\t\t\t<div class='gallery-icon landscape'>\n\t\t\t\t<a href='https:\/\/www.copealcoy.es\/es\/alcoy-venero-a-san-mauro-404-anos-despues-de-su-eleccion-como-patron\/img_3307-2\/'><img loading=\"lazy\" decoding=\"async\" width=\"980\" height=\"588\" src=\"https:\/\/www.copealcoy.es\/wp-content\/uploads\/2024\/12\/IMG_3307-980x588.jpg\" class=\"attachment-large size-large\" alt=\"\" \/><\/a>\n\t\t\t<\/div><\/figure><figure class='gallery-item'>\n\t\t\t<div class='gallery-icon landscape'>\n\t\t\t\t<a href='https:\/\/www.copealcoy.es\/es\/alcoy-venero-a-san-mauro-404-anos-despues-de-su-eleccion-como-patron\/unnamed-2-134\/'><img loading=\"lazy\" decoding=\"async\" width=\"980\" height=\"588\" src=\"https:\/\/www.copealcoy.es\/wp-content\/uploads\/2024\/12\/unnamed-2-980x588.jpg\" class=\"attachment-large size-large\" alt=\"\" \/><\/a>\n\t\t\t<\/div><\/figure><figure class='gallery-item'>\n\t\t\t<div class='gallery-icon landscape'>\n\t\t\t\t<a href='https:\/\/www.copealcoy.es\/es\/alcoy-venero-a-san-mauro-404-anos-despues-de-su-eleccion-como-patron\/img_3626\/'><img loading=\"lazy\" decoding=\"async\" width=\"980\" height=\"588\" src=\"https:\/\/www.copealcoy.es\/wp-content\/uploads\/2024\/12\/IMG_3626-980x588.jpg\" class=\"attachment-large size-large\" alt=\"\" \/><\/a>\n\t\t\t<\/div><\/figure><figure class='gallery-item'>\n\t\t\t<div class='gallery-icon landscape'>\n\t\t\t\t<a href='https:\/\/www.copealcoy.es\/es\/alcoy-venero-a-san-mauro-404-anos-despues-de-su-eleccion-como-patron\/img_3625-2\/'><img loading=\"lazy\" decoding=\"async\" width=\"980\" height=\"588\" src=\"https:\/\/www.copealcoy.es\/wp-content\/uploads\/2024\/12\/IMG_3625-980x588.jpg\" class=\"attachment-large size-large\" alt=\"\" \/><\/a>\n\t\t\t<\/div><\/figure>\n\t\t<\/div>\n\n","protected":false},"excerpt":{"rendered":"<p>Alcoy ha rendido honores a San Mauro durante los \u00faltimos d\u00edas coincidiendo con el 404 aniversario de la elecci\u00f3n del&#8230;<\/p>\n","protected":false},"author":1,"featured_media":144068,"comment_status":"open","ping_status":"open","sticky":false,"template":"","format":"standard","meta":{"footnotes":""},"categories":[6909,97,78,75],"tags":[12359,1494,6997,7803],"class_list":["post-144067","post","type-post","status-publish","format-standard","has-post-thumbnail","hentry","category-actualidad","category-alcoy","category-fiestaycultura","category-noticias","tag-actos-religiosos","tag-alcoy","tag-festividad","tag-san-mauro-martir"],"yoast_head":"<!-- This site is optimized with the Yoast SEO plugin v27.3 - https:\/\/yoast.com\/product\/yoast-seo-wordpress\/ -->\n<title>Alcoy vener\u00f3 a San Mauro 404 a\u00f1os despu\u00e9s de su elecci\u00f3n como patr\u00f3n - COPE Alcoy<\/title>\n<meta name=\"description\" content=\"Alcoy ha rendido honores a San Mauro durante los \u00faltimos d\u00edas coincidiendo con el 404 aniversario de la elecci\u00f3n del m\u00e1rtir como patr\u00f3n de la ciudad, un hecho que se materializ\u00f3 a primeros de diciembre de 1620 ante los graves terremotos que sufr\u00edan los alcoyanos de la \u00e9poca\" \/>\n<meta name=\"robots\" content=\"index, follow, max-snippet:-1, max-image-preview:large, max-video-preview:-1\" \/>\n<link rel=\"canonical\" href=\"https:\/\/www.copealcoy.es\/es\/alcoy-venero-a-san-mauro-404-anos-despues-de-su-eleccion-como-patron\/\" \/>\n<meta property=\"og:locale\" content=\"es_ES\" \/>\n<meta property=\"og:type\" content=\"article\" \/>\n<meta property=\"og:title\" content=\"Alcoy vener\u00f3 a San Mauro 404 a\u00f1os despu\u00e9s de su elecci\u00f3n como patr\u00f3n - COPE Alcoy\" \/>\n<meta property=\"og:description\" content=\"Alcoy ha rendido honores a San Mauro durante los \u00faltimos d\u00edas coincidiendo con el 404 aniversario de la elecci\u00f3n del m\u00e1rtir como patr\u00f3n de la ciudad, un hecho que se materializ\u00f3 a primeros de diciembre de 1620 ante los graves terremotos que sufr\u00edan los alcoyanos de la \u00e9poca\" \/>\n<meta property=\"og:url\" content=\"https:\/\/www.copealcoy.es\/es\/alcoy-venero-a-san-mauro-404-anos-despues-de-su-eleccion-como-patron\/\" \/>\n<meta property=\"og:site_name\" content=\"COPE Alcoy\" \/>\n<meta property=\"article:published_time\" content=\"2024-12-07T07:07:47+00:00\" \/>\n<meta property=\"article:modified_time\" content=\"2024-12-09T18:51:26+00:00\" \/>\n<meta property=\"og:image\" content=\"https:\/\/www.copealcoy.es\/wp-content\/uploads\/2024\/12\/unnamed-2-scaled.jpg\" \/>\n\t<meta property=\"og:image:width\" content=\"1413\" \/>\n\t<meta property=\"og:image:height\" content=\"1080\" \/>\n\t<meta property=\"og:image:type\" content=\"image\/jpeg\" \/>\n<meta name=\"author\" content=\"Cope Alcoy\" \/>\n<meta name=\"twitter:label1\" content=\"Escrito por\" \/>\n\t<meta name=\"twitter:data1\" content=\"Cope Alcoy\" \/>\n\t<meta name=\"twitter:label2\" content=\"Tiempo de lectura\" \/>\n\t<meta name=\"twitter:data2\" content=\"3 minutos\" \/>\n<script type=\"application\/ld+json\" class=\"yoast-schema-graph\">{\"@context\":\"https:\\\/\\\/schema.org\",\"@graph\":[{\"@type\":\"Article\",\"@id\":\"https:\\\/\\\/www.copealcoy.es\\\/es\\\/alcoy-venero-a-san-mauro-404-anos-despues-de-su-eleccion-como-patron\\\/#article\",\"isPartOf\":{\"@id\":\"https:\\\/\\\/www.copealcoy.es\\\/es\\\/alcoy-venero-a-san-mauro-404-anos-despues-de-su-eleccion-como-patron\\\/\"},\"author\":{\"name\":\"Cope Alcoy\",\"@id\":\"https:\\\/\\\/www.copealcoy.es\\\/es\\\/#\\\/schema\\\/person\\\/e777c87fa024e57d40170af9df39882c\"},\"headline\":\"Alcoy vener\u00f3 a San Mauro 404 a\u00f1os despu\u00e9s de su elecci\u00f3n como patr\u00f3n\",\"datePublished\":\"2024-12-07T07:07:47+00:00\",\"dateModified\":\"2024-12-09T18:51:26+00:00\",\"mainEntityOfPage\":{\"@id\":\"https:\\\/\\\/www.copealcoy.es\\\/es\\\/alcoy-venero-a-san-mauro-404-anos-despues-de-su-eleccion-como-patron\\\/\"},\"wordCount\":535,\"commentCount\":0,\"image\":{\"@id\":\"https:\\\/\\\/www.copealcoy.es\\\/es\\\/alcoy-venero-a-san-mauro-404-anos-despues-de-su-eleccion-como-patron\\\/#primaryimage\"},\"thumbnailUrl\":\"https:\\\/\\\/www.copealcoy.es\\\/wp-content\\\/uploads\\\/2024\\\/12\\\/unnamed-2-scaled.jpg\",\"keywords\":[\"actos religiosos\",\"Alcoy\",\"festividad\",\"San Mauro M\u00e1rtir\"],\"articleSection\":[\"Actualidad\",\"Alcoy\",\"Fiesta y Cultura\",\"Noticias\"],\"inLanguage\":\"es\"},{\"@type\":\"WebPage\",\"@id\":\"https:\\\/\\\/www.copealcoy.es\\\/es\\\/alcoy-venero-a-san-mauro-404-anos-despues-de-su-eleccion-como-patron\\\/\",\"url\":\"https:\\\/\\\/www.copealcoy.es\\\/es\\\/alcoy-venero-a-san-mauro-404-anos-despues-de-su-eleccion-como-patron\\\/\",\"name\":\"Alcoy vener\u00f3 a San Mauro 404 a\u00f1os despu\u00e9s de su elecci\u00f3n como patr\u00f3n - COPE Alcoy\",\"isPartOf\":{\"@id\":\"https:\\\/\\\/www.copealcoy.es\\\/es\\\/#website\"},\"primaryImageOfPage\":{\"@id\":\"https:\\\/\\\/www.copealcoy.es\\\/es\\\/alcoy-venero-a-san-mauro-404-anos-despues-de-su-eleccion-como-patron\\\/#primaryimage\"},\"image\":{\"@id\":\"https:\\\/\\\/www.copealcoy.es\\\/es\\\/alcoy-venero-a-san-mauro-404-anos-despues-de-su-eleccion-como-patron\\\/#primaryimage\"},\"thumbnailUrl\":\"https:\\\/\\\/www.copealcoy.es\\\/wp-content\\\/uploads\\\/2024\\\/12\\\/unnamed-2-scaled.jpg\",\"datePublished\":\"2024-12-07T07:07:47+00:00\",\"dateModified\":\"2024-12-09T18:51:26+00:00\",\"author\":{\"@id\":\"https:\\\/\\\/www.copealcoy.es\\\/es\\\/#\\\/schema\\\/person\\\/e777c87fa024e57d40170af9df39882c\"},\"description\":\"Alcoy ha rendido honores a San Mauro durante los \u00faltimos d\u00edas coincidiendo con el 404 aniversario de la elecci\u00f3n del m\u00e1rtir como patr\u00f3n de la ciudad, un hecho que se materializ\u00f3 a primeros de diciembre de 1620 ante los graves terremotos que sufr\u00edan los alcoyanos de la \u00e9poca\",\"breadcrumb\":{\"@id\":\"https:\\\/\\\/www.copealcoy.es\\\/es\\\/alcoy-venero-a-san-mauro-404-anos-despues-de-su-eleccion-como-patron\\\/#breadcrumb\"},\"inLanguage\":\"es\",\"potentialAction\":[{\"@type\":\"ReadAction\",\"target\":[\"https:\\\/\\\/www.copealcoy.es\\\/es\\\/alcoy-venero-a-san-mauro-404-anos-despues-de-su-eleccion-como-patron\\\/\"]}]},{\"@type\":\"ImageObject\",\"inLanguage\":\"es\",\"@id\":\"https:\\\/\\\/www.copealcoy.es\\\/es\\\/alcoy-venero-a-san-mauro-404-anos-despues-de-su-eleccion-como-patron\\\/#primaryimage\",\"url\":\"https:\\\/\\\/www.copealcoy.es\\\/wp-content\\\/uploads\\\/2024\\\/12\\\/unnamed-2-scaled.jpg\",\"contentUrl\":\"https:\\\/\\\/www.copealcoy.es\\\/wp-content\\\/uploads\\\/2024\\\/12\\\/unnamed-2-scaled.jpg\",\"width\":1413,\"height\":1080},{\"@type\":\"BreadcrumbList\",\"@id\":\"https:\\\/\\\/www.copealcoy.es\\\/es\\\/alcoy-venero-a-san-mauro-404-anos-despues-de-su-eleccion-como-patron\\\/#breadcrumb\",\"itemListElement\":[{\"@type\":\"ListItem\",\"position\":1,\"name\":\"Portada\",\"item\":\"https:\\\/\\\/www.copealcoy.es\\\/es\\\/\"},{\"@type\":\"ListItem\",\"position\":2,\"name\":\"Alcoy vener\u00f3 a San Mauro 404 a\u00f1os despu\u00e9s de su elecci\u00f3n como patr\u00f3n\"}]},{\"@type\":\"WebSite\",\"@id\":\"https:\\\/\\\/www.copealcoy.es\\\/es\\\/#website\",\"url\":\"https:\\\/\\\/www.copealcoy.es\\\/es\\\/\",\"name\":\"COPE Alcoy\",\"description\":\"Emisora COPE de radio local con emisi\u00f3n online. Pont de Sant Jordi 8-10 03803 Alcoy\",\"potentialAction\":[{\"@type\":\"SearchAction\",\"target\":{\"@type\":\"EntryPoint\",\"urlTemplate\":\"https:\\\/\\\/www.copealcoy.es\\\/es\\\/?s={search_term_string}\"},\"query-input\":{\"@type\":\"PropertyValueSpecification\",\"valueRequired\":true,\"valueName\":\"search_term_string\"}}],\"inLanguage\":\"es\"},{\"@type\":\"Person\",\"@id\":\"https:\\\/\\\/www.copealcoy.es\\\/es\\\/#\\\/schema\\\/person\\\/e777c87fa024e57d40170af9df39882c\",\"name\":\"Cope Alcoy\",\"image\":{\"@type\":\"ImageObject\",\"inLanguage\":\"es\",\"@id\":\"https:\\\/\\\/secure.gravatar.com\\\/avatar\\\/bb65d0283347e303893ba14f0692005417c1e0e690a325a4c5d8bb2b3943ee14?s=96&d=mm&r=g\",\"url\":\"https:\\\/\\\/secure.gravatar.com\\\/avatar\\\/bb65d0283347e303893ba14f0692005417c1e0e690a325a4c5d8bb2b3943ee14?s=96&d=mm&r=g\",\"contentUrl\":\"https:\\\/\\\/secure.gravatar.com\\\/avatar\\\/bb65d0283347e303893ba14f0692005417c1e0e690a325a4c5d8bb2b3943ee14?s=96&d=mm&r=g\",\"caption\":\"Cope Alcoy\"}}]}<\/script>\n<!-- \/ Yoast SEO plugin. -->","yoast_head_json":{"title":"Alcoy vener\u00f3 a San Mauro 404 a\u00f1os despu\u00e9s de su elecci\u00f3n como patr\u00f3n - COPE Alcoy","description":"Alcoy ha rendido honores a San Mauro durante los \u00faltimos d\u00edas coincidiendo con el 404 aniversario de la elecci\u00f3n del m\u00e1rtir como patr\u00f3n de la ciudad, un hecho que se materializ\u00f3 a primeros de diciembre de 1620 ante los graves terremotos que sufr\u00edan los alcoyanos de la \u00e9poca","robots":{"index":"index","follow":"follow","max-snippet":"max-snippet:-1","max-image-preview":"max-image-preview:large","max-video-preview":"max-video-preview:-1"},"canonical":"https:\/\/www.copealcoy.es\/es\/alcoy-venero-a-san-mauro-404-anos-despues-de-su-eleccion-como-patron\/","og_locale":"es_ES","og_type":"article","og_title":"Alcoy vener\u00f3 a San Mauro 404 a\u00f1os despu\u00e9s de su elecci\u00f3n como patr\u00f3n - COPE Alcoy","og_description":"Alcoy ha rendido honores a San Mauro durante los \u00faltimos d\u00edas coincidiendo con el 404 aniversario de la elecci\u00f3n del m\u00e1rtir como patr\u00f3n de la ciudad, un hecho que se materializ\u00f3 a primeros de diciembre de 1620 ante los graves terremotos que sufr\u00edan los alcoyanos de la \u00e9poca","og_url":"https:\/\/www.copealcoy.es\/es\/alcoy-venero-a-san-mauro-404-anos-despues-de-su-eleccion-como-patron\/","og_site_name":"COPE Alcoy","article_published_time":"2024-12-07T07:07:47+00:00","article_modified_time":"2024-12-09T18:51:26+00:00","og_image":[{"width":1413,"height":1080,"url":"https:\/\/www.copealcoy.es\/wp-content\/uploads\/2024\/12\/unnamed-2-scaled.jpg","type":"image\/jpeg"}],"author":"Cope Alcoy","twitter_misc":{"Escrito por":"Cope Alcoy","Tiempo de lectura":"3 minutos"},"schema":{"@context":"https:\/\/schema.org","@graph":[{"@type":"Article","@id":"https:\/\/www.copealcoy.es\/es\/alcoy-venero-a-san-mauro-404-anos-despues-de-su-eleccion-como-patron\/#article","isPartOf":{"@id":"https:\/\/www.copealcoy.es\/es\/alcoy-venero-a-san-mauro-404-anos-despues-de-su-eleccion-como-patron\/"},"author":{"name":"Cope Alcoy","@id":"https:\/\/www.copealcoy.es\/es\/#\/schema\/person\/e777c87fa024e57d40170af9df39882c"},"headline":"Alcoy vener\u00f3 a San Mauro 404 a\u00f1os despu\u00e9s de su elecci\u00f3n como patr\u00f3n","datePublished":"2024-12-07T07:07:47+00:00","dateModified":"2024-12-09T18:51:26+00:00","mainEntityOfPage":{"@id":"https:\/\/www.copealcoy.es\/es\/alcoy-venero-a-san-mauro-404-anos-despues-de-su-eleccion-como-patron\/"},"wordCount":535,"commentCount":0,"image":{"@id":"https:\/\/www.copealcoy.es\/es\/alcoy-venero-a-san-mauro-404-anos-despues-de-su-eleccion-como-patron\/#primaryimage"},"thumbnailUrl":"https:\/\/www.copealcoy.es\/wp-content\/uploads\/2024\/12\/unnamed-2-scaled.jpg","keywords":["actos religiosos","Alcoy","festividad","San Mauro M\u00e1rtir"],"articleSection":["Actualidad","Alcoy","Fiesta y Cultura","Noticias"],"inLanguage":"es"},{"@type":"WebPage","@id":"https:\/\/www.copealcoy.es\/es\/alcoy-venero-a-san-mauro-404-anos-despues-de-su-eleccion-como-patron\/","url":"https:\/\/www.copealcoy.es\/es\/alcoy-venero-a-san-mauro-404-anos-despues-de-su-eleccion-como-patron\/","name":"Alcoy vener\u00f3 a San Mauro 404 a\u00f1os despu\u00e9s de su elecci\u00f3n como patr\u00f3n - COPE Alcoy","isPartOf":{"@id":"https:\/\/www.copealcoy.es\/es\/#website"},"primaryImageOfPage":{"@id":"https:\/\/www.copealcoy.es\/es\/alcoy-venero-a-san-mauro-404-anos-despues-de-su-eleccion-como-patron\/#primaryimage"},"image":{"@id":"https:\/\/www.copealcoy.es\/es\/alcoy-venero-a-san-mauro-404-anos-despues-de-su-eleccion-como-patron\/#primaryimage"},"thumbnailUrl":"https:\/\/www.copealcoy.es\/wp-content\/uploads\/2024\/12\/unnamed-2-scaled.jpg","datePublished":"2024-12-07T07:07:47+00:00","dateModified":"2024-12-09T18:51:26+00:00","author":{"@id":"https:\/\/www.copealcoy.es\/es\/#\/schema\/person\/e777c87fa024e57d40170af9df39882c"},"description":"Alcoy ha rendido honores a San Mauro durante los \u00faltimos d\u00edas coincidiendo con el 404 aniversario de la elecci\u00f3n del m\u00e1rtir como patr\u00f3n de la ciudad, un hecho que se materializ\u00f3 a primeros de diciembre de 1620 ante los graves terremotos que sufr\u00edan los alcoyanos de la \u00e9poca","breadcrumb":{"@id":"https:\/\/www.copealcoy.es\/es\/alcoy-venero-a-san-mauro-404-anos-despues-de-su-eleccion-como-patron\/#breadcrumb"},"inLanguage":"es","potentialAction":[{"@type":"ReadAction","target":["https:\/\/www.copealcoy.es\/es\/alcoy-venero-a-san-mauro-404-anos-despues-de-su-eleccion-como-patron\/"]}]},{"@type":"ImageObject","inLanguage":"es","@id":"https:\/\/www.copealcoy.es\/es\/alcoy-venero-a-san-mauro-404-anos-despues-de-su-eleccion-como-patron\/#primaryimage","url":"https:\/\/www.copealcoy.es\/wp-content\/uploads\/2024\/12\/unnamed-2-scaled.jpg","contentUrl":"https:\/\/www.copealcoy.es\/wp-content\/uploads\/2024\/12\/unnamed-2-scaled.jpg","width":1413,"height":1080},{"@type":"BreadcrumbList","@id":"https:\/\/www.copealcoy.es\/es\/alcoy-venero-a-san-mauro-404-anos-despues-de-su-eleccion-como-patron\/#breadcrumb","itemListElement":[{"@type":"ListItem","position":1,"name":"Portada","item":"https:\/\/www.copealcoy.es\/es\/"},{"@type":"ListItem","position":2,"name":"Alcoy vener\u00f3 a San Mauro 404 a\u00f1os despu\u00e9s de su elecci\u00f3n como patr\u00f3n"}]},{"@type":"WebSite","@id":"https:\/\/www.copealcoy.es\/es\/#website","url":"https:\/\/www.copealcoy.es\/es\/","name":"COPE Alcoy","description":"Emisora COPE de radio local con emisi\u00f3n online. Pont de Sant Jordi 8-10 03803 Alcoy","potentialAction":[{"@type":"SearchAction","target":{"@type":"EntryPoint","urlTemplate":"https:\/\/www.copealcoy.es\/es\/?s={search_term_string}"},"query-input":{"@type":"PropertyValueSpecification","valueRequired":true,"valueName":"search_term_string"}}],"inLanguage":"es"},{"@type":"Person","@id":"https:\/\/www.copealcoy.es\/es\/#\/schema\/person\/e777c87fa024e57d40170af9df39882c","name":"Cope Alcoy","image":{"@type":"ImageObject","inLanguage":"es","@id":"https:\/\/secure.gravatar.com\/avatar\/bb65d0283347e303893ba14f0692005417c1e0e690a325a4c5d8bb2b3943ee14?s=96&d=mm&r=g","url":"https:\/\/secure.gravatar.com\/avatar\/bb65d0283347e303893ba14f0692005417c1e0e690a325a4c5d8bb2b3943ee14?s=96&d=mm&r=g","contentUrl":"https:\/\/secure.gravatar.com\/avatar\/bb65d0283347e303893ba14f0692005417c1e0e690a325a4c5d8bb2b3943ee14?s=96&d=mm&r=g","caption":"Cope Alcoy"}}]}},"_links":{"self":[{"href":"https:\/\/www.copealcoy.es\/es\/wp-json\/wp\/v2\/posts\/144067","targetHints":{"allow":["GET"]}}],"collection":[{"href":"https:\/\/www.copealcoy.es\/es\/wp-json\/wp\/v2\/posts"}],"about":[{"href":"https:\/\/www.copealcoy.es\/es\/wp-json\/wp\/v2\/types\/post"}],"author":[{"embeddable":true,"href":"https:\/\/www.copealcoy.es\/es\/wp-json\/wp\/v2\/users\/1"}],"replies":[{"embeddable":true,"href":"https:\/\/www.copealcoy.es\/es\/wp-json\/wp\/v2\/comments?post=144067"}],"version-history":[{"count":0,"href":"https:\/\/www.copealcoy.es\/es\/wp-json\/wp\/v2\/posts\/144067\/revisions"}],"wp:featuredmedia":[{"embeddable":true,"href":"https:\/\/www.copealcoy.es\/es\/wp-json\/wp\/v2\/media\/144068"}],"wp:attachment":[{"href":"https:\/\/www.copealcoy.es\/es\/wp-json\/wp\/v2\/media?parent=144067"}],"wp:term":[{"taxonomy":"category","embeddable":true,"href":"https:\/\/www.copealcoy.es\/es\/wp-json\/wp\/v2\/categories?post=144067"},{"taxonomy":"post_tag","embeddable":true,"href":"https:\/\/www.copealcoy.es\/es\/wp-json\/wp\/v2\/tags?post=144067"}],"curies":[{"name":"wp","href":"https:\/\/api.w.org\/{rel}","templated":true}]}}