{"id":144020,"date":"2024-12-06T21:00:04","date_gmt":"2024-12-06T20:00:04","guid":{"rendered":"https:\/\/www.copealcoy.es\/?p=144020"},"modified":"2024-12-06T21:12:33","modified_gmt":"2024-12-06T20:12:33","slug":"cocentaina-da-la-bienvenida-a-la-navidad-con-el-encendido-de-luces","status":"publish","type":"post","link":"https:\/\/www.copealcoy.es\/es\/cocentaina-da-la-bienvenida-a-la-navidad-con-el-encendido-de-luces\/","title":{"rendered":"Cocentaina da la bienvenida a la Navidad con el encendido de luces"},"content":{"rendered":"<p style=\"text-align: justify;\"><a href=\"https:\/\/www.cocentaina.es\/\" target=\"_blank\" rel=\"noopener\"><strong><span style=\"color: #0000ff;\">Cocentaina<\/span><\/strong><\/a> <strong>ya ha dado la bienvenida a la Navidad<\/strong> despu\u00e9s del <strong>encendido de luces<\/strong> que tuvo lugar en la tarde de ayer mi\u00e9rcoles. La Villa Condal <strong>se adentr\u00f3 en los d\u00edas m\u00e1gicos del &#8216;Nadal Contest\u00e0&#8217;<\/strong> a trav\u00e9s de un acto que reuni\u00f3 a un buen n\u00famero de vecinos y que arranc\u00f3 pasadas las seis y media de la tarde desde la parte alta del Passeig del Comtat.<\/p>\n<p style=\"text-align: justify;\">A esa hora <strong>se encendi\u00f3 toda la iluminaci\u00f3n<\/strong> de la principal arteria contestana y arranc\u00f3 un pasacalle a cargo de la Colla de Dol\u00e7aines i Tabals Mal Passet que avanz\u00f3 hasta <strong>la calle Mayor<\/strong>, punto en el que tambi\u00e9n se reparte la ornamentaci\u00f3n especial navide\u00f1a. Antes de ello hubo una parada en <strong>la parte final del mismo Passeig del Comtat<\/strong>, donde un gran paquete de regalo hace las delicias de adultos y peque\u00f1os, y el pasacalle sigui\u00f3 despu\u00e9s hasta el <strong>Pla de la Font<\/strong> donde se ha instalado este a\u00f1o una gran bola de \u00e1rbol que se ilumina cada noche. El ritual de encendido continu\u00f3 por <strong>la calle Mare de D\u00e9u del Miracle<\/strong>, donde tambi\u00e9n encontramos luces de Navidad, y finaliz\u00f3 en <strong>El Pla<\/strong> donde, adem\u00e1s de la enramada; destaca un \u00e1rbol luminoso frente al Palau Comtal. All\u00ed tambi\u00e9n encontramos la representaci\u00f3n del nacimiento a tama\u00f1o natural, un conjunto adquirido a\u00f1os atr\u00e1s por el Ayuntamiento de la capital del Comtat tras ser propuesto a trav\u00e9s de los Presupuestos Participativos.<\/p>\n<p style=\"text-align: justify;\">El encendido de luces finaliz\u00f3 con <strong>una chocolatada<\/strong>, a cargo de la Asociaci\u00f3n de Amas de Casa, y despu\u00e9s fueron muchos los que aprovecharon para recorrer todas las luces que tambi\u00e9n llegan hasta <strong>la Avinguda del Pa\u00eds Valenci\u00e0<\/strong> o <strong>el \u00e1rea comercial de Gormaig<\/strong>. Por \u00faltimo se han colocado elementos en las entradas a <strong>las pedan\u00edas<\/strong> &#8220;<em>para que as\u00ed toda Cocentaina tenga ambientaci\u00f3n navide\u00f1a, con nuevas incorporaciones, que esperemos que gusten mucho<\/em>&#8220;, concluy\u00f3 la edil de Tradiciones; Marcela Richart en declaraciones a COPE ALCOY.<\/p>\n<div id='gallery-1' class='gallery galleryid-144020 gallery-columns-2 gallery-size-full'><figure class='gallery-item'>\n\t\t\t<div class='gallery-icon landscape'>\n\t\t\t\t<a href='https:\/\/www.copealcoy.es\/es\/cocentaina-da-la-bienvenida-a-la-navidad-con-el-encendido-de-luces\/img_2703\/'><img loading=\"lazy\" decoding=\"async\" width=\"1620\" height=\"1080\" src=\"https:\/\/www.copealcoy.es\/wp-content\/uploads\/2024\/12\/IMG_2703-scaled.jpg\" class=\"attachment-full size-full\" alt=\"\" srcset=\"https:\/\/www.copealcoy.es\/wp-content\/uploads\/2024\/12\/IMG_2703-scaled.jpg 1620w, https:\/\/www.copealcoy.es\/wp-content\/uploads\/2024\/12\/IMG_2703-768x512.jpg 768w, https:\/\/www.copealcoy.es\/wp-content\/uploads\/2024\/12\/IMG_2703-1536x1024.jpg 1536w, https:\/\/www.copealcoy.es\/wp-content\/uploads\/2024\/12\/IMG_2703-2048x1365.jpg 2048w, https:\/\/www.copealcoy.es\/wp-content\/uploads\/2024\/12\/IMG_2703-300x200.jpg 300w, https:\/\/www.copealcoy.es\/wp-content\/uploads\/2024\/12\/IMG_2703-600x400.jpg 600w, https:\/\/www.copealcoy.es\/wp-content\/uploads\/2024\/12\/IMG_2703-1200x800.jpg 1200w\" sizes=\"auto, (max-width: 1620px) 100vw, 1620px\" \/><\/a>\n\t\t\t<\/div><\/figure><figure class='gallery-item'>\n\t\t\t<div class='gallery-icon landscape'>\n\t\t\t\t<a href='https:\/\/www.copealcoy.es\/es\/cocentaina-da-la-bienvenida-a-la-navidad-con-el-encendido-de-luces\/img_2734\/'><img loading=\"lazy\" decoding=\"async\" width=\"1620\" height=\"1080\" src=\"https:\/\/www.copealcoy.es\/wp-content\/uploads\/2024\/12\/IMG_2734-scaled.jpg\" class=\"attachment-full size-full\" alt=\"\" srcset=\"https:\/\/www.copealcoy.es\/wp-content\/uploads\/2024\/12\/IMG_2734-scaled.jpg 1620w, https:\/\/www.copealcoy.es\/wp-content\/uploads\/2024\/12\/IMG_2734-768x512.jpg 768w, https:\/\/www.copealcoy.es\/wp-content\/uploads\/2024\/12\/IMG_2734-1536x1024.jpg 1536w, https:\/\/www.copealcoy.es\/wp-content\/uploads\/2024\/12\/IMG_2734-2048x1365.jpg 2048w, https:\/\/www.copealcoy.es\/wp-content\/uploads\/2024\/12\/IMG_2734-300x200.jpg 300w, https:\/\/www.copealcoy.es\/wp-content\/uploads\/2024\/12\/IMG_2734-600x400.jpg 600w, https:\/\/www.copealcoy.es\/wp-content\/uploads\/2024\/12\/IMG_2734-1200x800.jpg 1200w\" sizes=\"auto, (max-width: 1620px) 100vw, 1620px\" \/><\/a>\n\t\t\t<\/div><\/figure><figure class='gallery-item'>\n\t\t\t<div class='gallery-icon landscape'>\n\t\t\t\t<a href='https:\/\/www.copealcoy.es\/es\/cocentaina-da-la-bienvenida-a-la-navidad-con-el-encendido-de-luces\/img_3549\/'><img loading=\"lazy\" decoding=\"async\" width=\"1440\" height=\"1080\" src=\"https:\/\/www.copealcoy.es\/wp-content\/uploads\/2024\/12\/IMG_3549-scaled.jpg\" class=\"attachment-full size-full\" alt=\"\" srcset=\"https:\/\/www.copealcoy.es\/wp-content\/uploads\/2024\/12\/IMG_3549-scaled.jpg 1440w, https:\/\/www.copealcoy.es\/wp-content\/uploads\/2024\/12\/IMG_3549-768x576.jpg 768w, https:\/\/www.copealcoy.es\/wp-content\/uploads\/2024\/12\/IMG_3549-1536x1152.jpg 1536w, https:\/\/www.copealcoy.es\/wp-content\/uploads\/2024\/12\/IMG_3549-2048x1536.jpg 2048w\" sizes=\"auto, (max-width: 1440px) 100vw, 1440px\" \/><\/a>\n\t\t\t<\/div><\/figure><figure class='gallery-item'>\n\t\t\t<div class='gallery-icon landscape'>\n\t\t\t\t<a href='https:\/\/www.copealcoy.es\/es\/cocentaina-da-la-bienvenida-a-la-navidad-con-el-encendido-de-luces\/img_3551-2\/'><img loading=\"lazy\" decoding=\"async\" width=\"1920\" height=\"1440\" src=\"https:\/\/www.copealcoy.es\/wp-content\/uploads\/2024\/12\/IMG_3551-scaled.jpg\" class=\"attachment-full size-full\" alt=\"\" srcset=\"https:\/\/www.copealcoy.es\/wp-content\/uploads\/2024\/12\/IMG_3551-scaled.jpg 1920w, https:\/\/www.copealcoy.es\/wp-content\/uploads\/2024\/12\/IMG_3551-768x576.jpg 768w, https:\/\/www.copealcoy.es\/wp-content\/uploads\/2024\/12\/IMG_3551-1536x1152.jpg 1536w, https:\/\/www.copealcoy.es\/wp-content\/uploads\/2024\/12\/IMG_3551-2048x1536.jpg 2048w\" sizes=\"auto, (max-width: 1920px) 100vw, 1920px\" \/><\/a>\n\t\t\t<\/div><\/figure><figure class='gallery-item'>\n\t\t\t<div class='gallery-icon landscape'>\n\t\t\t\t<a href='https:\/\/www.copealcoy.es\/es\/cocentaina-da-la-bienvenida-a-la-navidad-con-el-encendido-de-luces\/img_3565\/'><img loading=\"lazy\" decoding=\"async\" width=\"1440\" height=\"1080\" src=\"https:\/\/www.copealcoy.es\/wp-content\/uploads\/2024\/12\/IMG_3565-scaled.jpg\" class=\"attachment-full size-full\" alt=\"\" srcset=\"https:\/\/www.copealcoy.es\/wp-content\/uploads\/2024\/12\/IMG_3565-scaled.jpg 1440w, https:\/\/www.copealcoy.es\/wp-content\/uploads\/2024\/12\/IMG_3565-768x576.jpg 768w, https:\/\/www.copealcoy.es\/wp-content\/uploads\/2024\/12\/IMG_3565-1536x1152.jpg 1536w, https:\/\/www.copealcoy.es\/wp-content\/uploads\/2024\/12\/IMG_3565-2048x1536.jpg 2048w\" sizes=\"auto, (max-width: 1440px) 100vw, 1440px\" \/><\/a>\n\t\t\t<\/div><\/figure><figure class='gallery-item'>\n\t\t\t<div class='gallery-icon landscape'>\n\t\t\t\t<a href='https:\/\/www.copealcoy.es\/es\/cocentaina-da-la-bienvenida-a-la-navidad-con-el-encendido-de-luces\/unnamed-1-585\/'><img loading=\"lazy\" decoding=\"async\" width=\"1440\" height=\"1080\" src=\"https:\/\/www.copealcoy.es\/wp-content\/uploads\/2024\/12\/unnamed-1-7-scaled.jpg\" class=\"attachment-full size-full\" alt=\"\" srcset=\"https:\/\/www.copealcoy.es\/wp-content\/uploads\/2024\/12\/unnamed-1-7-scaled.jpg 1440w, https:\/\/www.copealcoy.es\/wp-content\/uploads\/2024\/12\/unnamed-1-7-768x576.jpg 768w, https:\/\/www.copealcoy.es\/wp-content\/uploads\/2024\/12\/unnamed-1-7-1536x1152.jpg 1536w, https:\/\/www.copealcoy.es\/wp-content\/uploads\/2024\/12\/unnamed-1-7-2048x1536.jpg 2048w\" sizes=\"auto, (max-width: 1440px) 100vw, 1440px\" \/><\/a>\n\t\t\t<\/div><\/figure>\n\t\t<\/div>\n\n","protected":false},"excerpt":{"rendered":"<p>Cocentaina ya ha dado la bienvenida a la Navidad despu\u00e9s del encendido de luces que tuvo lugar en la tarde&#8230;<\/p>\n","protected":false},"author":1,"featured_media":144021,"comment_status":"open","ping_status":"open","sticky":false,"template":"","format":"standard","meta":{"footnotes":""},"categories":[6909,98,75],"tags":[132,289,290,174],"class_list":["post-144020","post","type-post","status-publish","format-standard","has-post-thumbnail","hentry","category-actualidad","category-comarcas","category-noticias","tag-cocentaina","tag-encendido","tag-luces","tag-navidad"],"yoast_head":"<!-- This site is optimized with the Yoast SEO plugin v27.3 - https:\/\/yoast.com\/product\/yoast-seo-wordpress\/ -->\n<title>Cocentaina da la bienvenida a la Navidad con el encendido de luces - COPE Alcoy<\/title>\n<meta name=\"description\" content=\"Cocentaina ya ha dado la bienvenida a la Navidad despu\u00e9s del encendido de luces que tuvo lugar en la tarde de ayer mi\u00e9rcoles\" \/>\n<meta name=\"robots\" content=\"index, follow, max-snippet:-1, max-image-preview:large, max-video-preview:-1\" \/>\n<link rel=\"canonical\" href=\"https:\/\/www.copealcoy.es\/es\/cocentaina-da-la-bienvenida-a-la-navidad-con-el-encendido-de-luces\/\" \/>\n<meta property=\"og:locale\" content=\"es_ES\" \/>\n<meta property=\"og:type\" content=\"article\" \/>\n<meta property=\"og:title\" content=\"Cocentaina da la bienvenida a la Navidad con el encendido de luces - COPE Alcoy\" \/>\n<meta property=\"og:description\" content=\"Cocentaina ya ha dado la bienvenida a la Navidad despu\u00e9s del encendido de luces que tuvo lugar en la tarde de ayer mi\u00e9rcoles\" \/>\n<meta property=\"og:url\" content=\"https:\/\/www.copealcoy.es\/es\/cocentaina-da-la-bienvenida-a-la-navidad-con-el-encendido-de-luces\/\" \/>\n<meta property=\"og:site_name\" content=\"COPE Alcoy\" \/>\n<meta property=\"article:published_time\" content=\"2024-12-06T20:00:04+00:00\" \/>\n<meta property=\"article:modified_time\" content=\"2024-12-06T20:12:33+00:00\" \/>\n<meta property=\"og:image\" content=\"https:\/\/www.copealcoy.es\/wp-content\/uploads\/2024\/12\/IMG_3571-scaled.jpg\" \/>\n\t<meta property=\"og:image:width\" content=\"1584\" \/>\n\t<meta property=\"og:image:height\" content=\"1080\" \/>\n\t<meta property=\"og:image:type\" content=\"image\/jpeg\" \/>\n<meta name=\"author\" content=\"Cope Alcoy\" \/>\n<meta name=\"twitter:label1\" content=\"Escrito por\" \/>\n\t<meta name=\"twitter:data1\" content=\"Cope Alcoy\" \/>\n\t<meta name=\"twitter:label2\" content=\"Tiempo de lectura\" \/>\n\t<meta name=\"twitter:data2\" content=\"2 minutos\" \/>\n<script type=\"application\/ld+json\" class=\"yoast-schema-graph\">{\"@context\":\"https:\\\/\\\/schema.org\",\"@graph\":[{\"@type\":\"Article\",\"@id\":\"https:\\\/\\\/www.copealcoy.es\\\/es\\\/cocentaina-da-la-bienvenida-a-la-navidad-con-el-encendido-de-luces\\\/#article\",\"isPartOf\":{\"@id\":\"https:\\\/\\\/www.copealcoy.es\\\/es\\\/cocentaina-da-la-bienvenida-a-la-navidad-con-el-encendido-de-luces\\\/\"},\"author\":{\"name\":\"Cope Alcoy\",\"@id\":\"https:\\\/\\\/www.copealcoy.es\\\/es\\\/#\\\/schema\\\/person\\\/e777c87fa024e57d40170af9df39882c\"},\"headline\":\"Cocentaina da la bienvenida a la Navidad con el encendido de luces\",\"datePublished\":\"2024-12-06T20:00:04+00:00\",\"dateModified\":\"2024-12-06T20:12:33+00:00\",\"mainEntityOfPage\":{\"@id\":\"https:\\\/\\\/www.copealcoy.es\\\/es\\\/cocentaina-da-la-bienvenida-a-la-navidad-con-el-encendido-de-luces\\\/\"},\"wordCount\":367,\"commentCount\":0,\"image\":{\"@id\":\"https:\\\/\\\/www.copealcoy.es\\\/es\\\/cocentaina-da-la-bienvenida-a-la-navidad-con-el-encendido-de-luces\\\/#primaryimage\"},\"thumbnailUrl\":\"https:\\\/\\\/www.copealcoy.es\\\/wp-content\\\/uploads\\\/2024\\\/12\\\/IMG_3571-scaled.jpg\",\"keywords\":[\"Cocentaina\",\"Encendido\",\"Luces\",\"Navidad\"],\"articleSection\":[\"Actualidad\",\"Comarcas\",\"Noticias\"],\"inLanguage\":\"es\"},{\"@type\":\"WebPage\",\"@id\":\"https:\\\/\\\/www.copealcoy.es\\\/es\\\/cocentaina-da-la-bienvenida-a-la-navidad-con-el-encendido-de-luces\\\/\",\"url\":\"https:\\\/\\\/www.copealcoy.es\\\/es\\\/cocentaina-da-la-bienvenida-a-la-navidad-con-el-encendido-de-luces\\\/\",\"name\":\"Cocentaina da la bienvenida a la Navidad con el encendido de luces - COPE Alcoy\",\"isPartOf\":{\"@id\":\"https:\\\/\\\/www.copealcoy.es\\\/es\\\/#website\"},\"primaryImageOfPage\":{\"@id\":\"https:\\\/\\\/www.copealcoy.es\\\/es\\\/cocentaina-da-la-bienvenida-a-la-navidad-con-el-encendido-de-luces\\\/#primaryimage\"},\"image\":{\"@id\":\"https:\\\/\\\/www.copealcoy.es\\\/es\\\/cocentaina-da-la-bienvenida-a-la-navidad-con-el-encendido-de-luces\\\/#primaryimage\"},\"thumbnailUrl\":\"https:\\\/\\\/www.copealcoy.es\\\/wp-content\\\/uploads\\\/2024\\\/12\\\/IMG_3571-scaled.jpg\",\"datePublished\":\"2024-12-06T20:00:04+00:00\",\"dateModified\":\"2024-12-06T20:12:33+00:00\",\"author\":{\"@id\":\"https:\\\/\\\/www.copealcoy.es\\\/es\\\/#\\\/schema\\\/person\\\/e777c87fa024e57d40170af9df39882c\"},\"description\":\"Cocentaina ya ha dado la bienvenida a la Navidad despu\u00e9s del encendido de luces que tuvo lugar en la tarde de ayer mi\u00e9rcoles\",\"breadcrumb\":{\"@id\":\"https:\\\/\\\/www.copealcoy.es\\\/es\\\/cocentaina-da-la-bienvenida-a-la-navidad-con-el-encendido-de-luces\\\/#breadcrumb\"},\"inLanguage\":\"es\",\"potentialAction\":[{\"@type\":\"ReadAction\",\"target\":[\"https:\\\/\\\/www.copealcoy.es\\\/es\\\/cocentaina-da-la-bienvenida-a-la-navidad-con-el-encendido-de-luces\\\/\"]}]},{\"@type\":\"ImageObject\",\"inLanguage\":\"es\",\"@id\":\"https:\\\/\\\/www.copealcoy.es\\\/es\\\/cocentaina-da-la-bienvenida-a-la-navidad-con-el-encendido-de-luces\\\/#primaryimage\",\"url\":\"https:\\\/\\\/www.copealcoy.es\\\/wp-content\\\/uploads\\\/2024\\\/12\\\/IMG_3571-scaled.jpg\",\"contentUrl\":\"https:\\\/\\\/www.copealcoy.es\\\/wp-content\\\/uploads\\\/2024\\\/12\\\/IMG_3571-scaled.jpg\",\"width\":1584,\"height\":1080},{\"@type\":\"BreadcrumbList\",\"@id\":\"https:\\\/\\\/www.copealcoy.es\\\/es\\\/cocentaina-da-la-bienvenida-a-la-navidad-con-el-encendido-de-luces\\\/#breadcrumb\",\"itemListElement\":[{\"@type\":\"ListItem\",\"position\":1,\"name\":\"Portada\",\"item\":\"https:\\\/\\\/www.copealcoy.es\\\/es\\\/\"},{\"@type\":\"ListItem\",\"position\":2,\"name\":\"Cocentaina da la bienvenida a la Navidad con el encendido de luces\"}]},{\"@type\":\"WebSite\",\"@id\":\"https:\\\/\\\/www.copealcoy.es\\\/es\\\/#website\",\"url\":\"https:\\\/\\\/www.copealcoy.es\\\/es\\\/\",\"name\":\"COPE Alcoy\",\"description\":\"Emisora COPE de radio local con emisi\u00f3n online. Pont de Sant Jordi 8-10 03803 Alcoy\",\"potentialAction\":[{\"@type\":\"SearchAction\",\"target\":{\"@type\":\"EntryPoint\",\"urlTemplate\":\"https:\\\/\\\/www.copealcoy.es\\\/es\\\/?s={search_term_string}\"},\"query-input\":{\"@type\":\"PropertyValueSpecification\",\"valueRequired\":true,\"valueName\":\"search_term_string\"}}],\"inLanguage\":\"es\"},{\"@type\":\"Person\",\"@id\":\"https:\\\/\\\/www.copealcoy.es\\\/es\\\/#\\\/schema\\\/person\\\/e777c87fa024e57d40170af9df39882c\",\"name\":\"Cope Alcoy\",\"image\":{\"@type\":\"ImageObject\",\"inLanguage\":\"es\",\"@id\":\"https:\\\/\\\/secure.gravatar.com\\\/avatar\\\/bb65d0283347e303893ba14f0692005417c1e0e690a325a4c5d8bb2b3943ee14?s=96&d=mm&r=g\",\"url\":\"https:\\\/\\\/secure.gravatar.com\\\/avatar\\\/bb65d0283347e303893ba14f0692005417c1e0e690a325a4c5d8bb2b3943ee14?s=96&d=mm&r=g\",\"contentUrl\":\"https:\\\/\\\/secure.gravatar.com\\\/avatar\\\/bb65d0283347e303893ba14f0692005417c1e0e690a325a4c5d8bb2b3943ee14?s=96&d=mm&r=g\",\"caption\":\"Cope Alcoy\"}}]}<\/script>\n<!-- \/ Yoast SEO plugin. -->","yoast_head_json":{"title":"Cocentaina da la bienvenida a la Navidad con el encendido de luces - COPE Alcoy","description":"Cocentaina ya ha dado la bienvenida a la Navidad despu\u00e9s del encendido de luces que tuvo lugar en la tarde de ayer mi\u00e9rcoles","robots":{"index":"index","follow":"follow","max-snippet":"max-snippet:-1","max-image-preview":"max-image-preview:large","max-video-preview":"max-video-preview:-1"},"canonical":"https:\/\/www.copealcoy.es\/es\/cocentaina-da-la-bienvenida-a-la-navidad-con-el-encendido-de-luces\/","og_locale":"es_ES","og_type":"article","og_title":"Cocentaina da la bienvenida a la Navidad con el encendido de luces - COPE Alcoy","og_description":"Cocentaina ya ha dado la bienvenida a la Navidad despu\u00e9s del encendido de luces que tuvo lugar en la tarde de ayer mi\u00e9rcoles","og_url":"https:\/\/www.copealcoy.es\/es\/cocentaina-da-la-bienvenida-a-la-navidad-con-el-encendido-de-luces\/","og_site_name":"COPE Alcoy","article_published_time":"2024-12-06T20:00:04+00:00","article_modified_time":"2024-12-06T20:12:33+00:00","og_image":[{"width":1584,"height":1080,"url":"https:\/\/www.copealcoy.es\/wp-content\/uploads\/2024\/12\/IMG_3571-scaled.jpg","type":"image\/jpeg"}],"author":"Cope Alcoy","twitter_misc":{"Escrito por":"Cope Alcoy","Tiempo de lectura":"2 minutos"},"schema":{"@context":"https:\/\/schema.org","@graph":[{"@type":"Article","@id":"https:\/\/www.copealcoy.es\/es\/cocentaina-da-la-bienvenida-a-la-navidad-con-el-encendido-de-luces\/#article","isPartOf":{"@id":"https:\/\/www.copealcoy.es\/es\/cocentaina-da-la-bienvenida-a-la-navidad-con-el-encendido-de-luces\/"},"author":{"name":"Cope Alcoy","@id":"https:\/\/www.copealcoy.es\/es\/#\/schema\/person\/e777c87fa024e57d40170af9df39882c"},"headline":"Cocentaina da la bienvenida a la Navidad con el encendido de luces","datePublished":"2024-12-06T20:00:04+00:00","dateModified":"2024-12-06T20:12:33+00:00","mainEntityOfPage":{"@id":"https:\/\/www.copealcoy.es\/es\/cocentaina-da-la-bienvenida-a-la-navidad-con-el-encendido-de-luces\/"},"wordCount":367,"commentCount":0,"image":{"@id":"https:\/\/www.copealcoy.es\/es\/cocentaina-da-la-bienvenida-a-la-navidad-con-el-encendido-de-luces\/#primaryimage"},"thumbnailUrl":"https:\/\/www.copealcoy.es\/wp-content\/uploads\/2024\/12\/IMG_3571-scaled.jpg","keywords":["Cocentaina","Encendido","Luces","Navidad"],"articleSection":["Actualidad","Comarcas","Noticias"],"inLanguage":"es"},{"@type":"WebPage","@id":"https:\/\/www.copealcoy.es\/es\/cocentaina-da-la-bienvenida-a-la-navidad-con-el-encendido-de-luces\/","url":"https:\/\/www.copealcoy.es\/es\/cocentaina-da-la-bienvenida-a-la-navidad-con-el-encendido-de-luces\/","name":"Cocentaina da la bienvenida a la Navidad con el encendido de luces - COPE Alcoy","isPartOf":{"@id":"https:\/\/www.copealcoy.es\/es\/#website"},"primaryImageOfPage":{"@id":"https:\/\/www.copealcoy.es\/es\/cocentaina-da-la-bienvenida-a-la-navidad-con-el-encendido-de-luces\/#primaryimage"},"image":{"@id":"https:\/\/www.copealcoy.es\/es\/cocentaina-da-la-bienvenida-a-la-navidad-con-el-encendido-de-luces\/#primaryimage"},"thumbnailUrl":"https:\/\/www.copealcoy.es\/wp-content\/uploads\/2024\/12\/IMG_3571-scaled.jpg","datePublished":"2024-12-06T20:00:04+00:00","dateModified":"2024-12-06T20:12:33+00:00","author":{"@id":"https:\/\/www.copealcoy.es\/es\/#\/schema\/person\/e777c87fa024e57d40170af9df39882c"},"description":"Cocentaina ya ha dado la bienvenida a la Navidad despu\u00e9s del encendido de luces que tuvo lugar en la tarde de ayer mi\u00e9rcoles","breadcrumb":{"@id":"https:\/\/www.copealcoy.es\/es\/cocentaina-da-la-bienvenida-a-la-navidad-con-el-encendido-de-luces\/#breadcrumb"},"inLanguage":"es","potentialAction":[{"@type":"ReadAction","target":["https:\/\/www.copealcoy.es\/es\/cocentaina-da-la-bienvenida-a-la-navidad-con-el-encendido-de-luces\/"]}]},{"@type":"ImageObject","inLanguage":"es","@id":"https:\/\/www.copealcoy.es\/es\/cocentaina-da-la-bienvenida-a-la-navidad-con-el-encendido-de-luces\/#primaryimage","url":"https:\/\/www.copealcoy.es\/wp-content\/uploads\/2024\/12\/IMG_3571-scaled.jpg","contentUrl":"https:\/\/www.copealcoy.es\/wp-content\/uploads\/2024\/12\/IMG_3571-scaled.jpg","width":1584,"height":1080},{"@type":"BreadcrumbList","@id":"https:\/\/www.copealcoy.es\/es\/cocentaina-da-la-bienvenida-a-la-navidad-con-el-encendido-de-luces\/#breadcrumb","itemListElement":[{"@type":"ListItem","position":1,"name":"Portada","item":"https:\/\/www.copealcoy.es\/es\/"},{"@type":"ListItem","position":2,"name":"Cocentaina da la bienvenida a la Navidad con el encendido de luces"}]},{"@type":"WebSite","@id":"https:\/\/www.copealcoy.es\/es\/#website","url":"https:\/\/www.copealcoy.es\/es\/","name":"COPE Alcoy","description":"Emisora COPE de radio local con emisi\u00f3n online. Pont de Sant Jordi 8-10 03803 Alcoy","potentialAction":[{"@type":"SearchAction","target":{"@type":"EntryPoint","urlTemplate":"https:\/\/www.copealcoy.es\/es\/?s={search_term_string}"},"query-input":{"@type":"PropertyValueSpecification","valueRequired":true,"valueName":"search_term_string"}}],"inLanguage":"es"},{"@type":"Person","@id":"https:\/\/www.copealcoy.es\/es\/#\/schema\/person\/e777c87fa024e57d40170af9df39882c","name":"Cope Alcoy","image":{"@type":"ImageObject","inLanguage":"es","@id":"https:\/\/secure.gravatar.com\/avatar\/bb65d0283347e303893ba14f0692005417c1e0e690a325a4c5d8bb2b3943ee14?s=96&d=mm&r=g","url":"https:\/\/secure.gravatar.com\/avatar\/bb65d0283347e303893ba14f0692005417c1e0e690a325a4c5d8bb2b3943ee14?s=96&d=mm&r=g","contentUrl":"https:\/\/secure.gravatar.com\/avatar\/bb65d0283347e303893ba14f0692005417c1e0e690a325a4c5d8bb2b3943ee14?s=96&d=mm&r=g","caption":"Cope Alcoy"}}]}},"_links":{"self":[{"href":"https:\/\/www.copealcoy.es\/es\/wp-json\/wp\/v2\/posts\/144020","targetHints":{"allow":["GET"]}}],"collection":[{"href":"https:\/\/www.copealcoy.es\/es\/wp-json\/wp\/v2\/posts"}],"about":[{"href":"https:\/\/www.copealcoy.es\/es\/wp-json\/wp\/v2\/types\/post"}],"author":[{"embeddable":true,"href":"https:\/\/www.copealcoy.es\/es\/wp-json\/wp\/v2\/users\/1"}],"replies":[{"embeddable":true,"href":"https:\/\/www.copealcoy.es\/es\/wp-json\/wp\/v2\/comments?post=144020"}],"version-history":[{"count":0,"href":"https:\/\/www.copealcoy.es\/es\/wp-json\/wp\/v2\/posts\/144020\/revisions"}],"wp:featuredmedia":[{"embeddable":true,"href":"https:\/\/www.copealcoy.es\/es\/wp-json\/wp\/v2\/media\/144021"}],"wp:attachment":[{"href":"https:\/\/www.copealcoy.es\/es\/wp-json\/wp\/v2\/media?parent=144020"}],"wp:term":[{"taxonomy":"category","embeddable":true,"href":"https:\/\/www.copealcoy.es\/es\/wp-json\/wp\/v2\/categories?post=144020"},{"taxonomy":"post_tag","embeddable":true,"href":"https:\/\/www.copealcoy.es\/es\/wp-json\/wp\/v2\/tags?post=144020"}],"curies":[{"name":"wp","href":"https:\/\/api.w.org\/{rel}","templated":true}]}}