{"id":143848,"date":"2024-12-02T13:54:57","date_gmt":"2024-12-02T12:54:57","guid":{"rendered":"https:\/\/www.copealcoy.es\/?p=143848"},"modified":"2024-12-02T13:54:57","modified_gmt":"2024-12-02T12:54:57","slug":"preocupacion-en-el-pp-de-alcoy-por-el-centre-cultural-da-sensacion-de-abandono","status":"publish","type":"post","link":"https:\/\/www.copealcoy.es\/es\/preocupacion-en-el-pp-de-alcoy-por-el-centre-cultural-da-sensacion-de-abandono\/","title":{"rendered":"Preocupaci\u00f3n en el PP de Alcoy por el Centre Cultural: &#8220;da sensaci\u00f3n de abandono&#8221;"},"content":{"rendered":"<p style=\"text-align: justify;\">El <a href=\"https:\/\/www.facebook.com\/populares.alcoy\" target=\"_blank\" rel=\"noopener\"><span style=\"color: #0000ff;\"><strong>Partido Popular de Alcoy<\/strong> <\/span><\/a>ha expresado en este lunes <strong>su preocupaci\u00f3n por el estado en el que actualmente se encuentran las instalaciones del Centre Cultural<\/strong>. Desde el PP aseguran que el gobierno municipal <strong>se comprometi\u00f3 en verano<\/strong> a presentar, antes de que terminara este a\u00f1o, <strong>un proyecto que contemplara la reforma integral del inmueble<\/strong> con fondos europeos tras la moci\u00f3n defendida en este sentido por los populares en sesi\u00f3n plenaria &#8220;<em>y a fecha de hoy no conocemos todav\u00eda ning\u00fan detalle al respecto<\/em>&#8220;, ha dicho hoy la concejala <strong>Isabel Balaguer<\/strong>.<\/p>\n<p style=\"text-align: justify;\">Balaguer ha alertado tambi\u00e9n sobre <strong>la cr\u00edtica situaci\u00f3n del edificio municipal<\/strong>, que no solo requiere una reforma integral, sino tambi\u00e9n <strong>un mantenimiento adecuado<\/strong>. Entre los <strong>problemas m\u00e1s destacados<\/strong> se encuentran las goteras en la planta superior, que han obligado a reubicar exposiciones en la segunda planta. Adem\u00e1s, el ba\u00f1o de hombres en esta misma planta lleva m\u00e1s de un mes cerrado &#8220;<em>y a todo esto le a\u00f1adimos que el sistema de climatizaci\u00f3n, aunque est\u00e1 operativo, no funciona como deber\u00eda. Tambi\u00e9n tenemos en condiciones precarias la cabina o equipos t\u00e9cnicos, con lo cual es urgente que el ejecutivo cumpla con su compromiso y presente el proyecto que permita la adecuaci\u00f3n del inmueble<\/em>&#8220;, concluye Balaguer.<\/p>\n<p style=\"text-align: justify;\">Desde el PP de Alcoy tambi\u00e9n han apuntado a la necesidad de que s<strong>e elabore un Plan Director<\/strong> del edificio antes de acometer ese proyecto de reforma integral. Consideran que en este documento tendr\u00edan que quedar plasmados los usos que debe de tener la Casa de Cultura e incluso contemplar acciones como la mejora de la accesibilidad o la eficiencia energ\u00e9tica; entre otras cuestiones.<\/p>\n<p><strong><span style=\"color: #0000ff;\">Actuaciones urgentes a la espera de un proyecto m\u00e1s ambicioso<\/span><\/strong><\/p>\n<p style=\"text-align: justify;\">Cabe recordar que el pasado verano, seg\u00fan dijo el edil de Patrimomio Cultural en el #TiempoDeAn\u00e1lisis de COPE ALCOY, se estaba\u00a0<strong>ultimando la redacci\u00f3n del proyecto<\/strong> para poder hacer realidad intervenciones dirigidas a reparar la cubierta y solventar los problemas causados hasta el momento por las goteras Todo a la espera de una actuaci\u00f3n m\u00e1s ambiciosa &#8220;<em>los primeros arreglos que se van a hacer nos permitir\u00e1 dispone de m\u00e1s espacios en la Casa de Cultura, una vez solucionadas las goteras, y despu\u00e9s vamos a iniciar la redacci\u00f3n del proyecto para una reforma del inmueble. Estamos ante una obra que supone una importante inversi\u00f3n econ\u00f3mica, ya que las \u00faltimas reformas hechas en la Casa de Cultura son de 1983, y para eso se quiere optar a fondos europeos que puedan financiar buena parte de la reparaci\u00f3n&#8221;<\/em>, detall\u00f3 Trelis.<\/p>\n<p>&nbsp;<\/p>\n","protected":false},"excerpt":{"rendered":"<p>El Partido Popular de Alcoy ha expresado en este lunes su preocupaci\u00f3n por el estado en el que actualmente se&#8230;<\/p>\n","protected":false},"author":1,"featured_media":143849,"comment_status":"open","ping_status":"open","sticky":false,"template":"","format":"standard","meta":{"footnotes":""},"categories":[6909,97,75,125],"tags":[1494,12713,1461,4642,2696,448],"class_list":["post-143848","post","type-post","status-publish","format-standard","has-post-thumbnail","hentry","category-actualidad","category-alcoy","category-noticias","category-portada","tag-alcoy","tag-casa-de-cultura","tag-denuncia","tag-estado","tag-mal-estado","tag-partido-popular"],"yoast_head":"<!-- This site is optimized with the Yoast SEO plugin v27.3 - https:\/\/yoast.com\/product\/yoast-seo-wordpress\/ -->\n<title>Preocupaci\u00f3n en el PP de Alcoy por el Centre Cultural: &quot;da sensaci\u00f3n de abandono&quot; - COPE Alcoy<\/title>\n<meta name=\"description\" content=\"El Partido Popular de Alcoy ha expresado en este lunes su preocupaci\u00f3n por el estado en el que actualmente se encuentran las instalaciones del Centre Cultural\" \/>\n<meta name=\"robots\" content=\"index, follow, max-snippet:-1, max-image-preview:large, max-video-preview:-1\" \/>\n<link rel=\"canonical\" href=\"https:\/\/www.copealcoy.es\/es\/preocupacion-en-el-pp-de-alcoy-por-el-centre-cultural-da-sensacion-de-abandono\/\" \/>\n<meta property=\"og:locale\" content=\"es_ES\" \/>\n<meta property=\"og:type\" content=\"article\" \/>\n<meta property=\"og:title\" content=\"Preocupaci\u00f3n en el PP de Alcoy por el Centre Cultural: &quot;da sensaci\u00f3n de abandono&quot; - COPE Alcoy\" \/>\n<meta property=\"og:description\" content=\"El Partido Popular de Alcoy ha expresado en este lunes su preocupaci\u00f3n por el estado en el que actualmente se encuentran las instalaciones del Centre Cultural\" \/>\n<meta property=\"og:url\" content=\"https:\/\/www.copealcoy.es\/es\/preocupacion-en-el-pp-de-alcoy-por-el-centre-cultural-da-sensacion-de-abandono\/\" \/>\n<meta property=\"og:site_name\" content=\"COPE Alcoy\" \/>\n<meta property=\"article:published_time\" content=\"2024-12-02T12:54:57+00:00\" \/>\n<meta property=\"og:image\" content=\"https:\/\/www.copealcoy.es\/wp-content\/uploads\/2024\/12\/unnamed-1-2-scaled.jpg\" \/>\n\t<meta property=\"og:image:width\" content=\"1440\" \/>\n\t<meta property=\"og:image:height\" content=\"1080\" \/>\n\t<meta property=\"og:image:type\" content=\"image\/jpeg\" \/>\n<meta name=\"author\" content=\"Cope Alcoy\" \/>\n<meta name=\"twitter:label1\" content=\"Escrito por\" \/>\n\t<meta name=\"twitter:data1\" content=\"Cope Alcoy\" \/>\n\t<meta name=\"twitter:label2\" content=\"Tiempo de lectura\" \/>\n\t<meta name=\"twitter:data2\" content=\"3 minutos\" \/>\n<script type=\"application\/ld+json\" class=\"yoast-schema-graph\">{\"@context\":\"https:\\\/\\\/schema.org\",\"@graph\":[{\"@type\":\"Article\",\"@id\":\"https:\\\/\\\/www.copealcoy.es\\\/es\\\/preocupacion-en-el-pp-de-alcoy-por-el-centre-cultural-da-sensacion-de-abandono\\\/#article\",\"isPartOf\":{\"@id\":\"https:\\\/\\\/www.copealcoy.es\\\/es\\\/preocupacion-en-el-pp-de-alcoy-por-el-centre-cultural-da-sensacion-de-abandono\\\/\"},\"author\":{\"name\":\"Cope Alcoy\",\"@id\":\"https:\\\/\\\/www.copealcoy.es\\\/es\\\/#\\\/schema\\\/person\\\/e777c87fa024e57d40170af9df39882c\"},\"headline\":\"Preocupaci\u00f3n en el PP de Alcoy por el Centre Cultural: &#8220;da sensaci\u00f3n de abandono&#8221;\",\"datePublished\":\"2024-12-02T12:54:57+00:00\",\"mainEntityOfPage\":{\"@id\":\"https:\\\/\\\/www.copealcoy.es\\\/es\\\/preocupacion-en-el-pp-de-alcoy-por-el-centre-cultural-da-sensacion-de-abandono\\\/\"},\"wordCount\":465,\"commentCount\":0,\"image\":{\"@id\":\"https:\\\/\\\/www.copealcoy.es\\\/es\\\/preocupacion-en-el-pp-de-alcoy-por-el-centre-cultural-da-sensacion-de-abandono\\\/#primaryimage\"},\"thumbnailUrl\":\"https:\\\/\\\/www.copealcoy.es\\\/wp-content\\\/uploads\\\/2024\\\/12\\\/unnamed-1-2-scaled.jpg\",\"keywords\":[\"Alcoy\",\"Casa de Cultura\",\"Denuncia\",\"estado\",\"mal estado\",\"Partido Popular\"],\"articleSection\":[\"Actualidad\",\"Alcoy\",\"Noticias\",\"Portada\"],\"inLanguage\":\"es\"},{\"@type\":\"WebPage\",\"@id\":\"https:\\\/\\\/www.copealcoy.es\\\/es\\\/preocupacion-en-el-pp-de-alcoy-por-el-centre-cultural-da-sensacion-de-abandono\\\/\",\"url\":\"https:\\\/\\\/www.copealcoy.es\\\/es\\\/preocupacion-en-el-pp-de-alcoy-por-el-centre-cultural-da-sensacion-de-abandono\\\/\",\"name\":\"Preocupaci\u00f3n en el PP de Alcoy por el Centre Cultural: \\\"da sensaci\u00f3n de abandono\\\" - COPE Alcoy\",\"isPartOf\":{\"@id\":\"https:\\\/\\\/www.copealcoy.es\\\/es\\\/#website\"},\"primaryImageOfPage\":{\"@id\":\"https:\\\/\\\/www.copealcoy.es\\\/es\\\/preocupacion-en-el-pp-de-alcoy-por-el-centre-cultural-da-sensacion-de-abandono\\\/#primaryimage\"},\"image\":{\"@id\":\"https:\\\/\\\/www.copealcoy.es\\\/es\\\/preocupacion-en-el-pp-de-alcoy-por-el-centre-cultural-da-sensacion-de-abandono\\\/#primaryimage\"},\"thumbnailUrl\":\"https:\\\/\\\/www.copealcoy.es\\\/wp-content\\\/uploads\\\/2024\\\/12\\\/unnamed-1-2-scaled.jpg\",\"datePublished\":\"2024-12-02T12:54:57+00:00\",\"author\":{\"@id\":\"https:\\\/\\\/www.copealcoy.es\\\/es\\\/#\\\/schema\\\/person\\\/e777c87fa024e57d40170af9df39882c\"},\"description\":\"El Partido Popular de Alcoy ha expresado en este lunes su preocupaci\u00f3n por el estado en el que actualmente se encuentran las instalaciones del Centre Cultural\",\"breadcrumb\":{\"@id\":\"https:\\\/\\\/www.copealcoy.es\\\/es\\\/preocupacion-en-el-pp-de-alcoy-por-el-centre-cultural-da-sensacion-de-abandono\\\/#breadcrumb\"},\"inLanguage\":\"es\",\"potentialAction\":[{\"@type\":\"ReadAction\",\"target\":[\"https:\\\/\\\/www.copealcoy.es\\\/es\\\/preocupacion-en-el-pp-de-alcoy-por-el-centre-cultural-da-sensacion-de-abandono\\\/\"]}]},{\"@type\":\"ImageObject\",\"inLanguage\":\"es\",\"@id\":\"https:\\\/\\\/www.copealcoy.es\\\/es\\\/preocupacion-en-el-pp-de-alcoy-por-el-centre-cultural-da-sensacion-de-abandono\\\/#primaryimage\",\"url\":\"https:\\\/\\\/www.copealcoy.es\\\/wp-content\\\/uploads\\\/2024\\\/12\\\/unnamed-1-2-scaled.jpg\",\"contentUrl\":\"https:\\\/\\\/www.copealcoy.es\\\/wp-content\\\/uploads\\\/2024\\\/12\\\/unnamed-1-2-scaled.jpg\",\"width\":1440,\"height\":1080},{\"@type\":\"BreadcrumbList\",\"@id\":\"https:\\\/\\\/www.copealcoy.es\\\/es\\\/preocupacion-en-el-pp-de-alcoy-por-el-centre-cultural-da-sensacion-de-abandono\\\/#breadcrumb\",\"itemListElement\":[{\"@type\":\"ListItem\",\"position\":1,\"name\":\"Portada\",\"item\":\"https:\\\/\\\/www.copealcoy.es\\\/es\\\/\"},{\"@type\":\"ListItem\",\"position\":2,\"name\":\"Preocupaci\u00f3n en el PP de Alcoy por el Centre Cultural: &#8220;da sensaci\u00f3n de abandono&#8221;\"}]},{\"@type\":\"WebSite\",\"@id\":\"https:\\\/\\\/www.copealcoy.es\\\/es\\\/#website\",\"url\":\"https:\\\/\\\/www.copealcoy.es\\\/es\\\/\",\"name\":\"COPE Alcoy\",\"description\":\"Emisora COPE de radio local con emisi\u00f3n online. Pont de Sant Jordi 8-10 03803 Alcoy\",\"potentialAction\":[{\"@type\":\"SearchAction\",\"target\":{\"@type\":\"EntryPoint\",\"urlTemplate\":\"https:\\\/\\\/www.copealcoy.es\\\/es\\\/?s={search_term_string}\"},\"query-input\":{\"@type\":\"PropertyValueSpecification\",\"valueRequired\":true,\"valueName\":\"search_term_string\"}}],\"inLanguage\":\"es\"},{\"@type\":\"Person\",\"@id\":\"https:\\\/\\\/www.copealcoy.es\\\/es\\\/#\\\/schema\\\/person\\\/e777c87fa024e57d40170af9df39882c\",\"name\":\"Cope Alcoy\",\"image\":{\"@type\":\"ImageObject\",\"inLanguage\":\"es\",\"@id\":\"https:\\\/\\\/secure.gravatar.com\\\/avatar\\\/bb65d0283347e303893ba14f0692005417c1e0e690a325a4c5d8bb2b3943ee14?s=96&d=mm&r=g\",\"url\":\"https:\\\/\\\/secure.gravatar.com\\\/avatar\\\/bb65d0283347e303893ba14f0692005417c1e0e690a325a4c5d8bb2b3943ee14?s=96&d=mm&r=g\",\"contentUrl\":\"https:\\\/\\\/secure.gravatar.com\\\/avatar\\\/bb65d0283347e303893ba14f0692005417c1e0e690a325a4c5d8bb2b3943ee14?s=96&d=mm&r=g\",\"caption\":\"Cope Alcoy\"}}]}<\/script>\n<!-- \/ Yoast SEO plugin. -->","yoast_head_json":{"title":"Preocupaci\u00f3n en el PP de Alcoy por el Centre Cultural: \"da sensaci\u00f3n de abandono\" - COPE Alcoy","description":"El Partido Popular de Alcoy ha expresado en este lunes su preocupaci\u00f3n por el estado en el que actualmente se encuentran las instalaciones del Centre Cultural","robots":{"index":"index","follow":"follow","max-snippet":"max-snippet:-1","max-image-preview":"max-image-preview:large","max-video-preview":"max-video-preview:-1"},"canonical":"https:\/\/www.copealcoy.es\/es\/preocupacion-en-el-pp-de-alcoy-por-el-centre-cultural-da-sensacion-de-abandono\/","og_locale":"es_ES","og_type":"article","og_title":"Preocupaci\u00f3n en el PP de Alcoy por el Centre Cultural: \"da sensaci\u00f3n de abandono\" - COPE Alcoy","og_description":"El Partido Popular de Alcoy ha expresado en este lunes su preocupaci\u00f3n por el estado en el que actualmente se encuentran las instalaciones del Centre Cultural","og_url":"https:\/\/www.copealcoy.es\/es\/preocupacion-en-el-pp-de-alcoy-por-el-centre-cultural-da-sensacion-de-abandono\/","og_site_name":"COPE Alcoy","article_published_time":"2024-12-02T12:54:57+00:00","og_image":[{"width":1440,"height":1080,"url":"https:\/\/www.copealcoy.es\/wp-content\/uploads\/2024\/12\/unnamed-1-2-scaled.jpg","type":"image\/jpeg"}],"author":"Cope Alcoy","twitter_misc":{"Escrito por":"Cope Alcoy","Tiempo de lectura":"3 minutos"},"schema":{"@context":"https:\/\/schema.org","@graph":[{"@type":"Article","@id":"https:\/\/www.copealcoy.es\/es\/preocupacion-en-el-pp-de-alcoy-por-el-centre-cultural-da-sensacion-de-abandono\/#article","isPartOf":{"@id":"https:\/\/www.copealcoy.es\/es\/preocupacion-en-el-pp-de-alcoy-por-el-centre-cultural-da-sensacion-de-abandono\/"},"author":{"name":"Cope Alcoy","@id":"https:\/\/www.copealcoy.es\/es\/#\/schema\/person\/e777c87fa024e57d40170af9df39882c"},"headline":"Preocupaci\u00f3n en el PP de Alcoy por el Centre Cultural: &#8220;da sensaci\u00f3n de abandono&#8221;","datePublished":"2024-12-02T12:54:57+00:00","mainEntityOfPage":{"@id":"https:\/\/www.copealcoy.es\/es\/preocupacion-en-el-pp-de-alcoy-por-el-centre-cultural-da-sensacion-de-abandono\/"},"wordCount":465,"commentCount":0,"image":{"@id":"https:\/\/www.copealcoy.es\/es\/preocupacion-en-el-pp-de-alcoy-por-el-centre-cultural-da-sensacion-de-abandono\/#primaryimage"},"thumbnailUrl":"https:\/\/www.copealcoy.es\/wp-content\/uploads\/2024\/12\/unnamed-1-2-scaled.jpg","keywords":["Alcoy","Casa de Cultura","Denuncia","estado","mal estado","Partido Popular"],"articleSection":["Actualidad","Alcoy","Noticias","Portada"],"inLanguage":"es"},{"@type":"WebPage","@id":"https:\/\/www.copealcoy.es\/es\/preocupacion-en-el-pp-de-alcoy-por-el-centre-cultural-da-sensacion-de-abandono\/","url":"https:\/\/www.copealcoy.es\/es\/preocupacion-en-el-pp-de-alcoy-por-el-centre-cultural-da-sensacion-de-abandono\/","name":"Preocupaci\u00f3n en el PP de Alcoy por el Centre Cultural: \"da sensaci\u00f3n de abandono\" - COPE Alcoy","isPartOf":{"@id":"https:\/\/www.copealcoy.es\/es\/#website"},"primaryImageOfPage":{"@id":"https:\/\/www.copealcoy.es\/es\/preocupacion-en-el-pp-de-alcoy-por-el-centre-cultural-da-sensacion-de-abandono\/#primaryimage"},"image":{"@id":"https:\/\/www.copealcoy.es\/es\/preocupacion-en-el-pp-de-alcoy-por-el-centre-cultural-da-sensacion-de-abandono\/#primaryimage"},"thumbnailUrl":"https:\/\/www.copealcoy.es\/wp-content\/uploads\/2024\/12\/unnamed-1-2-scaled.jpg","datePublished":"2024-12-02T12:54:57+00:00","author":{"@id":"https:\/\/www.copealcoy.es\/es\/#\/schema\/person\/e777c87fa024e57d40170af9df39882c"},"description":"El Partido Popular de Alcoy ha expresado en este lunes su preocupaci\u00f3n por el estado en el que actualmente se encuentran las instalaciones del Centre Cultural","breadcrumb":{"@id":"https:\/\/www.copealcoy.es\/es\/preocupacion-en-el-pp-de-alcoy-por-el-centre-cultural-da-sensacion-de-abandono\/#breadcrumb"},"inLanguage":"es","potentialAction":[{"@type":"ReadAction","target":["https:\/\/www.copealcoy.es\/es\/preocupacion-en-el-pp-de-alcoy-por-el-centre-cultural-da-sensacion-de-abandono\/"]}]},{"@type":"ImageObject","inLanguage":"es","@id":"https:\/\/www.copealcoy.es\/es\/preocupacion-en-el-pp-de-alcoy-por-el-centre-cultural-da-sensacion-de-abandono\/#primaryimage","url":"https:\/\/www.copealcoy.es\/wp-content\/uploads\/2024\/12\/unnamed-1-2-scaled.jpg","contentUrl":"https:\/\/www.copealcoy.es\/wp-content\/uploads\/2024\/12\/unnamed-1-2-scaled.jpg","width":1440,"height":1080},{"@type":"BreadcrumbList","@id":"https:\/\/www.copealcoy.es\/es\/preocupacion-en-el-pp-de-alcoy-por-el-centre-cultural-da-sensacion-de-abandono\/#breadcrumb","itemListElement":[{"@type":"ListItem","position":1,"name":"Portada","item":"https:\/\/www.copealcoy.es\/es\/"},{"@type":"ListItem","position":2,"name":"Preocupaci\u00f3n en el PP de Alcoy por el Centre Cultural: &#8220;da sensaci\u00f3n de abandono&#8221;"}]},{"@type":"WebSite","@id":"https:\/\/www.copealcoy.es\/es\/#website","url":"https:\/\/www.copealcoy.es\/es\/","name":"COPE Alcoy","description":"Emisora COPE de radio local con emisi\u00f3n online. Pont de Sant Jordi 8-10 03803 Alcoy","potentialAction":[{"@type":"SearchAction","target":{"@type":"EntryPoint","urlTemplate":"https:\/\/www.copealcoy.es\/es\/?s={search_term_string}"},"query-input":{"@type":"PropertyValueSpecification","valueRequired":true,"valueName":"search_term_string"}}],"inLanguage":"es"},{"@type":"Person","@id":"https:\/\/www.copealcoy.es\/es\/#\/schema\/person\/e777c87fa024e57d40170af9df39882c","name":"Cope Alcoy","image":{"@type":"ImageObject","inLanguage":"es","@id":"https:\/\/secure.gravatar.com\/avatar\/bb65d0283347e303893ba14f0692005417c1e0e690a325a4c5d8bb2b3943ee14?s=96&d=mm&r=g","url":"https:\/\/secure.gravatar.com\/avatar\/bb65d0283347e303893ba14f0692005417c1e0e690a325a4c5d8bb2b3943ee14?s=96&d=mm&r=g","contentUrl":"https:\/\/secure.gravatar.com\/avatar\/bb65d0283347e303893ba14f0692005417c1e0e690a325a4c5d8bb2b3943ee14?s=96&d=mm&r=g","caption":"Cope Alcoy"}}]}},"_links":{"self":[{"href":"https:\/\/www.copealcoy.es\/es\/wp-json\/wp\/v2\/posts\/143848","targetHints":{"allow":["GET"]}}],"collection":[{"href":"https:\/\/www.copealcoy.es\/es\/wp-json\/wp\/v2\/posts"}],"about":[{"href":"https:\/\/www.copealcoy.es\/es\/wp-json\/wp\/v2\/types\/post"}],"author":[{"embeddable":true,"href":"https:\/\/www.copealcoy.es\/es\/wp-json\/wp\/v2\/users\/1"}],"replies":[{"embeddable":true,"href":"https:\/\/www.copealcoy.es\/es\/wp-json\/wp\/v2\/comments?post=143848"}],"version-history":[{"count":0,"href":"https:\/\/www.copealcoy.es\/es\/wp-json\/wp\/v2\/posts\/143848\/revisions"}],"wp:featuredmedia":[{"embeddable":true,"href":"https:\/\/www.copealcoy.es\/es\/wp-json\/wp\/v2\/media\/143849"}],"wp:attachment":[{"href":"https:\/\/www.copealcoy.es\/es\/wp-json\/wp\/v2\/media?parent=143848"}],"wp:term":[{"taxonomy":"category","embeddable":true,"href":"https:\/\/www.copealcoy.es\/es\/wp-json\/wp\/v2\/categories?post=143848"},{"taxonomy":"post_tag","embeddable":true,"href":"https:\/\/www.copealcoy.es\/es\/wp-json\/wp\/v2\/tags?post=143848"}],"curies":[{"name":"wp","href":"https:\/\/api.w.org\/{rel}","templated":true}]}}