{"id":14381,"date":"2015-07-05T22:45:03","date_gmt":"2015-07-05T22:45:03","guid":{"rendered":"http:\/\/copealcoi.es\/new\/?p=14381"},"modified":"2015-07-05T22:49:43","modified_gmt":"2015-07-05T22:49:43","slug":"el-ateneu-musical-presenta-una-completa-oferta-educativa-en-su-escuela-de-musica","status":"publish","type":"post","link":"https:\/\/www.copealcoy.es\/es\/el-ateneu-musical-presenta-una-completa-oferta-educativa-en-su-escuela-de-musica\/","title":{"rendered":"El Ateneu presenta una completa oferta educativa en su Escuela de M\u00fasica"},"content":{"rendered":"<p style=\"text-align: justify;\">El Ateneu Musical de Cocentaina sigue adelante con la campa\u00f1a de matriculaci\u00f3n para su Escuela de M\u00fasica de cara al pr\u00f3ximo curso acad\u00e9mico. El centro,\u00a0cuya denominaci\u00f3n rinde homenaje desde el a\u00f1o pasado al fundador de la banda Jos\u00e9 Insa\u00a0Mart\u00ednez, ha preparado una amplia oferta educativa con el objetivo de fomentar\u00a0el aprendizaje de la m\u00fasica desde las edades m\u00e1s tempranas &#8220;abarcamos desde peque\u00f1os hasta adultos y nuestros estudios reglados permiten a muchos de nuestros alumnos formar parte despu\u00e9s del Ateneu&#8221;, indica el director de la Escuela, Ra\u00fcl Richart. El propio Richart\u00a0explic\u00f3 tambi\u00e9n en La Ma\u00f1ana de Cope Alcoy que la Escuela del Ateneu Musical cuenta con una plantilla de profesores especializados en distintas materias y se\u00f1al\u00f3 que cada a\u00f1o buscan la innovaci\u00f3n para seguir siendo la base de una importante cantera de m\u00fasicos procedentes tanto de la Villa Condal como del resto de la comarca &#8220;trabajamos para introducir novedades en los niveles medios y superiores y gran parte de los alumnos que han pasado por nuestro Centro est\u00e1n ahora desarrollando su carrera musical a lo largo del territorio nacional e incluso internacional&#8221;, a\u00f1ade.<\/p>\n<p style=\"text-align: justify;\">La oferta educativa de la Escuela Jos\u00e9 Insa Mart\u00ednez abarca una gran variedad de instrumentos y para el curso 2015\/2016 te da la posibilidad\u00a0tambi\u00e9n de tener el curso de iniciaci\u00f3n musical totalmente gratuito. Adem\u00e1s se suma al programa docente la modalidad Coro\/ Creatividad y las clases de Fagot con importantes descuentos &#8220;todo aquel que lo desee puede pedirnos informaci\u00f3n en nuestra sede en la calle Ausi\u00e0s March n\u00famero 9 y tambi\u00e9n entrar en nuestra web www. ateneumusical.org donde encontrar\u00e1n todos los detalles de la matr\u00edcula&#8221;, detalla Ra\u00fcl.<\/p>\n<p style=\"text-align: justify;\">Indicar que hasta el 9 de julio se pueden hacer las matriculaciones en la propia web, por medio de un formulario digital, y de forma presencial en la citada oficina\u00a0de la banda de lunes a jueves de seis a ocho de la tarde. El periodo de inscripci\u00f3n volver\u00e1 a estar en activo del 1 al 10 de septiembre pero los m\u00e1s r\u00e1pidos en hacer su matr\u00edcula, en cualquiera de las modalidades\u00a0que ofrece la Escuela, recibir\u00e1n un detalle exclusivo.<\/p>\n<p style=\"text-align: justify;\"><a href=\"http:\/\/www.ateneumusical.org\">Aqu\u00ed en la web del Ateneu encontrar\u00e1s m\u00e1s informaci\u00f3n<\/a><\/p>\n<p style=\"text-align: justify;\"><a href=\"https:\/\/www.copealcoy.es\/wp-content\/uploads\/2015\/07\/CARTELL-ESCOLA-2015-final.jpg\"><img loading=\"lazy\" decoding=\"async\" class=\"alignleft size-full wp-image-14382\" src=\"https:\/\/www.copealcoy.es\/wp-content\/uploads\/2015\/07\/CARTELL-ESCOLA-2015-final.jpg\" alt=\"CARTELL ESCOLA 2015 final\" width=\"886\" height=\"1352\" srcset=\"https:\/\/www.copealcoy.es\/wp-content\/uploads\/2015\/07\/CARTELL-ESCOLA-2015-final.jpg 708w, https:\/\/www.copealcoy.es\/wp-content\/uploads\/2015\/07\/CARTELL-ESCOLA-2015-final-197x300.jpg 197w, https:\/\/www.copealcoy.es\/wp-content\/uploads\/2015\/07\/CARTELL-ESCOLA-2015-final-671x1024.jpg 671w\" sizes=\"auto, (max-width: 886px) 100vw, 886px\" \/><\/a><\/p>\n","protected":false},"excerpt":{"rendered":"<p>El Ateneu Musical de Cocentaina sigue adelante con la campa\u00f1a de matriculaci\u00f3n para su Escuela de M\u00fasica de cara al&#8230;<\/p>\n","protected":false},"author":1,"featured_media":14387,"comment_status":"open","ping_status":"open","sticky":false,"template":"","format":"standard","meta":{"footnotes":""},"categories":[86],"tags":[1251,132,423,377],"class_list":["post-14381","post","type-post","status-publish","format-standard","has-post-thumbnail","hentry","category-encopealcoyteayudamos","tag-ateneu-musical","tag-cocentaina","tag-educacion","tag-musica"],"yoast_head":"<!-- This site is optimized with the Yoast SEO plugin v27.3 - https:\/\/yoast.com\/product\/yoast-seo-wordpress\/ -->\n<title>El Ateneu presenta una completa oferta educativa en su Escuela de M\u00fasica - COPE Alcoy<\/title>\n<meta name=\"robots\" content=\"index, follow, max-snippet:-1, max-image-preview:large, max-video-preview:-1\" \/>\n<link rel=\"canonical\" href=\"https:\/\/www.copealcoy.es\/es\/el-ateneu-musical-presenta-una-completa-oferta-educativa-en-su-escuela-de-musica\/\" \/>\n<meta property=\"og:locale\" content=\"es_ES\" \/>\n<meta property=\"og:type\" content=\"article\" \/>\n<meta property=\"og:title\" content=\"El Ateneu presenta una completa oferta educativa en su Escuela de M\u00fasica - COPE Alcoy\" \/>\n<meta property=\"og:description\" content=\"El Ateneu Musical de Cocentaina sigue adelante con la campa\u00f1a de matriculaci\u00f3n para su Escuela de M\u00fasica de cara al...\" \/>\n<meta property=\"og:url\" content=\"https:\/\/www.copealcoy.es\/es\/el-ateneu-musical-presenta-una-completa-oferta-educativa-en-su-escuela-de-musica\/\" \/>\n<meta property=\"og:site_name\" content=\"COPE Alcoy\" \/>\n<meta property=\"article:published_time\" content=\"2015-07-05T22:45:03+00:00\" \/>\n<meta property=\"article:modified_time\" content=\"2015-07-05T22:49:43+00:00\" \/>\n<meta property=\"og:image\" content=\"https:\/\/www.copealcoy.es\/wp-content\/uploads\/2015\/07\/IMG_20150604_1123291.jpg\" \/>\n\t<meta property=\"og:image:width\" content=\"2337\" \/>\n\t<meta property=\"og:image:height\" content=\"1459\" \/>\n\t<meta property=\"og:image:type\" content=\"image\/jpeg\" \/>\n<meta name=\"author\" content=\"Cope Alcoy\" \/>\n<meta name=\"twitter:label1\" content=\"Escrito por\" \/>\n\t<meta name=\"twitter:data1\" content=\"Cope Alcoy\" \/>\n\t<meta name=\"twitter:label2\" content=\"Tiempo de lectura\" \/>\n\t<meta name=\"twitter:data2\" content=\"2 minutos\" \/>\n<script type=\"application\/ld+json\" class=\"yoast-schema-graph\">{\"@context\":\"https:\\\/\\\/schema.org\",\"@graph\":[{\"@type\":\"Article\",\"@id\":\"https:\\\/\\\/www.copealcoy.es\\\/es\\\/el-ateneu-musical-presenta-una-completa-oferta-educativa-en-su-escuela-de-musica\\\/#article\",\"isPartOf\":{\"@id\":\"https:\\\/\\\/www.copealcoy.es\\\/es\\\/el-ateneu-musical-presenta-una-completa-oferta-educativa-en-su-escuela-de-musica\\\/\"},\"author\":{\"name\":\"Cope Alcoy\",\"@id\":\"https:\\\/\\\/www.copealcoy.es\\\/es\\\/#\\\/schema\\\/person\\\/e777c87fa024e57d40170af9df39882c\"},\"headline\":\"El Ateneu presenta una completa oferta educativa en su Escuela de M\u00fasica\",\"datePublished\":\"2015-07-05T22:45:03+00:00\",\"dateModified\":\"2015-07-05T22:49:43+00:00\",\"mainEntityOfPage\":{\"@id\":\"https:\\\/\\\/www.copealcoy.es\\\/es\\\/el-ateneu-musical-presenta-una-completa-oferta-educativa-en-su-escuela-de-musica\\\/\"},\"wordCount\":412,\"commentCount\":0,\"image\":{\"@id\":\"https:\\\/\\\/www.copealcoy.es\\\/es\\\/el-ateneu-musical-presenta-una-completa-oferta-educativa-en-su-escuela-de-musica\\\/#primaryimage\"},\"thumbnailUrl\":\"https:\\\/\\\/www.copealcoy.es\\\/wp-content\\\/uploads\\\/2015\\\/07\\\/IMG_20150604_1123291.jpg\",\"keywords\":[\"Ateneu Musical\",\"Cocentaina\",\"Educaci\u00f3n\",\"M\u00fasica\"],\"articleSection\":[\"En COPE Alcoy te ayudamos\"],\"inLanguage\":\"es\"},{\"@type\":\"WebPage\",\"@id\":\"https:\\\/\\\/www.copealcoy.es\\\/es\\\/el-ateneu-musical-presenta-una-completa-oferta-educativa-en-su-escuela-de-musica\\\/\",\"url\":\"https:\\\/\\\/www.copealcoy.es\\\/es\\\/el-ateneu-musical-presenta-una-completa-oferta-educativa-en-su-escuela-de-musica\\\/\",\"name\":\"El Ateneu presenta una completa oferta educativa en su Escuela de M\u00fasica - COPE Alcoy\",\"isPartOf\":{\"@id\":\"https:\\\/\\\/www.copealcoy.es\\\/es\\\/#website\"},\"primaryImageOfPage\":{\"@id\":\"https:\\\/\\\/www.copealcoy.es\\\/es\\\/el-ateneu-musical-presenta-una-completa-oferta-educativa-en-su-escuela-de-musica\\\/#primaryimage\"},\"image\":{\"@id\":\"https:\\\/\\\/www.copealcoy.es\\\/es\\\/el-ateneu-musical-presenta-una-completa-oferta-educativa-en-su-escuela-de-musica\\\/#primaryimage\"},\"thumbnailUrl\":\"https:\\\/\\\/www.copealcoy.es\\\/wp-content\\\/uploads\\\/2015\\\/07\\\/IMG_20150604_1123291.jpg\",\"datePublished\":\"2015-07-05T22:45:03+00:00\",\"dateModified\":\"2015-07-05T22:49:43+00:00\",\"author\":{\"@id\":\"https:\\\/\\\/www.copealcoy.es\\\/es\\\/#\\\/schema\\\/person\\\/e777c87fa024e57d40170af9df39882c\"},\"breadcrumb\":{\"@id\":\"https:\\\/\\\/www.copealcoy.es\\\/es\\\/el-ateneu-musical-presenta-una-completa-oferta-educativa-en-su-escuela-de-musica\\\/#breadcrumb\"},\"inLanguage\":\"es\",\"potentialAction\":[{\"@type\":\"ReadAction\",\"target\":[\"https:\\\/\\\/www.copealcoy.es\\\/es\\\/el-ateneu-musical-presenta-una-completa-oferta-educativa-en-su-escuela-de-musica\\\/\"]}]},{\"@type\":\"ImageObject\",\"inLanguage\":\"es\",\"@id\":\"https:\\\/\\\/www.copealcoy.es\\\/es\\\/el-ateneu-musical-presenta-una-completa-oferta-educativa-en-su-escuela-de-musica\\\/#primaryimage\",\"url\":\"https:\\\/\\\/www.copealcoy.es\\\/wp-content\\\/uploads\\\/2015\\\/07\\\/IMG_20150604_1123291.jpg\",\"contentUrl\":\"https:\\\/\\\/www.copealcoy.es\\\/wp-content\\\/uploads\\\/2015\\\/07\\\/IMG_20150604_1123291.jpg\",\"width\":1730,\"height\":1080,\"caption\":\"Ra\u00fcl Richart explic\u00f3 la campa\u00f1a de matriculaciones en La Ma\u00f1ana de Cope Alcoy\"},{\"@type\":\"BreadcrumbList\",\"@id\":\"https:\\\/\\\/www.copealcoy.es\\\/es\\\/el-ateneu-musical-presenta-una-completa-oferta-educativa-en-su-escuela-de-musica\\\/#breadcrumb\",\"itemListElement\":[{\"@type\":\"ListItem\",\"position\":1,\"name\":\"Portada\",\"item\":\"https:\\\/\\\/www.copealcoy.es\\\/es\\\/\"},{\"@type\":\"ListItem\",\"position\":2,\"name\":\"El Ateneu presenta una completa oferta educativa en su Escuela de M\u00fasica\"}]},{\"@type\":\"WebSite\",\"@id\":\"https:\\\/\\\/www.copealcoy.es\\\/es\\\/#website\",\"url\":\"https:\\\/\\\/www.copealcoy.es\\\/es\\\/\",\"name\":\"COPE Alcoy\",\"description\":\"Emisora COPE de radio local con emisi\u00f3n online. Pont de Sant Jordi 8-10 03803 Alcoy\",\"potentialAction\":[{\"@type\":\"SearchAction\",\"target\":{\"@type\":\"EntryPoint\",\"urlTemplate\":\"https:\\\/\\\/www.copealcoy.es\\\/es\\\/?s={search_term_string}\"},\"query-input\":{\"@type\":\"PropertyValueSpecification\",\"valueRequired\":true,\"valueName\":\"search_term_string\"}}],\"inLanguage\":\"es\"},{\"@type\":\"Person\",\"@id\":\"https:\\\/\\\/www.copealcoy.es\\\/es\\\/#\\\/schema\\\/person\\\/e777c87fa024e57d40170af9df39882c\",\"name\":\"Cope Alcoy\",\"image\":{\"@type\":\"ImageObject\",\"inLanguage\":\"es\",\"@id\":\"https:\\\/\\\/secure.gravatar.com\\\/avatar\\\/bb65d0283347e303893ba14f0692005417c1e0e690a325a4c5d8bb2b3943ee14?s=96&d=mm&r=g\",\"url\":\"https:\\\/\\\/secure.gravatar.com\\\/avatar\\\/bb65d0283347e303893ba14f0692005417c1e0e690a325a4c5d8bb2b3943ee14?s=96&d=mm&r=g\",\"contentUrl\":\"https:\\\/\\\/secure.gravatar.com\\\/avatar\\\/bb65d0283347e303893ba14f0692005417c1e0e690a325a4c5d8bb2b3943ee14?s=96&d=mm&r=g\",\"caption\":\"Cope Alcoy\"}}]}<\/script>\n<!-- \/ Yoast SEO plugin. -->","yoast_head_json":{"title":"El Ateneu presenta una completa oferta educativa en su Escuela de M\u00fasica - COPE Alcoy","robots":{"index":"index","follow":"follow","max-snippet":"max-snippet:-1","max-image-preview":"max-image-preview:large","max-video-preview":"max-video-preview:-1"},"canonical":"https:\/\/www.copealcoy.es\/es\/el-ateneu-musical-presenta-una-completa-oferta-educativa-en-su-escuela-de-musica\/","og_locale":"es_ES","og_type":"article","og_title":"El Ateneu presenta una completa oferta educativa en su Escuela de M\u00fasica - COPE Alcoy","og_description":"El Ateneu Musical de Cocentaina sigue adelante con la campa\u00f1a de matriculaci\u00f3n para su Escuela de M\u00fasica de cara al...","og_url":"https:\/\/www.copealcoy.es\/es\/el-ateneu-musical-presenta-una-completa-oferta-educativa-en-su-escuela-de-musica\/","og_site_name":"COPE Alcoy","article_published_time":"2015-07-05T22:45:03+00:00","article_modified_time":"2015-07-05T22:49:43+00:00","og_image":[{"width":2337,"height":1459,"url":"https:\/\/www.copealcoy.es\/wp-content\/uploads\/2015\/07\/IMG_20150604_1123291.jpg","type":"image\/jpeg"}],"author":"Cope Alcoy","twitter_misc":{"Escrito por":"Cope Alcoy","Tiempo de lectura":"2 minutos"},"schema":{"@context":"https:\/\/schema.org","@graph":[{"@type":"Article","@id":"https:\/\/www.copealcoy.es\/es\/el-ateneu-musical-presenta-una-completa-oferta-educativa-en-su-escuela-de-musica\/#article","isPartOf":{"@id":"https:\/\/www.copealcoy.es\/es\/el-ateneu-musical-presenta-una-completa-oferta-educativa-en-su-escuela-de-musica\/"},"author":{"name":"Cope Alcoy","@id":"https:\/\/www.copealcoy.es\/es\/#\/schema\/person\/e777c87fa024e57d40170af9df39882c"},"headline":"El Ateneu presenta una completa oferta educativa en su Escuela de M\u00fasica","datePublished":"2015-07-05T22:45:03+00:00","dateModified":"2015-07-05T22:49:43+00:00","mainEntityOfPage":{"@id":"https:\/\/www.copealcoy.es\/es\/el-ateneu-musical-presenta-una-completa-oferta-educativa-en-su-escuela-de-musica\/"},"wordCount":412,"commentCount":0,"image":{"@id":"https:\/\/www.copealcoy.es\/es\/el-ateneu-musical-presenta-una-completa-oferta-educativa-en-su-escuela-de-musica\/#primaryimage"},"thumbnailUrl":"https:\/\/www.copealcoy.es\/wp-content\/uploads\/2015\/07\/IMG_20150604_1123291.jpg","keywords":["Ateneu Musical","Cocentaina","Educaci\u00f3n","M\u00fasica"],"articleSection":["En COPE Alcoy te ayudamos"],"inLanguage":"es"},{"@type":"WebPage","@id":"https:\/\/www.copealcoy.es\/es\/el-ateneu-musical-presenta-una-completa-oferta-educativa-en-su-escuela-de-musica\/","url":"https:\/\/www.copealcoy.es\/es\/el-ateneu-musical-presenta-una-completa-oferta-educativa-en-su-escuela-de-musica\/","name":"El Ateneu presenta una completa oferta educativa en su Escuela de M\u00fasica - COPE Alcoy","isPartOf":{"@id":"https:\/\/www.copealcoy.es\/es\/#website"},"primaryImageOfPage":{"@id":"https:\/\/www.copealcoy.es\/es\/el-ateneu-musical-presenta-una-completa-oferta-educativa-en-su-escuela-de-musica\/#primaryimage"},"image":{"@id":"https:\/\/www.copealcoy.es\/es\/el-ateneu-musical-presenta-una-completa-oferta-educativa-en-su-escuela-de-musica\/#primaryimage"},"thumbnailUrl":"https:\/\/www.copealcoy.es\/wp-content\/uploads\/2015\/07\/IMG_20150604_1123291.jpg","datePublished":"2015-07-05T22:45:03+00:00","dateModified":"2015-07-05T22:49:43+00:00","author":{"@id":"https:\/\/www.copealcoy.es\/es\/#\/schema\/person\/e777c87fa024e57d40170af9df39882c"},"breadcrumb":{"@id":"https:\/\/www.copealcoy.es\/es\/el-ateneu-musical-presenta-una-completa-oferta-educativa-en-su-escuela-de-musica\/#breadcrumb"},"inLanguage":"es","potentialAction":[{"@type":"ReadAction","target":["https:\/\/www.copealcoy.es\/es\/el-ateneu-musical-presenta-una-completa-oferta-educativa-en-su-escuela-de-musica\/"]}]},{"@type":"ImageObject","inLanguage":"es","@id":"https:\/\/www.copealcoy.es\/es\/el-ateneu-musical-presenta-una-completa-oferta-educativa-en-su-escuela-de-musica\/#primaryimage","url":"https:\/\/www.copealcoy.es\/wp-content\/uploads\/2015\/07\/IMG_20150604_1123291.jpg","contentUrl":"https:\/\/www.copealcoy.es\/wp-content\/uploads\/2015\/07\/IMG_20150604_1123291.jpg","width":1730,"height":1080,"caption":"Ra\u00fcl Richart explic\u00f3 la campa\u00f1a de matriculaciones en La Ma\u00f1ana de Cope Alcoy"},{"@type":"BreadcrumbList","@id":"https:\/\/www.copealcoy.es\/es\/el-ateneu-musical-presenta-una-completa-oferta-educativa-en-su-escuela-de-musica\/#breadcrumb","itemListElement":[{"@type":"ListItem","position":1,"name":"Portada","item":"https:\/\/www.copealcoy.es\/es\/"},{"@type":"ListItem","position":2,"name":"El Ateneu presenta una completa oferta educativa en su Escuela de M\u00fasica"}]},{"@type":"WebSite","@id":"https:\/\/www.copealcoy.es\/es\/#website","url":"https:\/\/www.copealcoy.es\/es\/","name":"COPE Alcoy","description":"Emisora COPE de radio local con emisi\u00f3n online. Pont de Sant Jordi 8-10 03803 Alcoy","potentialAction":[{"@type":"SearchAction","target":{"@type":"EntryPoint","urlTemplate":"https:\/\/www.copealcoy.es\/es\/?s={search_term_string}"},"query-input":{"@type":"PropertyValueSpecification","valueRequired":true,"valueName":"search_term_string"}}],"inLanguage":"es"},{"@type":"Person","@id":"https:\/\/www.copealcoy.es\/es\/#\/schema\/person\/e777c87fa024e57d40170af9df39882c","name":"Cope Alcoy","image":{"@type":"ImageObject","inLanguage":"es","@id":"https:\/\/secure.gravatar.com\/avatar\/bb65d0283347e303893ba14f0692005417c1e0e690a325a4c5d8bb2b3943ee14?s=96&d=mm&r=g","url":"https:\/\/secure.gravatar.com\/avatar\/bb65d0283347e303893ba14f0692005417c1e0e690a325a4c5d8bb2b3943ee14?s=96&d=mm&r=g","contentUrl":"https:\/\/secure.gravatar.com\/avatar\/bb65d0283347e303893ba14f0692005417c1e0e690a325a4c5d8bb2b3943ee14?s=96&d=mm&r=g","caption":"Cope Alcoy"}}]}},"_links":{"self":[{"href":"https:\/\/www.copealcoy.es\/es\/wp-json\/wp\/v2\/posts\/14381","targetHints":{"allow":["GET"]}}],"collection":[{"href":"https:\/\/www.copealcoy.es\/es\/wp-json\/wp\/v2\/posts"}],"about":[{"href":"https:\/\/www.copealcoy.es\/es\/wp-json\/wp\/v2\/types\/post"}],"author":[{"embeddable":true,"href":"https:\/\/www.copealcoy.es\/es\/wp-json\/wp\/v2\/users\/1"}],"replies":[{"embeddable":true,"href":"https:\/\/www.copealcoy.es\/es\/wp-json\/wp\/v2\/comments?post=14381"}],"version-history":[{"count":0,"href":"https:\/\/www.copealcoy.es\/es\/wp-json\/wp\/v2\/posts\/14381\/revisions"}],"wp:featuredmedia":[{"embeddable":true,"href":"https:\/\/www.copealcoy.es\/es\/wp-json\/wp\/v2\/media\/14387"}],"wp:attachment":[{"href":"https:\/\/www.copealcoy.es\/es\/wp-json\/wp\/v2\/media?parent=14381"}],"wp:term":[{"taxonomy":"category","embeddable":true,"href":"https:\/\/www.copealcoy.es\/es\/wp-json\/wp\/v2\/categories?post=14381"},{"taxonomy":"post_tag","embeddable":true,"href":"https:\/\/www.copealcoy.es\/es\/wp-json\/wp\/v2\/tags?post=14381"}],"curies":[{"name":"wp","href":"https:\/\/api.w.org\/{rel}","templated":true}]}}