{"id":143726,"date":"2024-12-02T07:55:44","date_gmt":"2024-12-02T06:55:44","guid":{"rendered":"https:\/\/www.copealcoy.es\/?p=143726"},"modified":"2024-12-02T12:20:47","modified_gmt":"2024-12-02T11:20:47","slug":"sin-calefaccion-en-el-romeral-a-las-puertas-de-diciembre","status":"publish","type":"post","link":"https:\/\/www.copealcoy.es\/es\/sin-calefaccion-en-el-romeral-a-las-puertas-de-diciembre\/","title":{"rendered":"Sin calefacci\u00f3n en El Romeral a las puertas de diciembre"},"content":{"rendered":"<p style=\"text-align: justify;\">Entrado el mes de diciembre las aulas del <strong>colegio El Romeral de Alcoy<\/strong> est\u00e1n sin calefacci\u00f3n tal y como denuncian algunas familias cuyos peque\u00f1os cursan Educaci\u00f3n Infantil. La instalaci\u00f3n <strong>se rompi\u00f3 en abril<\/strong>, seg\u00fan han informado a COPE ALCOY, y sigue todav\u00eda sin repararse; situaci\u00f3n de la que responsabilizan al Ayuntamiento de la ciudad.<\/p>\n<p><span style=\"color: #0000ff;\"><strong>El PP asegura que no habr\u00e1 calefacci\u00f3n en todo el curso escolar<\/strong><\/span><\/p>\n<p style=\"text-align: justify;\">Los <a href=\"https:\/\/www.facebook.com\/populares.alcoy\" target=\"_blank\" rel=\"noopener\"><strong><span style=\"color: #0000ff;\">populares<\/span><\/strong><\/a> alcoyanos han expresado su preocupaci\u00f3n por este hecho y aseguran que ya advirtieron sobre esta situaci\u00f3n al inicio del a\u00f1o acad\u00e9mico. Critican la <em>&#8220;inoperancia<\/em>&#8221; del alcalde Toni Franc\u00e9s, afirmando que como resultado, <strong>los ni\u00f1os no contar\u00e1n con calefacci\u00f3n ahora que ha llegado el fr\u00edo<\/strong>. <strong>Amalia Pay\u00e0<\/strong>, concejala del PP, ha explicado en un comunicado remitido por la formaci\u00f3n pol\u00edtica que el problema radica en la presentaci\u00f3n incorrecta de la documentaci\u00f3n a la Generalitat para poder acceder a ayudas destinadas a renovar la caldera. Seg\u00fan la versi\u00f3n del PP, <strong>esta falta de diligencia ha impedido que se realicen las reparaciones necesarias<\/strong>. Aseguran tambi\u00e9n que el pasado 7 de noviembre la Conselleria volvi\u00f3 a solicitar la correcci\u00f3n de la documentaci\u00f3n y expresan que la Direcci\u00f3n General de Infraestructuras Educativas estima que el tiempo necesario para cada fase de actuaci\u00f3n y previsi\u00f3n de anualidades se extender\u00e1 hasta 2025 &#8220;<em>esto significa que los alumnos pasar\u00e1n este invierno sin calefacci\u00f3n en su centro escolar. Toni Franc\u00e9s ha dejado de lado al alumnado del Romeral. Ha desviado responsabilidades cuando sab\u00eda que su mala gesti\u00f3n hab\u00eda retrasado la puesta en marcha de la caldera. Ahora ha llegado el invierno y seguimos igual: sin caldera y sin una fecha prevista para solucionar este problem<\/em>a&#8221;, concluye Pay\u00e0.<\/p>\n<p><strong><span style=\"color: #0000ff;\">El gobierno local explica la situaci\u00f3n<\/span><\/strong><\/p>\n<p style=\"text-align: justify;\">Desde el gobierno local <strong>contradicen\u00a0<\/strong>las afirmaciones del PP y aseguran que cualquier reparaci\u00f3n de estas caracter\u00edsticas debe de ser asumida por la Conselleria de Educaci\u00f3n. Indican que el Ayuntamiento solo tiene competencia en el mantenimiento de los centros educativos.<\/p>\n","protected":false},"excerpt":{"rendered":"<p>Entrado el mes de diciembre las aulas del colegio El Romeral de Alcoy est\u00e1n sin calefacci\u00f3n tal y como denuncian&#8230;<\/p>\n","protected":false},"author":1,"featured_media":133553,"comment_status":"open","ping_status":"open","sticky":false,"template":"","format":"standard","meta":{"footnotes":""},"categories":[6909,97,900,75,125],"tags":[1494,17025,424,3596],"class_list":["post-143726","post","type-post","status-publish","format-standard","has-post-thumbnail","hentry","category-actualidad","category-alcoy","category-educacion","category-noticias","category-portada","tag-alcoy","tag-calefaccion","tag-colegio","tag-romeral"],"yoast_head":"<!-- This site is optimized with the Yoast SEO plugin v27.3 - https:\/\/yoast.com\/product\/yoast-seo-wordpress\/ -->\n<title>Sin calefacci\u00f3n en El Romeral a las puertas de diciembre - COPE Alcoy<\/title>\n<meta name=\"description\" content=\"A las puertas del mes de diciembre las aulas del colegio El Romeral de Alcoy est\u00e1n sin calefacci\u00f3n tal y como denuncian algunas familias cuyos peque\u00f1os cursan Educaci\u00f3n Infantil\" \/>\n<meta name=\"robots\" content=\"index, follow, max-snippet:-1, max-image-preview:large, max-video-preview:-1\" \/>\n<link rel=\"canonical\" href=\"https:\/\/www.copealcoy.es\/es\/sin-calefaccion-en-el-romeral-a-las-puertas-de-diciembre\/\" \/>\n<meta property=\"og:locale\" content=\"es_ES\" \/>\n<meta property=\"og:type\" content=\"article\" \/>\n<meta property=\"og:title\" content=\"Sin calefacci\u00f3n en El Romeral a las puertas de diciembre - COPE Alcoy\" \/>\n<meta property=\"og:description\" content=\"A las puertas del mes de diciembre las aulas del colegio El Romeral de Alcoy est\u00e1n sin calefacci\u00f3n tal y como denuncian algunas familias cuyos peque\u00f1os cursan Educaci\u00f3n Infantil\" \/>\n<meta property=\"og:url\" content=\"https:\/\/www.copealcoy.es\/es\/sin-calefaccion-en-el-romeral-a-las-puertas-de-diciembre\/\" \/>\n<meta property=\"og:site_name\" content=\"COPE Alcoy\" \/>\n<meta property=\"article:published_time\" content=\"2024-12-02T06:55:44+00:00\" \/>\n<meta property=\"article:modified_time\" content=\"2024-12-02T11:20:47+00:00\" \/>\n<meta property=\"og:image\" content=\"https:\/\/www.copealcoy.es\/wp-content\/uploads\/2024\/05\/Romeral-18-e1715596193338.jpg\" \/>\n\t<meta property=\"og:image:width\" content=\"900\" \/>\n\t<meta property=\"og:image:height\" content=\"430\" \/>\n\t<meta property=\"og:image:type\" content=\"image\/jpeg\" \/>\n<meta name=\"author\" content=\"Cope Alcoy\" \/>\n<meta name=\"twitter:label1\" content=\"Escrito por\" \/>\n\t<meta name=\"twitter:data1\" content=\"Cope Alcoy\" \/>\n\t<meta name=\"twitter:label2\" content=\"Tiempo de lectura\" \/>\n\t<meta name=\"twitter:data2\" content=\"2 minutos\" \/>\n<script type=\"application\/ld+json\" class=\"yoast-schema-graph\">{\"@context\":\"https:\\\/\\\/schema.org\",\"@graph\":[{\"@type\":\"Article\",\"@id\":\"https:\\\/\\\/www.copealcoy.es\\\/es\\\/sin-calefaccion-en-el-romeral-a-las-puertas-de-diciembre\\\/#article\",\"isPartOf\":{\"@id\":\"https:\\\/\\\/www.copealcoy.es\\\/es\\\/sin-calefaccion-en-el-romeral-a-las-puertas-de-diciembre\\\/\"},\"author\":{\"name\":\"Cope Alcoy\",\"@id\":\"https:\\\/\\\/www.copealcoy.es\\\/es\\\/#\\\/schema\\\/person\\\/e777c87fa024e57d40170af9df39882c\"},\"headline\":\"Sin calefacci\u00f3n en El Romeral a las puertas de diciembre\",\"datePublished\":\"2024-12-02T06:55:44+00:00\",\"dateModified\":\"2024-12-02T11:20:47+00:00\",\"mainEntityOfPage\":{\"@id\":\"https:\\\/\\\/www.copealcoy.es\\\/es\\\/sin-calefaccion-en-el-romeral-a-las-puertas-de-diciembre\\\/\"},\"wordCount\":371,\"commentCount\":0,\"image\":{\"@id\":\"https:\\\/\\\/www.copealcoy.es\\\/es\\\/sin-calefaccion-en-el-romeral-a-las-puertas-de-diciembre\\\/#primaryimage\"},\"thumbnailUrl\":\"https:\\\/\\\/www.copealcoy.es\\\/wp-content\\\/uploads\\\/2024\\\/05\\\/Romeral-18-e1715596193338.jpg\",\"keywords\":[\"Alcoy\",\"calefacci\u00f3n\",\"Colegio\",\"Romeral\"],\"articleSection\":[\"Actualidad\",\"Alcoy\",\"Educaci\u00f3n\",\"Noticias\",\"Portada\"],\"inLanguage\":\"es\"},{\"@type\":\"WebPage\",\"@id\":\"https:\\\/\\\/www.copealcoy.es\\\/es\\\/sin-calefaccion-en-el-romeral-a-las-puertas-de-diciembre\\\/\",\"url\":\"https:\\\/\\\/www.copealcoy.es\\\/es\\\/sin-calefaccion-en-el-romeral-a-las-puertas-de-diciembre\\\/\",\"name\":\"Sin calefacci\u00f3n en El Romeral a las puertas de diciembre - COPE Alcoy\",\"isPartOf\":{\"@id\":\"https:\\\/\\\/www.copealcoy.es\\\/es\\\/#website\"},\"primaryImageOfPage\":{\"@id\":\"https:\\\/\\\/www.copealcoy.es\\\/es\\\/sin-calefaccion-en-el-romeral-a-las-puertas-de-diciembre\\\/#primaryimage\"},\"image\":{\"@id\":\"https:\\\/\\\/www.copealcoy.es\\\/es\\\/sin-calefaccion-en-el-romeral-a-las-puertas-de-diciembre\\\/#primaryimage\"},\"thumbnailUrl\":\"https:\\\/\\\/www.copealcoy.es\\\/wp-content\\\/uploads\\\/2024\\\/05\\\/Romeral-18-e1715596193338.jpg\",\"datePublished\":\"2024-12-02T06:55:44+00:00\",\"dateModified\":\"2024-12-02T11:20:47+00:00\",\"author\":{\"@id\":\"https:\\\/\\\/www.copealcoy.es\\\/es\\\/#\\\/schema\\\/person\\\/e777c87fa024e57d40170af9df39882c\"},\"description\":\"A las puertas del mes de diciembre las aulas del colegio El Romeral de Alcoy est\u00e1n sin calefacci\u00f3n tal y como denuncian algunas familias cuyos peque\u00f1os cursan Educaci\u00f3n Infantil\",\"breadcrumb\":{\"@id\":\"https:\\\/\\\/www.copealcoy.es\\\/es\\\/sin-calefaccion-en-el-romeral-a-las-puertas-de-diciembre\\\/#breadcrumb\"},\"inLanguage\":\"es\",\"potentialAction\":[{\"@type\":\"ReadAction\",\"target\":[\"https:\\\/\\\/www.copealcoy.es\\\/es\\\/sin-calefaccion-en-el-romeral-a-las-puertas-de-diciembre\\\/\"]}]},{\"@type\":\"ImageObject\",\"inLanguage\":\"es\",\"@id\":\"https:\\\/\\\/www.copealcoy.es\\\/es\\\/sin-calefaccion-en-el-romeral-a-las-puertas-de-diciembre\\\/#primaryimage\",\"url\":\"https:\\\/\\\/www.copealcoy.es\\\/wp-content\\\/uploads\\\/2024\\\/05\\\/Romeral-18-e1715596193338.jpg\",\"contentUrl\":\"https:\\\/\\\/www.copealcoy.es\\\/wp-content\\\/uploads\\\/2024\\\/05\\\/Romeral-18-e1715596193338.jpg\",\"width\":900,\"height\":430},{\"@type\":\"BreadcrumbList\",\"@id\":\"https:\\\/\\\/www.copealcoy.es\\\/es\\\/sin-calefaccion-en-el-romeral-a-las-puertas-de-diciembre\\\/#breadcrumb\",\"itemListElement\":[{\"@type\":\"ListItem\",\"position\":1,\"name\":\"Portada\",\"item\":\"https:\\\/\\\/www.copealcoy.es\\\/es\\\/\"},{\"@type\":\"ListItem\",\"position\":2,\"name\":\"Sin calefacci\u00f3n en El Romeral a las puertas de diciembre\"}]},{\"@type\":\"WebSite\",\"@id\":\"https:\\\/\\\/www.copealcoy.es\\\/es\\\/#website\",\"url\":\"https:\\\/\\\/www.copealcoy.es\\\/es\\\/\",\"name\":\"COPE Alcoy\",\"description\":\"Emisora COPE de radio local con emisi\u00f3n online. Pont de Sant Jordi 8-10 03803 Alcoy\",\"potentialAction\":[{\"@type\":\"SearchAction\",\"target\":{\"@type\":\"EntryPoint\",\"urlTemplate\":\"https:\\\/\\\/www.copealcoy.es\\\/es\\\/?s={search_term_string}\"},\"query-input\":{\"@type\":\"PropertyValueSpecification\",\"valueRequired\":true,\"valueName\":\"search_term_string\"}}],\"inLanguage\":\"es\"},{\"@type\":\"Person\",\"@id\":\"https:\\\/\\\/www.copealcoy.es\\\/es\\\/#\\\/schema\\\/person\\\/e777c87fa024e57d40170af9df39882c\",\"name\":\"Cope Alcoy\",\"image\":{\"@type\":\"ImageObject\",\"inLanguage\":\"es\",\"@id\":\"https:\\\/\\\/secure.gravatar.com\\\/avatar\\\/bb65d0283347e303893ba14f0692005417c1e0e690a325a4c5d8bb2b3943ee14?s=96&d=mm&r=g\",\"url\":\"https:\\\/\\\/secure.gravatar.com\\\/avatar\\\/bb65d0283347e303893ba14f0692005417c1e0e690a325a4c5d8bb2b3943ee14?s=96&d=mm&r=g\",\"contentUrl\":\"https:\\\/\\\/secure.gravatar.com\\\/avatar\\\/bb65d0283347e303893ba14f0692005417c1e0e690a325a4c5d8bb2b3943ee14?s=96&d=mm&r=g\",\"caption\":\"Cope Alcoy\"}}]}<\/script>\n<!-- \/ Yoast SEO plugin. -->","yoast_head_json":{"title":"Sin calefacci\u00f3n en El Romeral a las puertas de diciembre - COPE Alcoy","description":"A las puertas del mes de diciembre las aulas del colegio El Romeral de Alcoy est\u00e1n sin calefacci\u00f3n tal y como denuncian algunas familias cuyos peque\u00f1os cursan Educaci\u00f3n Infantil","robots":{"index":"index","follow":"follow","max-snippet":"max-snippet:-1","max-image-preview":"max-image-preview:large","max-video-preview":"max-video-preview:-1"},"canonical":"https:\/\/www.copealcoy.es\/es\/sin-calefaccion-en-el-romeral-a-las-puertas-de-diciembre\/","og_locale":"es_ES","og_type":"article","og_title":"Sin calefacci\u00f3n en El Romeral a las puertas de diciembre - COPE Alcoy","og_description":"A las puertas del mes de diciembre las aulas del colegio El Romeral de Alcoy est\u00e1n sin calefacci\u00f3n tal y como denuncian algunas familias cuyos peque\u00f1os cursan Educaci\u00f3n Infantil","og_url":"https:\/\/www.copealcoy.es\/es\/sin-calefaccion-en-el-romeral-a-las-puertas-de-diciembre\/","og_site_name":"COPE Alcoy","article_published_time":"2024-12-02T06:55:44+00:00","article_modified_time":"2024-12-02T11:20:47+00:00","og_image":[{"width":900,"height":430,"url":"https:\/\/www.copealcoy.es\/wp-content\/uploads\/2024\/05\/Romeral-18-e1715596193338.jpg","type":"image\/jpeg"}],"author":"Cope Alcoy","twitter_misc":{"Escrito por":"Cope Alcoy","Tiempo de lectura":"2 minutos"},"schema":{"@context":"https:\/\/schema.org","@graph":[{"@type":"Article","@id":"https:\/\/www.copealcoy.es\/es\/sin-calefaccion-en-el-romeral-a-las-puertas-de-diciembre\/#article","isPartOf":{"@id":"https:\/\/www.copealcoy.es\/es\/sin-calefaccion-en-el-romeral-a-las-puertas-de-diciembre\/"},"author":{"name":"Cope Alcoy","@id":"https:\/\/www.copealcoy.es\/es\/#\/schema\/person\/e777c87fa024e57d40170af9df39882c"},"headline":"Sin calefacci\u00f3n en El Romeral a las puertas de diciembre","datePublished":"2024-12-02T06:55:44+00:00","dateModified":"2024-12-02T11:20:47+00:00","mainEntityOfPage":{"@id":"https:\/\/www.copealcoy.es\/es\/sin-calefaccion-en-el-romeral-a-las-puertas-de-diciembre\/"},"wordCount":371,"commentCount":0,"image":{"@id":"https:\/\/www.copealcoy.es\/es\/sin-calefaccion-en-el-romeral-a-las-puertas-de-diciembre\/#primaryimage"},"thumbnailUrl":"https:\/\/www.copealcoy.es\/wp-content\/uploads\/2024\/05\/Romeral-18-e1715596193338.jpg","keywords":["Alcoy","calefacci\u00f3n","Colegio","Romeral"],"articleSection":["Actualidad","Alcoy","Educaci\u00f3n","Noticias","Portada"],"inLanguage":"es"},{"@type":"WebPage","@id":"https:\/\/www.copealcoy.es\/es\/sin-calefaccion-en-el-romeral-a-las-puertas-de-diciembre\/","url":"https:\/\/www.copealcoy.es\/es\/sin-calefaccion-en-el-romeral-a-las-puertas-de-diciembre\/","name":"Sin calefacci\u00f3n en El Romeral a las puertas de diciembre - COPE Alcoy","isPartOf":{"@id":"https:\/\/www.copealcoy.es\/es\/#website"},"primaryImageOfPage":{"@id":"https:\/\/www.copealcoy.es\/es\/sin-calefaccion-en-el-romeral-a-las-puertas-de-diciembre\/#primaryimage"},"image":{"@id":"https:\/\/www.copealcoy.es\/es\/sin-calefaccion-en-el-romeral-a-las-puertas-de-diciembre\/#primaryimage"},"thumbnailUrl":"https:\/\/www.copealcoy.es\/wp-content\/uploads\/2024\/05\/Romeral-18-e1715596193338.jpg","datePublished":"2024-12-02T06:55:44+00:00","dateModified":"2024-12-02T11:20:47+00:00","author":{"@id":"https:\/\/www.copealcoy.es\/es\/#\/schema\/person\/e777c87fa024e57d40170af9df39882c"},"description":"A las puertas del mes de diciembre las aulas del colegio El Romeral de Alcoy est\u00e1n sin calefacci\u00f3n tal y como denuncian algunas familias cuyos peque\u00f1os cursan Educaci\u00f3n Infantil","breadcrumb":{"@id":"https:\/\/www.copealcoy.es\/es\/sin-calefaccion-en-el-romeral-a-las-puertas-de-diciembre\/#breadcrumb"},"inLanguage":"es","potentialAction":[{"@type":"ReadAction","target":["https:\/\/www.copealcoy.es\/es\/sin-calefaccion-en-el-romeral-a-las-puertas-de-diciembre\/"]}]},{"@type":"ImageObject","inLanguage":"es","@id":"https:\/\/www.copealcoy.es\/es\/sin-calefaccion-en-el-romeral-a-las-puertas-de-diciembre\/#primaryimage","url":"https:\/\/www.copealcoy.es\/wp-content\/uploads\/2024\/05\/Romeral-18-e1715596193338.jpg","contentUrl":"https:\/\/www.copealcoy.es\/wp-content\/uploads\/2024\/05\/Romeral-18-e1715596193338.jpg","width":900,"height":430},{"@type":"BreadcrumbList","@id":"https:\/\/www.copealcoy.es\/es\/sin-calefaccion-en-el-romeral-a-las-puertas-de-diciembre\/#breadcrumb","itemListElement":[{"@type":"ListItem","position":1,"name":"Portada","item":"https:\/\/www.copealcoy.es\/es\/"},{"@type":"ListItem","position":2,"name":"Sin calefacci\u00f3n en El Romeral a las puertas de diciembre"}]},{"@type":"WebSite","@id":"https:\/\/www.copealcoy.es\/es\/#website","url":"https:\/\/www.copealcoy.es\/es\/","name":"COPE Alcoy","description":"Emisora COPE de radio local con emisi\u00f3n online. Pont de Sant Jordi 8-10 03803 Alcoy","potentialAction":[{"@type":"SearchAction","target":{"@type":"EntryPoint","urlTemplate":"https:\/\/www.copealcoy.es\/es\/?s={search_term_string}"},"query-input":{"@type":"PropertyValueSpecification","valueRequired":true,"valueName":"search_term_string"}}],"inLanguage":"es"},{"@type":"Person","@id":"https:\/\/www.copealcoy.es\/es\/#\/schema\/person\/e777c87fa024e57d40170af9df39882c","name":"Cope Alcoy","image":{"@type":"ImageObject","inLanguage":"es","@id":"https:\/\/secure.gravatar.com\/avatar\/bb65d0283347e303893ba14f0692005417c1e0e690a325a4c5d8bb2b3943ee14?s=96&d=mm&r=g","url":"https:\/\/secure.gravatar.com\/avatar\/bb65d0283347e303893ba14f0692005417c1e0e690a325a4c5d8bb2b3943ee14?s=96&d=mm&r=g","contentUrl":"https:\/\/secure.gravatar.com\/avatar\/bb65d0283347e303893ba14f0692005417c1e0e690a325a4c5d8bb2b3943ee14?s=96&d=mm&r=g","caption":"Cope Alcoy"}}]}},"_links":{"self":[{"href":"https:\/\/www.copealcoy.es\/es\/wp-json\/wp\/v2\/posts\/143726","targetHints":{"allow":["GET"]}}],"collection":[{"href":"https:\/\/www.copealcoy.es\/es\/wp-json\/wp\/v2\/posts"}],"about":[{"href":"https:\/\/www.copealcoy.es\/es\/wp-json\/wp\/v2\/types\/post"}],"author":[{"embeddable":true,"href":"https:\/\/www.copealcoy.es\/es\/wp-json\/wp\/v2\/users\/1"}],"replies":[{"embeddable":true,"href":"https:\/\/www.copealcoy.es\/es\/wp-json\/wp\/v2\/comments?post=143726"}],"version-history":[{"count":0,"href":"https:\/\/www.copealcoy.es\/es\/wp-json\/wp\/v2\/posts\/143726\/revisions"}],"wp:featuredmedia":[{"embeddable":true,"href":"https:\/\/www.copealcoy.es\/es\/wp-json\/wp\/v2\/media\/133553"}],"wp:attachment":[{"href":"https:\/\/www.copealcoy.es\/es\/wp-json\/wp\/v2\/media?parent=143726"}],"wp:term":[{"taxonomy":"category","embeddable":true,"href":"https:\/\/www.copealcoy.es\/es\/wp-json\/wp\/v2\/categories?post=143726"},{"taxonomy":"post_tag","embeddable":true,"href":"https:\/\/www.copealcoy.es\/es\/wp-json\/wp\/v2\/tags?post=143726"}],"curies":[{"name":"wp","href":"https:\/\/api.w.org\/{rel}","templated":true}]}}