{"id":143711,"date":"2024-11-29T09:00:16","date_gmt":"2024-11-29T08:00:16","guid":{"rendered":"https:\/\/www.copealcoy.es\/?p=143711"},"modified":"2024-11-29T09:42:31","modified_gmt":"2024-11-29T08:42:31","slug":"amparo-navarro-reelegida-rectora-de-la-universidad-de-alicante-con-el-5748-de-los-votos","status":"publish","type":"post","link":"https:\/\/www.copealcoy.es\/es\/amparo-navarro-reelegida-rectora-de-la-universidad-de-alicante-con-el-5748-de-los-votos\/","title":{"rendered":"Amparo Navarro, reelegida rectora de la Universidad de Alicante con el 57,48% de los votos"},"content":{"rendered":"<p class=\"paragraph\" style=\"text-align: justify;\">La catedr\u00e1tica de Derecho Financiero y Tributario, Amparo Navarro, ha sido\u00a0<b>reelegida<\/b>\u00a0como <strong>rectora de la <a href=\"https:\/\/www.ua.es\/\" target=\"_blank\" rel=\"noopener\"><span style=\"color: #0000ff;\">Universidad de Alicante<\/span><\/a><\/strong> tras imponerse en las elecciones rectorales al catedr\u00e1tico de Qu\u00edmica, Enrique Herrero. Navarro <strong>obtuvo el 57,48% de los votos v\u00e1lidos<\/strong> frente al 38,98% de su oponente, en unos comicios que han registrado una\u00a0<b>participaci\u00f3n hist\u00f3rica<\/b>\u00a0del 26,39%, la m\u00e1s alta desde 2020.<\/p>\n<p class=\"paragraph\" style=\"text-align: justify;\">Por primera vez, las elecciones se llevaron a cabo de<b>\u00a0forma electr\u00f3nica<\/b>. En total,<strong> 7.973 personas ejercieron su derecho al voto<\/strong> de los 30.788 convocados. Navarro se impuso en casi todos los colectivos, salvo entre el estudiantado, donde Herrero obtuvo m\u00e1s apoyos. Estos resultados convierten a Navarro en la<b>\u00a0\u00faltima rectora<\/b> que podr\u00e1 optar a un segundo mandato, ya que la nueva Ley Org\u00e1nica del Sistema Universitario establece mandatos \u00fanicos de seis a\u00f1os. La ganadora celebra que &#8220;<em>han sido unas elecciones muy tranquilas, muy sosegadas, muy reflexivas, y yo creo que\u00a0la universidad est\u00e1 de fiesta<\/em>&#8220;. <strong>\u00bfY qu\u00e9 ser\u00e1 lo primero que active?:<\/strong> &#8220;<em>Volver a retomar la implantaci\u00f3n de los cuatro nuevos grados, que son muy novedosos, ponerme con la reforma del estatuto y cumplir todas las acciones del programa que llev\u00e1bamos en la candidatura<\/em>&#8220;, seg\u00fan avanzaba ayer ante los medios de comunicaci\u00f3n. Por \u00faltimo manifest\u00f3 estar &#8220;<em>muy emocionada por ganar, pero sobre todo muy emocionada por\u00a0vivir la primera votaci\u00f3n electr\u00f3nica de la historia de la Universidad de Alicante&#8221;, <\/em>asever\u00f3<em>.\u00a0<\/em><\/p>\n<p style=\"text-align: justify;\">Cabe recordar que Navarro <strong>ha obtenido<\/strong> el 61,7% de votos -ponderados-\u00a0del profesorado doctor con vinculaci\u00f3n permanente, el 72,7% del profesorado no doctor con vinculaci\u00f3n permanente; el 63,5% de ayudantes y ayudantes doctores, y personal investigador en formaci\u00f3n y personal investigador; el 70,8% de asociados, em\u00e9ritos y visitantes; el 46,9% de estudiantes y el 54,5% del Personal T\u00e9cnico, de Gesti\u00f3n y de Administraci\u00f3n y Servicios.<\/p>\n<p class=\"articleParagraph\" style=\"text-align: justify;\">De acuerdo con el calendario electoral, la proclamaci\u00f3n definitiva de Amparo Navarro como vencedora de las elecciones<strong> tendr\u00e1 lugar el pr\u00f3ximo d\u00eda 9 de diciembre<\/strong>. El acto de toma de posesi\u00f3n administrativa <strong>depender\u00e1 de la publicaci\u00f3n del nombramiento<\/strong> en el Diario Oficial de la Generalitat Valenciana, que se espera se produzca antes del periodo navide\u00f1o.<\/p>\n","protected":false},"excerpt":{"rendered":"<p>La catedr\u00e1tica de Derecho Financiero y Tributario, Amparo Navarro, ha sido\u00a0reelegida\u00a0como rectora de la Universidad de Alicante tras imponerse en&#8230;<\/p>\n","protected":false},"author":1,"featured_media":143715,"comment_status":"open","ping_status":"open","sticky":false,"template":"","format":"standard","meta":{"footnotes":""},"categories":[6909,900,75],"tags":[12765,4087,18937,1226],"class_list":["post-143711","post","type-post","status-publish","format-standard","has-post-thumbnail","hentry","category-actualidad","category-educacion","category-noticias","tag-amparo-navarro","tag-eleccion","tag-rectora","tag-ua"],"yoast_head":"<!-- This site is optimized with the Yoast SEO plugin v27.3 - https:\/\/yoast.com\/product\/yoast-seo-wordpress\/ -->\n<title>Amparo Navarro, reelegida rectora de la Universidad de Alicante con el 57,48% de los votos - COPE Alcoy<\/title>\n<meta name=\"description\" content=\"La catedr\u00e1tica de Derecho Financiero y Tributario, Amparo Navarro, ha sido\u00a0reelegida\u00a0como rectora de la Universidad de Alicante tras imponerse en las elecciones rectorales al catedr\u00e1tico de Qu\u00edmica, Enrique Herrero\" \/>\n<meta name=\"robots\" content=\"index, follow, max-snippet:-1, max-image-preview:large, max-video-preview:-1\" \/>\n<link rel=\"canonical\" href=\"https:\/\/www.copealcoy.es\/es\/amparo-navarro-reelegida-rectora-de-la-universidad-de-alicante-con-el-5748-de-los-votos\/\" \/>\n<meta property=\"og:locale\" content=\"es_ES\" \/>\n<meta property=\"og:type\" content=\"article\" \/>\n<meta property=\"og:title\" content=\"Amparo Navarro, reelegida rectora de la Universidad de Alicante con el 57,48% de los votos - COPE Alcoy\" \/>\n<meta property=\"og:description\" content=\"La catedr\u00e1tica de Derecho Financiero y Tributario, Amparo Navarro, ha sido\u00a0reelegida\u00a0como rectora de la Universidad de Alicante tras imponerse en las elecciones rectorales al catedr\u00e1tico de Qu\u00edmica, Enrique Herrero\" \/>\n<meta property=\"og:url\" content=\"https:\/\/www.copealcoy.es\/es\/amparo-navarro-reelegida-rectora-de-la-universidad-de-alicante-con-el-5748-de-los-votos\/\" \/>\n<meta property=\"og:site_name\" content=\"COPE Alcoy\" \/>\n<meta property=\"article:published_time\" content=\"2024-11-29T08:00:16+00:00\" \/>\n<meta property=\"article:modified_time\" content=\"2024-11-29T08:42:31+00:00\" \/>\n<meta property=\"og:image\" content=\"https:\/\/www.copealcoy.es\/wp-content\/uploads\/2024\/11\/468331247_968147808679988_1059658016902395751_n-scaled.jpg\" \/>\n\t<meta property=\"og:image:width\" content=\"1620\" \/>\n\t<meta property=\"og:image:height\" content=\"1080\" \/>\n\t<meta property=\"og:image:type\" content=\"image\/jpeg\" \/>\n<meta name=\"author\" content=\"Cope Alcoy\" \/>\n<meta name=\"twitter:label1\" content=\"Escrito por\" \/>\n\t<meta name=\"twitter:data1\" content=\"Cope Alcoy\" \/>\n\t<meta name=\"twitter:label2\" content=\"Tiempo de lectura\" \/>\n\t<meta name=\"twitter:data2\" content=\"3 minutos\" \/>\n<script type=\"application\/ld+json\" class=\"yoast-schema-graph\">{\"@context\":\"https:\\\/\\\/schema.org\",\"@graph\":[{\"@type\":\"Article\",\"@id\":\"https:\\\/\\\/www.copealcoy.es\\\/es\\\/amparo-navarro-reelegida-rectora-de-la-universidad-de-alicante-con-el-5748-de-los-votos\\\/#article\",\"isPartOf\":{\"@id\":\"https:\\\/\\\/www.copealcoy.es\\\/es\\\/amparo-navarro-reelegida-rectora-de-la-universidad-de-alicante-con-el-5748-de-los-votos\\\/\"},\"author\":{\"name\":\"Cope Alcoy\",\"@id\":\"https:\\\/\\\/www.copealcoy.es\\\/es\\\/#\\\/schema\\\/person\\\/e777c87fa024e57d40170af9df39882c\"},\"headline\":\"Amparo Navarro, reelegida rectora de la Universidad de Alicante con el 57,48% de los votos\",\"datePublished\":\"2024-11-29T08:00:16+00:00\",\"dateModified\":\"2024-11-29T08:42:31+00:00\",\"mainEntityOfPage\":{\"@id\":\"https:\\\/\\\/www.copealcoy.es\\\/es\\\/amparo-navarro-reelegida-rectora-de-la-universidad-de-alicante-con-el-5748-de-los-votos\\\/\"},\"wordCount\":383,\"commentCount\":0,\"image\":{\"@id\":\"https:\\\/\\\/www.copealcoy.es\\\/es\\\/amparo-navarro-reelegida-rectora-de-la-universidad-de-alicante-con-el-5748-de-los-votos\\\/#primaryimage\"},\"thumbnailUrl\":\"https:\\\/\\\/www.copealcoy.es\\\/wp-content\\\/uploads\\\/2024\\\/11\\\/468331247_968147808679988_1059658016902395751_n-scaled.jpg\",\"keywords\":[\"Amparo Navarro\",\"elecci\u00f3n\",\"rectora\",\"UA\"],\"articleSection\":[\"Actualidad\",\"Educaci\u00f3n\",\"Noticias\"],\"inLanguage\":\"es\"},{\"@type\":\"WebPage\",\"@id\":\"https:\\\/\\\/www.copealcoy.es\\\/es\\\/amparo-navarro-reelegida-rectora-de-la-universidad-de-alicante-con-el-5748-de-los-votos\\\/\",\"url\":\"https:\\\/\\\/www.copealcoy.es\\\/es\\\/amparo-navarro-reelegida-rectora-de-la-universidad-de-alicante-con-el-5748-de-los-votos\\\/\",\"name\":\"Amparo Navarro, reelegida rectora de la Universidad de Alicante con el 57,48% de los votos - COPE Alcoy\",\"isPartOf\":{\"@id\":\"https:\\\/\\\/www.copealcoy.es\\\/es\\\/#website\"},\"primaryImageOfPage\":{\"@id\":\"https:\\\/\\\/www.copealcoy.es\\\/es\\\/amparo-navarro-reelegida-rectora-de-la-universidad-de-alicante-con-el-5748-de-los-votos\\\/#primaryimage\"},\"image\":{\"@id\":\"https:\\\/\\\/www.copealcoy.es\\\/es\\\/amparo-navarro-reelegida-rectora-de-la-universidad-de-alicante-con-el-5748-de-los-votos\\\/#primaryimage\"},\"thumbnailUrl\":\"https:\\\/\\\/www.copealcoy.es\\\/wp-content\\\/uploads\\\/2024\\\/11\\\/468331247_968147808679988_1059658016902395751_n-scaled.jpg\",\"datePublished\":\"2024-11-29T08:00:16+00:00\",\"dateModified\":\"2024-11-29T08:42:31+00:00\",\"author\":{\"@id\":\"https:\\\/\\\/www.copealcoy.es\\\/es\\\/#\\\/schema\\\/person\\\/e777c87fa024e57d40170af9df39882c\"},\"description\":\"La catedr\u00e1tica de Derecho Financiero y Tributario, Amparo Navarro, ha sido\u00a0reelegida\u00a0como rectora de la Universidad de Alicante tras imponerse en las elecciones rectorales al catedr\u00e1tico de Qu\u00edmica, Enrique Herrero\",\"breadcrumb\":{\"@id\":\"https:\\\/\\\/www.copealcoy.es\\\/es\\\/amparo-navarro-reelegida-rectora-de-la-universidad-de-alicante-con-el-5748-de-los-votos\\\/#breadcrumb\"},\"inLanguage\":\"es\",\"potentialAction\":[{\"@type\":\"ReadAction\",\"target\":[\"https:\\\/\\\/www.copealcoy.es\\\/es\\\/amparo-navarro-reelegida-rectora-de-la-universidad-de-alicante-con-el-5748-de-los-votos\\\/\"]}]},{\"@type\":\"ImageObject\",\"inLanguage\":\"es\",\"@id\":\"https:\\\/\\\/www.copealcoy.es\\\/es\\\/amparo-navarro-reelegida-rectora-de-la-universidad-de-alicante-con-el-5748-de-los-votos\\\/#primaryimage\",\"url\":\"https:\\\/\\\/www.copealcoy.es\\\/wp-content\\\/uploads\\\/2024\\\/11\\\/468331247_968147808679988_1059658016902395751_n-scaled.jpg\",\"contentUrl\":\"https:\\\/\\\/www.copealcoy.es\\\/wp-content\\\/uploads\\\/2024\\\/11\\\/468331247_968147808679988_1059658016902395751_n-scaled.jpg\",\"width\":1620,\"height\":1080},{\"@type\":\"BreadcrumbList\",\"@id\":\"https:\\\/\\\/www.copealcoy.es\\\/es\\\/amparo-navarro-reelegida-rectora-de-la-universidad-de-alicante-con-el-5748-de-los-votos\\\/#breadcrumb\",\"itemListElement\":[{\"@type\":\"ListItem\",\"position\":1,\"name\":\"Portada\",\"item\":\"https:\\\/\\\/www.copealcoy.es\\\/es\\\/\"},{\"@type\":\"ListItem\",\"position\":2,\"name\":\"Amparo Navarro, reelegida rectora de la Universidad de Alicante con el 57,48% de los votos\"}]},{\"@type\":\"WebSite\",\"@id\":\"https:\\\/\\\/www.copealcoy.es\\\/es\\\/#website\",\"url\":\"https:\\\/\\\/www.copealcoy.es\\\/es\\\/\",\"name\":\"COPE Alcoy\",\"description\":\"Emisora COPE de radio local con emisi\u00f3n online. Pont de Sant Jordi 8-10 03803 Alcoy\",\"potentialAction\":[{\"@type\":\"SearchAction\",\"target\":{\"@type\":\"EntryPoint\",\"urlTemplate\":\"https:\\\/\\\/www.copealcoy.es\\\/es\\\/?s={search_term_string}\"},\"query-input\":{\"@type\":\"PropertyValueSpecification\",\"valueRequired\":true,\"valueName\":\"search_term_string\"}}],\"inLanguage\":\"es\"},{\"@type\":\"Person\",\"@id\":\"https:\\\/\\\/www.copealcoy.es\\\/es\\\/#\\\/schema\\\/person\\\/e777c87fa024e57d40170af9df39882c\",\"name\":\"Cope Alcoy\",\"image\":{\"@type\":\"ImageObject\",\"inLanguage\":\"es\",\"@id\":\"https:\\\/\\\/secure.gravatar.com\\\/avatar\\\/bb65d0283347e303893ba14f0692005417c1e0e690a325a4c5d8bb2b3943ee14?s=96&d=mm&r=g\",\"url\":\"https:\\\/\\\/secure.gravatar.com\\\/avatar\\\/bb65d0283347e303893ba14f0692005417c1e0e690a325a4c5d8bb2b3943ee14?s=96&d=mm&r=g\",\"contentUrl\":\"https:\\\/\\\/secure.gravatar.com\\\/avatar\\\/bb65d0283347e303893ba14f0692005417c1e0e690a325a4c5d8bb2b3943ee14?s=96&d=mm&r=g\",\"caption\":\"Cope Alcoy\"}}]}<\/script>\n<!-- \/ Yoast SEO plugin. -->","yoast_head_json":{"title":"Amparo Navarro, reelegida rectora de la Universidad de Alicante con el 57,48% de los votos - COPE Alcoy","description":"La catedr\u00e1tica de Derecho Financiero y Tributario, Amparo Navarro, ha sido\u00a0reelegida\u00a0como rectora de la Universidad de Alicante tras imponerse en las elecciones rectorales al catedr\u00e1tico de Qu\u00edmica, Enrique Herrero","robots":{"index":"index","follow":"follow","max-snippet":"max-snippet:-1","max-image-preview":"max-image-preview:large","max-video-preview":"max-video-preview:-1"},"canonical":"https:\/\/www.copealcoy.es\/es\/amparo-navarro-reelegida-rectora-de-la-universidad-de-alicante-con-el-5748-de-los-votos\/","og_locale":"es_ES","og_type":"article","og_title":"Amparo Navarro, reelegida rectora de la Universidad de Alicante con el 57,48% de los votos - COPE Alcoy","og_description":"La catedr\u00e1tica de Derecho Financiero y Tributario, Amparo Navarro, ha sido\u00a0reelegida\u00a0como rectora de la Universidad de Alicante tras imponerse en las elecciones rectorales al catedr\u00e1tico de Qu\u00edmica, Enrique Herrero","og_url":"https:\/\/www.copealcoy.es\/es\/amparo-navarro-reelegida-rectora-de-la-universidad-de-alicante-con-el-5748-de-los-votos\/","og_site_name":"COPE Alcoy","article_published_time":"2024-11-29T08:00:16+00:00","article_modified_time":"2024-11-29T08:42:31+00:00","og_image":[{"width":1620,"height":1080,"url":"https:\/\/www.copealcoy.es\/wp-content\/uploads\/2024\/11\/468331247_968147808679988_1059658016902395751_n-scaled.jpg","type":"image\/jpeg"}],"author":"Cope Alcoy","twitter_misc":{"Escrito por":"Cope Alcoy","Tiempo de lectura":"3 minutos"},"schema":{"@context":"https:\/\/schema.org","@graph":[{"@type":"Article","@id":"https:\/\/www.copealcoy.es\/es\/amparo-navarro-reelegida-rectora-de-la-universidad-de-alicante-con-el-5748-de-los-votos\/#article","isPartOf":{"@id":"https:\/\/www.copealcoy.es\/es\/amparo-navarro-reelegida-rectora-de-la-universidad-de-alicante-con-el-5748-de-los-votos\/"},"author":{"name":"Cope Alcoy","@id":"https:\/\/www.copealcoy.es\/es\/#\/schema\/person\/e777c87fa024e57d40170af9df39882c"},"headline":"Amparo Navarro, reelegida rectora de la Universidad de Alicante con el 57,48% de los votos","datePublished":"2024-11-29T08:00:16+00:00","dateModified":"2024-11-29T08:42:31+00:00","mainEntityOfPage":{"@id":"https:\/\/www.copealcoy.es\/es\/amparo-navarro-reelegida-rectora-de-la-universidad-de-alicante-con-el-5748-de-los-votos\/"},"wordCount":383,"commentCount":0,"image":{"@id":"https:\/\/www.copealcoy.es\/es\/amparo-navarro-reelegida-rectora-de-la-universidad-de-alicante-con-el-5748-de-los-votos\/#primaryimage"},"thumbnailUrl":"https:\/\/www.copealcoy.es\/wp-content\/uploads\/2024\/11\/468331247_968147808679988_1059658016902395751_n-scaled.jpg","keywords":["Amparo Navarro","elecci\u00f3n","rectora","UA"],"articleSection":["Actualidad","Educaci\u00f3n","Noticias"],"inLanguage":"es"},{"@type":"WebPage","@id":"https:\/\/www.copealcoy.es\/es\/amparo-navarro-reelegida-rectora-de-la-universidad-de-alicante-con-el-5748-de-los-votos\/","url":"https:\/\/www.copealcoy.es\/es\/amparo-navarro-reelegida-rectora-de-la-universidad-de-alicante-con-el-5748-de-los-votos\/","name":"Amparo Navarro, reelegida rectora de la Universidad de Alicante con el 57,48% de los votos - COPE Alcoy","isPartOf":{"@id":"https:\/\/www.copealcoy.es\/es\/#website"},"primaryImageOfPage":{"@id":"https:\/\/www.copealcoy.es\/es\/amparo-navarro-reelegida-rectora-de-la-universidad-de-alicante-con-el-5748-de-los-votos\/#primaryimage"},"image":{"@id":"https:\/\/www.copealcoy.es\/es\/amparo-navarro-reelegida-rectora-de-la-universidad-de-alicante-con-el-5748-de-los-votos\/#primaryimage"},"thumbnailUrl":"https:\/\/www.copealcoy.es\/wp-content\/uploads\/2024\/11\/468331247_968147808679988_1059658016902395751_n-scaled.jpg","datePublished":"2024-11-29T08:00:16+00:00","dateModified":"2024-11-29T08:42:31+00:00","author":{"@id":"https:\/\/www.copealcoy.es\/es\/#\/schema\/person\/e777c87fa024e57d40170af9df39882c"},"description":"La catedr\u00e1tica de Derecho Financiero y Tributario, Amparo Navarro, ha sido\u00a0reelegida\u00a0como rectora de la Universidad de Alicante tras imponerse en las elecciones rectorales al catedr\u00e1tico de Qu\u00edmica, Enrique Herrero","breadcrumb":{"@id":"https:\/\/www.copealcoy.es\/es\/amparo-navarro-reelegida-rectora-de-la-universidad-de-alicante-con-el-5748-de-los-votos\/#breadcrumb"},"inLanguage":"es","potentialAction":[{"@type":"ReadAction","target":["https:\/\/www.copealcoy.es\/es\/amparo-navarro-reelegida-rectora-de-la-universidad-de-alicante-con-el-5748-de-los-votos\/"]}]},{"@type":"ImageObject","inLanguage":"es","@id":"https:\/\/www.copealcoy.es\/es\/amparo-navarro-reelegida-rectora-de-la-universidad-de-alicante-con-el-5748-de-los-votos\/#primaryimage","url":"https:\/\/www.copealcoy.es\/wp-content\/uploads\/2024\/11\/468331247_968147808679988_1059658016902395751_n-scaled.jpg","contentUrl":"https:\/\/www.copealcoy.es\/wp-content\/uploads\/2024\/11\/468331247_968147808679988_1059658016902395751_n-scaled.jpg","width":1620,"height":1080},{"@type":"BreadcrumbList","@id":"https:\/\/www.copealcoy.es\/es\/amparo-navarro-reelegida-rectora-de-la-universidad-de-alicante-con-el-5748-de-los-votos\/#breadcrumb","itemListElement":[{"@type":"ListItem","position":1,"name":"Portada","item":"https:\/\/www.copealcoy.es\/es\/"},{"@type":"ListItem","position":2,"name":"Amparo Navarro, reelegida rectora de la Universidad de Alicante con el 57,48% de los votos"}]},{"@type":"WebSite","@id":"https:\/\/www.copealcoy.es\/es\/#website","url":"https:\/\/www.copealcoy.es\/es\/","name":"COPE Alcoy","description":"Emisora COPE de radio local con emisi\u00f3n online. Pont de Sant Jordi 8-10 03803 Alcoy","potentialAction":[{"@type":"SearchAction","target":{"@type":"EntryPoint","urlTemplate":"https:\/\/www.copealcoy.es\/es\/?s={search_term_string}"},"query-input":{"@type":"PropertyValueSpecification","valueRequired":true,"valueName":"search_term_string"}}],"inLanguage":"es"},{"@type":"Person","@id":"https:\/\/www.copealcoy.es\/es\/#\/schema\/person\/e777c87fa024e57d40170af9df39882c","name":"Cope Alcoy","image":{"@type":"ImageObject","inLanguage":"es","@id":"https:\/\/secure.gravatar.com\/avatar\/bb65d0283347e303893ba14f0692005417c1e0e690a325a4c5d8bb2b3943ee14?s=96&d=mm&r=g","url":"https:\/\/secure.gravatar.com\/avatar\/bb65d0283347e303893ba14f0692005417c1e0e690a325a4c5d8bb2b3943ee14?s=96&d=mm&r=g","contentUrl":"https:\/\/secure.gravatar.com\/avatar\/bb65d0283347e303893ba14f0692005417c1e0e690a325a4c5d8bb2b3943ee14?s=96&d=mm&r=g","caption":"Cope Alcoy"}}]}},"_links":{"self":[{"href":"https:\/\/www.copealcoy.es\/es\/wp-json\/wp\/v2\/posts\/143711","targetHints":{"allow":["GET"]}}],"collection":[{"href":"https:\/\/www.copealcoy.es\/es\/wp-json\/wp\/v2\/posts"}],"about":[{"href":"https:\/\/www.copealcoy.es\/es\/wp-json\/wp\/v2\/types\/post"}],"author":[{"embeddable":true,"href":"https:\/\/www.copealcoy.es\/es\/wp-json\/wp\/v2\/users\/1"}],"replies":[{"embeddable":true,"href":"https:\/\/www.copealcoy.es\/es\/wp-json\/wp\/v2\/comments?post=143711"}],"version-history":[{"count":0,"href":"https:\/\/www.copealcoy.es\/es\/wp-json\/wp\/v2\/posts\/143711\/revisions"}],"wp:featuredmedia":[{"embeddable":true,"href":"https:\/\/www.copealcoy.es\/es\/wp-json\/wp\/v2\/media\/143715"}],"wp:attachment":[{"href":"https:\/\/www.copealcoy.es\/es\/wp-json\/wp\/v2\/media?parent=143711"}],"wp:term":[{"taxonomy":"category","embeddable":true,"href":"https:\/\/www.copealcoy.es\/es\/wp-json\/wp\/v2\/categories?post=143711"},{"taxonomy":"post_tag","embeddable":true,"href":"https:\/\/www.copealcoy.es\/es\/wp-json\/wp\/v2\/tags?post=143711"}],"curies":[{"name":"wp","href":"https:\/\/api.w.org\/{rel}","templated":true}]}}