{"id":143689,"date":"2024-11-28T12:34:27","date_gmt":"2024-11-28T11:34:27","guid":{"rendered":"https:\/\/www.copealcoy.es\/?p=143689"},"modified":"2024-11-28T12:34:27","modified_gmt":"2024-11-28T11:34:27","slug":"multitudinaria-bienvenida-a-la-navidad-en-alcoy","status":"publish","type":"post","link":"https:\/\/www.copealcoy.es\/es\/multitudinaria-bienvenida-a-la-navidad-en-alcoy\/","title":{"rendered":"Multitudinaria bienvenida a la Navidad en Alcoy"},"content":{"rendered":"<p style=\"text-align: justify;\">Alcoy <strong>dio la bienvenida ayer por la tarde a la Navidad<\/strong> y lo hizo con un acto que reuni\u00f3 a <strong>gran cantidad de personas<\/strong> en la plaza de Espa\u00f1a al filo de las 19:30h. Antes de ello, y como suele ser habitual, se inaugur\u00f3 en la parroquia de Santa Mar\u00eda <strong>la muestra de belenes<\/strong> que promueven desde la Asociaci\u00f3n Belenista de Santa Rosa.<\/p>\n<p style=\"text-align: justify;\">Seguidamente, y cuando ya la noche hab\u00eda ca\u00eddo sobre la ciudad, <strong>todas las miradas se centraron en la fachada del Ayuntamiento<\/strong> donde iba a ser descubierto el cartel anunciador de la pr\u00f3xima Cabalgata de los Reyes Magos. Su autor, <strong>\u00c1ngel Ligero<\/strong>, fue el encargado de tirar de la cuerda que permiti\u00f3 retirar la tela que cubr\u00eda su obra, <strong>mientras sonaban con fuerza los aplausos<\/strong>, y despu\u00e9s firm\u00f3 su creaci\u00f3n mientras mucho inmortalizaban el instante a trav\u00e9s de una fotograf\u00eda hecha con sus dispositivos m\u00f3viles. El creador expres\u00f3 que para \u00e9l era &#8220;<em>todo un honor<\/em>&#8221; ser el autor del cartel de la Cabalgata de este a\u00f1o al igual que hizo referencia a la pol\u00e9mica suscitada en los \u00faltimos d\u00edas <strong>en torno a si hab\u00eda utilizado la IA<\/strong> para hacer su proyecto &#8220;<em>no he utilizado esta t\u00e9cnica y con estas afirmaciones solo veo que hab\u00eda\u00a0un inter\u00e9s particular de la persona que inici\u00f3 la campa\u00f1a de recogida de firmas para desprestigiar. Yo estoy muy contento del resultado y, lo m\u00e1s importante ahora, es que guste a la gente<\/em>&#8220;, afirm\u00f3 Ligero. Tambi\u00e9n el alcalde felicit\u00f3 al propio autor y destac\u00f3 que<strong> con este acto se daba el pistoletazo de salida a unas semanas de intensa actividad en Alcoy con ocasi\u00f3n de la Navidad<\/strong> &#8220;<em>hay muy buenas sensaciones, lo hemos visto ya hoy con la afluencia que ha tenido este momento, y el hecho de que este a\u00f1o actos como El Bando o La Cabalgata sean en fin de semana augura una gran asistencia de visitantes<\/em>&#8220;, sentenci\u00f3 <strong>Toni Franc\u00e9s<\/strong>.<\/p>\n<p style=\"text-align: justify;\">Tras el descubrimiento del cartel, <strong>amenizado por los m\u00e1s peque\u00f1os del Grup de Danses Carrascal y el grupo de m\u00fasica tradicional La Cordeta<\/strong>, se efectu\u00f3 el encendido de la iluminaci\u00f3n especial. El gran \u00e1rbol instalado en el centro de La Bandeja centr\u00f3 todas las miradas junto al <strong>nuevo elemento<\/strong> habilitado en su base <em>&#8220;un letrero donde se ve el nombre de la ciudad, con piezas que recuerdan al &#8216;Nadal Alcoi\u00e0&#8217;, y que se va a convertir en un nuevo photocall para estas fiestas. Hemos intentado llegar con la iluminaci\u00f3n especial a todos los barrios y tambi\u00e9n se han repartido por varias plazas otros adornos hechos en a\u00f1os anteriores para que as\u00ed haya ambientaci\u00f3n navide\u00f1a por toda la ciudad&#8221;, <\/em>manifest\u00f3 el edil de Fiestas; <strong>Jordi Mart\u00ednez<\/strong>.<\/p>\n<p style=\"text-align: justify;\">Tras estos actos, la programaci\u00f3n del<a href=\"https:\/\/www.facebook.com\/alcoiciutatdelnadal\" target=\"_blank\" rel=\"noopener\"><strong><span style=\"color: #0000ff;\"> &#8216;Nadal Alcoi\u00e0&#8217;<\/span><\/strong><\/a> no se detiene. Este viernes abre sus puertas el &#8216;Mercat de Nadal&#8217; en La Glorieta de cuya oferta podremos disfrutar en dos fines de semana consecutivos.<\/p>\n","protected":false},"excerpt":{"rendered":"<p>Alcoy dio la bienvenida ayer por la tarde a la Navidad y lo hizo con un acto que reuni\u00f3 a&#8230;<\/p>\n","protected":false},"author":1,"featured_media":143690,"comment_status":"open","ping_status":"open","sticky":false,"template":"","format":"standard","meta":{"footnotes":""},"categories":[6909,97,78,75],"tags":[1494,6070,368,908,18933,174],"class_list":["post-143689","post","type-post","status-publish","format-standard","has-post-thumbnail","hentry","category-actualidad","category-alcoy","category-fiestaycultura","category-noticias","tag-alcoy","tag-bienvenida","tag-cabalgata","tag-cartel","tag-iluminacion-especial","tag-navidad"],"yoast_head":"<!-- This site is optimized with the Yoast SEO plugin v27.3 - https:\/\/yoast.com\/product\/yoast-seo-wordpress\/ -->\n<title>Multitudinaria bienvenida a la Navidad en Alcoy - COPE Alcoy<\/title>\n<meta name=\"description\" content=\"Alcoy dio la bienvenida ayer por la tarde a la Navidad y lo hizo con un acto que reuni\u00f3 a gran cantidad de personas en la plaza de Espa\u00f1a al filo de las 19:30h\" \/>\n<meta name=\"robots\" content=\"index, follow, max-snippet:-1, max-image-preview:large, max-video-preview:-1\" \/>\n<link rel=\"canonical\" href=\"https:\/\/www.copealcoy.es\/es\/multitudinaria-bienvenida-a-la-navidad-en-alcoy\/\" \/>\n<meta property=\"og:locale\" content=\"es_ES\" \/>\n<meta property=\"og:type\" content=\"article\" \/>\n<meta property=\"og:title\" content=\"Multitudinaria bienvenida a la Navidad en Alcoy - COPE Alcoy\" \/>\n<meta property=\"og:description\" content=\"Alcoy dio la bienvenida ayer por la tarde a la Navidad y lo hizo con un acto que reuni\u00f3 a gran cantidad de personas en la plaza de Espa\u00f1a al filo de las 19:30h\" \/>\n<meta property=\"og:url\" content=\"https:\/\/www.copealcoy.es\/es\/multitudinaria-bienvenida-a-la-navidad-en-alcoy\/\" \/>\n<meta property=\"og:site_name\" content=\"COPE Alcoy\" \/>\n<meta property=\"article:published_time\" content=\"2024-11-28T11:34:27+00:00\" \/>\n<meta property=\"og:image\" content=\"https:\/\/www.copealcoy.es\/wp-content\/uploads\/2024\/11\/unnamed-1-37-scaled.jpg\" \/>\n\t<meta property=\"og:image:width\" content=\"1624\" \/>\n\t<meta property=\"og:image:height\" content=\"1080\" \/>\n\t<meta property=\"og:image:type\" content=\"image\/jpeg\" \/>\n<meta name=\"author\" content=\"Cope Alcoy\" \/>\n<meta name=\"twitter:label1\" content=\"Escrito por\" \/>\n\t<meta name=\"twitter:data1\" content=\"Cope Alcoy\" \/>\n\t<meta name=\"twitter:label2\" content=\"Tiempo de lectura\" \/>\n\t<meta name=\"twitter:data2\" content=\"3 minutos\" \/>\n<script type=\"application\/ld+json\" class=\"yoast-schema-graph\">{\"@context\":\"https:\\\/\\\/schema.org\",\"@graph\":[{\"@type\":\"Article\",\"@id\":\"https:\\\/\\\/www.copealcoy.es\\\/es\\\/multitudinaria-bienvenida-a-la-navidad-en-alcoy\\\/#article\",\"isPartOf\":{\"@id\":\"https:\\\/\\\/www.copealcoy.es\\\/es\\\/multitudinaria-bienvenida-a-la-navidad-en-alcoy\\\/\"},\"author\":{\"name\":\"Cope Alcoy\",\"@id\":\"https:\\\/\\\/www.copealcoy.es\\\/es\\\/#\\\/schema\\\/person\\\/e777c87fa024e57d40170af9df39882c\"},\"headline\":\"Multitudinaria bienvenida a la Navidad en Alcoy\",\"datePublished\":\"2024-11-28T11:34:27+00:00\",\"mainEntityOfPage\":{\"@id\":\"https:\\\/\\\/www.copealcoy.es\\\/es\\\/multitudinaria-bienvenida-a-la-navidad-en-alcoy\\\/\"},\"wordCount\":520,\"commentCount\":0,\"image\":{\"@id\":\"https:\\\/\\\/www.copealcoy.es\\\/es\\\/multitudinaria-bienvenida-a-la-navidad-en-alcoy\\\/#primaryimage\"},\"thumbnailUrl\":\"https:\\\/\\\/www.copealcoy.es\\\/wp-content\\\/uploads\\\/2024\\\/11\\\/unnamed-1-37-scaled.jpg\",\"keywords\":[\"Alcoy\",\"bienvenida\",\"Cabalgata\",\"Cartel\",\"iluminaci\u00f3n especial\",\"Navidad\"],\"articleSection\":[\"Actualidad\",\"Alcoy\",\"Fiesta y Cultura\",\"Noticias\"],\"inLanguage\":\"es\"},{\"@type\":\"WebPage\",\"@id\":\"https:\\\/\\\/www.copealcoy.es\\\/es\\\/multitudinaria-bienvenida-a-la-navidad-en-alcoy\\\/\",\"url\":\"https:\\\/\\\/www.copealcoy.es\\\/es\\\/multitudinaria-bienvenida-a-la-navidad-en-alcoy\\\/\",\"name\":\"Multitudinaria bienvenida a la Navidad en Alcoy - COPE Alcoy\",\"isPartOf\":{\"@id\":\"https:\\\/\\\/www.copealcoy.es\\\/es\\\/#website\"},\"primaryImageOfPage\":{\"@id\":\"https:\\\/\\\/www.copealcoy.es\\\/es\\\/multitudinaria-bienvenida-a-la-navidad-en-alcoy\\\/#primaryimage\"},\"image\":{\"@id\":\"https:\\\/\\\/www.copealcoy.es\\\/es\\\/multitudinaria-bienvenida-a-la-navidad-en-alcoy\\\/#primaryimage\"},\"thumbnailUrl\":\"https:\\\/\\\/www.copealcoy.es\\\/wp-content\\\/uploads\\\/2024\\\/11\\\/unnamed-1-37-scaled.jpg\",\"datePublished\":\"2024-11-28T11:34:27+00:00\",\"author\":{\"@id\":\"https:\\\/\\\/www.copealcoy.es\\\/es\\\/#\\\/schema\\\/person\\\/e777c87fa024e57d40170af9df39882c\"},\"description\":\"Alcoy dio la bienvenida ayer por la tarde a la Navidad y lo hizo con un acto que reuni\u00f3 a gran cantidad de personas en la plaza de Espa\u00f1a al filo de las 19:30h\",\"breadcrumb\":{\"@id\":\"https:\\\/\\\/www.copealcoy.es\\\/es\\\/multitudinaria-bienvenida-a-la-navidad-en-alcoy\\\/#breadcrumb\"},\"inLanguage\":\"es\",\"potentialAction\":[{\"@type\":\"ReadAction\",\"target\":[\"https:\\\/\\\/www.copealcoy.es\\\/es\\\/multitudinaria-bienvenida-a-la-navidad-en-alcoy\\\/\"]}]},{\"@type\":\"ImageObject\",\"inLanguage\":\"es\",\"@id\":\"https:\\\/\\\/www.copealcoy.es\\\/es\\\/multitudinaria-bienvenida-a-la-navidad-en-alcoy\\\/#primaryimage\",\"url\":\"https:\\\/\\\/www.copealcoy.es\\\/wp-content\\\/uploads\\\/2024\\\/11\\\/unnamed-1-37-scaled.jpg\",\"contentUrl\":\"https:\\\/\\\/www.copealcoy.es\\\/wp-content\\\/uploads\\\/2024\\\/11\\\/unnamed-1-37-scaled.jpg\",\"width\":1624,\"height\":1080},{\"@type\":\"BreadcrumbList\",\"@id\":\"https:\\\/\\\/www.copealcoy.es\\\/es\\\/multitudinaria-bienvenida-a-la-navidad-en-alcoy\\\/#breadcrumb\",\"itemListElement\":[{\"@type\":\"ListItem\",\"position\":1,\"name\":\"Portada\",\"item\":\"https:\\\/\\\/www.copealcoy.es\\\/es\\\/\"},{\"@type\":\"ListItem\",\"position\":2,\"name\":\"Multitudinaria bienvenida a la Navidad en Alcoy\"}]},{\"@type\":\"WebSite\",\"@id\":\"https:\\\/\\\/www.copealcoy.es\\\/es\\\/#website\",\"url\":\"https:\\\/\\\/www.copealcoy.es\\\/es\\\/\",\"name\":\"COPE Alcoy\",\"description\":\"Emisora COPE de radio local con emisi\u00f3n online. Pont de Sant Jordi 8-10 03803 Alcoy\",\"potentialAction\":[{\"@type\":\"SearchAction\",\"target\":{\"@type\":\"EntryPoint\",\"urlTemplate\":\"https:\\\/\\\/www.copealcoy.es\\\/es\\\/?s={search_term_string}\"},\"query-input\":{\"@type\":\"PropertyValueSpecification\",\"valueRequired\":true,\"valueName\":\"search_term_string\"}}],\"inLanguage\":\"es\"},{\"@type\":\"Person\",\"@id\":\"https:\\\/\\\/www.copealcoy.es\\\/es\\\/#\\\/schema\\\/person\\\/e777c87fa024e57d40170af9df39882c\",\"name\":\"Cope Alcoy\",\"image\":{\"@type\":\"ImageObject\",\"inLanguage\":\"es\",\"@id\":\"https:\\\/\\\/secure.gravatar.com\\\/avatar\\\/bb65d0283347e303893ba14f0692005417c1e0e690a325a4c5d8bb2b3943ee14?s=96&d=mm&r=g\",\"url\":\"https:\\\/\\\/secure.gravatar.com\\\/avatar\\\/bb65d0283347e303893ba14f0692005417c1e0e690a325a4c5d8bb2b3943ee14?s=96&d=mm&r=g\",\"contentUrl\":\"https:\\\/\\\/secure.gravatar.com\\\/avatar\\\/bb65d0283347e303893ba14f0692005417c1e0e690a325a4c5d8bb2b3943ee14?s=96&d=mm&r=g\",\"caption\":\"Cope Alcoy\"}}]}<\/script>\n<!-- \/ Yoast SEO plugin. -->","yoast_head_json":{"title":"Multitudinaria bienvenida a la Navidad en Alcoy - COPE Alcoy","description":"Alcoy dio la bienvenida ayer por la tarde a la Navidad y lo hizo con un acto que reuni\u00f3 a gran cantidad de personas en la plaza de Espa\u00f1a al filo de las 19:30h","robots":{"index":"index","follow":"follow","max-snippet":"max-snippet:-1","max-image-preview":"max-image-preview:large","max-video-preview":"max-video-preview:-1"},"canonical":"https:\/\/www.copealcoy.es\/es\/multitudinaria-bienvenida-a-la-navidad-en-alcoy\/","og_locale":"es_ES","og_type":"article","og_title":"Multitudinaria bienvenida a la Navidad en Alcoy - COPE Alcoy","og_description":"Alcoy dio la bienvenida ayer por la tarde a la Navidad y lo hizo con un acto que reuni\u00f3 a gran cantidad de personas en la plaza de Espa\u00f1a al filo de las 19:30h","og_url":"https:\/\/www.copealcoy.es\/es\/multitudinaria-bienvenida-a-la-navidad-en-alcoy\/","og_site_name":"COPE Alcoy","article_published_time":"2024-11-28T11:34:27+00:00","og_image":[{"width":1624,"height":1080,"url":"https:\/\/www.copealcoy.es\/wp-content\/uploads\/2024\/11\/unnamed-1-37-scaled.jpg","type":"image\/jpeg"}],"author":"Cope Alcoy","twitter_misc":{"Escrito por":"Cope Alcoy","Tiempo de lectura":"3 minutos"},"schema":{"@context":"https:\/\/schema.org","@graph":[{"@type":"Article","@id":"https:\/\/www.copealcoy.es\/es\/multitudinaria-bienvenida-a-la-navidad-en-alcoy\/#article","isPartOf":{"@id":"https:\/\/www.copealcoy.es\/es\/multitudinaria-bienvenida-a-la-navidad-en-alcoy\/"},"author":{"name":"Cope Alcoy","@id":"https:\/\/www.copealcoy.es\/es\/#\/schema\/person\/e777c87fa024e57d40170af9df39882c"},"headline":"Multitudinaria bienvenida a la Navidad en Alcoy","datePublished":"2024-11-28T11:34:27+00:00","mainEntityOfPage":{"@id":"https:\/\/www.copealcoy.es\/es\/multitudinaria-bienvenida-a-la-navidad-en-alcoy\/"},"wordCount":520,"commentCount":0,"image":{"@id":"https:\/\/www.copealcoy.es\/es\/multitudinaria-bienvenida-a-la-navidad-en-alcoy\/#primaryimage"},"thumbnailUrl":"https:\/\/www.copealcoy.es\/wp-content\/uploads\/2024\/11\/unnamed-1-37-scaled.jpg","keywords":["Alcoy","bienvenida","Cabalgata","Cartel","iluminaci\u00f3n especial","Navidad"],"articleSection":["Actualidad","Alcoy","Fiesta y Cultura","Noticias"],"inLanguage":"es"},{"@type":"WebPage","@id":"https:\/\/www.copealcoy.es\/es\/multitudinaria-bienvenida-a-la-navidad-en-alcoy\/","url":"https:\/\/www.copealcoy.es\/es\/multitudinaria-bienvenida-a-la-navidad-en-alcoy\/","name":"Multitudinaria bienvenida a la Navidad en Alcoy - COPE Alcoy","isPartOf":{"@id":"https:\/\/www.copealcoy.es\/es\/#website"},"primaryImageOfPage":{"@id":"https:\/\/www.copealcoy.es\/es\/multitudinaria-bienvenida-a-la-navidad-en-alcoy\/#primaryimage"},"image":{"@id":"https:\/\/www.copealcoy.es\/es\/multitudinaria-bienvenida-a-la-navidad-en-alcoy\/#primaryimage"},"thumbnailUrl":"https:\/\/www.copealcoy.es\/wp-content\/uploads\/2024\/11\/unnamed-1-37-scaled.jpg","datePublished":"2024-11-28T11:34:27+00:00","author":{"@id":"https:\/\/www.copealcoy.es\/es\/#\/schema\/person\/e777c87fa024e57d40170af9df39882c"},"description":"Alcoy dio la bienvenida ayer por la tarde a la Navidad y lo hizo con un acto que reuni\u00f3 a gran cantidad de personas en la plaza de Espa\u00f1a al filo de las 19:30h","breadcrumb":{"@id":"https:\/\/www.copealcoy.es\/es\/multitudinaria-bienvenida-a-la-navidad-en-alcoy\/#breadcrumb"},"inLanguage":"es","potentialAction":[{"@type":"ReadAction","target":["https:\/\/www.copealcoy.es\/es\/multitudinaria-bienvenida-a-la-navidad-en-alcoy\/"]}]},{"@type":"ImageObject","inLanguage":"es","@id":"https:\/\/www.copealcoy.es\/es\/multitudinaria-bienvenida-a-la-navidad-en-alcoy\/#primaryimage","url":"https:\/\/www.copealcoy.es\/wp-content\/uploads\/2024\/11\/unnamed-1-37-scaled.jpg","contentUrl":"https:\/\/www.copealcoy.es\/wp-content\/uploads\/2024\/11\/unnamed-1-37-scaled.jpg","width":1624,"height":1080},{"@type":"BreadcrumbList","@id":"https:\/\/www.copealcoy.es\/es\/multitudinaria-bienvenida-a-la-navidad-en-alcoy\/#breadcrumb","itemListElement":[{"@type":"ListItem","position":1,"name":"Portada","item":"https:\/\/www.copealcoy.es\/es\/"},{"@type":"ListItem","position":2,"name":"Multitudinaria bienvenida a la Navidad en Alcoy"}]},{"@type":"WebSite","@id":"https:\/\/www.copealcoy.es\/es\/#website","url":"https:\/\/www.copealcoy.es\/es\/","name":"COPE Alcoy","description":"Emisora COPE de radio local con emisi\u00f3n online. Pont de Sant Jordi 8-10 03803 Alcoy","potentialAction":[{"@type":"SearchAction","target":{"@type":"EntryPoint","urlTemplate":"https:\/\/www.copealcoy.es\/es\/?s={search_term_string}"},"query-input":{"@type":"PropertyValueSpecification","valueRequired":true,"valueName":"search_term_string"}}],"inLanguage":"es"},{"@type":"Person","@id":"https:\/\/www.copealcoy.es\/es\/#\/schema\/person\/e777c87fa024e57d40170af9df39882c","name":"Cope Alcoy","image":{"@type":"ImageObject","inLanguage":"es","@id":"https:\/\/secure.gravatar.com\/avatar\/bb65d0283347e303893ba14f0692005417c1e0e690a325a4c5d8bb2b3943ee14?s=96&d=mm&r=g","url":"https:\/\/secure.gravatar.com\/avatar\/bb65d0283347e303893ba14f0692005417c1e0e690a325a4c5d8bb2b3943ee14?s=96&d=mm&r=g","contentUrl":"https:\/\/secure.gravatar.com\/avatar\/bb65d0283347e303893ba14f0692005417c1e0e690a325a4c5d8bb2b3943ee14?s=96&d=mm&r=g","caption":"Cope Alcoy"}}]}},"_links":{"self":[{"href":"https:\/\/www.copealcoy.es\/es\/wp-json\/wp\/v2\/posts\/143689","targetHints":{"allow":["GET"]}}],"collection":[{"href":"https:\/\/www.copealcoy.es\/es\/wp-json\/wp\/v2\/posts"}],"about":[{"href":"https:\/\/www.copealcoy.es\/es\/wp-json\/wp\/v2\/types\/post"}],"author":[{"embeddable":true,"href":"https:\/\/www.copealcoy.es\/es\/wp-json\/wp\/v2\/users\/1"}],"replies":[{"embeddable":true,"href":"https:\/\/www.copealcoy.es\/es\/wp-json\/wp\/v2\/comments?post=143689"}],"version-history":[{"count":0,"href":"https:\/\/www.copealcoy.es\/es\/wp-json\/wp\/v2\/posts\/143689\/revisions"}],"wp:featuredmedia":[{"embeddable":true,"href":"https:\/\/www.copealcoy.es\/es\/wp-json\/wp\/v2\/media\/143690"}],"wp:attachment":[{"href":"https:\/\/www.copealcoy.es\/es\/wp-json\/wp\/v2\/media?parent=143689"}],"wp:term":[{"taxonomy":"category","embeddable":true,"href":"https:\/\/www.copealcoy.es\/es\/wp-json\/wp\/v2\/categories?post=143689"},{"taxonomy":"post_tag","embeddable":true,"href":"https:\/\/www.copealcoy.es\/es\/wp-json\/wp\/v2\/tags?post=143689"}],"curies":[{"name":"wp","href":"https:\/\/api.w.org\/{rel}","templated":true}]}}