{"id":14366,"date":"2015-07-04T11:19:43","date_gmt":"2015-07-04T11:19:43","guid":{"rendered":"http:\/\/copealcoi.es\/new\/?p=14366"},"modified":"2015-07-04T11:19:43","modified_gmt":"2015-07-04T11:19:43","slug":"el-curso-escolar-arrancara-mas-tarde","status":"publish","type":"post","link":"https:\/\/www.copealcoy.es\/es\/el-curso-escolar-arrancara-mas-tarde\/","title":{"rendered":"El curso escolar arrancar\u00e1 m\u00e1s tarde"},"content":{"rendered":"<p style=\"text-align: justify;\">El curso acad\u00e9mico comenzar\u00e1 unos d\u00edas m\u00e1s tarde de lo que hab\u00eda previsto el anterior Ejecutivo Auton\u00f3mico y dar\u00e1 inicio el d\u00eda 10 de septiembre para los alumnos de infantil y primaria mientras que los de secundaria regresar\u00e1n a las clases al d\u00eda siguiente. La medida, seg\u00fan se\u00f1ala la Conseller\u00eda de Educaci\u00f3n, se ha adoptado para que los Centros y el personal docente puedan preparar mejor el arranque del curso &#8220;hemos acordado retrasar el inicio del curso una semana para contribuir a la mejora y a la calidad de nuestro sistema educativo&#8221; asegura el nuevo conveler, Vicent Marz\u00e0.<\/p>\n<p style=\"text-align: justify;\">Por su parte Marz\u00e0 ha confirmado que acatar\u00e1n la sentencia del Tribunal Superior de Justicia de la Comunidad Valenciana \u00a0respecto a la rebaremaci\u00f3n del personal interino &#8220;retiraremos el recurso del anterior Gobierno y estamos trabajando para que los docentes que se beneficiaron de esa rebaremaci\u00f3n a lo largo del curso puedan tambi\u00e9n trabajar&#8221;, concluye.<\/p>\n","protected":false},"excerpt":{"rendered":"<p>El curso acad\u00e9mico comenzar\u00e1 unos d\u00edas m\u00e1s tarde de lo que hab\u00eda previsto el anterior Ejecutivo Auton\u00f3mico y dar\u00e1 inicio&#8230;<\/p>\n","protected":false},"author":1,"featured_media":14367,"comment_status":"open","ping_status":"open","sticky":false,"template":"","format":"standard","meta":{"footnotes":""},"categories":[900,75],"tags":[1245,1246,1215],"class_list":["post-14366","post","type-post","status-publish","format-standard","has-post-thumbnail","hentry","category-educacion","category-noticias","tag-arranque","tag-curso-escolar","tag-inicio"],"yoast_head":"<!-- This site is optimized with the Yoast SEO plugin v27.3 - https:\/\/yoast.com\/product\/yoast-seo-wordpress\/ -->\n<title>El curso escolar arrancar\u00e1 m\u00e1s tarde - COPE Alcoy<\/title>\n<meta name=\"robots\" content=\"index, follow, max-snippet:-1, max-image-preview:large, max-video-preview:-1\" \/>\n<link rel=\"canonical\" href=\"https:\/\/www.copealcoy.es\/es\/el-curso-escolar-arrancara-mas-tarde\/\" \/>\n<meta property=\"og:locale\" content=\"es_ES\" \/>\n<meta property=\"og:type\" content=\"article\" \/>\n<meta property=\"og:title\" content=\"El curso escolar arrancar\u00e1 m\u00e1s tarde - COPE Alcoy\" \/>\n<meta property=\"og:description\" content=\"El curso acad\u00e9mico comenzar\u00e1 unos d\u00edas m\u00e1s tarde de lo que hab\u00eda previsto el anterior Ejecutivo Auton\u00f3mico y dar\u00e1 inicio...\" \/>\n<meta property=\"og:url\" content=\"https:\/\/www.copealcoy.es\/es\/el-curso-escolar-arrancara-mas-tarde\/\" \/>\n<meta property=\"og:site_name\" content=\"COPE Alcoy\" \/>\n<meta property=\"article:published_time\" content=\"2015-07-04T11:19:43+00:00\" \/>\n<meta property=\"og:image\" content=\"https:\/\/www.copealcoy.es\/wp-content\/uploads\/2015\/07\/Mesa_Sectorial_01_20150704093905.jpg\" \/>\n\t<meta property=\"og:image:width\" content=\"1200\" \/>\n\t<meta property=\"og:image:height\" content=\"645\" \/>\n\t<meta property=\"og:image:type\" content=\"image\/jpeg\" \/>\n<meta name=\"author\" content=\"Cope Alcoy\" \/>\n<meta name=\"twitter:label1\" content=\"Escrito por\" \/>\n\t<meta name=\"twitter:data1\" content=\"Cope Alcoy\" \/>\n\t<meta name=\"twitter:label2\" content=\"Tiempo de lectura\" \/>\n\t<meta name=\"twitter:data2\" content=\"1 minuto\" \/>\n<script type=\"application\/ld+json\" class=\"yoast-schema-graph\">{\"@context\":\"https:\\\/\\\/schema.org\",\"@graph\":[{\"@type\":\"Article\",\"@id\":\"https:\\\/\\\/www.copealcoy.es\\\/es\\\/el-curso-escolar-arrancara-mas-tarde\\\/#article\",\"isPartOf\":{\"@id\":\"https:\\\/\\\/www.copealcoy.es\\\/es\\\/el-curso-escolar-arrancara-mas-tarde\\\/\"},\"author\":{\"name\":\"Cope Alcoy\",\"@id\":\"https:\\\/\\\/www.copealcoy.es\\\/es\\\/#\\\/schema\\\/person\\\/e777c87fa024e57d40170af9df39882c\"},\"headline\":\"El curso escolar arrancar\u00e1 m\u00e1s tarde\",\"datePublished\":\"2015-07-04T11:19:43+00:00\",\"mainEntityOfPage\":{\"@id\":\"https:\\\/\\\/www.copealcoy.es\\\/es\\\/el-curso-escolar-arrancara-mas-tarde\\\/\"},\"wordCount\":174,\"commentCount\":0,\"image\":{\"@id\":\"https:\\\/\\\/www.copealcoy.es\\\/es\\\/el-curso-escolar-arrancara-mas-tarde\\\/#primaryimage\"},\"thumbnailUrl\":\"https:\\\/\\\/www.copealcoy.es\\\/wp-content\\\/uploads\\\/2015\\\/07\\\/Mesa_Sectorial_01_20150704093905.jpg\",\"keywords\":[\"Arranque\",\"Curso Escolar\",\"inicio\"],\"articleSection\":[\"Educaci\u00f3n\",\"Noticias\"],\"inLanguage\":\"es\"},{\"@type\":\"WebPage\",\"@id\":\"https:\\\/\\\/www.copealcoy.es\\\/es\\\/el-curso-escolar-arrancara-mas-tarde\\\/\",\"url\":\"https:\\\/\\\/www.copealcoy.es\\\/es\\\/el-curso-escolar-arrancara-mas-tarde\\\/\",\"name\":\"El curso escolar arrancar\u00e1 m\u00e1s tarde - COPE Alcoy\",\"isPartOf\":{\"@id\":\"https:\\\/\\\/www.copealcoy.es\\\/es\\\/#website\"},\"primaryImageOfPage\":{\"@id\":\"https:\\\/\\\/www.copealcoy.es\\\/es\\\/el-curso-escolar-arrancara-mas-tarde\\\/#primaryimage\"},\"image\":{\"@id\":\"https:\\\/\\\/www.copealcoy.es\\\/es\\\/el-curso-escolar-arrancara-mas-tarde\\\/#primaryimage\"},\"thumbnailUrl\":\"https:\\\/\\\/www.copealcoy.es\\\/wp-content\\\/uploads\\\/2015\\\/07\\\/Mesa_Sectorial_01_20150704093905.jpg\",\"datePublished\":\"2015-07-04T11:19:43+00:00\",\"author\":{\"@id\":\"https:\\\/\\\/www.copealcoy.es\\\/es\\\/#\\\/schema\\\/person\\\/e777c87fa024e57d40170af9df39882c\"},\"breadcrumb\":{\"@id\":\"https:\\\/\\\/www.copealcoy.es\\\/es\\\/el-curso-escolar-arrancara-mas-tarde\\\/#breadcrumb\"},\"inLanguage\":\"es\",\"potentialAction\":[{\"@type\":\"ReadAction\",\"target\":[\"https:\\\/\\\/www.copealcoy.es\\\/es\\\/el-curso-escolar-arrancara-mas-tarde\\\/\"]}]},{\"@type\":\"ImageObject\",\"inLanguage\":\"es\",\"@id\":\"https:\\\/\\\/www.copealcoy.es\\\/es\\\/el-curso-escolar-arrancara-mas-tarde\\\/#primaryimage\",\"url\":\"https:\\\/\\\/www.copealcoy.es\\\/wp-content\\\/uploads\\\/2015\\\/07\\\/Mesa_Sectorial_01_20150704093905.jpg\",\"contentUrl\":\"https:\\\/\\\/www.copealcoy.es\\\/wp-content\\\/uploads\\\/2015\\\/07\\\/Mesa_Sectorial_01_20150704093905.jpg\",\"width\":1200,\"height\":645,\"caption\":\"Reuni\u00f3n del Conseller con los implicados en el sector educativo\"},{\"@type\":\"BreadcrumbList\",\"@id\":\"https:\\\/\\\/www.copealcoy.es\\\/es\\\/el-curso-escolar-arrancara-mas-tarde\\\/#breadcrumb\",\"itemListElement\":[{\"@type\":\"ListItem\",\"position\":1,\"name\":\"Portada\",\"item\":\"https:\\\/\\\/www.copealcoy.es\\\/es\\\/\"},{\"@type\":\"ListItem\",\"position\":2,\"name\":\"El curso escolar arrancar\u00e1 m\u00e1s tarde\"}]},{\"@type\":\"WebSite\",\"@id\":\"https:\\\/\\\/www.copealcoy.es\\\/es\\\/#website\",\"url\":\"https:\\\/\\\/www.copealcoy.es\\\/es\\\/\",\"name\":\"COPE Alcoy\",\"description\":\"Emisora COPE de radio local con emisi\u00f3n online. Pont de Sant Jordi 8-10 03803 Alcoy\",\"potentialAction\":[{\"@type\":\"SearchAction\",\"target\":{\"@type\":\"EntryPoint\",\"urlTemplate\":\"https:\\\/\\\/www.copealcoy.es\\\/es\\\/?s={search_term_string}\"},\"query-input\":{\"@type\":\"PropertyValueSpecification\",\"valueRequired\":true,\"valueName\":\"search_term_string\"}}],\"inLanguage\":\"es\"},{\"@type\":\"Person\",\"@id\":\"https:\\\/\\\/www.copealcoy.es\\\/es\\\/#\\\/schema\\\/person\\\/e777c87fa024e57d40170af9df39882c\",\"name\":\"Cope Alcoy\",\"image\":{\"@type\":\"ImageObject\",\"inLanguage\":\"es\",\"@id\":\"https:\\\/\\\/secure.gravatar.com\\\/avatar\\\/bb65d0283347e303893ba14f0692005417c1e0e690a325a4c5d8bb2b3943ee14?s=96&d=mm&r=g\",\"url\":\"https:\\\/\\\/secure.gravatar.com\\\/avatar\\\/bb65d0283347e303893ba14f0692005417c1e0e690a325a4c5d8bb2b3943ee14?s=96&d=mm&r=g\",\"contentUrl\":\"https:\\\/\\\/secure.gravatar.com\\\/avatar\\\/bb65d0283347e303893ba14f0692005417c1e0e690a325a4c5d8bb2b3943ee14?s=96&d=mm&r=g\",\"caption\":\"Cope Alcoy\"}}]}<\/script>\n<!-- \/ Yoast SEO plugin. -->","yoast_head_json":{"title":"El curso escolar arrancar\u00e1 m\u00e1s tarde - COPE Alcoy","robots":{"index":"index","follow":"follow","max-snippet":"max-snippet:-1","max-image-preview":"max-image-preview:large","max-video-preview":"max-video-preview:-1"},"canonical":"https:\/\/www.copealcoy.es\/es\/el-curso-escolar-arrancara-mas-tarde\/","og_locale":"es_ES","og_type":"article","og_title":"El curso escolar arrancar\u00e1 m\u00e1s tarde - COPE Alcoy","og_description":"El curso acad\u00e9mico comenzar\u00e1 unos d\u00edas m\u00e1s tarde de lo que hab\u00eda previsto el anterior Ejecutivo Auton\u00f3mico y dar\u00e1 inicio...","og_url":"https:\/\/www.copealcoy.es\/es\/el-curso-escolar-arrancara-mas-tarde\/","og_site_name":"COPE Alcoy","article_published_time":"2015-07-04T11:19:43+00:00","og_image":[{"width":1200,"height":645,"url":"https:\/\/www.copealcoy.es\/wp-content\/uploads\/2015\/07\/Mesa_Sectorial_01_20150704093905.jpg","type":"image\/jpeg"}],"author":"Cope Alcoy","twitter_misc":{"Escrito por":"Cope Alcoy","Tiempo de lectura":"1 minuto"},"schema":{"@context":"https:\/\/schema.org","@graph":[{"@type":"Article","@id":"https:\/\/www.copealcoy.es\/es\/el-curso-escolar-arrancara-mas-tarde\/#article","isPartOf":{"@id":"https:\/\/www.copealcoy.es\/es\/el-curso-escolar-arrancara-mas-tarde\/"},"author":{"name":"Cope Alcoy","@id":"https:\/\/www.copealcoy.es\/es\/#\/schema\/person\/e777c87fa024e57d40170af9df39882c"},"headline":"El curso escolar arrancar\u00e1 m\u00e1s tarde","datePublished":"2015-07-04T11:19:43+00:00","mainEntityOfPage":{"@id":"https:\/\/www.copealcoy.es\/es\/el-curso-escolar-arrancara-mas-tarde\/"},"wordCount":174,"commentCount":0,"image":{"@id":"https:\/\/www.copealcoy.es\/es\/el-curso-escolar-arrancara-mas-tarde\/#primaryimage"},"thumbnailUrl":"https:\/\/www.copealcoy.es\/wp-content\/uploads\/2015\/07\/Mesa_Sectorial_01_20150704093905.jpg","keywords":["Arranque","Curso Escolar","inicio"],"articleSection":["Educaci\u00f3n","Noticias"],"inLanguage":"es"},{"@type":"WebPage","@id":"https:\/\/www.copealcoy.es\/es\/el-curso-escolar-arrancara-mas-tarde\/","url":"https:\/\/www.copealcoy.es\/es\/el-curso-escolar-arrancara-mas-tarde\/","name":"El curso escolar arrancar\u00e1 m\u00e1s tarde - COPE Alcoy","isPartOf":{"@id":"https:\/\/www.copealcoy.es\/es\/#website"},"primaryImageOfPage":{"@id":"https:\/\/www.copealcoy.es\/es\/el-curso-escolar-arrancara-mas-tarde\/#primaryimage"},"image":{"@id":"https:\/\/www.copealcoy.es\/es\/el-curso-escolar-arrancara-mas-tarde\/#primaryimage"},"thumbnailUrl":"https:\/\/www.copealcoy.es\/wp-content\/uploads\/2015\/07\/Mesa_Sectorial_01_20150704093905.jpg","datePublished":"2015-07-04T11:19:43+00:00","author":{"@id":"https:\/\/www.copealcoy.es\/es\/#\/schema\/person\/e777c87fa024e57d40170af9df39882c"},"breadcrumb":{"@id":"https:\/\/www.copealcoy.es\/es\/el-curso-escolar-arrancara-mas-tarde\/#breadcrumb"},"inLanguage":"es","potentialAction":[{"@type":"ReadAction","target":["https:\/\/www.copealcoy.es\/es\/el-curso-escolar-arrancara-mas-tarde\/"]}]},{"@type":"ImageObject","inLanguage":"es","@id":"https:\/\/www.copealcoy.es\/es\/el-curso-escolar-arrancara-mas-tarde\/#primaryimage","url":"https:\/\/www.copealcoy.es\/wp-content\/uploads\/2015\/07\/Mesa_Sectorial_01_20150704093905.jpg","contentUrl":"https:\/\/www.copealcoy.es\/wp-content\/uploads\/2015\/07\/Mesa_Sectorial_01_20150704093905.jpg","width":1200,"height":645,"caption":"Reuni\u00f3n del Conseller con los implicados en el sector educativo"},{"@type":"BreadcrumbList","@id":"https:\/\/www.copealcoy.es\/es\/el-curso-escolar-arrancara-mas-tarde\/#breadcrumb","itemListElement":[{"@type":"ListItem","position":1,"name":"Portada","item":"https:\/\/www.copealcoy.es\/es\/"},{"@type":"ListItem","position":2,"name":"El curso escolar arrancar\u00e1 m\u00e1s tarde"}]},{"@type":"WebSite","@id":"https:\/\/www.copealcoy.es\/es\/#website","url":"https:\/\/www.copealcoy.es\/es\/","name":"COPE Alcoy","description":"Emisora COPE de radio local con emisi\u00f3n online. Pont de Sant Jordi 8-10 03803 Alcoy","potentialAction":[{"@type":"SearchAction","target":{"@type":"EntryPoint","urlTemplate":"https:\/\/www.copealcoy.es\/es\/?s={search_term_string}"},"query-input":{"@type":"PropertyValueSpecification","valueRequired":true,"valueName":"search_term_string"}}],"inLanguage":"es"},{"@type":"Person","@id":"https:\/\/www.copealcoy.es\/es\/#\/schema\/person\/e777c87fa024e57d40170af9df39882c","name":"Cope Alcoy","image":{"@type":"ImageObject","inLanguage":"es","@id":"https:\/\/secure.gravatar.com\/avatar\/bb65d0283347e303893ba14f0692005417c1e0e690a325a4c5d8bb2b3943ee14?s=96&d=mm&r=g","url":"https:\/\/secure.gravatar.com\/avatar\/bb65d0283347e303893ba14f0692005417c1e0e690a325a4c5d8bb2b3943ee14?s=96&d=mm&r=g","contentUrl":"https:\/\/secure.gravatar.com\/avatar\/bb65d0283347e303893ba14f0692005417c1e0e690a325a4c5d8bb2b3943ee14?s=96&d=mm&r=g","caption":"Cope Alcoy"}}]}},"_links":{"self":[{"href":"https:\/\/www.copealcoy.es\/es\/wp-json\/wp\/v2\/posts\/14366","targetHints":{"allow":["GET"]}}],"collection":[{"href":"https:\/\/www.copealcoy.es\/es\/wp-json\/wp\/v2\/posts"}],"about":[{"href":"https:\/\/www.copealcoy.es\/es\/wp-json\/wp\/v2\/types\/post"}],"author":[{"embeddable":true,"href":"https:\/\/www.copealcoy.es\/es\/wp-json\/wp\/v2\/users\/1"}],"replies":[{"embeddable":true,"href":"https:\/\/www.copealcoy.es\/es\/wp-json\/wp\/v2\/comments?post=14366"}],"version-history":[{"count":0,"href":"https:\/\/www.copealcoy.es\/es\/wp-json\/wp\/v2\/posts\/14366\/revisions"}],"wp:featuredmedia":[{"embeddable":true,"href":"https:\/\/www.copealcoy.es\/es\/wp-json\/wp\/v2\/media\/14367"}],"wp:attachment":[{"href":"https:\/\/www.copealcoy.es\/es\/wp-json\/wp\/v2\/media?parent=14366"}],"wp:term":[{"taxonomy":"category","embeddable":true,"href":"https:\/\/www.copealcoy.es\/es\/wp-json\/wp\/v2\/categories?post=14366"},{"taxonomy":"post_tag","embeddable":true,"href":"https:\/\/www.copealcoy.es\/es\/wp-json\/wp\/v2\/tags?post=14366"}],"curies":[{"name":"wp","href":"https:\/\/api.w.org\/{rel}","templated":true}]}}