{"id":14363,"date":"2015-07-04T11:01:31","date_gmt":"2015-07-04T11:01:31","guid":{"rendered":"http:\/\/copealcoi.es\/new\/?p=14363"},"modified":"2015-07-04T11:01:31","modified_gmt":"2015-07-04T11:01:31","slug":"la-diputacion-de-alicante-invierte-en-el-ahorro-energetico","status":"publish","type":"post","link":"https:\/\/www.copealcoy.es\/es\/la-diputacion-de-alicante-invierte-en-el-ahorro-energetico\/","title":{"rendered":"La Diputaci\u00f3n de Alicante invierte en el ahorro energ\u00e9tico"},"content":{"rendered":"<p style=\"text-align: justify;\">La Diputaci\u00f3n Provincial de Alicante destinar\u00e1 m\u00e1s de 600.000 euros en las comarcas del Comtat y de l\u00b4 Alcoi\u00e0 para actuaciones en materia de ahorro energ\u00e9tico. El ente ha ampliado el plan de ayudas en cuatro millones, quedando el proyecto total en ocho millones de euros, y sufragar\u00e1 el 94% de todas las actuaciones que se lleven a cabo en nuestra zona.<\/p>\n<p style=\"text-align: justify;\">En el Comtat las localidades de Cocentaina, Planes y Muro recibir\u00e1n un cuant\u00eda econ\u00f3mica entre 47.000 y 120.000 euros que ir\u00e1n a parar a la renovaci\u00f3n del alumbrado publico, en las dos primeras, y a la mejora de la iluminaci\u00f3n de varios edificios p\u00fablicos en la segunda. Por su parte en l\u00b4 Alcoi\u00e0 contar\u00e1n con la subvenci\u00f3n Banyeres, para cambiar la caldera de la Escuela Infantil, y Onil para adecuar varias instalaciones del Polideportivo Municipal.<\/p>\n<p style=\"text-align: justify;\">La presidenta de la Diputaci\u00f3n de Alicante, Luisa Pastor, ha se\u00f1alado que la ampliaci\u00f3n de estas ayudas ha sido posible gracias a la buena salud econ\u00f3mica de la instituci\u00f3n &#8220;lo que ha permitido que destinemos el remanente a nuevas ayudas y que se ampl\u00ede a 82 el n\u00famero de localidades beneficiadas por este Plan Provincial de Ahorro Energ\u00e9tico&#8221;, concluye.<\/p>\n","protected":false},"excerpt":{"rendered":"<p>La Diputaci\u00f3n Provincial de Alicante destinar\u00e1 m\u00e1s de 600.000 euros en las comarcas del Comtat y de l\u00b4 Alcoi\u00e0 para&#8230;<\/p>\n","protected":false},"author":1,"featured_media":14364,"comment_status":"open","ping_status":"open","sticky":false,"template":"","format":"standard","meta":{"footnotes":""},"categories":[98,75],"tags":[202,234,1244,1182],"class_list":["post-14363","post","type-post","status-publish","format-standard","has-post-thumbnail","hentry","category-comarcas","category-noticias","tag-ahorro","tag-diputacion","tag-energetico","tag-invierte"],"yoast_head":"<!-- This site is optimized with the Yoast SEO plugin v27.3 - https:\/\/yoast.com\/product\/yoast-seo-wordpress\/ -->\n<title>La Diputaci\u00f3n de Alicante invierte en el ahorro energ\u00e9tico - COPE Alcoy<\/title>\n<meta name=\"robots\" content=\"index, follow, max-snippet:-1, max-image-preview:large, max-video-preview:-1\" \/>\n<link rel=\"canonical\" href=\"https:\/\/www.copealcoy.es\/es\/la-diputacion-de-alicante-invierte-en-el-ahorro-energetico\/\" \/>\n<meta property=\"og:locale\" content=\"es_ES\" \/>\n<meta property=\"og:type\" content=\"article\" \/>\n<meta property=\"og:title\" content=\"La Diputaci\u00f3n de Alicante invierte en el ahorro energ\u00e9tico - COPE Alcoy\" \/>\n<meta property=\"og:description\" content=\"La Diputaci\u00f3n Provincial de Alicante destinar\u00e1 m\u00e1s de 600.000 euros en las comarcas del Comtat y de l\u00b4 Alcoi\u00e0 para...\" \/>\n<meta property=\"og:url\" content=\"https:\/\/www.copealcoy.es\/es\/la-diputacion-de-alicante-invierte-en-el-ahorro-energetico\/\" \/>\n<meta property=\"og:site_name\" content=\"COPE Alcoy\" \/>\n<meta property=\"article:published_time\" content=\"2015-07-04T11:01:31+00:00\" \/>\n<meta property=\"og:image\" content=\"https:\/\/www.copealcoy.es\/wp-content\/uploads\/2015\/07\/10013007_629807830447267_7604469942266502930_n.jpg\" \/>\n\t<meta property=\"og:image:width\" content=\"720\" \/>\n\t<meta property=\"og:image:height\" content=\"450\" \/>\n\t<meta property=\"og:image:type\" content=\"image\/jpeg\" \/>\n<meta name=\"author\" content=\"Cope Alcoy\" \/>\n<meta name=\"twitter:label1\" content=\"Escrito por\" \/>\n\t<meta name=\"twitter:data1\" content=\"Cope Alcoy\" \/>\n\t<meta name=\"twitter:label2\" content=\"Tiempo de lectura\" \/>\n\t<meta name=\"twitter:data2\" content=\"1 minuto\" \/>\n<script type=\"application\/ld+json\" class=\"yoast-schema-graph\">{\"@context\":\"https:\\\/\\\/schema.org\",\"@graph\":[{\"@type\":\"Article\",\"@id\":\"https:\\\/\\\/www.copealcoy.es\\\/es\\\/la-diputacion-de-alicante-invierte-en-el-ahorro-energetico\\\/#article\",\"isPartOf\":{\"@id\":\"https:\\\/\\\/www.copealcoy.es\\\/es\\\/la-diputacion-de-alicante-invierte-en-el-ahorro-energetico\\\/\"},\"author\":{\"name\":\"Cope Alcoy\",\"@id\":\"https:\\\/\\\/www.copealcoy.es\\\/es\\\/#\\\/schema\\\/person\\\/e777c87fa024e57d40170af9df39882c\"},\"headline\":\"La Diputaci\u00f3n de Alicante invierte en el ahorro energ\u00e9tico\",\"datePublished\":\"2015-07-04T11:01:31+00:00\",\"mainEntityOfPage\":{\"@id\":\"https:\\\/\\\/www.copealcoy.es\\\/es\\\/la-diputacion-de-alicante-invierte-en-el-ahorro-energetico\\\/\"},\"wordCount\":222,\"commentCount\":0,\"image\":{\"@id\":\"https:\\\/\\\/www.copealcoy.es\\\/es\\\/la-diputacion-de-alicante-invierte-en-el-ahorro-energetico\\\/#primaryimage\"},\"thumbnailUrl\":\"https:\\\/\\\/www.copealcoy.es\\\/wp-content\\\/uploads\\\/2015\\\/07\\\/10013007_629807830447267_7604469942266502930_n.jpg\",\"keywords\":[\"Ahorro\",\"Diputaci\u00f3n\",\"energ\u00e9tico\",\"invierte\"],\"articleSection\":[\"Comarcas\",\"Noticias\"],\"inLanguage\":\"es\"},{\"@type\":\"WebPage\",\"@id\":\"https:\\\/\\\/www.copealcoy.es\\\/es\\\/la-diputacion-de-alicante-invierte-en-el-ahorro-energetico\\\/\",\"url\":\"https:\\\/\\\/www.copealcoy.es\\\/es\\\/la-diputacion-de-alicante-invierte-en-el-ahorro-energetico\\\/\",\"name\":\"La Diputaci\u00f3n de Alicante invierte en el ahorro energ\u00e9tico - COPE Alcoy\",\"isPartOf\":{\"@id\":\"https:\\\/\\\/www.copealcoy.es\\\/es\\\/#website\"},\"primaryImageOfPage\":{\"@id\":\"https:\\\/\\\/www.copealcoy.es\\\/es\\\/la-diputacion-de-alicante-invierte-en-el-ahorro-energetico\\\/#primaryimage\"},\"image\":{\"@id\":\"https:\\\/\\\/www.copealcoy.es\\\/es\\\/la-diputacion-de-alicante-invierte-en-el-ahorro-energetico\\\/#primaryimage\"},\"thumbnailUrl\":\"https:\\\/\\\/www.copealcoy.es\\\/wp-content\\\/uploads\\\/2015\\\/07\\\/10013007_629807830447267_7604469942266502930_n.jpg\",\"datePublished\":\"2015-07-04T11:01:31+00:00\",\"author\":{\"@id\":\"https:\\\/\\\/www.copealcoy.es\\\/es\\\/#\\\/schema\\\/person\\\/e777c87fa024e57d40170af9df39882c\"},\"breadcrumb\":{\"@id\":\"https:\\\/\\\/www.copealcoy.es\\\/es\\\/la-diputacion-de-alicante-invierte-en-el-ahorro-energetico\\\/#breadcrumb\"},\"inLanguage\":\"es\",\"potentialAction\":[{\"@type\":\"ReadAction\",\"target\":[\"https:\\\/\\\/www.copealcoy.es\\\/es\\\/la-diputacion-de-alicante-invierte-en-el-ahorro-energetico\\\/\"]}]},{\"@type\":\"ImageObject\",\"inLanguage\":\"es\",\"@id\":\"https:\\\/\\\/www.copealcoy.es\\\/es\\\/la-diputacion-de-alicante-invierte-en-el-ahorro-energetico\\\/#primaryimage\",\"url\":\"https:\\\/\\\/www.copealcoy.es\\\/wp-content\\\/uploads\\\/2015\\\/07\\\/10013007_629807830447267_7604469942266502930_n.jpg\",\"contentUrl\":\"https:\\\/\\\/www.copealcoy.es\\\/wp-content\\\/uploads\\\/2015\\\/07\\\/10013007_629807830447267_7604469942266502930_n.jpg\",\"width\":720,\"height\":450,\"caption\":\"Cocentaina renovar\u00e1 varios puntos del alumbrado en el casco hist\u00f3rico\"},{\"@type\":\"BreadcrumbList\",\"@id\":\"https:\\\/\\\/www.copealcoy.es\\\/es\\\/la-diputacion-de-alicante-invierte-en-el-ahorro-energetico\\\/#breadcrumb\",\"itemListElement\":[{\"@type\":\"ListItem\",\"position\":1,\"name\":\"Portada\",\"item\":\"https:\\\/\\\/www.copealcoy.es\\\/es\\\/\"},{\"@type\":\"ListItem\",\"position\":2,\"name\":\"La Diputaci\u00f3n de Alicante invierte en el ahorro energ\u00e9tico\"}]},{\"@type\":\"WebSite\",\"@id\":\"https:\\\/\\\/www.copealcoy.es\\\/es\\\/#website\",\"url\":\"https:\\\/\\\/www.copealcoy.es\\\/es\\\/\",\"name\":\"COPE Alcoy\",\"description\":\"Emisora COPE de radio local con emisi\u00f3n online. Pont de Sant Jordi 8-10 03803 Alcoy\",\"potentialAction\":[{\"@type\":\"SearchAction\",\"target\":{\"@type\":\"EntryPoint\",\"urlTemplate\":\"https:\\\/\\\/www.copealcoy.es\\\/es\\\/?s={search_term_string}\"},\"query-input\":{\"@type\":\"PropertyValueSpecification\",\"valueRequired\":true,\"valueName\":\"search_term_string\"}}],\"inLanguage\":\"es\"},{\"@type\":\"Person\",\"@id\":\"https:\\\/\\\/www.copealcoy.es\\\/es\\\/#\\\/schema\\\/person\\\/e777c87fa024e57d40170af9df39882c\",\"name\":\"Cope Alcoy\",\"image\":{\"@type\":\"ImageObject\",\"inLanguage\":\"es\",\"@id\":\"https:\\\/\\\/secure.gravatar.com\\\/avatar\\\/bb65d0283347e303893ba14f0692005417c1e0e690a325a4c5d8bb2b3943ee14?s=96&d=mm&r=g\",\"url\":\"https:\\\/\\\/secure.gravatar.com\\\/avatar\\\/bb65d0283347e303893ba14f0692005417c1e0e690a325a4c5d8bb2b3943ee14?s=96&d=mm&r=g\",\"contentUrl\":\"https:\\\/\\\/secure.gravatar.com\\\/avatar\\\/bb65d0283347e303893ba14f0692005417c1e0e690a325a4c5d8bb2b3943ee14?s=96&d=mm&r=g\",\"caption\":\"Cope Alcoy\"}}]}<\/script>\n<!-- \/ Yoast SEO plugin. -->","yoast_head_json":{"title":"La Diputaci\u00f3n de Alicante invierte en el ahorro energ\u00e9tico - COPE Alcoy","robots":{"index":"index","follow":"follow","max-snippet":"max-snippet:-1","max-image-preview":"max-image-preview:large","max-video-preview":"max-video-preview:-1"},"canonical":"https:\/\/www.copealcoy.es\/es\/la-diputacion-de-alicante-invierte-en-el-ahorro-energetico\/","og_locale":"es_ES","og_type":"article","og_title":"La Diputaci\u00f3n de Alicante invierte en el ahorro energ\u00e9tico - COPE Alcoy","og_description":"La Diputaci\u00f3n Provincial de Alicante destinar\u00e1 m\u00e1s de 600.000 euros en las comarcas del Comtat y de l\u00b4 Alcoi\u00e0 para...","og_url":"https:\/\/www.copealcoy.es\/es\/la-diputacion-de-alicante-invierte-en-el-ahorro-energetico\/","og_site_name":"COPE Alcoy","article_published_time":"2015-07-04T11:01:31+00:00","og_image":[{"width":720,"height":450,"url":"https:\/\/www.copealcoy.es\/wp-content\/uploads\/2015\/07\/10013007_629807830447267_7604469942266502930_n.jpg","type":"image\/jpeg"}],"author":"Cope Alcoy","twitter_misc":{"Escrito por":"Cope Alcoy","Tiempo de lectura":"1 minuto"},"schema":{"@context":"https:\/\/schema.org","@graph":[{"@type":"Article","@id":"https:\/\/www.copealcoy.es\/es\/la-diputacion-de-alicante-invierte-en-el-ahorro-energetico\/#article","isPartOf":{"@id":"https:\/\/www.copealcoy.es\/es\/la-diputacion-de-alicante-invierte-en-el-ahorro-energetico\/"},"author":{"name":"Cope Alcoy","@id":"https:\/\/www.copealcoy.es\/es\/#\/schema\/person\/e777c87fa024e57d40170af9df39882c"},"headline":"La Diputaci\u00f3n de Alicante invierte en el ahorro energ\u00e9tico","datePublished":"2015-07-04T11:01:31+00:00","mainEntityOfPage":{"@id":"https:\/\/www.copealcoy.es\/es\/la-diputacion-de-alicante-invierte-en-el-ahorro-energetico\/"},"wordCount":222,"commentCount":0,"image":{"@id":"https:\/\/www.copealcoy.es\/es\/la-diputacion-de-alicante-invierte-en-el-ahorro-energetico\/#primaryimage"},"thumbnailUrl":"https:\/\/www.copealcoy.es\/wp-content\/uploads\/2015\/07\/10013007_629807830447267_7604469942266502930_n.jpg","keywords":["Ahorro","Diputaci\u00f3n","energ\u00e9tico","invierte"],"articleSection":["Comarcas","Noticias"],"inLanguage":"es"},{"@type":"WebPage","@id":"https:\/\/www.copealcoy.es\/es\/la-diputacion-de-alicante-invierte-en-el-ahorro-energetico\/","url":"https:\/\/www.copealcoy.es\/es\/la-diputacion-de-alicante-invierte-en-el-ahorro-energetico\/","name":"La Diputaci\u00f3n de Alicante invierte en el ahorro energ\u00e9tico - COPE Alcoy","isPartOf":{"@id":"https:\/\/www.copealcoy.es\/es\/#website"},"primaryImageOfPage":{"@id":"https:\/\/www.copealcoy.es\/es\/la-diputacion-de-alicante-invierte-en-el-ahorro-energetico\/#primaryimage"},"image":{"@id":"https:\/\/www.copealcoy.es\/es\/la-diputacion-de-alicante-invierte-en-el-ahorro-energetico\/#primaryimage"},"thumbnailUrl":"https:\/\/www.copealcoy.es\/wp-content\/uploads\/2015\/07\/10013007_629807830447267_7604469942266502930_n.jpg","datePublished":"2015-07-04T11:01:31+00:00","author":{"@id":"https:\/\/www.copealcoy.es\/es\/#\/schema\/person\/e777c87fa024e57d40170af9df39882c"},"breadcrumb":{"@id":"https:\/\/www.copealcoy.es\/es\/la-diputacion-de-alicante-invierte-en-el-ahorro-energetico\/#breadcrumb"},"inLanguage":"es","potentialAction":[{"@type":"ReadAction","target":["https:\/\/www.copealcoy.es\/es\/la-diputacion-de-alicante-invierte-en-el-ahorro-energetico\/"]}]},{"@type":"ImageObject","inLanguage":"es","@id":"https:\/\/www.copealcoy.es\/es\/la-diputacion-de-alicante-invierte-en-el-ahorro-energetico\/#primaryimage","url":"https:\/\/www.copealcoy.es\/wp-content\/uploads\/2015\/07\/10013007_629807830447267_7604469942266502930_n.jpg","contentUrl":"https:\/\/www.copealcoy.es\/wp-content\/uploads\/2015\/07\/10013007_629807830447267_7604469942266502930_n.jpg","width":720,"height":450,"caption":"Cocentaina renovar\u00e1 varios puntos del alumbrado en el casco hist\u00f3rico"},{"@type":"BreadcrumbList","@id":"https:\/\/www.copealcoy.es\/es\/la-diputacion-de-alicante-invierte-en-el-ahorro-energetico\/#breadcrumb","itemListElement":[{"@type":"ListItem","position":1,"name":"Portada","item":"https:\/\/www.copealcoy.es\/es\/"},{"@type":"ListItem","position":2,"name":"La Diputaci\u00f3n de Alicante invierte en el ahorro energ\u00e9tico"}]},{"@type":"WebSite","@id":"https:\/\/www.copealcoy.es\/es\/#website","url":"https:\/\/www.copealcoy.es\/es\/","name":"COPE Alcoy","description":"Emisora COPE de radio local con emisi\u00f3n online. Pont de Sant Jordi 8-10 03803 Alcoy","potentialAction":[{"@type":"SearchAction","target":{"@type":"EntryPoint","urlTemplate":"https:\/\/www.copealcoy.es\/es\/?s={search_term_string}"},"query-input":{"@type":"PropertyValueSpecification","valueRequired":true,"valueName":"search_term_string"}}],"inLanguage":"es"},{"@type":"Person","@id":"https:\/\/www.copealcoy.es\/es\/#\/schema\/person\/e777c87fa024e57d40170af9df39882c","name":"Cope Alcoy","image":{"@type":"ImageObject","inLanguage":"es","@id":"https:\/\/secure.gravatar.com\/avatar\/bb65d0283347e303893ba14f0692005417c1e0e690a325a4c5d8bb2b3943ee14?s=96&d=mm&r=g","url":"https:\/\/secure.gravatar.com\/avatar\/bb65d0283347e303893ba14f0692005417c1e0e690a325a4c5d8bb2b3943ee14?s=96&d=mm&r=g","contentUrl":"https:\/\/secure.gravatar.com\/avatar\/bb65d0283347e303893ba14f0692005417c1e0e690a325a4c5d8bb2b3943ee14?s=96&d=mm&r=g","caption":"Cope Alcoy"}}]}},"_links":{"self":[{"href":"https:\/\/www.copealcoy.es\/es\/wp-json\/wp\/v2\/posts\/14363","targetHints":{"allow":["GET"]}}],"collection":[{"href":"https:\/\/www.copealcoy.es\/es\/wp-json\/wp\/v2\/posts"}],"about":[{"href":"https:\/\/www.copealcoy.es\/es\/wp-json\/wp\/v2\/types\/post"}],"author":[{"embeddable":true,"href":"https:\/\/www.copealcoy.es\/es\/wp-json\/wp\/v2\/users\/1"}],"replies":[{"embeddable":true,"href":"https:\/\/www.copealcoy.es\/es\/wp-json\/wp\/v2\/comments?post=14363"}],"version-history":[{"count":0,"href":"https:\/\/www.copealcoy.es\/es\/wp-json\/wp\/v2\/posts\/14363\/revisions"}],"wp:featuredmedia":[{"embeddable":true,"href":"https:\/\/www.copealcoy.es\/es\/wp-json\/wp\/v2\/media\/14364"}],"wp:attachment":[{"href":"https:\/\/www.copealcoy.es\/es\/wp-json\/wp\/v2\/media?parent=14363"}],"wp:term":[{"taxonomy":"category","embeddable":true,"href":"https:\/\/www.copealcoy.es\/es\/wp-json\/wp\/v2\/categories?post=14363"},{"taxonomy":"post_tag","embeddable":true,"href":"https:\/\/www.copealcoy.es\/es\/wp-json\/wp\/v2\/tags?post=14363"}],"curies":[{"name":"wp","href":"https:\/\/api.w.org\/{rel}","templated":true}]}}