{"id":143623,"date":"2024-11-29T08:00:12","date_gmt":"2024-11-29T07:00:12","guid":{"rendered":"https:\/\/www.copealcoy.es\/?p=143623"},"modified":"2024-11-29T11:08:25","modified_gmt":"2024-11-29T10:08:25","slug":"el-nuevo-mcdonalds-ya-toma-forma-en-el-termino-municipal-de-cocentaina","status":"publish","type":"post","link":"https:\/\/www.copealcoy.es\/es\/el-nuevo-mcdonalds-ya-toma-forma-en-el-termino-municipal-de-cocentaina\/","title":{"rendered":"El nuevo McDonald\u2019s ya toma forma en el t\u00e9rmino municipal de Cocentaina"},"content":{"rendered":"<p style=\"text-align: justify;\">A mediados del pasado verano <strong>comenzaron las obras para hacer realidad el nuevo restaurante<\/strong> que <strong>la franquicia de comida r\u00e1pida McDonald&#8217;s<\/strong> est\u00e1 habilitando en <strong>Cocentaina<\/strong>. Las instalaciones <strong>estar\u00e1n ubicadas frente al Parque Comarcal de Bomberos<\/strong> ocupando los terrenos en los que hasta hace meses hab\u00eda una nave industrial que ha sido demolida. En su lugar <strong>se est\u00e1 construyendo el establecimiento<\/strong>, cuya estructura ya es en buena parte visible, al mismo tiempo que avanzan los trabajos para crear el McAuto en el exterior &#8220;<em>tambi\u00e9n la empresa se va a encargar de hacer una actuaci\u00f3n de reurbanizaci\u00f3n de la zona y crear una rotonda para regular el tr\u00e1fico en la parte que recae al Pol\u00edgono Industrial de Els Algars&#8221;<\/em>, explicaba en COPE ALCOY el alcalde de la capital del Comtat; <strong>Jordi Pla<\/strong>.<\/p>\n<p style=\"text-align: justify;\">La creaci\u00f3n del McDonald&#8217;s en Cocentaina <strong>supone el cierre del actual negocio que la cadena tiene en Alcoy\u00a0<\/strong>al no poder utilizar el espacio que anta\u00f1o servia para el McAuto. Todo ello despu\u00e9s de que\u00a0en 2016 el <strong>Tribunal Superior de Justicia de la Comunitat Valenciana (TSJ)<\/strong> dictara sentencia tras el recurso contencioso-administrativo que hab\u00eda interpuesto <strong>la Colla Ecologista La Carrasca,\u00a0<\/strong>\u00a0colectivo que en reiteradas ocasiones hab\u00eda advertido que\u00a0<strong>el citado restaurante se hab\u00eda construido en un espacio que era una zona verde<\/strong>. De hecho, <span style=\"color: #0000ff;\"><a style=\"color: #0000ff;\" href=\"https:\/\/www.copealcoy.es\/el-tsj-considera-que-parte-de-la-construccion-de-mcdonalds-es-ilegal\/\" target=\"_blank\" rel=\"noopener\"><strong>el fallo<\/strong><\/a> <\/span>declaraba ilegales<strong>\u00a0la zona de aparcamientos y las \u00e1reas exteriores de este complejo<\/strong>\u00a0destinado a la restauraci\u00f3n, ubicado en el barrio de la Zona Norte, al considerar que ocupaba una superficie cinco veces superior a la que la ley autorizaba. A partir de ah\u00ed\u00a0<strong>comenz\u00f3 un largo periplo<\/strong> que llev\u00f3 al cierre del mismo McAuto hace unos a\u00f1os, para cumplir con aquella sentencia, y que <strong>ahora culminar\u00e1 con el traslado definitivo del McDonald&#8217;s<\/strong> a la capital del Comtat.<\/p>\n<p><strong><span style=\"color: #0000ff;\">Nuevo futuro para el edificio que quedar\u00e1 en Alcoy<\/span><\/strong><\/p>\n<p style=\"text-align: justify;\">Desde el Ayuntamiento de Alcoy, seg\u00fan explic\u00f3 en el pleno de septiembre la edil de Administraci\u00f3n Local Lorena Zamorano, <strong>no contemplan en principio restaurar la zona verde que exist\u00eda en la zona a su estado original<\/strong>. As\u00ed lo expresaron ante las preguntas de Guanyar Alcoi asegurando tambi\u00e9n que <strong>se est\u00e1n evaluando diferentes opciones<\/strong> para el uso de las instalaciones, considerando la posibilidad de <strong>establecer all\u00ed alg\u00fan tipo de servicio<\/strong> que beneficie al barrio de la Zona Norte y sus residentes.<\/p>\n","protected":false},"excerpt":{"rendered":"<p>A mediados del pasado verano comenzaron las obras para hacer realidad el nuevo restaurante que la franquicia de comida r\u00e1pida&#8230;<\/p>\n","protected":false},"author":1,"featured_media":143627,"comment_status":"open","ping_status":"open","sticky":false,"template":"","format":"standard","meta":{"footnotes":""},"categories":[6909,98,75,125],"tags":[132,2092,1839,145,185],"class_list":["post-143623","post","type-post","status-publish","format-standard","has-post-thumbnail","hentry","category-actualidad","category-comarcas","category-noticias","category-portada","tag-cocentaina","tag-jordi-pla","tag-mcdonalds","tag-obras","tag-traslado"],"yoast_head":"<!-- This site is optimized with the Yoast SEO plugin v27.3 - https:\/\/yoast.com\/product\/yoast-seo-wordpress\/ -->\n<title>El nuevo McDonald\u2019s ya toma forma en el t\u00e9rmino municipal de Cocentaina - COPE Alcoy<\/title>\n<meta name=\"robots\" content=\"index, follow, max-snippet:-1, max-image-preview:large, max-video-preview:-1\" \/>\n<link rel=\"canonical\" href=\"https:\/\/www.copealcoy.es\/es\/el-nuevo-mcdonalds-ya-toma-forma-en-el-termino-municipal-de-cocentaina\/\" \/>\n<meta property=\"og:locale\" content=\"es_ES\" \/>\n<meta property=\"og:type\" content=\"article\" \/>\n<meta property=\"og:title\" content=\"El nuevo McDonald\u2019s ya toma forma en el t\u00e9rmino municipal de Cocentaina - COPE Alcoy\" \/>\n<meta property=\"og:description\" content=\"A mediados del pasado verano comenzaron las obras para hacer realidad el nuevo restaurante que la franquicia de comida r\u00e1pida...\" \/>\n<meta property=\"og:url\" content=\"https:\/\/www.copealcoy.es\/es\/el-nuevo-mcdonalds-ya-toma-forma-en-el-termino-municipal-de-cocentaina\/\" \/>\n<meta property=\"og:site_name\" content=\"COPE Alcoy\" \/>\n<meta property=\"article:published_time\" content=\"2024-11-29T07:00:12+00:00\" \/>\n<meta property=\"article:modified_time\" content=\"2024-11-29T10:08:25+00:00\" \/>\n<meta property=\"og:image\" content=\"https:\/\/www.copealcoy.es\/wp-content\/uploads\/2024\/11\/unnamed-1-34-scaled.jpg\" \/>\n\t<meta property=\"og:image:width\" content=\"1701\" \/>\n\t<meta property=\"og:image:height\" content=\"1080\" \/>\n\t<meta property=\"og:image:type\" content=\"image\/jpeg\" \/>\n<meta name=\"author\" content=\"Cope Alcoy\" \/>\n<meta name=\"twitter:label1\" content=\"Escrito por\" \/>\n\t<meta name=\"twitter:data1\" content=\"Cope Alcoy\" \/>\n\t<meta name=\"twitter:label2\" content=\"Tiempo de lectura\" \/>\n\t<meta name=\"twitter:data2\" content=\"3 minutos\" \/>\n<script type=\"application\/ld+json\" class=\"yoast-schema-graph\">{\"@context\":\"https:\\\/\\\/schema.org\",\"@graph\":[{\"@type\":\"Article\",\"@id\":\"https:\\\/\\\/www.copealcoy.es\\\/es\\\/el-nuevo-mcdonalds-ya-toma-forma-en-el-termino-municipal-de-cocentaina\\\/#article\",\"isPartOf\":{\"@id\":\"https:\\\/\\\/www.copealcoy.es\\\/es\\\/el-nuevo-mcdonalds-ya-toma-forma-en-el-termino-municipal-de-cocentaina\\\/\"},\"author\":{\"name\":\"Cope Alcoy\",\"@id\":\"https:\\\/\\\/www.copealcoy.es\\\/es\\\/#\\\/schema\\\/person\\\/e777c87fa024e57d40170af9df39882c\"},\"headline\":\"El nuevo McDonald\u2019s ya toma forma en el t\u00e9rmino municipal de Cocentaina\",\"datePublished\":\"2024-11-29T07:00:12+00:00\",\"dateModified\":\"2024-11-29T10:08:25+00:00\",\"mainEntityOfPage\":{\"@id\":\"https:\\\/\\\/www.copealcoy.es\\\/es\\\/el-nuevo-mcdonalds-ya-toma-forma-en-el-termino-municipal-de-cocentaina\\\/\"},\"wordCount\":422,\"commentCount\":0,\"image\":{\"@id\":\"https:\\\/\\\/www.copealcoy.es\\\/es\\\/el-nuevo-mcdonalds-ya-toma-forma-en-el-termino-municipal-de-cocentaina\\\/#primaryimage\"},\"thumbnailUrl\":\"https:\\\/\\\/www.copealcoy.es\\\/wp-content\\\/uploads\\\/2024\\\/11\\\/unnamed-1-34-scaled.jpg\",\"keywords\":[\"Cocentaina\",\"Jordi Pla\",\"McDonald\u2019s\",\"Obras\",\"Traslado\"],\"articleSection\":[\"Actualidad\",\"Comarcas\",\"Noticias\",\"Portada\"],\"inLanguage\":\"es\"},{\"@type\":\"WebPage\",\"@id\":\"https:\\\/\\\/www.copealcoy.es\\\/es\\\/el-nuevo-mcdonalds-ya-toma-forma-en-el-termino-municipal-de-cocentaina\\\/\",\"url\":\"https:\\\/\\\/www.copealcoy.es\\\/es\\\/el-nuevo-mcdonalds-ya-toma-forma-en-el-termino-municipal-de-cocentaina\\\/\",\"name\":\"El nuevo McDonald\u2019s ya toma forma en el t\u00e9rmino municipal de Cocentaina - COPE Alcoy\",\"isPartOf\":{\"@id\":\"https:\\\/\\\/www.copealcoy.es\\\/es\\\/#website\"},\"primaryImageOfPage\":{\"@id\":\"https:\\\/\\\/www.copealcoy.es\\\/es\\\/el-nuevo-mcdonalds-ya-toma-forma-en-el-termino-municipal-de-cocentaina\\\/#primaryimage\"},\"image\":{\"@id\":\"https:\\\/\\\/www.copealcoy.es\\\/es\\\/el-nuevo-mcdonalds-ya-toma-forma-en-el-termino-municipal-de-cocentaina\\\/#primaryimage\"},\"thumbnailUrl\":\"https:\\\/\\\/www.copealcoy.es\\\/wp-content\\\/uploads\\\/2024\\\/11\\\/unnamed-1-34-scaled.jpg\",\"datePublished\":\"2024-11-29T07:00:12+00:00\",\"dateModified\":\"2024-11-29T10:08:25+00:00\",\"author\":{\"@id\":\"https:\\\/\\\/www.copealcoy.es\\\/es\\\/#\\\/schema\\\/person\\\/e777c87fa024e57d40170af9df39882c\"},\"breadcrumb\":{\"@id\":\"https:\\\/\\\/www.copealcoy.es\\\/es\\\/el-nuevo-mcdonalds-ya-toma-forma-en-el-termino-municipal-de-cocentaina\\\/#breadcrumb\"},\"inLanguage\":\"es\",\"potentialAction\":[{\"@type\":\"ReadAction\",\"target\":[\"https:\\\/\\\/www.copealcoy.es\\\/es\\\/el-nuevo-mcdonalds-ya-toma-forma-en-el-termino-municipal-de-cocentaina\\\/\"]}]},{\"@type\":\"ImageObject\",\"inLanguage\":\"es\",\"@id\":\"https:\\\/\\\/www.copealcoy.es\\\/es\\\/el-nuevo-mcdonalds-ya-toma-forma-en-el-termino-municipal-de-cocentaina\\\/#primaryimage\",\"url\":\"https:\\\/\\\/www.copealcoy.es\\\/wp-content\\\/uploads\\\/2024\\\/11\\\/unnamed-1-34-scaled.jpg\",\"contentUrl\":\"https:\\\/\\\/www.copealcoy.es\\\/wp-content\\\/uploads\\\/2024\\\/11\\\/unnamed-1-34-scaled.jpg\",\"width\":1701,\"height\":1080},{\"@type\":\"BreadcrumbList\",\"@id\":\"https:\\\/\\\/www.copealcoy.es\\\/es\\\/el-nuevo-mcdonalds-ya-toma-forma-en-el-termino-municipal-de-cocentaina\\\/#breadcrumb\",\"itemListElement\":[{\"@type\":\"ListItem\",\"position\":1,\"name\":\"Portada\",\"item\":\"https:\\\/\\\/www.copealcoy.es\\\/es\\\/\"},{\"@type\":\"ListItem\",\"position\":2,\"name\":\"El nuevo McDonald\u2019s ya toma forma en el t\u00e9rmino municipal de Cocentaina\"}]},{\"@type\":\"WebSite\",\"@id\":\"https:\\\/\\\/www.copealcoy.es\\\/es\\\/#website\",\"url\":\"https:\\\/\\\/www.copealcoy.es\\\/es\\\/\",\"name\":\"COPE Alcoy\",\"description\":\"Emisora COPE de radio local con emisi\u00f3n online. Pont de Sant Jordi 8-10 03803 Alcoy\",\"potentialAction\":[{\"@type\":\"SearchAction\",\"target\":{\"@type\":\"EntryPoint\",\"urlTemplate\":\"https:\\\/\\\/www.copealcoy.es\\\/es\\\/?s={search_term_string}\"},\"query-input\":{\"@type\":\"PropertyValueSpecification\",\"valueRequired\":true,\"valueName\":\"search_term_string\"}}],\"inLanguage\":\"es\"},{\"@type\":\"Person\",\"@id\":\"https:\\\/\\\/www.copealcoy.es\\\/es\\\/#\\\/schema\\\/person\\\/e777c87fa024e57d40170af9df39882c\",\"name\":\"Cope Alcoy\",\"image\":{\"@type\":\"ImageObject\",\"inLanguage\":\"es\",\"@id\":\"https:\\\/\\\/secure.gravatar.com\\\/avatar\\\/bb65d0283347e303893ba14f0692005417c1e0e690a325a4c5d8bb2b3943ee14?s=96&d=mm&r=g\",\"url\":\"https:\\\/\\\/secure.gravatar.com\\\/avatar\\\/bb65d0283347e303893ba14f0692005417c1e0e690a325a4c5d8bb2b3943ee14?s=96&d=mm&r=g\",\"contentUrl\":\"https:\\\/\\\/secure.gravatar.com\\\/avatar\\\/bb65d0283347e303893ba14f0692005417c1e0e690a325a4c5d8bb2b3943ee14?s=96&d=mm&r=g\",\"caption\":\"Cope Alcoy\"}}]}<\/script>\n<!-- \/ Yoast SEO plugin. -->","yoast_head_json":{"title":"El nuevo McDonald\u2019s ya toma forma en el t\u00e9rmino municipal de Cocentaina - COPE Alcoy","robots":{"index":"index","follow":"follow","max-snippet":"max-snippet:-1","max-image-preview":"max-image-preview:large","max-video-preview":"max-video-preview:-1"},"canonical":"https:\/\/www.copealcoy.es\/es\/el-nuevo-mcdonalds-ya-toma-forma-en-el-termino-municipal-de-cocentaina\/","og_locale":"es_ES","og_type":"article","og_title":"El nuevo McDonald\u2019s ya toma forma en el t\u00e9rmino municipal de Cocentaina - COPE Alcoy","og_description":"A mediados del pasado verano comenzaron las obras para hacer realidad el nuevo restaurante que la franquicia de comida r\u00e1pida...","og_url":"https:\/\/www.copealcoy.es\/es\/el-nuevo-mcdonalds-ya-toma-forma-en-el-termino-municipal-de-cocentaina\/","og_site_name":"COPE Alcoy","article_published_time":"2024-11-29T07:00:12+00:00","article_modified_time":"2024-11-29T10:08:25+00:00","og_image":[{"width":1701,"height":1080,"url":"https:\/\/www.copealcoy.es\/wp-content\/uploads\/2024\/11\/unnamed-1-34-scaled.jpg","type":"image\/jpeg"}],"author":"Cope Alcoy","twitter_misc":{"Escrito por":"Cope Alcoy","Tiempo de lectura":"3 minutos"},"schema":{"@context":"https:\/\/schema.org","@graph":[{"@type":"Article","@id":"https:\/\/www.copealcoy.es\/es\/el-nuevo-mcdonalds-ya-toma-forma-en-el-termino-municipal-de-cocentaina\/#article","isPartOf":{"@id":"https:\/\/www.copealcoy.es\/es\/el-nuevo-mcdonalds-ya-toma-forma-en-el-termino-municipal-de-cocentaina\/"},"author":{"name":"Cope Alcoy","@id":"https:\/\/www.copealcoy.es\/es\/#\/schema\/person\/e777c87fa024e57d40170af9df39882c"},"headline":"El nuevo McDonald\u2019s ya toma forma en el t\u00e9rmino municipal de Cocentaina","datePublished":"2024-11-29T07:00:12+00:00","dateModified":"2024-11-29T10:08:25+00:00","mainEntityOfPage":{"@id":"https:\/\/www.copealcoy.es\/es\/el-nuevo-mcdonalds-ya-toma-forma-en-el-termino-municipal-de-cocentaina\/"},"wordCount":422,"commentCount":0,"image":{"@id":"https:\/\/www.copealcoy.es\/es\/el-nuevo-mcdonalds-ya-toma-forma-en-el-termino-municipal-de-cocentaina\/#primaryimage"},"thumbnailUrl":"https:\/\/www.copealcoy.es\/wp-content\/uploads\/2024\/11\/unnamed-1-34-scaled.jpg","keywords":["Cocentaina","Jordi Pla","McDonald\u2019s","Obras","Traslado"],"articleSection":["Actualidad","Comarcas","Noticias","Portada"],"inLanguage":"es"},{"@type":"WebPage","@id":"https:\/\/www.copealcoy.es\/es\/el-nuevo-mcdonalds-ya-toma-forma-en-el-termino-municipal-de-cocentaina\/","url":"https:\/\/www.copealcoy.es\/es\/el-nuevo-mcdonalds-ya-toma-forma-en-el-termino-municipal-de-cocentaina\/","name":"El nuevo McDonald\u2019s ya toma forma en el t\u00e9rmino municipal de Cocentaina - COPE Alcoy","isPartOf":{"@id":"https:\/\/www.copealcoy.es\/es\/#website"},"primaryImageOfPage":{"@id":"https:\/\/www.copealcoy.es\/es\/el-nuevo-mcdonalds-ya-toma-forma-en-el-termino-municipal-de-cocentaina\/#primaryimage"},"image":{"@id":"https:\/\/www.copealcoy.es\/es\/el-nuevo-mcdonalds-ya-toma-forma-en-el-termino-municipal-de-cocentaina\/#primaryimage"},"thumbnailUrl":"https:\/\/www.copealcoy.es\/wp-content\/uploads\/2024\/11\/unnamed-1-34-scaled.jpg","datePublished":"2024-11-29T07:00:12+00:00","dateModified":"2024-11-29T10:08:25+00:00","author":{"@id":"https:\/\/www.copealcoy.es\/es\/#\/schema\/person\/e777c87fa024e57d40170af9df39882c"},"breadcrumb":{"@id":"https:\/\/www.copealcoy.es\/es\/el-nuevo-mcdonalds-ya-toma-forma-en-el-termino-municipal-de-cocentaina\/#breadcrumb"},"inLanguage":"es","potentialAction":[{"@type":"ReadAction","target":["https:\/\/www.copealcoy.es\/es\/el-nuevo-mcdonalds-ya-toma-forma-en-el-termino-municipal-de-cocentaina\/"]}]},{"@type":"ImageObject","inLanguage":"es","@id":"https:\/\/www.copealcoy.es\/es\/el-nuevo-mcdonalds-ya-toma-forma-en-el-termino-municipal-de-cocentaina\/#primaryimage","url":"https:\/\/www.copealcoy.es\/wp-content\/uploads\/2024\/11\/unnamed-1-34-scaled.jpg","contentUrl":"https:\/\/www.copealcoy.es\/wp-content\/uploads\/2024\/11\/unnamed-1-34-scaled.jpg","width":1701,"height":1080},{"@type":"BreadcrumbList","@id":"https:\/\/www.copealcoy.es\/es\/el-nuevo-mcdonalds-ya-toma-forma-en-el-termino-municipal-de-cocentaina\/#breadcrumb","itemListElement":[{"@type":"ListItem","position":1,"name":"Portada","item":"https:\/\/www.copealcoy.es\/es\/"},{"@type":"ListItem","position":2,"name":"El nuevo McDonald\u2019s ya toma forma en el t\u00e9rmino municipal de Cocentaina"}]},{"@type":"WebSite","@id":"https:\/\/www.copealcoy.es\/es\/#website","url":"https:\/\/www.copealcoy.es\/es\/","name":"COPE Alcoy","description":"Emisora COPE de radio local con emisi\u00f3n online. Pont de Sant Jordi 8-10 03803 Alcoy","potentialAction":[{"@type":"SearchAction","target":{"@type":"EntryPoint","urlTemplate":"https:\/\/www.copealcoy.es\/es\/?s={search_term_string}"},"query-input":{"@type":"PropertyValueSpecification","valueRequired":true,"valueName":"search_term_string"}}],"inLanguage":"es"},{"@type":"Person","@id":"https:\/\/www.copealcoy.es\/es\/#\/schema\/person\/e777c87fa024e57d40170af9df39882c","name":"Cope Alcoy","image":{"@type":"ImageObject","inLanguage":"es","@id":"https:\/\/secure.gravatar.com\/avatar\/bb65d0283347e303893ba14f0692005417c1e0e690a325a4c5d8bb2b3943ee14?s=96&d=mm&r=g","url":"https:\/\/secure.gravatar.com\/avatar\/bb65d0283347e303893ba14f0692005417c1e0e690a325a4c5d8bb2b3943ee14?s=96&d=mm&r=g","contentUrl":"https:\/\/secure.gravatar.com\/avatar\/bb65d0283347e303893ba14f0692005417c1e0e690a325a4c5d8bb2b3943ee14?s=96&d=mm&r=g","caption":"Cope Alcoy"}}]}},"_links":{"self":[{"href":"https:\/\/www.copealcoy.es\/es\/wp-json\/wp\/v2\/posts\/143623","targetHints":{"allow":["GET"]}}],"collection":[{"href":"https:\/\/www.copealcoy.es\/es\/wp-json\/wp\/v2\/posts"}],"about":[{"href":"https:\/\/www.copealcoy.es\/es\/wp-json\/wp\/v2\/types\/post"}],"author":[{"embeddable":true,"href":"https:\/\/www.copealcoy.es\/es\/wp-json\/wp\/v2\/users\/1"}],"replies":[{"embeddable":true,"href":"https:\/\/www.copealcoy.es\/es\/wp-json\/wp\/v2\/comments?post=143623"}],"version-history":[{"count":0,"href":"https:\/\/www.copealcoy.es\/es\/wp-json\/wp\/v2\/posts\/143623\/revisions"}],"wp:featuredmedia":[{"embeddable":true,"href":"https:\/\/www.copealcoy.es\/es\/wp-json\/wp\/v2\/media\/143627"}],"wp:attachment":[{"href":"https:\/\/www.copealcoy.es\/es\/wp-json\/wp\/v2\/media?parent=143623"}],"wp:term":[{"taxonomy":"category","embeddable":true,"href":"https:\/\/www.copealcoy.es\/es\/wp-json\/wp\/v2\/categories?post=143623"},{"taxonomy":"post_tag","embeddable":true,"href":"https:\/\/www.copealcoy.es\/es\/wp-json\/wp\/v2\/tags?post=143623"}],"curies":[{"name":"wp","href":"https:\/\/api.w.org\/{rel}","templated":true}]}}