{"id":143526,"date":"2024-11-25T15:09:26","date_gmt":"2024-11-25T14:09:26","guid":{"rendered":"https:\/\/www.copealcoy.es\/?p=143526"},"modified":"2024-11-25T15:24:39","modified_gmt":"2024-11-25T14:24:39","slug":"alcoy-y-los-municipios-de-la-comarca-vuelven-a-salir-a-la-calle-por-el-25n","status":"publish","type":"post","link":"https:\/\/www.copealcoy.es\/es\/alcoy-y-los-municipios-de-la-comarca-vuelven-a-salir-a-la-calle-por-el-25n\/","title":{"rendered":"Alcoy y los municipios de la comarca vuelven a salir a la calle por el 25N"},"content":{"rendered":"<p style=\"text-align: justify;\">Este 25 de noviembre se conmemora el\u00a0<b>D\u00eda Internacional de la Eliminaci\u00f3n de la Violencia contra la Mujer\u00a0<\/b>y en una jornada como hoy se hace m\u00e1s necesaria <strong>la reivindicaci\u00f3n en la calle<\/strong> para acabar con una lacra que un a\u00f1o mas deja cifras sobrecogedoras. Hasta el momento son\u00a0<b>42 las mujeres v\u00edctimas de violencia de g\u00e9nero en lo que va de a\u00f1o<\/b> y\u00a0\u00a0<b>1.286 desde 2003<\/b>, a\u00f1o en el que se comenzaron a recopilar estos datos. Otro\u00a0 indicador\u00a0 llamativo es que aumenta el n\u00famero de <b>menores hu\u00e9rfanos por violencia machista<\/b>, un n\u00famero que asciende a 32 en 2024 y a 465 desde 2003.<\/p>\n<p><span style=\"color: #0000ff;\"><strong>Homenaje a las v\u00edctimas en la plaza de Espa\u00f1a de Alcoy<\/strong><\/span><\/p>\n<p style=\"text-align: justify;\">En <strong>Alcoy<\/strong> se han venido celebrando varias actividades durante las \u00faltimas jornadas para conmemorar el 25N y este mediod\u00eda ha tenido lugar <strong>la lectura del manifiesto<\/strong> en la plaza de Espa\u00f1a. La misma ha corrido a cargo de <strong>Isabel Escriche<\/strong>, la presidenta de la Federaci\u00f3n de Personas Sordas de la Comunitat Valenciana FESORD, y en el texto se ha prestado especial importancia al hecho de que no caigan en la invisibilidad las mujeres sordas v\u00edctimas de la violencia machista:<\/p>\n<audio class=\"wp-audio-shortcode\" id=\"audio-143526-1\" preload=\"none\" style=\"width: 100%;\" controls=\"controls\"><source type=\"audio\/mpeg\" src=\"https:\/\/www.copealcoy.es\/wp-content\/uploads\/2024\/11\/Tall-Manifest-25N.mp3?_=1\" \/><a href=\"https:\/\/www.copealcoy.es\/wp-content\/uploads\/2024\/11\/Tall-Manifest-25N.mp3\">https:\/\/www.copealcoy.es\/wp-content\/uploads\/2024\/11\/Tall-Manifest-25N.mp3<\/a><\/audio>\n<p>&nbsp;<\/p>\n<p style=\"text-align: justify;\">En el acto tambi\u00e9n <strong>se ha rendido un homenaje a las v\u00edctimas<\/strong> que hasta el momento se ha cobrado esta lacra con la lectura de sus nombres y la colocaci\u00f3n de carteles con los mismos en un panel. Mientras tanto, luc\u00eda en el suelo un lazo de color morado y en la fachada del Ayuntamiento de Alcoy se pod\u00eda leer una pancarta alusiva a la jornada del 25N. Esta tarde <strong>seguir\u00e1n las acciones conmemorativas<\/strong> con una concentraci\u00f3n organizada por el Colectivo 8-M, y la participaci\u00f3n de la Escuela Municipal de Teatro, que tendr\u00e1 lugar a partir de las 19:00h.<\/p>\n<p><span style=\"color: #0000ff;\"><strong>Actos reivindicativos por toda la comarca<\/strong><\/span><\/p>\n<p style=\"text-align: justify;\">Esas actividades conmemorativas del 25N se repiten hoy por las diferentes poblaciones de l&#8217;Alcoi\u00e0 y el Comtat. <strong>Cocentaina<\/strong> program\u00f3 una serie de conferencias, mon\u00f3logos y conciertos en torno al 25 de noviembre mientras que hoy, a las 12:00h del mediod\u00eda, se ley\u00f3 el manifiesto en la Pla\u00e7a de la Vila, cita que cont\u00f3 con la participaci\u00f3n de APSA, alumnos del IES Pare Arques y del Colegio San Francisco de As\u00eds.\u00a0 Por su parte, <strong>Muro<\/strong> organiz\u00f3 diversos talleres dirigidos a los centros educativos y tambi\u00e9n se llev\u00f3 a cabo en el municipio la lectura de un manifiesto reivindicativo el mismo 25N, a las 13:00h del mediod\u00eda, frente al Ayuntamiento. Otras localidades como <strong>Banyeres, Castalla, Ibi y Onil<\/strong> tambi\u00e9n ejecutaron iniciativas similares a lo largo de este lunes.<\/p>\n","protected":false},"excerpt":{"rendered":"<p>Este 25 de noviembre se conmemora el\u00a0D\u00eda Internacional de la Eliminaci\u00f3n de la Violencia contra la Mujer\u00a0y en una jornada&#8230;<\/p>\n","protected":false},"author":1,"featured_media":143531,"comment_status":"open","ping_status":"open","sticky":false,"template":"","format":"standard","meta":{"footnotes":""},"categories":[6909,97,75,125],"tags":[9459,482,1494,237,3811,1573],"class_list":["post-143526","post","type-post","status-publish","format-standard","has-post-thumbnail","hentry","category-actualidad","category-alcoy","category-noticias","category-portada","tag-25n","tag-alcoia","tag-alcoy","tag-comtat","tag-dia-internacional","tag-violencia-machista"],"yoast_head":"<!-- This site is optimized with the Yoast SEO plugin v27.3 - https:\/\/yoast.com\/product\/yoast-seo-wordpress\/ -->\n<title>Alcoy y los municipios de la comarca vuelven a salir a la calle por el 25N - COPE Alcoy<\/title>\n<meta name=\"description\" content=\"Este 25 de noviembre se conmemora el\u00a0D\u00eda Internacional de la Eliminaci\u00f3n de la Violencia contra la Mujer\u00a0y en una jornada como hoy se hace m\u00e1s necesaria la reivindicaci\u00f3n en la calle para acabar con una lacra que un a\u00f1o mas deja cifras sobrecogedoras\" \/>\n<meta name=\"robots\" content=\"index, follow, max-snippet:-1, max-image-preview:large, max-video-preview:-1\" \/>\n<link rel=\"canonical\" href=\"https:\/\/www.copealcoy.es\/es\/alcoy-y-los-municipios-de-la-comarca-vuelven-a-salir-a-la-calle-por-el-25n\/\" \/>\n<meta property=\"og:locale\" content=\"es_ES\" \/>\n<meta property=\"og:type\" content=\"article\" \/>\n<meta property=\"og:title\" content=\"Alcoy y los municipios de la comarca vuelven a salir a la calle por el 25N - COPE Alcoy\" \/>\n<meta property=\"og:description\" content=\"Este 25 de noviembre se conmemora el\u00a0D\u00eda Internacional de la Eliminaci\u00f3n de la Violencia contra la Mujer\u00a0y en una jornada como hoy se hace m\u00e1s necesaria la reivindicaci\u00f3n en la calle para acabar con una lacra que un a\u00f1o mas deja cifras sobrecogedoras\" \/>\n<meta property=\"og:url\" content=\"https:\/\/www.copealcoy.es\/es\/alcoy-y-los-municipios-de-la-comarca-vuelven-a-salir-a-la-calle-por-el-25n\/\" \/>\n<meta property=\"og:site_name\" content=\"COPE Alcoy\" \/>\n<meta property=\"article:published_time\" content=\"2024-11-25T14:09:26+00:00\" \/>\n<meta property=\"article:modified_time\" content=\"2024-11-25T14:24:39+00:00\" \/>\n<meta property=\"og:image\" content=\"https:\/\/www.copealcoy.es\/wp-content\/uploads\/2024\/11\/unnamed-1-32-e1732544604122.jpg\" \/>\n\t<meta property=\"og:image:width\" content=\"800\" \/>\n\t<meta property=\"og:image:height\" content=\"544\" \/>\n\t<meta property=\"og:image:type\" content=\"image\/jpeg\" \/>\n<meta name=\"author\" content=\"Cope Alcoy\" \/>\n<meta name=\"twitter:label1\" content=\"Escrito por\" \/>\n\t<meta name=\"twitter:data1\" content=\"Cope Alcoy\" \/>\n\t<meta name=\"twitter:label2\" content=\"Tiempo de lectura\" \/>\n\t<meta name=\"twitter:data2\" content=\"3 minutos\" \/>\n<script type=\"application\/ld+json\" class=\"yoast-schema-graph\">{\"@context\":\"https:\\\/\\\/schema.org\",\"@graph\":[{\"@type\":\"Article\",\"@id\":\"https:\\\/\\\/www.copealcoy.es\\\/es\\\/alcoy-y-los-municipios-de-la-comarca-vuelven-a-salir-a-la-calle-por-el-25n\\\/#article\",\"isPartOf\":{\"@id\":\"https:\\\/\\\/www.copealcoy.es\\\/es\\\/alcoy-y-los-municipios-de-la-comarca-vuelven-a-salir-a-la-calle-por-el-25n\\\/\"},\"author\":{\"name\":\"Cope Alcoy\",\"@id\":\"https:\\\/\\\/www.copealcoy.es\\\/es\\\/#\\\/schema\\\/person\\\/e777c87fa024e57d40170af9df39882c\"},\"headline\":\"Alcoy y los municipios de la comarca vuelven a salir a la calle por el 25N\",\"datePublished\":\"2024-11-25T14:09:26+00:00\",\"dateModified\":\"2024-11-25T14:24:39+00:00\",\"mainEntityOfPage\":{\"@id\":\"https:\\\/\\\/www.copealcoy.es\\\/es\\\/alcoy-y-los-municipios-de-la-comarca-vuelven-a-salir-a-la-calle-por-el-25n\\\/\"},\"wordCount\":480,\"commentCount\":0,\"image\":{\"@id\":\"https:\\\/\\\/www.copealcoy.es\\\/es\\\/alcoy-y-los-municipios-de-la-comarca-vuelven-a-salir-a-la-calle-por-el-25n\\\/#primaryimage\"},\"thumbnailUrl\":\"https:\\\/\\\/www.copealcoy.es\\\/wp-content\\\/uploads\\\/2024\\\/11\\\/unnamed-1-32-e1732544604122.jpg\",\"keywords\":[\"25N\",\"Alcoi\u00e0\",\"Alcoy\",\"Comtat\",\"D\u00eda Internacional\",\"Violencia Machista\"],\"articleSection\":[\"Actualidad\",\"Alcoy\",\"Noticias\",\"Portada\"],\"inLanguage\":\"es\"},{\"@type\":\"WebPage\",\"@id\":\"https:\\\/\\\/www.copealcoy.es\\\/es\\\/alcoy-y-los-municipios-de-la-comarca-vuelven-a-salir-a-la-calle-por-el-25n\\\/\",\"url\":\"https:\\\/\\\/www.copealcoy.es\\\/es\\\/alcoy-y-los-municipios-de-la-comarca-vuelven-a-salir-a-la-calle-por-el-25n\\\/\",\"name\":\"Alcoy y los municipios de la comarca vuelven a salir a la calle por el 25N - COPE Alcoy\",\"isPartOf\":{\"@id\":\"https:\\\/\\\/www.copealcoy.es\\\/es\\\/#website\"},\"primaryImageOfPage\":{\"@id\":\"https:\\\/\\\/www.copealcoy.es\\\/es\\\/alcoy-y-los-municipios-de-la-comarca-vuelven-a-salir-a-la-calle-por-el-25n\\\/#primaryimage\"},\"image\":{\"@id\":\"https:\\\/\\\/www.copealcoy.es\\\/es\\\/alcoy-y-los-municipios-de-la-comarca-vuelven-a-salir-a-la-calle-por-el-25n\\\/#primaryimage\"},\"thumbnailUrl\":\"https:\\\/\\\/www.copealcoy.es\\\/wp-content\\\/uploads\\\/2024\\\/11\\\/unnamed-1-32-e1732544604122.jpg\",\"datePublished\":\"2024-11-25T14:09:26+00:00\",\"dateModified\":\"2024-11-25T14:24:39+00:00\",\"author\":{\"@id\":\"https:\\\/\\\/www.copealcoy.es\\\/es\\\/#\\\/schema\\\/person\\\/e777c87fa024e57d40170af9df39882c\"},\"description\":\"Este 25 de noviembre se conmemora el\u00a0D\u00eda Internacional de la Eliminaci\u00f3n de la Violencia contra la Mujer\u00a0y en una jornada como hoy se hace m\u00e1s necesaria la reivindicaci\u00f3n en la calle para acabar con una lacra que un a\u00f1o mas deja cifras sobrecogedoras\",\"breadcrumb\":{\"@id\":\"https:\\\/\\\/www.copealcoy.es\\\/es\\\/alcoy-y-los-municipios-de-la-comarca-vuelven-a-salir-a-la-calle-por-el-25n\\\/#breadcrumb\"},\"inLanguage\":\"es\",\"potentialAction\":[{\"@type\":\"ReadAction\",\"target\":[\"https:\\\/\\\/www.copealcoy.es\\\/es\\\/alcoy-y-los-municipios-de-la-comarca-vuelven-a-salir-a-la-calle-por-el-25n\\\/\"]}]},{\"@type\":\"ImageObject\",\"inLanguage\":\"es\",\"@id\":\"https:\\\/\\\/www.copealcoy.es\\\/es\\\/alcoy-y-los-municipios-de-la-comarca-vuelven-a-salir-a-la-calle-por-el-25n\\\/#primaryimage\",\"url\":\"https:\\\/\\\/www.copealcoy.es\\\/wp-content\\\/uploads\\\/2024\\\/11\\\/unnamed-1-32-e1732544604122.jpg\",\"contentUrl\":\"https:\\\/\\\/www.copealcoy.es\\\/wp-content\\\/uploads\\\/2024\\\/11\\\/unnamed-1-32-e1732544604122.jpg\",\"width\":800,\"height\":544},{\"@type\":\"BreadcrumbList\",\"@id\":\"https:\\\/\\\/www.copealcoy.es\\\/es\\\/alcoy-y-los-municipios-de-la-comarca-vuelven-a-salir-a-la-calle-por-el-25n\\\/#breadcrumb\",\"itemListElement\":[{\"@type\":\"ListItem\",\"position\":1,\"name\":\"Portada\",\"item\":\"https:\\\/\\\/www.copealcoy.es\\\/es\\\/\"},{\"@type\":\"ListItem\",\"position\":2,\"name\":\"Alcoy y los municipios de la comarca vuelven a salir a la calle por el 25N\"}]},{\"@type\":\"WebSite\",\"@id\":\"https:\\\/\\\/www.copealcoy.es\\\/es\\\/#website\",\"url\":\"https:\\\/\\\/www.copealcoy.es\\\/es\\\/\",\"name\":\"COPE Alcoy\",\"description\":\"Emisora COPE de radio local con emisi\u00f3n online. Pont de Sant Jordi 8-10 03803 Alcoy\",\"potentialAction\":[{\"@type\":\"SearchAction\",\"target\":{\"@type\":\"EntryPoint\",\"urlTemplate\":\"https:\\\/\\\/www.copealcoy.es\\\/es\\\/?s={search_term_string}\"},\"query-input\":{\"@type\":\"PropertyValueSpecification\",\"valueRequired\":true,\"valueName\":\"search_term_string\"}}],\"inLanguage\":\"es\"},{\"@type\":\"Person\",\"@id\":\"https:\\\/\\\/www.copealcoy.es\\\/es\\\/#\\\/schema\\\/person\\\/e777c87fa024e57d40170af9df39882c\",\"name\":\"Cope Alcoy\",\"image\":{\"@type\":\"ImageObject\",\"inLanguage\":\"es\",\"@id\":\"https:\\\/\\\/secure.gravatar.com\\\/avatar\\\/bb65d0283347e303893ba14f0692005417c1e0e690a325a4c5d8bb2b3943ee14?s=96&d=mm&r=g\",\"url\":\"https:\\\/\\\/secure.gravatar.com\\\/avatar\\\/bb65d0283347e303893ba14f0692005417c1e0e690a325a4c5d8bb2b3943ee14?s=96&d=mm&r=g\",\"contentUrl\":\"https:\\\/\\\/secure.gravatar.com\\\/avatar\\\/bb65d0283347e303893ba14f0692005417c1e0e690a325a4c5d8bb2b3943ee14?s=96&d=mm&r=g\",\"caption\":\"Cope Alcoy\"}}]}<\/script>\n<!-- \/ Yoast SEO plugin. -->","yoast_head_json":{"title":"Alcoy y los municipios de la comarca vuelven a salir a la calle por el 25N - COPE Alcoy","description":"Este 25 de noviembre se conmemora el\u00a0D\u00eda Internacional de la Eliminaci\u00f3n de la Violencia contra la Mujer\u00a0y en una jornada como hoy se hace m\u00e1s necesaria la reivindicaci\u00f3n en la calle para acabar con una lacra que un a\u00f1o mas deja cifras sobrecogedoras","robots":{"index":"index","follow":"follow","max-snippet":"max-snippet:-1","max-image-preview":"max-image-preview:large","max-video-preview":"max-video-preview:-1"},"canonical":"https:\/\/www.copealcoy.es\/es\/alcoy-y-los-municipios-de-la-comarca-vuelven-a-salir-a-la-calle-por-el-25n\/","og_locale":"es_ES","og_type":"article","og_title":"Alcoy y los municipios de la comarca vuelven a salir a la calle por el 25N - COPE Alcoy","og_description":"Este 25 de noviembre se conmemora el\u00a0D\u00eda Internacional de la Eliminaci\u00f3n de la Violencia contra la Mujer\u00a0y en una jornada como hoy se hace m\u00e1s necesaria la reivindicaci\u00f3n en la calle para acabar con una lacra que un a\u00f1o mas deja cifras sobrecogedoras","og_url":"https:\/\/www.copealcoy.es\/es\/alcoy-y-los-municipios-de-la-comarca-vuelven-a-salir-a-la-calle-por-el-25n\/","og_site_name":"COPE Alcoy","article_published_time":"2024-11-25T14:09:26+00:00","article_modified_time":"2024-11-25T14:24:39+00:00","og_image":[{"width":800,"height":544,"url":"https:\/\/www.copealcoy.es\/wp-content\/uploads\/2024\/11\/unnamed-1-32-e1732544604122.jpg","type":"image\/jpeg"}],"author":"Cope Alcoy","twitter_misc":{"Escrito por":"Cope Alcoy","Tiempo de lectura":"3 minutos"},"schema":{"@context":"https:\/\/schema.org","@graph":[{"@type":"Article","@id":"https:\/\/www.copealcoy.es\/es\/alcoy-y-los-municipios-de-la-comarca-vuelven-a-salir-a-la-calle-por-el-25n\/#article","isPartOf":{"@id":"https:\/\/www.copealcoy.es\/es\/alcoy-y-los-municipios-de-la-comarca-vuelven-a-salir-a-la-calle-por-el-25n\/"},"author":{"name":"Cope Alcoy","@id":"https:\/\/www.copealcoy.es\/es\/#\/schema\/person\/e777c87fa024e57d40170af9df39882c"},"headline":"Alcoy y los municipios de la comarca vuelven a salir a la calle por el 25N","datePublished":"2024-11-25T14:09:26+00:00","dateModified":"2024-11-25T14:24:39+00:00","mainEntityOfPage":{"@id":"https:\/\/www.copealcoy.es\/es\/alcoy-y-los-municipios-de-la-comarca-vuelven-a-salir-a-la-calle-por-el-25n\/"},"wordCount":480,"commentCount":0,"image":{"@id":"https:\/\/www.copealcoy.es\/es\/alcoy-y-los-municipios-de-la-comarca-vuelven-a-salir-a-la-calle-por-el-25n\/#primaryimage"},"thumbnailUrl":"https:\/\/www.copealcoy.es\/wp-content\/uploads\/2024\/11\/unnamed-1-32-e1732544604122.jpg","keywords":["25N","Alcoi\u00e0","Alcoy","Comtat","D\u00eda Internacional","Violencia Machista"],"articleSection":["Actualidad","Alcoy","Noticias","Portada"],"inLanguage":"es"},{"@type":"WebPage","@id":"https:\/\/www.copealcoy.es\/es\/alcoy-y-los-municipios-de-la-comarca-vuelven-a-salir-a-la-calle-por-el-25n\/","url":"https:\/\/www.copealcoy.es\/es\/alcoy-y-los-municipios-de-la-comarca-vuelven-a-salir-a-la-calle-por-el-25n\/","name":"Alcoy y los municipios de la comarca vuelven a salir a la calle por el 25N - COPE Alcoy","isPartOf":{"@id":"https:\/\/www.copealcoy.es\/es\/#website"},"primaryImageOfPage":{"@id":"https:\/\/www.copealcoy.es\/es\/alcoy-y-los-municipios-de-la-comarca-vuelven-a-salir-a-la-calle-por-el-25n\/#primaryimage"},"image":{"@id":"https:\/\/www.copealcoy.es\/es\/alcoy-y-los-municipios-de-la-comarca-vuelven-a-salir-a-la-calle-por-el-25n\/#primaryimage"},"thumbnailUrl":"https:\/\/www.copealcoy.es\/wp-content\/uploads\/2024\/11\/unnamed-1-32-e1732544604122.jpg","datePublished":"2024-11-25T14:09:26+00:00","dateModified":"2024-11-25T14:24:39+00:00","author":{"@id":"https:\/\/www.copealcoy.es\/es\/#\/schema\/person\/e777c87fa024e57d40170af9df39882c"},"description":"Este 25 de noviembre se conmemora el\u00a0D\u00eda Internacional de la Eliminaci\u00f3n de la Violencia contra la Mujer\u00a0y en una jornada como hoy se hace m\u00e1s necesaria la reivindicaci\u00f3n en la calle para acabar con una lacra que un a\u00f1o mas deja cifras sobrecogedoras","breadcrumb":{"@id":"https:\/\/www.copealcoy.es\/es\/alcoy-y-los-municipios-de-la-comarca-vuelven-a-salir-a-la-calle-por-el-25n\/#breadcrumb"},"inLanguage":"es","potentialAction":[{"@type":"ReadAction","target":["https:\/\/www.copealcoy.es\/es\/alcoy-y-los-municipios-de-la-comarca-vuelven-a-salir-a-la-calle-por-el-25n\/"]}]},{"@type":"ImageObject","inLanguage":"es","@id":"https:\/\/www.copealcoy.es\/es\/alcoy-y-los-municipios-de-la-comarca-vuelven-a-salir-a-la-calle-por-el-25n\/#primaryimage","url":"https:\/\/www.copealcoy.es\/wp-content\/uploads\/2024\/11\/unnamed-1-32-e1732544604122.jpg","contentUrl":"https:\/\/www.copealcoy.es\/wp-content\/uploads\/2024\/11\/unnamed-1-32-e1732544604122.jpg","width":800,"height":544},{"@type":"BreadcrumbList","@id":"https:\/\/www.copealcoy.es\/es\/alcoy-y-los-municipios-de-la-comarca-vuelven-a-salir-a-la-calle-por-el-25n\/#breadcrumb","itemListElement":[{"@type":"ListItem","position":1,"name":"Portada","item":"https:\/\/www.copealcoy.es\/es\/"},{"@type":"ListItem","position":2,"name":"Alcoy y los municipios de la comarca vuelven a salir a la calle por el 25N"}]},{"@type":"WebSite","@id":"https:\/\/www.copealcoy.es\/es\/#website","url":"https:\/\/www.copealcoy.es\/es\/","name":"COPE Alcoy","description":"Emisora COPE de radio local con emisi\u00f3n online. Pont de Sant Jordi 8-10 03803 Alcoy","potentialAction":[{"@type":"SearchAction","target":{"@type":"EntryPoint","urlTemplate":"https:\/\/www.copealcoy.es\/es\/?s={search_term_string}"},"query-input":{"@type":"PropertyValueSpecification","valueRequired":true,"valueName":"search_term_string"}}],"inLanguage":"es"},{"@type":"Person","@id":"https:\/\/www.copealcoy.es\/es\/#\/schema\/person\/e777c87fa024e57d40170af9df39882c","name":"Cope Alcoy","image":{"@type":"ImageObject","inLanguage":"es","@id":"https:\/\/secure.gravatar.com\/avatar\/bb65d0283347e303893ba14f0692005417c1e0e690a325a4c5d8bb2b3943ee14?s=96&d=mm&r=g","url":"https:\/\/secure.gravatar.com\/avatar\/bb65d0283347e303893ba14f0692005417c1e0e690a325a4c5d8bb2b3943ee14?s=96&d=mm&r=g","contentUrl":"https:\/\/secure.gravatar.com\/avatar\/bb65d0283347e303893ba14f0692005417c1e0e690a325a4c5d8bb2b3943ee14?s=96&d=mm&r=g","caption":"Cope Alcoy"}}]}},"_links":{"self":[{"href":"https:\/\/www.copealcoy.es\/es\/wp-json\/wp\/v2\/posts\/143526","targetHints":{"allow":["GET"]}}],"collection":[{"href":"https:\/\/www.copealcoy.es\/es\/wp-json\/wp\/v2\/posts"}],"about":[{"href":"https:\/\/www.copealcoy.es\/es\/wp-json\/wp\/v2\/types\/post"}],"author":[{"embeddable":true,"href":"https:\/\/www.copealcoy.es\/es\/wp-json\/wp\/v2\/users\/1"}],"replies":[{"embeddable":true,"href":"https:\/\/www.copealcoy.es\/es\/wp-json\/wp\/v2\/comments?post=143526"}],"version-history":[{"count":0,"href":"https:\/\/www.copealcoy.es\/es\/wp-json\/wp\/v2\/posts\/143526\/revisions"}],"wp:featuredmedia":[{"embeddable":true,"href":"https:\/\/www.copealcoy.es\/es\/wp-json\/wp\/v2\/media\/143531"}],"wp:attachment":[{"href":"https:\/\/www.copealcoy.es\/es\/wp-json\/wp\/v2\/media?parent=143526"}],"wp:term":[{"taxonomy":"category","embeddable":true,"href":"https:\/\/www.copealcoy.es\/es\/wp-json\/wp\/v2\/categories?post=143526"},{"taxonomy":"post_tag","embeddable":true,"href":"https:\/\/www.copealcoy.es\/es\/wp-json\/wp\/v2\/tags?post=143526"}],"curies":[{"name":"wp","href":"https:\/\/api.w.org\/{rel}","templated":true}]}}