{"id":143467,"date":"2024-11-22T07:35:25","date_gmt":"2024-11-22T06:35:25","guid":{"rendered":"https:\/\/www.copealcoy.es\/?p=143467"},"modified":"2024-11-23T09:46:44","modified_gmt":"2024-11-23T08:46:44","slug":"mediodia-cope-alcoy-viernes-22-de-noviembre-2024-1420h","status":"publish","type":"post","link":"https:\/\/www.copealcoy.es\/es\/mediodia-cope-alcoy-viernes-22-de-noviembre-2024-1420h\/","title":{"rendered":"\u2018Mediod\u00eda Cope\u2019 Alcoy viernes 22 de noviembre 2024 (14:20h)"},"content":{"rendered":"<p><iframe loading=\"lazy\" title=\"&#039;Mediod\u00eda Cope&#039; Alcoy Viernes 22 De Noviembre 2024 (14:20h)\" width=\"100%\" height=\"120\" src=\"https:\/\/www.mixcloud.com\/widget\/iframe\/?feed=https%3A%2F%2Fwww.mixcloud.com%2FCOPEAlcoy%2Fmediod%25C3%25ADa-cope-alcoy-viernes-22-de-noviembre-2024-1420h%2F&amp;hide_cover=1\" frameborder=\"0\"><\/iframe><\/p>\n<p style=\"text-align: justify;\">Hoy viernes hemos seguido hablando de l<strong>as reivindicaciones que pone sobre la mesa el sector del taxi en Alcoy<\/strong>. Tambi\u00e9n hemos hecho referencia a l<strong>a constituci\u00f3n del Cl\u00faster de Cosm\u00e9tica<\/strong> de la Comunitat Valenciana.<\/p>\n<p style=\"text-align: justify;\">Recientemente, ha tenido lugar en<strong>\u00a0las instalaciones de\u00a0<span style=\"color: #0000ff;\"><a style=\"color: #0000ff;\" href=\"https:\/\/www.aitex.es\/\" target=\"_blank\" rel=\"noopener\">AITEX<\/a><\/span><\/strong>\u00a0la reuni\u00f3n de constituci\u00f3n del\u00a0<strong>Cl\u00faster de Cosm\u00e9tica de la Comunidad Valenciana<\/strong>, un ambicioso proyecto estrat\u00e9gico que busca posicionar a la regi\u00f3n como un referente nacional en el \u00e1mbito de la cosm\u00e9tica. Este cl\u00faster no solo representa una agrupaci\u00f3n de empresas, sino\u00a0<strong>una visi\u00f3n com\u00fan<\/strong>\u00a0centrada en la innovaci\u00f3n, el talento y la excelencia.<\/p>\n<p style=\"text-align: justify;\">El evento r<strong>euni\u00f3 a destacadas empresas del sector<\/strong>, entre las que se encuentran Nirvel Beauty Group, Germaine de Capuccini, Suavinex y Laboratorios Belloch, entre otras. La Conselleria de Innovaci\u00f3n, Industria, Comercio y Turismo estuvo representada por\u00a0<strong>Felipe Carrasco<\/strong>, Secretario Auton\u00f3mico de Industria, quien destac\u00f3 el compromiso del gobierno regional con el impulso de sectores estrat\u00e9gicos como la cosm\u00e9tica y anim\u00f3 al cl\u00faster a convertirse en un modelo de sostenibilidad e innovaci\u00f3n.<\/p>\n<p style=\"text-align: justify;\"><strong>Consuelo Vaquer<\/strong>, CEO de Nirvel Beauty Group, fue elegida por unanimidad presidenta del cl\u00faster por un mandato de cuatro a\u00f1os. Durante su discurso,\u00a0<strong>Vaquer enfatiz\u00f3 la importancia de la colaboraci\u00f3n entre empresas y el papel crucial que desempe\u00f1ar\u00e1 AITEX como socio estrat\u00e9gico en innovaci\u00f3n y desarrollo tecnol\u00f3gico<\/strong>. \u00ab<em>Este cl\u00faster es un compromiso con la innovaci\u00f3n y la excelencia<\/em>\u00ab, afirm\u00f3.<\/p>\n<p style=\"text-align: justify;\">AITEX\u00a0<strong>asumir\u00e1 la secretar\u00eda t\u00e9cnica del cl\u00faster<\/strong>, coordinando actividades y brindando soporte t\u00e9cnico a los miembros. El cl\u00faster\u00a0<strong>est\u00e1 abierto<\/strong>\u00a0a todas las empresas dedicadas a la fabricaci\u00f3n de productos cosm\u00e9ticos en la Comunidad Valenciana y tambi\u00e9n incluye miembros colaboradores como universidades y centros tecnol\u00f3gicos.<\/p>\n<p style=\"text-align: justify;\">Con esta iniciativa,\u00a0<strong>el sector cosm\u00e9tico valenciano refuerza su apuesta por la excelencia y el liderazgo en un mercado cada vez m\u00e1s competitivo<\/strong>. Consuelo Vaquer concluy\u00f3 su intervenci\u00f3n con\u00a0<strong>un mensaje esperanzador<\/strong>: \u201c<em>Damos forma a un futuro donde el sector cosm\u00e9tico ser\u00e1 sin\u00f3nimo de excelencia e innovaci\u00f3n<\/em>\u201d.<\/p>\n<p style=\"text-align: justify;\">Con esta iniciativa, la industria cosm\u00e9tica valenciana<strong>\u00a0refuerza su apuesta<\/strong>\u00a0por la excelencia, la sostenibilidad y el liderazgo. Los interesados en obtener m\u00e1s informaci\u00f3n de este Cl\u00faster, pueden contactar con AITEX a trav\u00e9s del correo electr\u00f3nico\u00a0<a href=\"mailto:cluster.cosmetica@aitex.es\"><span style=\"color: #0000ff;\"><strong>cluster.cosmetica@aitex.es<\/strong><\/span>.<\/a><\/p>\n","protected":false},"excerpt":{"rendered":"<p>Hoy viernes hemos seguido hablando de las reivindicaciones que pone sobre la mesa el sector del taxi en Alcoy. Tambi\u00e9n&#8230;<\/p>\n","protected":false},"author":1,"featured_media":110640,"comment_status":"open","ping_status":"open","sticky":false,"template":"","format":"standard","meta":{"footnotes":""},"categories":[6909,89,91,75],"tags":[],"class_list":["post-143467","post","type-post","status-publish","format-standard","has-post-thumbnail","hentry","category-actualidad","category-audiosdelosprogramas","category-informativos","category-noticias"],"yoast_head":"<!-- This site is optimized with the Yoast SEO plugin v27.3 - https:\/\/yoast.com\/product\/yoast-seo-wordpress\/ -->\n<title>\u2018Mediod\u00eda Cope\u2019 Alcoy viernes 22 de noviembre 2024 (14:20h) - COPE Alcoy<\/title>\n<meta name=\"robots\" content=\"index, follow, max-snippet:-1, max-image-preview:large, max-video-preview:-1\" \/>\n<link rel=\"canonical\" href=\"https:\/\/www.copealcoy.es\/es\/mediodia-cope-alcoy-viernes-22-de-noviembre-2024-1420h\/\" \/>\n<meta property=\"og:locale\" content=\"es_ES\" \/>\n<meta property=\"og:type\" content=\"article\" \/>\n<meta property=\"og:title\" content=\"\u2018Mediod\u00eda Cope\u2019 Alcoy viernes 22 de noviembre 2024 (14:20h) - COPE Alcoy\" \/>\n<meta property=\"og:description\" content=\"Hoy viernes hemos seguido hablando de las reivindicaciones que pone sobre la mesa el sector del taxi en Alcoy. Tambi\u00e9n...\" \/>\n<meta property=\"og:url\" content=\"https:\/\/www.copealcoy.es\/es\/mediodia-cope-alcoy-viernes-22-de-noviembre-2024-1420h\/\" \/>\n<meta property=\"og:site_name\" content=\"COPE Alcoy\" \/>\n<meta property=\"article:published_time\" content=\"2024-11-22T06:35:25+00:00\" \/>\n<meta property=\"article:modified_time\" content=\"2024-11-23T08:46:44+00:00\" \/>\n<meta property=\"og:image\" content=\"https:\/\/www.copealcoy.es\/wp-content\/uploads\/2023\/02\/511E7C88-D9D5-47F4-AF32-2A62DF0D1586.png\" \/>\n\t<meta property=\"og:image:width\" content=\"357\" \/>\n\t<meta property=\"og:image:height\" content=\"290\" \/>\n\t<meta property=\"og:image:type\" content=\"image\/png\" \/>\n<meta name=\"author\" content=\"Cope Alcoy\" \/>\n<meta name=\"twitter:label1\" content=\"Escrito por\" \/>\n\t<meta name=\"twitter:data1\" content=\"Cope Alcoy\" \/>\n\t<meta name=\"twitter:label2\" content=\"Tiempo de lectura\" \/>\n\t<meta name=\"twitter:data2\" content=\"3 minutos\" \/>\n<script type=\"application\/ld+json\" class=\"yoast-schema-graph\">{\"@context\":\"https:\\\/\\\/schema.org\",\"@graph\":[{\"@type\":\"Article\",\"@id\":\"https:\\\/\\\/www.copealcoy.es\\\/es\\\/mediodia-cope-alcoy-viernes-22-de-noviembre-2024-1420h\\\/#article\",\"isPartOf\":{\"@id\":\"https:\\\/\\\/www.copealcoy.es\\\/es\\\/mediodia-cope-alcoy-viernes-22-de-noviembre-2024-1420h\\\/\"},\"author\":{\"name\":\"Cope Alcoy\",\"@id\":\"https:\\\/\\\/www.copealcoy.es\\\/es\\\/#\\\/schema\\\/person\\\/e777c87fa024e57d40170af9df39882c\"},\"headline\":\"\u2018Mediod\u00eda Cope\u2019 Alcoy viernes 22 de noviembre 2024 (14:20h)\",\"datePublished\":\"2024-11-22T06:35:25+00:00\",\"dateModified\":\"2024-11-23T08:46:44+00:00\",\"mainEntityOfPage\":{\"@id\":\"https:\\\/\\\/www.copealcoy.es\\\/es\\\/mediodia-cope-alcoy-viernes-22-de-noviembre-2024-1420h\\\/\"},\"wordCount\":430,\"commentCount\":0,\"image\":{\"@id\":\"https:\\\/\\\/www.copealcoy.es\\\/es\\\/mediodia-cope-alcoy-viernes-22-de-noviembre-2024-1420h\\\/#primaryimage\"},\"thumbnailUrl\":\"https:\\\/\\\/www.copealcoy.es\\\/wp-content\\\/uploads\\\/2023\\\/02\\\/511E7C88-D9D5-47F4-AF32-2A62DF0D1586.png\",\"articleSection\":[\"Actualidad\",\"Audios de los programas\",\"Informativos\",\"Noticias\"],\"inLanguage\":\"es\"},{\"@type\":\"WebPage\",\"@id\":\"https:\\\/\\\/www.copealcoy.es\\\/es\\\/mediodia-cope-alcoy-viernes-22-de-noviembre-2024-1420h\\\/\",\"url\":\"https:\\\/\\\/www.copealcoy.es\\\/es\\\/mediodia-cope-alcoy-viernes-22-de-noviembre-2024-1420h\\\/\",\"name\":\"\u2018Mediod\u00eda Cope\u2019 Alcoy viernes 22 de noviembre 2024 (14:20h) - COPE Alcoy\",\"isPartOf\":{\"@id\":\"https:\\\/\\\/www.copealcoy.es\\\/es\\\/#website\"},\"primaryImageOfPage\":{\"@id\":\"https:\\\/\\\/www.copealcoy.es\\\/es\\\/mediodia-cope-alcoy-viernes-22-de-noviembre-2024-1420h\\\/#primaryimage\"},\"image\":{\"@id\":\"https:\\\/\\\/www.copealcoy.es\\\/es\\\/mediodia-cope-alcoy-viernes-22-de-noviembre-2024-1420h\\\/#primaryimage\"},\"thumbnailUrl\":\"https:\\\/\\\/www.copealcoy.es\\\/wp-content\\\/uploads\\\/2023\\\/02\\\/511E7C88-D9D5-47F4-AF32-2A62DF0D1586.png\",\"datePublished\":\"2024-11-22T06:35:25+00:00\",\"dateModified\":\"2024-11-23T08:46:44+00:00\",\"author\":{\"@id\":\"https:\\\/\\\/www.copealcoy.es\\\/es\\\/#\\\/schema\\\/person\\\/e777c87fa024e57d40170af9df39882c\"},\"breadcrumb\":{\"@id\":\"https:\\\/\\\/www.copealcoy.es\\\/es\\\/mediodia-cope-alcoy-viernes-22-de-noviembre-2024-1420h\\\/#breadcrumb\"},\"inLanguage\":\"es\",\"potentialAction\":[{\"@type\":\"ReadAction\",\"target\":[\"https:\\\/\\\/www.copealcoy.es\\\/es\\\/mediodia-cope-alcoy-viernes-22-de-noviembre-2024-1420h\\\/\"]}]},{\"@type\":\"ImageObject\",\"inLanguage\":\"es\",\"@id\":\"https:\\\/\\\/www.copealcoy.es\\\/es\\\/mediodia-cope-alcoy-viernes-22-de-noviembre-2024-1420h\\\/#primaryimage\",\"url\":\"https:\\\/\\\/www.copealcoy.es\\\/wp-content\\\/uploads\\\/2023\\\/02\\\/511E7C88-D9D5-47F4-AF32-2A62DF0D1586.png\",\"contentUrl\":\"https:\\\/\\\/www.copealcoy.es\\\/wp-content\\\/uploads\\\/2023\\\/02\\\/511E7C88-D9D5-47F4-AF32-2A62DF0D1586.png\",\"width\":357,\"height\":290},{\"@type\":\"BreadcrumbList\",\"@id\":\"https:\\\/\\\/www.copealcoy.es\\\/es\\\/mediodia-cope-alcoy-viernes-22-de-noviembre-2024-1420h\\\/#breadcrumb\",\"itemListElement\":[{\"@type\":\"ListItem\",\"position\":1,\"name\":\"Portada\",\"item\":\"https:\\\/\\\/www.copealcoy.es\\\/es\\\/\"},{\"@type\":\"ListItem\",\"position\":2,\"name\":\"\u2018Mediod\u00eda Cope\u2019 Alcoy viernes 22 de noviembre 2024 (14:20h)\"}]},{\"@type\":\"WebSite\",\"@id\":\"https:\\\/\\\/www.copealcoy.es\\\/es\\\/#website\",\"url\":\"https:\\\/\\\/www.copealcoy.es\\\/es\\\/\",\"name\":\"COPE Alcoy\",\"description\":\"Emisora COPE de radio local con emisi\u00f3n online. Pont de Sant Jordi 8-10 03803 Alcoy\",\"potentialAction\":[{\"@type\":\"SearchAction\",\"target\":{\"@type\":\"EntryPoint\",\"urlTemplate\":\"https:\\\/\\\/www.copealcoy.es\\\/es\\\/?s={search_term_string}\"},\"query-input\":{\"@type\":\"PropertyValueSpecification\",\"valueRequired\":true,\"valueName\":\"search_term_string\"}}],\"inLanguage\":\"es\"},{\"@type\":\"Person\",\"@id\":\"https:\\\/\\\/www.copealcoy.es\\\/es\\\/#\\\/schema\\\/person\\\/e777c87fa024e57d40170af9df39882c\",\"name\":\"Cope Alcoy\",\"image\":{\"@type\":\"ImageObject\",\"inLanguage\":\"es\",\"@id\":\"https:\\\/\\\/secure.gravatar.com\\\/avatar\\\/bb65d0283347e303893ba14f0692005417c1e0e690a325a4c5d8bb2b3943ee14?s=96&d=mm&r=g\",\"url\":\"https:\\\/\\\/secure.gravatar.com\\\/avatar\\\/bb65d0283347e303893ba14f0692005417c1e0e690a325a4c5d8bb2b3943ee14?s=96&d=mm&r=g\",\"contentUrl\":\"https:\\\/\\\/secure.gravatar.com\\\/avatar\\\/bb65d0283347e303893ba14f0692005417c1e0e690a325a4c5d8bb2b3943ee14?s=96&d=mm&r=g\",\"caption\":\"Cope Alcoy\"}}]}<\/script>\n<!-- \/ Yoast SEO plugin. -->","yoast_head_json":{"title":"\u2018Mediod\u00eda Cope\u2019 Alcoy viernes 22 de noviembre 2024 (14:20h) - COPE Alcoy","robots":{"index":"index","follow":"follow","max-snippet":"max-snippet:-1","max-image-preview":"max-image-preview:large","max-video-preview":"max-video-preview:-1"},"canonical":"https:\/\/www.copealcoy.es\/es\/mediodia-cope-alcoy-viernes-22-de-noviembre-2024-1420h\/","og_locale":"es_ES","og_type":"article","og_title":"\u2018Mediod\u00eda Cope\u2019 Alcoy viernes 22 de noviembre 2024 (14:20h) - COPE Alcoy","og_description":"Hoy viernes hemos seguido hablando de las reivindicaciones que pone sobre la mesa el sector del taxi en Alcoy. Tambi\u00e9n...","og_url":"https:\/\/www.copealcoy.es\/es\/mediodia-cope-alcoy-viernes-22-de-noviembre-2024-1420h\/","og_site_name":"COPE Alcoy","article_published_time":"2024-11-22T06:35:25+00:00","article_modified_time":"2024-11-23T08:46:44+00:00","og_image":[{"width":357,"height":290,"url":"https:\/\/www.copealcoy.es\/wp-content\/uploads\/2023\/02\/511E7C88-D9D5-47F4-AF32-2A62DF0D1586.png","type":"image\/png"}],"author":"Cope Alcoy","twitter_misc":{"Escrito por":"Cope Alcoy","Tiempo de lectura":"3 minutos"},"schema":{"@context":"https:\/\/schema.org","@graph":[{"@type":"Article","@id":"https:\/\/www.copealcoy.es\/es\/mediodia-cope-alcoy-viernes-22-de-noviembre-2024-1420h\/#article","isPartOf":{"@id":"https:\/\/www.copealcoy.es\/es\/mediodia-cope-alcoy-viernes-22-de-noviembre-2024-1420h\/"},"author":{"name":"Cope Alcoy","@id":"https:\/\/www.copealcoy.es\/es\/#\/schema\/person\/e777c87fa024e57d40170af9df39882c"},"headline":"\u2018Mediod\u00eda Cope\u2019 Alcoy viernes 22 de noviembre 2024 (14:20h)","datePublished":"2024-11-22T06:35:25+00:00","dateModified":"2024-11-23T08:46:44+00:00","mainEntityOfPage":{"@id":"https:\/\/www.copealcoy.es\/es\/mediodia-cope-alcoy-viernes-22-de-noviembre-2024-1420h\/"},"wordCount":430,"commentCount":0,"image":{"@id":"https:\/\/www.copealcoy.es\/es\/mediodia-cope-alcoy-viernes-22-de-noviembre-2024-1420h\/#primaryimage"},"thumbnailUrl":"https:\/\/www.copealcoy.es\/wp-content\/uploads\/2023\/02\/511E7C88-D9D5-47F4-AF32-2A62DF0D1586.png","articleSection":["Actualidad","Audios de los programas","Informativos","Noticias"],"inLanguage":"es"},{"@type":"WebPage","@id":"https:\/\/www.copealcoy.es\/es\/mediodia-cope-alcoy-viernes-22-de-noviembre-2024-1420h\/","url":"https:\/\/www.copealcoy.es\/es\/mediodia-cope-alcoy-viernes-22-de-noviembre-2024-1420h\/","name":"\u2018Mediod\u00eda Cope\u2019 Alcoy viernes 22 de noviembre 2024 (14:20h) - COPE Alcoy","isPartOf":{"@id":"https:\/\/www.copealcoy.es\/es\/#website"},"primaryImageOfPage":{"@id":"https:\/\/www.copealcoy.es\/es\/mediodia-cope-alcoy-viernes-22-de-noviembre-2024-1420h\/#primaryimage"},"image":{"@id":"https:\/\/www.copealcoy.es\/es\/mediodia-cope-alcoy-viernes-22-de-noviembre-2024-1420h\/#primaryimage"},"thumbnailUrl":"https:\/\/www.copealcoy.es\/wp-content\/uploads\/2023\/02\/511E7C88-D9D5-47F4-AF32-2A62DF0D1586.png","datePublished":"2024-11-22T06:35:25+00:00","dateModified":"2024-11-23T08:46:44+00:00","author":{"@id":"https:\/\/www.copealcoy.es\/es\/#\/schema\/person\/e777c87fa024e57d40170af9df39882c"},"breadcrumb":{"@id":"https:\/\/www.copealcoy.es\/es\/mediodia-cope-alcoy-viernes-22-de-noviembre-2024-1420h\/#breadcrumb"},"inLanguage":"es","potentialAction":[{"@type":"ReadAction","target":["https:\/\/www.copealcoy.es\/es\/mediodia-cope-alcoy-viernes-22-de-noviembre-2024-1420h\/"]}]},{"@type":"ImageObject","inLanguage":"es","@id":"https:\/\/www.copealcoy.es\/es\/mediodia-cope-alcoy-viernes-22-de-noviembre-2024-1420h\/#primaryimage","url":"https:\/\/www.copealcoy.es\/wp-content\/uploads\/2023\/02\/511E7C88-D9D5-47F4-AF32-2A62DF0D1586.png","contentUrl":"https:\/\/www.copealcoy.es\/wp-content\/uploads\/2023\/02\/511E7C88-D9D5-47F4-AF32-2A62DF0D1586.png","width":357,"height":290},{"@type":"BreadcrumbList","@id":"https:\/\/www.copealcoy.es\/es\/mediodia-cope-alcoy-viernes-22-de-noviembre-2024-1420h\/#breadcrumb","itemListElement":[{"@type":"ListItem","position":1,"name":"Portada","item":"https:\/\/www.copealcoy.es\/es\/"},{"@type":"ListItem","position":2,"name":"\u2018Mediod\u00eda Cope\u2019 Alcoy viernes 22 de noviembre 2024 (14:20h)"}]},{"@type":"WebSite","@id":"https:\/\/www.copealcoy.es\/es\/#website","url":"https:\/\/www.copealcoy.es\/es\/","name":"COPE Alcoy","description":"Emisora COPE de radio local con emisi\u00f3n online. Pont de Sant Jordi 8-10 03803 Alcoy","potentialAction":[{"@type":"SearchAction","target":{"@type":"EntryPoint","urlTemplate":"https:\/\/www.copealcoy.es\/es\/?s={search_term_string}"},"query-input":{"@type":"PropertyValueSpecification","valueRequired":true,"valueName":"search_term_string"}}],"inLanguage":"es"},{"@type":"Person","@id":"https:\/\/www.copealcoy.es\/es\/#\/schema\/person\/e777c87fa024e57d40170af9df39882c","name":"Cope Alcoy","image":{"@type":"ImageObject","inLanguage":"es","@id":"https:\/\/secure.gravatar.com\/avatar\/bb65d0283347e303893ba14f0692005417c1e0e690a325a4c5d8bb2b3943ee14?s=96&d=mm&r=g","url":"https:\/\/secure.gravatar.com\/avatar\/bb65d0283347e303893ba14f0692005417c1e0e690a325a4c5d8bb2b3943ee14?s=96&d=mm&r=g","contentUrl":"https:\/\/secure.gravatar.com\/avatar\/bb65d0283347e303893ba14f0692005417c1e0e690a325a4c5d8bb2b3943ee14?s=96&d=mm&r=g","caption":"Cope Alcoy"}}]}},"_links":{"self":[{"href":"https:\/\/www.copealcoy.es\/es\/wp-json\/wp\/v2\/posts\/143467","targetHints":{"allow":["GET"]}}],"collection":[{"href":"https:\/\/www.copealcoy.es\/es\/wp-json\/wp\/v2\/posts"}],"about":[{"href":"https:\/\/www.copealcoy.es\/es\/wp-json\/wp\/v2\/types\/post"}],"author":[{"embeddable":true,"href":"https:\/\/www.copealcoy.es\/es\/wp-json\/wp\/v2\/users\/1"}],"replies":[{"embeddable":true,"href":"https:\/\/www.copealcoy.es\/es\/wp-json\/wp\/v2\/comments?post=143467"}],"version-history":[{"count":0,"href":"https:\/\/www.copealcoy.es\/es\/wp-json\/wp\/v2\/posts\/143467\/revisions"}],"wp:featuredmedia":[{"embeddable":true,"href":"https:\/\/www.copealcoy.es\/es\/wp-json\/wp\/v2\/media\/110640"}],"wp:attachment":[{"href":"https:\/\/www.copealcoy.es\/es\/wp-json\/wp\/v2\/media?parent=143467"}],"wp:term":[{"taxonomy":"category","embeddable":true,"href":"https:\/\/www.copealcoy.es\/es\/wp-json\/wp\/v2\/categories?post=143467"},{"taxonomy":"post_tag","embeddable":true,"href":"https:\/\/www.copealcoy.es\/es\/wp-json\/wp\/v2\/tags?post=143467"}],"curies":[{"name":"wp","href":"https:\/\/api.w.org\/{rel}","templated":true}]}}