{"id":143431,"date":"2024-11-22T09:27:14","date_gmt":"2024-11-22T08:27:14","guid":{"rendered":"https:\/\/www.copealcoy.es\/?p=143431"},"modified":"2024-11-22T12:51:26","modified_gmt":"2024-11-22T11:51:26","slug":"la-fira-del-comic-de-muro-llega-con-una-variada-programacion","status":"publish","type":"post","link":"https:\/\/www.copealcoy.es\/es\/la-fira-del-comic-de-muro-llega-con-una-variada-programacion\/","title":{"rendered":"La &#8216;Fira del C\u00f2mic&#8217; de Muro llega con una variada programaci\u00f3n"},"content":{"rendered":"<p style=\"text-align: justify;\"><a href=\"https:\/\/www.vilademuro.net\/\" target=\"_blank\" rel=\"noopener\"><span style=\"color: #0000ff;\"><strong>Muro<\/strong><\/span><\/a> ha preparado <strong>una nueva edici\u00f3n de la \u2018Fira del C\u00f2mic\u2019<\/strong>, una cita que est\u00e1 organizada por la asociaci\u00f3n The-Monkiki y que cuenta con el respaldo del Ayuntamiento de esta localidad del Comtat. En esta ocasi\u00f3n <strong>el certamen tendr\u00e1 lugar en el albergue juvenil Serra de Mariola<\/strong>, recientemente inaugurado, y ser\u00e1 los d\u00edas<strong> 24, 29 y 30 de noviembre<\/strong>. En la edici\u00f3n de este a\u00f1o, seg\u00fan se inform\u00f3 en la presentaci\u00f3n oficial del pasado mes de septiembre, <strong>se rendir\u00e1 un homenaje al recordado Francisco Ib\u00e1\u00f1ez<\/strong> con un amplio abanico de actividades totalmente gratuitas.<\/p>\n<p style=\"text-align: justify;\">Cabe destacar que <strong>la inauguraci\u00f3n oficial se materializar\u00e1 el 24 de noviembre<\/strong> con el estreno de una exposici\u00f3n homenaje a Francisco Ib\u00e1\u00f1ez, autor del famoso \u2018Mortadelo y Filem\u00f3n\u2019, abriendo camino al resto de propuestas que se ejecutar\u00e1n al fin de semana siguiente. De hecho, la feria se retomar\u00e1 el <strong>viernes 29<\/strong> con la entrega de los Premios Escolares y los Premios Monkikis, mientras que el <strong>s\u00e1bado 30<\/strong> ser\u00e1 el d\u00eda m\u00e1s extenso en cuanto a actividades, con m\u00e1s de veinte propuestas que incluyen talleres de creaci\u00f3n de c\u00f3mics y pintura, desfiles, concursos y exposiciones. Dentro de estas \u00faltimas encontraremos una dedicada a la celebraci\u00f3n del 40\u00ba aniversario de &#8220;Masters del Universo&#8221; en Espa\u00f1a y otra centrada en el mencionado Francisco Ib\u00e1\u00f1ez <em>\u201cdesde el Ayuntamiento mantenemos nuestro compromiso con iniciativas culturales que fomentan la participaci\u00f3n intergeneracional y seguiremos dando apoyo a una propuesta como esta que tiene tanta acogida entre mucha gente<\/em>\u201d, afirma el edil Juventud; <strong>Sergi Silvestre<\/strong>.<\/p>\n<p style=\"text-align: justify;\">En la mencionada programaci\u00f3n tambi\u00e9n figura un taller de doblaje impartido por Mediterranean Acting, que contar\u00e1 con la participaci\u00f3n de la reconocida actriz Julia Sorl\u00ed, conocida por su trabajo en series como &#8220;Shin Chan&#8221; y &#8220;Doraemon&#8221;. De igual forma, habr\u00e1 sesiones de firmas con autores destacados como Miguel Quesada (&#8220;El guerrer de l\u2019Antifa\u00e7&#8221;) y Jos\u00e9 Fonollosa (&#8220;Vampi&#8221;) <em>\u201ccon esta feria resaltamos la importancia del c\u00f3mic a la hora de conectar generaciones y culturas a trav\u00e9s de sus narrativas visuales, as\u00ed que animamos a que todos los fans de esta forma art\u00edstica a que se acerquen para conocer todo lo que hemos preparado<\/em>\u201d, detalla <strong>Fran Monle\u00f3n<\/strong>, representante de The Monkiki.<\/p>\n<p style=\"text-align: justify;\">Apuntar que el <strong>cartel de este a\u00f1o<\/strong> es obra del alumno del EASDAlcoi <strong>Pau Perona<\/strong> haciendo referencia en su obra a ese famoso c\u00f3mic \u2018Mortadelo y Filem\u00f3n\u2019 de Ib\u00e1\u00f1ez. Todo ello con <strong>referencias a Muro<\/strong> como el monumento del \u2018Tio Pep\u2019, la Penya El Frare o la ermita de Sant Antoni.<\/p>\n","protected":false},"excerpt":{"rendered":"<p>Muro ha preparado una nueva edici\u00f3n de la \u2018Fira del C\u00f2mic\u2019, una cita que est\u00e1 organizada por la asociaci\u00f3n The-Monkiki&#8230;<\/p>\n","protected":false},"author":1,"featured_media":143432,"comment_status":"open","ping_status":"open","sticky":false,"template":"","format":"standard","meta":{"footnotes":""},"categories":[6909,98,75],"tags":[12752,18903,135,747],"class_list":["post-143431","post","type-post","status-publish","format-standard","has-post-thumbnail","hentry","category-actualidad","category-comarcas","category-noticias","tag-12752","tag-fira-del-comic","tag-muro","tag-programacion"],"yoast_head":"<!-- This site is optimized with the Yoast SEO plugin v27.3 - https:\/\/yoast.com\/product\/yoast-seo-wordpress\/ -->\n<title>La &#039;Fira del C\u00f2mic&#039; de Muro llega con una variada programaci\u00f3n - COPE Alcoy<\/title>\n<meta name=\"description\" content=\"Muro ha preparado una nueva edici\u00f3n de la \u2018Fira del C\u00f2mic\u2019, una cita que est\u00e1 organizada por la asociaci\u00f3n The-Monkiki y que cuenta con el respaldo del Ayuntamiento de esta localidad del Comtat\" \/>\n<meta name=\"robots\" content=\"index, follow, max-snippet:-1, max-image-preview:large, max-video-preview:-1\" \/>\n<link rel=\"canonical\" href=\"https:\/\/www.copealcoy.es\/es\/la-fira-del-comic-de-muro-llega-con-una-variada-programacion\/\" \/>\n<meta property=\"og:locale\" content=\"es_ES\" \/>\n<meta property=\"og:type\" content=\"article\" \/>\n<meta property=\"og:title\" content=\"La &#039;Fira del C\u00f2mic&#039; de Muro llega con una variada programaci\u00f3n - COPE Alcoy\" \/>\n<meta property=\"og:description\" content=\"Muro ha preparado una nueva edici\u00f3n de la \u2018Fira del C\u00f2mic\u2019, una cita que est\u00e1 organizada por la asociaci\u00f3n The-Monkiki y que cuenta con el respaldo del Ayuntamiento de esta localidad del Comtat\" \/>\n<meta property=\"og:url\" content=\"https:\/\/www.copealcoy.es\/es\/la-fira-del-comic-de-muro-llega-con-una-variada-programacion\/\" \/>\n<meta property=\"og:site_name\" content=\"COPE Alcoy\" \/>\n<meta property=\"article:published_time\" content=\"2024-11-22T08:27:14+00:00\" \/>\n<meta property=\"article:modified_time\" content=\"2024-11-22T11:51:26+00:00\" \/>\n<meta property=\"og:image\" content=\"https:\/\/www.copealcoy.es\/wp-content\/uploads\/2024\/11\/firacomicmuro2024-e1732276272444.jpg\" \/>\n\t<meta property=\"og:image:width\" content=\"619\" \/>\n\t<meta property=\"og:image:height\" content=\"343\" \/>\n\t<meta property=\"og:image:type\" content=\"image\/jpeg\" \/>\n<meta name=\"author\" content=\"Cope Alcoy\" \/>\n<meta name=\"twitter:label1\" content=\"Escrito por\" \/>\n\t<meta name=\"twitter:data1\" content=\"Cope Alcoy\" \/>\n\t<meta name=\"twitter:label2\" content=\"Tiempo de lectura\" \/>\n\t<meta name=\"twitter:data2\" content=\"3 minutos\" \/>\n<script type=\"application\/ld+json\" class=\"yoast-schema-graph\">{\"@context\":\"https:\\\/\\\/schema.org\",\"@graph\":[{\"@type\":\"Article\",\"@id\":\"https:\\\/\\\/www.copealcoy.es\\\/es\\\/la-fira-del-comic-de-muro-llega-con-una-variada-programacion\\\/#article\",\"isPartOf\":{\"@id\":\"https:\\\/\\\/www.copealcoy.es\\\/es\\\/la-fira-del-comic-de-muro-llega-con-una-variada-programacion\\\/\"},\"author\":{\"name\":\"Cope Alcoy\",\"@id\":\"https:\\\/\\\/www.copealcoy.es\\\/es\\\/#\\\/schema\\\/person\\\/e777c87fa024e57d40170af9df39882c\"},\"headline\":\"La &#8216;Fira del C\u00f2mic&#8217; de Muro llega con una variada programaci\u00f3n\",\"datePublished\":\"2024-11-22T08:27:14+00:00\",\"dateModified\":\"2024-11-22T11:51:26+00:00\",\"mainEntityOfPage\":{\"@id\":\"https:\\\/\\\/www.copealcoy.es\\\/es\\\/la-fira-del-comic-de-muro-llega-con-una-variada-programacion\\\/\"},\"wordCount\":453,\"commentCount\":0,\"image\":{\"@id\":\"https:\\\/\\\/www.copealcoy.es\\\/es\\\/la-fira-del-comic-de-muro-llega-con-una-variada-programacion\\\/#primaryimage\"},\"thumbnailUrl\":\"https:\\\/\\\/www.copealcoy.es\\\/wp-content\\\/uploads\\\/2024\\\/11\\\/firacomicmuro2024-e1732276272444.jpg\",\"keywords\":[\"2024\",\"Fira del C\u00f2mic\",\"Muro\",\"Programaci\u00f3n\"],\"articleSection\":[\"Actualidad\",\"Comarcas\",\"Noticias\"],\"inLanguage\":\"es\"},{\"@type\":\"WebPage\",\"@id\":\"https:\\\/\\\/www.copealcoy.es\\\/es\\\/la-fira-del-comic-de-muro-llega-con-una-variada-programacion\\\/\",\"url\":\"https:\\\/\\\/www.copealcoy.es\\\/es\\\/la-fira-del-comic-de-muro-llega-con-una-variada-programacion\\\/\",\"name\":\"La 'Fira del C\u00f2mic' de Muro llega con una variada programaci\u00f3n - COPE Alcoy\",\"isPartOf\":{\"@id\":\"https:\\\/\\\/www.copealcoy.es\\\/es\\\/#website\"},\"primaryImageOfPage\":{\"@id\":\"https:\\\/\\\/www.copealcoy.es\\\/es\\\/la-fira-del-comic-de-muro-llega-con-una-variada-programacion\\\/#primaryimage\"},\"image\":{\"@id\":\"https:\\\/\\\/www.copealcoy.es\\\/es\\\/la-fira-del-comic-de-muro-llega-con-una-variada-programacion\\\/#primaryimage\"},\"thumbnailUrl\":\"https:\\\/\\\/www.copealcoy.es\\\/wp-content\\\/uploads\\\/2024\\\/11\\\/firacomicmuro2024-e1732276272444.jpg\",\"datePublished\":\"2024-11-22T08:27:14+00:00\",\"dateModified\":\"2024-11-22T11:51:26+00:00\",\"author\":{\"@id\":\"https:\\\/\\\/www.copealcoy.es\\\/es\\\/#\\\/schema\\\/person\\\/e777c87fa024e57d40170af9df39882c\"},\"description\":\"Muro ha preparado una nueva edici\u00f3n de la \u2018Fira del C\u00f2mic\u2019, una cita que est\u00e1 organizada por la asociaci\u00f3n The-Monkiki y que cuenta con el respaldo del Ayuntamiento de esta localidad del Comtat\",\"breadcrumb\":{\"@id\":\"https:\\\/\\\/www.copealcoy.es\\\/es\\\/la-fira-del-comic-de-muro-llega-con-una-variada-programacion\\\/#breadcrumb\"},\"inLanguage\":\"es\",\"potentialAction\":[{\"@type\":\"ReadAction\",\"target\":[\"https:\\\/\\\/www.copealcoy.es\\\/es\\\/la-fira-del-comic-de-muro-llega-con-una-variada-programacion\\\/\"]}]},{\"@type\":\"ImageObject\",\"inLanguage\":\"es\",\"@id\":\"https:\\\/\\\/www.copealcoy.es\\\/es\\\/la-fira-del-comic-de-muro-llega-con-una-variada-programacion\\\/#primaryimage\",\"url\":\"https:\\\/\\\/www.copealcoy.es\\\/wp-content\\\/uploads\\\/2024\\\/11\\\/firacomicmuro2024-e1732276272444.jpg\",\"contentUrl\":\"https:\\\/\\\/www.copealcoy.es\\\/wp-content\\\/uploads\\\/2024\\\/11\\\/firacomicmuro2024-e1732276272444.jpg\",\"width\":619,\"height\":343},{\"@type\":\"BreadcrumbList\",\"@id\":\"https:\\\/\\\/www.copealcoy.es\\\/es\\\/la-fira-del-comic-de-muro-llega-con-una-variada-programacion\\\/#breadcrumb\",\"itemListElement\":[{\"@type\":\"ListItem\",\"position\":1,\"name\":\"Portada\",\"item\":\"https:\\\/\\\/www.copealcoy.es\\\/es\\\/\"},{\"@type\":\"ListItem\",\"position\":2,\"name\":\"La &#8216;Fira del C\u00f2mic&#8217; de Muro llega con una variada programaci\u00f3n\"}]},{\"@type\":\"WebSite\",\"@id\":\"https:\\\/\\\/www.copealcoy.es\\\/es\\\/#website\",\"url\":\"https:\\\/\\\/www.copealcoy.es\\\/es\\\/\",\"name\":\"COPE Alcoy\",\"description\":\"Emisora COPE de radio local con emisi\u00f3n online. Pont de Sant Jordi 8-10 03803 Alcoy\",\"potentialAction\":[{\"@type\":\"SearchAction\",\"target\":{\"@type\":\"EntryPoint\",\"urlTemplate\":\"https:\\\/\\\/www.copealcoy.es\\\/es\\\/?s={search_term_string}\"},\"query-input\":{\"@type\":\"PropertyValueSpecification\",\"valueRequired\":true,\"valueName\":\"search_term_string\"}}],\"inLanguage\":\"es\"},{\"@type\":\"Person\",\"@id\":\"https:\\\/\\\/www.copealcoy.es\\\/es\\\/#\\\/schema\\\/person\\\/e777c87fa024e57d40170af9df39882c\",\"name\":\"Cope Alcoy\",\"image\":{\"@type\":\"ImageObject\",\"inLanguage\":\"es\",\"@id\":\"https:\\\/\\\/secure.gravatar.com\\\/avatar\\\/bb65d0283347e303893ba14f0692005417c1e0e690a325a4c5d8bb2b3943ee14?s=96&d=mm&r=g\",\"url\":\"https:\\\/\\\/secure.gravatar.com\\\/avatar\\\/bb65d0283347e303893ba14f0692005417c1e0e690a325a4c5d8bb2b3943ee14?s=96&d=mm&r=g\",\"contentUrl\":\"https:\\\/\\\/secure.gravatar.com\\\/avatar\\\/bb65d0283347e303893ba14f0692005417c1e0e690a325a4c5d8bb2b3943ee14?s=96&d=mm&r=g\",\"caption\":\"Cope Alcoy\"}}]}<\/script>\n<!-- \/ Yoast SEO plugin. -->","yoast_head_json":{"title":"La 'Fira del C\u00f2mic' de Muro llega con una variada programaci\u00f3n - COPE Alcoy","description":"Muro ha preparado una nueva edici\u00f3n de la \u2018Fira del C\u00f2mic\u2019, una cita que est\u00e1 organizada por la asociaci\u00f3n The-Monkiki y que cuenta con el respaldo del Ayuntamiento de esta localidad del Comtat","robots":{"index":"index","follow":"follow","max-snippet":"max-snippet:-1","max-image-preview":"max-image-preview:large","max-video-preview":"max-video-preview:-1"},"canonical":"https:\/\/www.copealcoy.es\/es\/la-fira-del-comic-de-muro-llega-con-una-variada-programacion\/","og_locale":"es_ES","og_type":"article","og_title":"La 'Fira del C\u00f2mic' de Muro llega con una variada programaci\u00f3n - COPE Alcoy","og_description":"Muro ha preparado una nueva edici\u00f3n de la \u2018Fira del C\u00f2mic\u2019, una cita que est\u00e1 organizada por la asociaci\u00f3n The-Monkiki y que cuenta con el respaldo del Ayuntamiento de esta localidad del Comtat","og_url":"https:\/\/www.copealcoy.es\/es\/la-fira-del-comic-de-muro-llega-con-una-variada-programacion\/","og_site_name":"COPE Alcoy","article_published_time":"2024-11-22T08:27:14+00:00","article_modified_time":"2024-11-22T11:51:26+00:00","og_image":[{"width":619,"height":343,"url":"https:\/\/www.copealcoy.es\/wp-content\/uploads\/2024\/11\/firacomicmuro2024-e1732276272444.jpg","type":"image\/jpeg"}],"author":"Cope Alcoy","twitter_misc":{"Escrito por":"Cope Alcoy","Tiempo de lectura":"3 minutos"},"schema":{"@context":"https:\/\/schema.org","@graph":[{"@type":"Article","@id":"https:\/\/www.copealcoy.es\/es\/la-fira-del-comic-de-muro-llega-con-una-variada-programacion\/#article","isPartOf":{"@id":"https:\/\/www.copealcoy.es\/es\/la-fira-del-comic-de-muro-llega-con-una-variada-programacion\/"},"author":{"name":"Cope Alcoy","@id":"https:\/\/www.copealcoy.es\/es\/#\/schema\/person\/e777c87fa024e57d40170af9df39882c"},"headline":"La &#8216;Fira del C\u00f2mic&#8217; de Muro llega con una variada programaci\u00f3n","datePublished":"2024-11-22T08:27:14+00:00","dateModified":"2024-11-22T11:51:26+00:00","mainEntityOfPage":{"@id":"https:\/\/www.copealcoy.es\/es\/la-fira-del-comic-de-muro-llega-con-una-variada-programacion\/"},"wordCount":453,"commentCount":0,"image":{"@id":"https:\/\/www.copealcoy.es\/es\/la-fira-del-comic-de-muro-llega-con-una-variada-programacion\/#primaryimage"},"thumbnailUrl":"https:\/\/www.copealcoy.es\/wp-content\/uploads\/2024\/11\/firacomicmuro2024-e1732276272444.jpg","keywords":["2024","Fira del C\u00f2mic","Muro","Programaci\u00f3n"],"articleSection":["Actualidad","Comarcas","Noticias"],"inLanguage":"es"},{"@type":"WebPage","@id":"https:\/\/www.copealcoy.es\/es\/la-fira-del-comic-de-muro-llega-con-una-variada-programacion\/","url":"https:\/\/www.copealcoy.es\/es\/la-fira-del-comic-de-muro-llega-con-una-variada-programacion\/","name":"La 'Fira del C\u00f2mic' de Muro llega con una variada programaci\u00f3n - COPE Alcoy","isPartOf":{"@id":"https:\/\/www.copealcoy.es\/es\/#website"},"primaryImageOfPage":{"@id":"https:\/\/www.copealcoy.es\/es\/la-fira-del-comic-de-muro-llega-con-una-variada-programacion\/#primaryimage"},"image":{"@id":"https:\/\/www.copealcoy.es\/es\/la-fira-del-comic-de-muro-llega-con-una-variada-programacion\/#primaryimage"},"thumbnailUrl":"https:\/\/www.copealcoy.es\/wp-content\/uploads\/2024\/11\/firacomicmuro2024-e1732276272444.jpg","datePublished":"2024-11-22T08:27:14+00:00","dateModified":"2024-11-22T11:51:26+00:00","author":{"@id":"https:\/\/www.copealcoy.es\/es\/#\/schema\/person\/e777c87fa024e57d40170af9df39882c"},"description":"Muro ha preparado una nueva edici\u00f3n de la \u2018Fira del C\u00f2mic\u2019, una cita que est\u00e1 organizada por la asociaci\u00f3n The-Monkiki y que cuenta con el respaldo del Ayuntamiento de esta localidad del Comtat","breadcrumb":{"@id":"https:\/\/www.copealcoy.es\/es\/la-fira-del-comic-de-muro-llega-con-una-variada-programacion\/#breadcrumb"},"inLanguage":"es","potentialAction":[{"@type":"ReadAction","target":["https:\/\/www.copealcoy.es\/es\/la-fira-del-comic-de-muro-llega-con-una-variada-programacion\/"]}]},{"@type":"ImageObject","inLanguage":"es","@id":"https:\/\/www.copealcoy.es\/es\/la-fira-del-comic-de-muro-llega-con-una-variada-programacion\/#primaryimage","url":"https:\/\/www.copealcoy.es\/wp-content\/uploads\/2024\/11\/firacomicmuro2024-e1732276272444.jpg","contentUrl":"https:\/\/www.copealcoy.es\/wp-content\/uploads\/2024\/11\/firacomicmuro2024-e1732276272444.jpg","width":619,"height":343},{"@type":"BreadcrumbList","@id":"https:\/\/www.copealcoy.es\/es\/la-fira-del-comic-de-muro-llega-con-una-variada-programacion\/#breadcrumb","itemListElement":[{"@type":"ListItem","position":1,"name":"Portada","item":"https:\/\/www.copealcoy.es\/es\/"},{"@type":"ListItem","position":2,"name":"La &#8216;Fira del C\u00f2mic&#8217; de Muro llega con una variada programaci\u00f3n"}]},{"@type":"WebSite","@id":"https:\/\/www.copealcoy.es\/es\/#website","url":"https:\/\/www.copealcoy.es\/es\/","name":"COPE Alcoy","description":"Emisora COPE de radio local con emisi\u00f3n online. Pont de Sant Jordi 8-10 03803 Alcoy","potentialAction":[{"@type":"SearchAction","target":{"@type":"EntryPoint","urlTemplate":"https:\/\/www.copealcoy.es\/es\/?s={search_term_string}"},"query-input":{"@type":"PropertyValueSpecification","valueRequired":true,"valueName":"search_term_string"}}],"inLanguage":"es"},{"@type":"Person","@id":"https:\/\/www.copealcoy.es\/es\/#\/schema\/person\/e777c87fa024e57d40170af9df39882c","name":"Cope Alcoy","image":{"@type":"ImageObject","inLanguage":"es","@id":"https:\/\/secure.gravatar.com\/avatar\/bb65d0283347e303893ba14f0692005417c1e0e690a325a4c5d8bb2b3943ee14?s=96&d=mm&r=g","url":"https:\/\/secure.gravatar.com\/avatar\/bb65d0283347e303893ba14f0692005417c1e0e690a325a4c5d8bb2b3943ee14?s=96&d=mm&r=g","contentUrl":"https:\/\/secure.gravatar.com\/avatar\/bb65d0283347e303893ba14f0692005417c1e0e690a325a4c5d8bb2b3943ee14?s=96&d=mm&r=g","caption":"Cope Alcoy"}}]}},"_links":{"self":[{"href":"https:\/\/www.copealcoy.es\/es\/wp-json\/wp\/v2\/posts\/143431","targetHints":{"allow":["GET"]}}],"collection":[{"href":"https:\/\/www.copealcoy.es\/es\/wp-json\/wp\/v2\/posts"}],"about":[{"href":"https:\/\/www.copealcoy.es\/es\/wp-json\/wp\/v2\/types\/post"}],"author":[{"embeddable":true,"href":"https:\/\/www.copealcoy.es\/es\/wp-json\/wp\/v2\/users\/1"}],"replies":[{"embeddable":true,"href":"https:\/\/www.copealcoy.es\/es\/wp-json\/wp\/v2\/comments?post=143431"}],"version-history":[{"count":0,"href":"https:\/\/www.copealcoy.es\/es\/wp-json\/wp\/v2\/posts\/143431\/revisions"}],"wp:featuredmedia":[{"embeddable":true,"href":"https:\/\/www.copealcoy.es\/es\/wp-json\/wp\/v2\/media\/143432"}],"wp:attachment":[{"href":"https:\/\/www.copealcoy.es\/es\/wp-json\/wp\/v2\/media?parent=143431"}],"wp:term":[{"taxonomy":"category","embeddable":true,"href":"https:\/\/www.copealcoy.es\/es\/wp-json\/wp\/v2\/categories?post=143431"},{"taxonomy":"post_tag","embeddable":true,"href":"https:\/\/www.copealcoy.es\/es\/wp-json\/wp\/v2\/tags?post=143431"}],"curies":[{"name":"wp","href":"https:\/\/api.w.org\/{rel}","templated":true}]}}