{"id":143424,"date":"2024-11-22T08:00:25","date_gmt":"2024-11-22T07:00:25","guid":{"rendered":"https:\/\/www.copealcoy.es\/?p=143424"},"modified":"2024-11-22T08:58:22","modified_gmt":"2024-11-22T07:58:22","slug":"el-mercat-de-nadal-de-alcoy-se-amplia-a-dos-fines-de-semana","status":"publish","type":"post","link":"https:\/\/www.copealcoy.es\/es\/el-mercat-de-nadal-de-alcoy-se-amplia-a-dos-fines-de-semana\/","title":{"rendered":"El &#8216;Mercat de Nadal&#8217; de Alcoy se ampl\u00eda a dos fines de semana"},"content":{"rendered":"<p style=\"text-align: justify;\">Dentro de <strong>la programaci\u00f3n del &#8216;Nadal Alcoi\u00e0&#8217;<\/strong> encontramos una cita que <strong>est\u00e1 plenamente consolidada<\/strong> y que a\u00f1o tras a\u00f1o gana adeptos. Se trata del <strong>&#8216;Mercat del Nadal&#8217;<\/strong>, actividad\u00a0 que volver\u00e1 a <strong>La Glorieta<\/strong> dentro de unos d\u00edas y que incorporar\u00e1 en esta edici\u00f3n <strong>destacadas novedades<\/strong>.<\/p>\n<p style=\"text-align: justify;\">Una de las m\u00e1s destacadas es que el certamen se celebrar\u00e1 en dos fines de semana: <strong>del 29 de noviembre al 1 de diciembre, y del 6 al 8 de diciembre<\/strong>. Esta vez contar\u00e1 con <strong>40 casetas<\/strong> que ofrecer\u00e1n productos navide\u00f1os, todos provenientes de comercios locales y comarcales, y adem\u00e1s la oferta incluir\u00e1 una ludoteca con juegos de mesa, rompecabezas y juegos de destreza. Por otro lado habr\u00e1 atracciones para los m\u00e1s peque\u00f1os y varias actividades destinadas a toda la familia. A esta oferta se le suma un recinto ecol\u00f3gico &#8220;<em>cada d\u00eda, a las 12 y a las 18 horas, los visitantes podr\u00e1n disfrutar de una variada programaci\u00f3n cultural que incluir\u00e1 danzas, un concierto de rock, cuentacuentos o espect\u00e1culos de magia<\/em>&#8220;, afirma el vicealcalde de Alcoy y concejal de comercio; <strong>\u00c1lex Cerradelo<\/strong>. Este \u00faltimo se\u00f1ala tambi\u00e9n <strong>los motivos\u00a0<\/strong>por los cuales se ha decidido celebrar el &#8216;Mercat de Nadal&#8217; en dos fines de semana &#8220;<em>la forma en la que cae este a\u00f1o el puente festivo de diciembre en el calendario nos permite poder explorar esta posibilidad y crear m\u00e1s ambiente festivo a las puertas de la Navidad. Veremos como funciona y, si tiene \u00e9xito, evaluaremos su continuidad de cara a futuras ediciones&#8221;,\u00a0<\/em>detalla.<\/p>\n<p style=\"text-align: justify;\">El &#8216;Mercat de Nadal&#8217; est\u00e1 organizado por el Ayuntamiento de Alcoy y <strong>cuenta con la colaboraci\u00f3n<\/strong> con la C\u00e1mara de Comercio, la Diputaci\u00f3n Provincial de Alicante y entidades comerciales como ACECA o la Federaci\u00f3n de Comercio. La <strong>inauguraci\u00f3n oficial<\/strong> est\u00e1 prevista para la ma\u00f1ana del s\u00e1bado 30 de noviembre. El <strong>horario<\/strong> ser\u00e1 de 11:00h a 14:30h y de 17:00h a 20:30h, excepto el viernes 29 que abrir\u00e1 tan s\u00f3lo por la tarde.<\/p>\n","protected":false},"excerpt":{"rendered":"<p>Dentro de la programaci\u00f3n del &#8216;Nadal Alcoi\u00e0&#8217; encontramos una cita que est\u00e1 plenamente consolidada y que a\u00f1o tras a\u00f1o gana&#8230;<\/p>\n","protected":false},"author":1,"featured_media":126198,"comment_status":"open","ping_status":"open","sticky":false,"template":"","format":"standard","meta":{"footnotes":""},"categories":[6909,97,78,75],"tags":[1494,1899,4970,747],"class_list":["post-143424","post","type-post","status-publish","format-standard","has-post-thumbnail","hentry","category-actualidad","category-alcoy","category-fiestaycultura","category-noticias","tag-alcoy","tag-alex-cerradelo","tag-mercat-de-nadal","tag-programacion"],"yoast_head":"<!-- This site is optimized with the Yoast SEO plugin v27.3 - https:\/\/yoast.com\/product\/yoast-seo-wordpress\/ -->\n<title>El &#039;Mercat de Nadal&#039; de Alcoy se ampl\u00eda a dos fines de semana - COPE Alcoy<\/title>\n<meta name=\"description\" content=\"Dentro de la programaci\u00f3n del &#039;Nadal Alcoi\u00e0&#039; encontramos una cita que est\u00e1 plenamente consolidada y que a\u00f1o tras a\u00f1o gana adeptos\" \/>\n<meta name=\"robots\" content=\"index, follow, max-snippet:-1, max-image-preview:large, max-video-preview:-1\" \/>\n<link rel=\"canonical\" href=\"https:\/\/www.copealcoy.es\/es\/el-mercat-de-nadal-de-alcoy-se-amplia-a-dos-fines-de-semana\/\" \/>\n<meta property=\"og:locale\" content=\"es_ES\" \/>\n<meta property=\"og:type\" content=\"article\" \/>\n<meta property=\"og:title\" content=\"El &#039;Mercat de Nadal&#039; de Alcoy se ampl\u00eda a dos fines de semana - COPE Alcoy\" \/>\n<meta property=\"og:description\" content=\"Dentro de la programaci\u00f3n del &#039;Nadal Alcoi\u00e0&#039; encontramos una cita que est\u00e1 plenamente consolidada y que a\u00f1o tras a\u00f1o gana adeptos\" \/>\n<meta property=\"og:url\" content=\"https:\/\/www.copealcoy.es\/es\/el-mercat-de-nadal-de-alcoy-se-amplia-a-dos-fines-de-semana\/\" \/>\n<meta property=\"og:site_name\" content=\"COPE Alcoy\" \/>\n<meta property=\"article:published_time\" content=\"2024-11-22T07:00:25+00:00\" \/>\n<meta property=\"article:modified_time\" content=\"2024-11-22T07:58:22+00:00\" \/>\n<meta property=\"og:image\" content=\"https:\/\/www.copealcoy.es\/wp-content\/uploads\/2023\/12\/IMG_2568.jpg\" \/>\n\t<meta property=\"og:image:width\" content=\"640\" \/>\n\t<meta property=\"og:image:height\" content=\"480\" \/>\n\t<meta property=\"og:image:type\" content=\"image\/jpeg\" \/>\n<meta name=\"author\" content=\"Cope Alcoy\" \/>\n<meta name=\"twitter:label1\" content=\"Escrito por\" \/>\n\t<meta name=\"twitter:data1\" content=\"Cope Alcoy\" \/>\n\t<meta name=\"twitter:label2\" content=\"Tiempo de lectura\" \/>\n\t<meta name=\"twitter:data2\" content=\"2 minutos\" \/>\n<script type=\"application\/ld+json\" class=\"yoast-schema-graph\">{\"@context\":\"https:\\\/\\\/schema.org\",\"@graph\":[{\"@type\":\"Article\",\"@id\":\"https:\\\/\\\/www.copealcoy.es\\\/es\\\/el-mercat-de-nadal-de-alcoy-se-amplia-a-dos-fines-de-semana\\\/#article\",\"isPartOf\":{\"@id\":\"https:\\\/\\\/www.copealcoy.es\\\/es\\\/el-mercat-de-nadal-de-alcoy-se-amplia-a-dos-fines-de-semana\\\/\"},\"author\":{\"name\":\"Cope Alcoy\",\"@id\":\"https:\\\/\\\/www.copealcoy.es\\\/es\\\/#\\\/schema\\\/person\\\/e777c87fa024e57d40170af9df39882c\"},\"headline\":\"El &#8216;Mercat de Nadal&#8217; de Alcoy se ampl\u00eda a dos fines de semana\",\"datePublished\":\"2024-11-22T07:00:25+00:00\",\"dateModified\":\"2024-11-22T07:58:22+00:00\",\"mainEntityOfPage\":{\"@id\":\"https:\\\/\\\/www.copealcoy.es\\\/es\\\/el-mercat-de-nadal-de-alcoy-se-amplia-a-dos-fines-de-semana\\\/\"},\"wordCount\":353,\"commentCount\":0,\"image\":{\"@id\":\"https:\\\/\\\/www.copealcoy.es\\\/es\\\/el-mercat-de-nadal-de-alcoy-se-amplia-a-dos-fines-de-semana\\\/#primaryimage\"},\"thumbnailUrl\":\"https:\\\/\\\/www.copealcoy.es\\\/wp-content\\\/uploads\\\/2023\\\/12\\\/IMG_2568.jpg\",\"keywords\":[\"Alcoy\",\"\u00c1lex Cerradelo\",\"Mercat de Nadal\",\"Programaci\u00f3n\"],\"articleSection\":[\"Actualidad\",\"Alcoy\",\"Fiesta y Cultura\",\"Noticias\"],\"inLanguage\":\"es\"},{\"@type\":\"WebPage\",\"@id\":\"https:\\\/\\\/www.copealcoy.es\\\/es\\\/el-mercat-de-nadal-de-alcoy-se-amplia-a-dos-fines-de-semana\\\/\",\"url\":\"https:\\\/\\\/www.copealcoy.es\\\/es\\\/el-mercat-de-nadal-de-alcoy-se-amplia-a-dos-fines-de-semana\\\/\",\"name\":\"El 'Mercat de Nadal' de Alcoy se ampl\u00eda a dos fines de semana - COPE Alcoy\",\"isPartOf\":{\"@id\":\"https:\\\/\\\/www.copealcoy.es\\\/es\\\/#website\"},\"primaryImageOfPage\":{\"@id\":\"https:\\\/\\\/www.copealcoy.es\\\/es\\\/el-mercat-de-nadal-de-alcoy-se-amplia-a-dos-fines-de-semana\\\/#primaryimage\"},\"image\":{\"@id\":\"https:\\\/\\\/www.copealcoy.es\\\/es\\\/el-mercat-de-nadal-de-alcoy-se-amplia-a-dos-fines-de-semana\\\/#primaryimage\"},\"thumbnailUrl\":\"https:\\\/\\\/www.copealcoy.es\\\/wp-content\\\/uploads\\\/2023\\\/12\\\/IMG_2568.jpg\",\"datePublished\":\"2024-11-22T07:00:25+00:00\",\"dateModified\":\"2024-11-22T07:58:22+00:00\",\"author\":{\"@id\":\"https:\\\/\\\/www.copealcoy.es\\\/es\\\/#\\\/schema\\\/person\\\/e777c87fa024e57d40170af9df39882c\"},\"description\":\"Dentro de la programaci\u00f3n del 'Nadal Alcoi\u00e0' encontramos una cita que est\u00e1 plenamente consolidada y que a\u00f1o tras a\u00f1o gana adeptos\",\"breadcrumb\":{\"@id\":\"https:\\\/\\\/www.copealcoy.es\\\/es\\\/el-mercat-de-nadal-de-alcoy-se-amplia-a-dos-fines-de-semana\\\/#breadcrumb\"},\"inLanguage\":\"es\",\"potentialAction\":[{\"@type\":\"ReadAction\",\"target\":[\"https:\\\/\\\/www.copealcoy.es\\\/es\\\/el-mercat-de-nadal-de-alcoy-se-amplia-a-dos-fines-de-semana\\\/\"]}]},{\"@type\":\"ImageObject\",\"inLanguage\":\"es\",\"@id\":\"https:\\\/\\\/www.copealcoy.es\\\/es\\\/el-mercat-de-nadal-de-alcoy-se-amplia-a-dos-fines-de-semana\\\/#primaryimage\",\"url\":\"https:\\\/\\\/www.copealcoy.es\\\/wp-content\\\/uploads\\\/2023\\\/12\\\/IMG_2568.jpg\",\"contentUrl\":\"https:\\\/\\\/www.copealcoy.es\\\/wp-content\\\/uploads\\\/2023\\\/12\\\/IMG_2568.jpg\",\"width\":640,\"height\":480},{\"@type\":\"BreadcrumbList\",\"@id\":\"https:\\\/\\\/www.copealcoy.es\\\/es\\\/el-mercat-de-nadal-de-alcoy-se-amplia-a-dos-fines-de-semana\\\/#breadcrumb\",\"itemListElement\":[{\"@type\":\"ListItem\",\"position\":1,\"name\":\"Portada\",\"item\":\"https:\\\/\\\/www.copealcoy.es\\\/es\\\/\"},{\"@type\":\"ListItem\",\"position\":2,\"name\":\"El &#8216;Mercat de Nadal&#8217; de Alcoy se ampl\u00eda a dos fines de semana\"}]},{\"@type\":\"WebSite\",\"@id\":\"https:\\\/\\\/www.copealcoy.es\\\/es\\\/#website\",\"url\":\"https:\\\/\\\/www.copealcoy.es\\\/es\\\/\",\"name\":\"COPE Alcoy\",\"description\":\"Emisora COPE de radio local con emisi\u00f3n online. Pont de Sant Jordi 8-10 03803 Alcoy\",\"potentialAction\":[{\"@type\":\"SearchAction\",\"target\":{\"@type\":\"EntryPoint\",\"urlTemplate\":\"https:\\\/\\\/www.copealcoy.es\\\/es\\\/?s={search_term_string}\"},\"query-input\":{\"@type\":\"PropertyValueSpecification\",\"valueRequired\":true,\"valueName\":\"search_term_string\"}}],\"inLanguage\":\"es\"},{\"@type\":\"Person\",\"@id\":\"https:\\\/\\\/www.copealcoy.es\\\/es\\\/#\\\/schema\\\/person\\\/e777c87fa024e57d40170af9df39882c\",\"name\":\"Cope Alcoy\",\"image\":{\"@type\":\"ImageObject\",\"inLanguage\":\"es\",\"@id\":\"https:\\\/\\\/secure.gravatar.com\\\/avatar\\\/bb65d0283347e303893ba14f0692005417c1e0e690a325a4c5d8bb2b3943ee14?s=96&d=mm&r=g\",\"url\":\"https:\\\/\\\/secure.gravatar.com\\\/avatar\\\/bb65d0283347e303893ba14f0692005417c1e0e690a325a4c5d8bb2b3943ee14?s=96&d=mm&r=g\",\"contentUrl\":\"https:\\\/\\\/secure.gravatar.com\\\/avatar\\\/bb65d0283347e303893ba14f0692005417c1e0e690a325a4c5d8bb2b3943ee14?s=96&d=mm&r=g\",\"caption\":\"Cope Alcoy\"}}]}<\/script>\n<!-- \/ Yoast SEO plugin. -->","yoast_head_json":{"title":"El 'Mercat de Nadal' de Alcoy se ampl\u00eda a dos fines de semana - COPE Alcoy","description":"Dentro de la programaci\u00f3n del 'Nadal Alcoi\u00e0' encontramos una cita que est\u00e1 plenamente consolidada y que a\u00f1o tras a\u00f1o gana adeptos","robots":{"index":"index","follow":"follow","max-snippet":"max-snippet:-1","max-image-preview":"max-image-preview:large","max-video-preview":"max-video-preview:-1"},"canonical":"https:\/\/www.copealcoy.es\/es\/el-mercat-de-nadal-de-alcoy-se-amplia-a-dos-fines-de-semana\/","og_locale":"es_ES","og_type":"article","og_title":"El 'Mercat de Nadal' de Alcoy se ampl\u00eda a dos fines de semana - COPE Alcoy","og_description":"Dentro de la programaci\u00f3n del 'Nadal Alcoi\u00e0' encontramos una cita que est\u00e1 plenamente consolidada y que a\u00f1o tras a\u00f1o gana adeptos","og_url":"https:\/\/www.copealcoy.es\/es\/el-mercat-de-nadal-de-alcoy-se-amplia-a-dos-fines-de-semana\/","og_site_name":"COPE Alcoy","article_published_time":"2024-11-22T07:00:25+00:00","article_modified_time":"2024-11-22T07:58:22+00:00","og_image":[{"width":640,"height":480,"url":"https:\/\/www.copealcoy.es\/wp-content\/uploads\/2023\/12\/IMG_2568.jpg","type":"image\/jpeg"}],"author":"Cope Alcoy","twitter_misc":{"Escrito por":"Cope Alcoy","Tiempo de lectura":"2 minutos"},"schema":{"@context":"https:\/\/schema.org","@graph":[{"@type":"Article","@id":"https:\/\/www.copealcoy.es\/es\/el-mercat-de-nadal-de-alcoy-se-amplia-a-dos-fines-de-semana\/#article","isPartOf":{"@id":"https:\/\/www.copealcoy.es\/es\/el-mercat-de-nadal-de-alcoy-se-amplia-a-dos-fines-de-semana\/"},"author":{"name":"Cope Alcoy","@id":"https:\/\/www.copealcoy.es\/es\/#\/schema\/person\/e777c87fa024e57d40170af9df39882c"},"headline":"El &#8216;Mercat de Nadal&#8217; de Alcoy se ampl\u00eda a dos fines de semana","datePublished":"2024-11-22T07:00:25+00:00","dateModified":"2024-11-22T07:58:22+00:00","mainEntityOfPage":{"@id":"https:\/\/www.copealcoy.es\/es\/el-mercat-de-nadal-de-alcoy-se-amplia-a-dos-fines-de-semana\/"},"wordCount":353,"commentCount":0,"image":{"@id":"https:\/\/www.copealcoy.es\/es\/el-mercat-de-nadal-de-alcoy-se-amplia-a-dos-fines-de-semana\/#primaryimage"},"thumbnailUrl":"https:\/\/www.copealcoy.es\/wp-content\/uploads\/2023\/12\/IMG_2568.jpg","keywords":["Alcoy","\u00c1lex Cerradelo","Mercat de Nadal","Programaci\u00f3n"],"articleSection":["Actualidad","Alcoy","Fiesta y Cultura","Noticias"],"inLanguage":"es"},{"@type":"WebPage","@id":"https:\/\/www.copealcoy.es\/es\/el-mercat-de-nadal-de-alcoy-se-amplia-a-dos-fines-de-semana\/","url":"https:\/\/www.copealcoy.es\/es\/el-mercat-de-nadal-de-alcoy-se-amplia-a-dos-fines-de-semana\/","name":"El 'Mercat de Nadal' de Alcoy se ampl\u00eda a dos fines de semana - COPE Alcoy","isPartOf":{"@id":"https:\/\/www.copealcoy.es\/es\/#website"},"primaryImageOfPage":{"@id":"https:\/\/www.copealcoy.es\/es\/el-mercat-de-nadal-de-alcoy-se-amplia-a-dos-fines-de-semana\/#primaryimage"},"image":{"@id":"https:\/\/www.copealcoy.es\/es\/el-mercat-de-nadal-de-alcoy-se-amplia-a-dos-fines-de-semana\/#primaryimage"},"thumbnailUrl":"https:\/\/www.copealcoy.es\/wp-content\/uploads\/2023\/12\/IMG_2568.jpg","datePublished":"2024-11-22T07:00:25+00:00","dateModified":"2024-11-22T07:58:22+00:00","author":{"@id":"https:\/\/www.copealcoy.es\/es\/#\/schema\/person\/e777c87fa024e57d40170af9df39882c"},"description":"Dentro de la programaci\u00f3n del 'Nadal Alcoi\u00e0' encontramos una cita que est\u00e1 plenamente consolidada y que a\u00f1o tras a\u00f1o gana adeptos","breadcrumb":{"@id":"https:\/\/www.copealcoy.es\/es\/el-mercat-de-nadal-de-alcoy-se-amplia-a-dos-fines-de-semana\/#breadcrumb"},"inLanguage":"es","potentialAction":[{"@type":"ReadAction","target":["https:\/\/www.copealcoy.es\/es\/el-mercat-de-nadal-de-alcoy-se-amplia-a-dos-fines-de-semana\/"]}]},{"@type":"ImageObject","inLanguage":"es","@id":"https:\/\/www.copealcoy.es\/es\/el-mercat-de-nadal-de-alcoy-se-amplia-a-dos-fines-de-semana\/#primaryimage","url":"https:\/\/www.copealcoy.es\/wp-content\/uploads\/2023\/12\/IMG_2568.jpg","contentUrl":"https:\/\/www.copealcoy.es\/wp-content\/uploads\/2023\/12\/IMG_2568.jpg","width":640,"height":480},{"@type":"BreadcrumbList","@id":"https:\/\/www.copealcoy.es\/es\/el-mercat-de-nadal-de-alcoy-se-amplia-a-dos-fines-de-semana\/#breadcrumb","itemListElement":[{"@type":"ListItem","position":1,"name":"Portada","item":"https:\/\/www.copealcoy.es\/es\/"},{"@type":"ListItem","position":2,"name":"El &#8216;Mercat de Nadal&#8217; de Alcoy se ampl\u00eda a dos fines de semana"}]},{"@type":"WebSite","@id":"https:\/\/www.copealcoy.es\/es\/#website","url":"https:\/\/www.copealcoy.es\/es\/","name":"COPE Alcoy","description":"Emisora COPE de radio local con emisi\u00f3n online. Pont de Sant Jordi 8-10 03803 Alcoy","potentialAction":[{"@type":"SearchAction","target":{"@type":"EntryPoint","urlTemplate":"https:\/\/www.copealcoy.es\/es\/?s={search_term_string}"},"query-input":{"@type":"PropertyValueSpecification","valueRequired":true,"valueName":"search_term_string"}}],"inLanguage":"es"},{"@type":"Person","@id":"https:\/\/www.copealcoy.es\/es\/#\/schema\/person\/e777c87fa024e57d40170af9df39882c","name":"Cope Alcoy","image":{"@type":"ImageObject","inLanguage":"es","@id":"https:\/\/secure.gravatar.com\/avatar\/bb65d0283347e303893ba14f0692005417c1e0e690a325a4c5d8bb2b3943ee14?s=96&d=mm&r=g","url":"https:\/\/secure.gravatar.com\/avatar\/bb65d0283347e303893ba14f0692005417c1e0e690a325a4c5d8bb2b3943ee14?s=96&d=mm&r=g","contentUrl":"https:\/\/secure.gravatar.com\/avatar\/bb65d0283347e303893ba14f0692005417c1e0e690a325a4c5d8bb2b3943ee14?s=96&d=mm&r=g","caption":"Cope Alcoy"}}]}},"_links":{"self":[{"href":"https:\/\/www.copealcoy.es\/es\/wp-json\/wp\/v2\/posts\/143424","targetHints":{"allow":["GET"]}}],"collection":[{"href":"https:\/\/www.copealcoy.es\/es\/wp-json\/wp\/v2\/posts"}],"about":[{"href":"https:\/\/www.copealcoy.es\/es\/wp-json\/wp\/v2\/types\/post"}],"author":[{"embeddable":true,"href":"https:\/\/www.copealcoy.es\/es\/wp-json\/wp\/v2\/users\/1"}],"replies":[{"embeddable":true,"href":"https:\/\/www.copealcoy.es\/es\/wp-json\/wp\/v2\/comments?post=143424"}],"version-history":[{"count":0,"href":"https:\/\/www.copealcoy.es\/es\/wp-json\/wp\/v2\/posts\/143424\/revisions"}],"wp:featuredmedia":[{"embeddable":true,"href":"https:\/\/www.copealcoy.es\/es\/wp-json\/wp\/v2\/media\/126198"}],"wp:attachment":[{"href":"https:\/\/www.copealcoy.es\/es\/wp-json\/wp\/v2\/media?parent=143424"}],"wp:term":[{"taxonomy":"category","embeddable":true,"href":"https:\/\/www.copealcoy.es\/es\/wp-json\/wp\/v2\/categories?post=143424"},{"taxonomy":"post_tag","embeddable":true,"href":"https:\/\/www.copealcoy.es\/es\/wp-json\/wp\/v2\/tags?post=143424"}],"curies":[{"name":"wp","href":"https:\/\/api.w.org\/{rel}","templated":true}]}}