{"id":143409,"date":"2024-11-22T08:05:00","date_gmt":"2024-11-22T07:05:00","guid":{"rendered":"https:\/\/www.copealcoy.es\/?p=143409"},"modified":"2024-11-22T08:58:39","modified_gmt":"2024-11-22T07:58:39","slug":"tirisiti-regresa-a-alcoy-para-dar-la-bienvenida-a-la-navidad","status":"publish","type":"post","link":"https:\/\/www.copealcoy.es\/es\/tirisiti-regresa-a-alcoy-para-dar-la-bienvenida-a-la-navidad\/","title":{"rendered":"Tirisiti regresa a Alcoy para dar la bienvenida a la Navidad"},"content":{"rendered":"<p style=\"text-align: justify;\">La Navidad est\u00e1 a la vuelta de la esquina y <strong>una de las se\u00f1ales que advierte la llegada de las pr\u00f3ximas Fiestas<\/strong> es el <strong>inicio de las representaciones del Bel\u00e9n de Tirisiti<\/strong>. Toda <strong>la infraestructura<\/strong> para las representaciones del popular retablo navide\u00f1o alcoyano ya est\u00e1 lista al igual que <strong>se ultiman todos los preparativos<\/strong> para que arranquen las funciones de la campa\u00f1a de este a\u00f1o.<\/p>\n<p style=\"text-align: justify;\">Este <strong>viernes 22 de noviembre<\/strong> arrancar\u00e1n las <strong>representaciones para el p\u00fablico escolar<\/strong> que se desarrollar\u00e1n hasta pr\u00e1cticamente el pr\u00f3ximo 21 de diciembre. Este a\u00f1o, se prev\u00e9 la asistencia de alrededor de 15.000 ni\u00f1os y ni\u00f1as de toda la Comunitat Valenciana, en un centenar de sesiones, aunque la DANA ha afectado a la programaci\u00f3n, provocando que cerca de 800 alumnos procedentes de la provincia de Valencia que ya hab\u00edan reservado su sesi\u00f3n no puedan asistir. Ya el <strong>22 de diciembre<\/strong>, como suele ser habitual, comenzar\u00e1n las <strong>funciones para el p\u00fablico<\/strong> <strong>en general<\/strong> habi\u00e9ndose previsto unas 89 en total.\u00a0 Las entradas estar\u00e1n disponibles a partir del <strong>13 de diciembre<\/strong> a las 16 horas en <a href=\"https:\/\/home.ticketalcoi.com\/\" target=\"_blank\" rel=\"noopener\"><strong><span style=\"color: #0000ff;\">TicketAlcoi , <\/span><\/strong><\/a>con un precio mantenido de 5 euros por funci\u00f3n, m\u00e1s gastos de gesti\u00f3n, lo que eleva el total a los 5,65 euros &#8220;<em>si todo va como siempre, y el tiempo nos sigue acompa\u00f1ando, podr\u00edamos estar hablando de tener de nuevo m\u00e1s de 25.000 espectadores durante toda la campa\u00f1a<\/em>&#8220;, afirma <strong>Joanfra Rozal\u00e9n<\/strong>; al frente de La Dependent como compa\u00f1\u00eda que hace posible una vez m\u00e1s las mencionadas representaciones. Tambi\u00e9n la edil de Cultura, Elisa Guillem, se\u00f1ala el impacto que genera en la ciudad el Tirisiti &#8220;<em>es un polo de atracci\u00f3n que permite, adem\u00e1s, conocer todo lo que ofrecemos durante la Navidad y los diferentes recursos que tenemos. La gente que viene tambi\u00e9n aprovecha para comprar en el comercio local o consumir en la hosteler\u00eda, con lo cual estamos hablando de un aut\u00e9ntico motor que dinamiza la ciudad<\/em>&#8220;, manifiesta.<\/p>\n<p style=\"text-align: justify;\">Por \u00faltimo, se han organizado <strong>tres s\u00e1bados con funciones especiales<\/strong> reservadas para entidades, asociaciones e instituciones. Estas sesiones tendr\u00e1n lugar los s\u00e1bados 30 de noviembre y 7 y 13 de diciembre, sumando un total de 20 funciones matinales. Las entradas para estas funciones especiales ya est\u00e1n a la venta.<\/p>\n","protected":false},"excerpt":{"rendered":"<p>La Navidad est\u00e1 a la vuelta de la esquina y una de las se\u00f1ales que advierte la llegada de las&#8230;<\/p>\n","protected":false},"author":1,"featured_media":143410,"comment_status":"open","ping_status":"open","sticky":false,"template":"","format":"standard","meta":{"footnotes":""},"categories":[6909,97,75,125],"tags":[1494,3356,199,1215,5401],"class_list":["post-143409","post","type-post","status-publish","format-standard","has-post-thumbnail","hentry","category-actualidad","category-alcoy","category-noticias","category-portada","tag-alcoy","tag-belen-de-tirisiti","tag-campana","tag-inicio","tag-representaciones"],"yoast_head":"<!-- This site is optimized with the Yoast SEO plugin v27.3 - https:\/\/yoast.com\/product\/yoast-seo-wordpress\/ -->\n<title>Tirisiti regresa a Alcoy para dar la bienvenida a la Navidad - COPE Alcoy<\/title>\n<meta name=\"robots\" content=\"index, follow, max-snippet:-1, max-image-preview:large, max-video-preview:-1\" \/>\n<link rel=\"canonical\" href=\"https:\/\/www.copealcoy.es\/es\/tirisiti-regresa-a-alcoy-para-dar-la-bienvenida-a-la-navidad\/\" \/>\n<meta property=\"og:locale\" content=\"es_ES\" \/>\n<meta property=\"og:type\" content=\"article\" \/>\n<meta property=\"og:title\" content=\"Tirisiti regresa a Alcoy para dar la bienvenida a la Navidad - COPE Alcoy\" \/>\n<meta property=\"og:description\" content=\"La Navidad est\u00e1 a la vuelta de la esquina y una de las se\u00f1ales que advierte la llegada de las...\" \/>\n<meta property=\"og:url\" content=\"https:\/\/www.copealcoy.es\/es\/tirisiti-regresa-a-alcoy-para-dar-la-bienvenida-a-la-navidad\/\" \/>\n<meta property=\"og:site_name\" content=\"COPE Alcoy\" \/>\n<meta property=\"article:published_time\" content=\"2024-11-22T07:05:00+00:00\" \/>\n<meta property=\"article:modified_time\" content=\"2024-11-22T07:58:39+00:00\" \/>\n<meta property=\"og:image\" content=\"https:\/\/www.copealcoy.es\/wp-content\/uploads\/2024\/11\/unnamed-1-30-scaled.jpg\" \/>\n\t<meta property=\"og:image:width\" content=\"1700\" \/>\n\t<meta property=\"og:image:height\" content=\"1080\" \/>\n\t<meta property=\"og:image:type\" content=\"image\/jpeg\" \/>\n<meta name=\"author\" content=\"Cope Alcoy\" \/>\n<meta name=\"twitter:label1\" content=\"Escrito por\" \/>\n\t<meta name=\"twitter:data1\" content=\"Cope Alcoy\" \/>\n\t<meta name=\"twitter:label2\" content=\"Tiempo de lectura\" \/>\n\t<meta name=\"twitter:data2\" content=\"3 minutos\" \/>\n<script type=\"application\/ld+json\" class=\"yoast-schema-graph\">{\"@context\":\"https:\\\/\\\/schema.org\",\"@graph\":[{\"@type\":\"Article\",\"@id\":\"https:\\\/\\\/www.copealcoy.es\\\/es\\\/tirisiti-regresa-a-alcoy-para-dar-la-bienvenida-a-la-navidad\\\/#article\",\"isPartOf\":{\"@id\":\"https:\\\/\\\/www.copealcoy.es\\\/es\\\/tirisiti-regresa-a-alcoy-para-dar-la-bienvenida-a-la-navidad\\\/\"},\"author\":{\"name\":\"Cope Alcoy\",\"@id\":\"https:\\\/\\\/www.copealcoy.es\\\/es\\\/#\\\/schema\\\/person\\\/e777c87fa024e57d40170af9df39882c\"},\"headline\":\"Tirisiti regresa a Alcoy para dar la bienvenida a la Navidad\",\"datePublished\":\"2024-11-22T07:05:00+00:00\",\"dateModified\":\"2024-11-22T07:58:39+00:00\",\"mainEntityOfPage\":{\"@id\":\"https:\\\/\\\/www.copealcoy.es\\\/es\\\/tirisiti-regresa-a-alcoy-para-dar-la-bienvenida-a-la-navidad\\\/\"},\"wordCount\":402,\"commentCount\":0,\"image\":{\"@id\":\"https:\\\/\\\/www.copealcoy.es\\\/es\\\/tirisiti-regresa-a-alcoy-para-dar-la-bienvenida-a-la-navidad\\\/#primaryimage\"},\"thumbnailUrl\":\"https:\\\/\\\/www.copealcoy.es\\\/wp-content\\\/uploads\\\/2024\\\/11\\\/unnamed-1-30-scaled.jpg\",\"keywords\":[\"Alcoy\",\"Bel\u00e9n de Tirisiti\",\"Campa\u00f1a\",\"inicio\",\"representaciones\"],\"articleSection\":[\"Actualidad\",\"Alcoy\",\"Noticias\",\"Portada\"],\"inLanguage\":\"es\"},{\"@type\":\"WebPage\",\"@id\":\"https:\\\/\\\/www.copealcoy.es\\\/es\\\/tirisiti-regresa-a-alcoy-para-dar-la-bienvenida-a-la-navidad\\\/\",\"url\":\"https:\\\/\\\/www.copealcoy.es\\\/es\\\/tirisiti-regresa-a-alcoy-para-dar-la-bienvenida-a-la-navidad\\\/\",\"name\":\"Tirisiti regresa a Alcoy para dar la bienvenida a la Navidad - COPE Alcoy\",\"isPartOf\":{\"@id\":\"https:\\\/\\\/www.copealcoy.es\\\/es\\\/#website\"},\"primaryImageOfPage\":{\"@id\":\"https:\\\/\\\/www.copealcoy.es\\\/es\\\/tirisiti-regresa-a-alcoy-para-dar-la-bienvenida-a-la-navidad\\\/#primaryimage\"},\"image\":{\"@id\":\"https:\\\/\\\/www.copealcoy.es\\\/es\\\/tirisiti-regresa-a-alcoy-para-dar-la-bienvenida-a-la-navidad\\\/#primaryimage\"},\"thumbnailUrl\":\"https:\\\/\\\/www.copealcoy.es\\\/wp-content\\\/uploads\\\/2024\\\/11\\\/unnamed-1-30-scaled.jpg\",\"datePublished\":\"2024-11-22T07:05:00+00:00\",\"dateModified\":\"2024-11-22T07:58:39+00:00\",\"author\":{\"@id\":\"https:\\\/\\\/www.copealcoy.es\\\/es\\\/#\\\/schema\\\/person\\\/e777c87fa024e57d40170af9df39882c\"},\"breadcrumb\":{\"@id\":\"https:\\\/\\\/www.copealcoy.es\\\/es\\\/tirisiti-regresa-a-alcoy-para-dar-la-bienvenida-a-la-navidad\\\/#breadcrumb\"},\"inLanguage\":\"es\",\"potentialAction\":[{\"@type\":\"ReadAction\",\"target\":[\"https:\\\/\\\/www.copealcoy.es\\\/es\\\/tirisiti-regresa-a-alcoy-para-dar-la-bienvenida-a-la-navidad\\\/\"]}]},{\"@type\":\"ImageObject\",\"inLanguage\":\"es\",\"@id\":\"https:\\\/\\\/www.copealcoy.es\\\/es\\\/tirisiti-regresa-a-alcoy-para-dar-la-bienvenida-a-la-navidad\\\/#primaryimage\",\"url\":\"https:\\\/\\\/www.copealcoy.es\\\/wp-content\\\/uploads\\\/2024\\\/11\\\/unnamed-1-30-scaled.jpg\",\"contentUrl\":\"https:\\\/\\\/www.copealcoy.es\\\/wp-content\\\/uploads\\\/2024\\\/11\\\/unnamed-1-30-scaled.jpg\",\"width\":1700,\"height\":1080},{\"@type\":\"BreadcrumbList\",\"@id\":\"https:\\\/\\\/www.copealcoy.es\\\/es\\\/tirisiti-regresa-a-alcoy-para-dar-la-bienvenida-a-la-navidad\\\/#breadcrumb\",\"itemListElement\":[{\"@type\":\"ListItem\",\"position\":1,\"name\":\"Portada\",\"item\":\"https:\\\/\\\/www.copealcoy.es\\\/es\\\/\"},{\"@type\":\"ListItem\",\"position\":2,\"name\":\"Tirisiti regresa a Alcoy para dar la bienvenida a la Navidad\"}]},{\"@type\":\"WebSite\",\"@id\":\"https:\\\/\\\/www.copealcoy.es\\\/es\\\/#website\",\"url\":\"https:\\\/\\\/www.copealcoy.es\\\/es\\\/\",\"name\":\"COPE Alcoy\",\"description\":\"Emisora COPE de radio local con emisi\u00f3n online. Pont de Sant Jordi 8-10 03803 Alcoy\",\"potentialAction\":[{\"@type\":\"SearchAction\",\"target\":{\"@type\":\"EntryPoint\",\"urlTemplate\":\"https:\\\/\\\/www.copealcoy.es\\\/es\\\/?s={search_term_string}\"},\"query-input\":{\"@type\":\"PropertyValueSpecification\",\"valueRequired\":true,\"valueName\":\"search_term_string\"}}],\"inLanguage\":\"es\"},{\"@type\":\"Person\",\"@id\":\"https:\\\/\\\/www.copealcoy.es\\\/es\\\/#\\\/schema\\\/person\\\/e777c87fa024e57d40170af9df39882c\",\"name\":\"Cope Alcoy\",\"image\":{\"@type\":\"ImageObject\",\"inLanguage\":\"es\",\"@id\":\"https:\\\/\\\/secure.gravatar.com\\\/avatar\\\/bb65d0283347e303893ba14f0692005417c1e0e690a325a4c5d8bb2b3943ee14?s=96&d=mm&r=g\",\"url\":\"https:\\\/\\\/secure.gravatar.com\\\/avatar\\\/bb65d0283347e303893ba14f0692005417c1e0e690a325a4c5d8bb2b3943ee14?s=96&d=mm&r=g\",\"contentUrl\":\"https:\\\/\\\/secure.gravatar.com\\\/avatar\\\/bb65d0283347e303893ba14f0692005417c1e0e690a325a4c5d8bb2b3943ee14?s=96&d=mm&r=g\",\"caption\":\"Cope Alcoy\"}}]}<\/script>\n<!-- \/ Yoast SEO plugin. -->","yoast_head_json":{"title":"Tirisiti regresa a Alcoy para dar la bienvenida a la Navidad - COPE Alcoy","robots":{"index":"index","follow":"follow","max-snippet":"max-snippet:-1","max-image-preview":"max-image-preview:large","max-video-preview":"max-video-preview:-1"},"canonical":"https:\/\/www.copealcoy.es\/es\/tirisiti-regresa-a-alcoy-para-dar-la-bienvenida-a-la-navidad\/","og_locale":"es_ES","og_type":"article","og_title":"Tirisiti regresa a Alcoy para dar la bienvenida a la Navidad - COPE Alcoy","og_description":"La Navidad est\u00e1 a la vuelta de la esquina y una de las se\u00f1ales que advierte la llegada de las...","og_url":"https:\/\/www.copealcoy.es\/es\/tirisiti-regresa-a-alcoy-para-dar-la-bienvenida-a-la-navidad\/","og_site_name":"COPE Alcoy","article_published_time":"2024-11-22T07:05:00+00:00","article_modified_time":"2024-11-22T07:58:39+00:00","og_image":[{"width":1700,"height":1080,"url":"https:\/\/www.copealcoy.es\/wp-content\/uploads\/2024\/11\/unnamed-1-30-scaled.jpg","type":"image\/jpeg"}],"author":"Cope Alcoy","twitter_misc":{"Escrito por":"Cope Alcoy","Tiempo de lectura":"3 minutos"},"schema":{"@context":"https:\/\/schema.org","@graph":[{"@type":"Article","@id":"https:\/\/www.copealcoy.es\/es\/tirisiti-regresa-a-alcoy-para-dar-la-bienvenida-a-la-navidad\/#article","isPartOf":{"@id":"https:\/\/www.copealcoy.es\/es\/tirisiti-regresa-a-alcoy-para-dar-la-bienvenida-a-la-navidad\/"},"author":{"name":"Cope Alcoy","@id":"https:\/\/www.copealcoy.es\/es\/#\/schema\/person\/e777c87fa024e57d40170af9df39882c"},"headline":"Tirisiti regresa a Alcoy para dar la bienvenida a la Navidad","datePublished":"2024-11-22T07:05:00+00:00","dateModified":"2024-11-22T07:58:39+00:00","mainEntityOfPage":{"@id":"https:\/\/www.copealcoy.es\/es\/tirisiti-regresa-a-alcoy-para-dar-la-bienvenida-a-la-navidad\/"},"wordCount":402,"commentCount":0,"image":{"@id":"https:\/\/www.copealcoy.es\/es\/tirisiti-regresa-a-alcoy-para-dar-la-bienvenida-a-la-navidad\/#primaryimage"},"thumbnailUrl":"https:\/\/www.copealcoy.es\/wp-content\/uploads\/2024\/11\/unnamed-1-30-scaled.jpg","keywords":["Alcoy","Bel\u00e9n de Tirisiti","Campa\u00f1a","inicio","representaciones"],"articleSection":["Actualidad","Alcoy","Noticias","Portada"],"inLanguage":"es"},{"@type":"WebPage","@id":"https:\/\/www.copealcoy.es\/es\/tirisiti-regresa-a-alcoy-para-dar-la-bienvenida-a-la-navidad\/","url":"https:\/\/www.copealcoy.es\/es\/tirisiti-regresa-a-alcoy-para-dar-la-bienvenida-a-la-navidad\/","name":"Tirisiti regresa a Alcoy para dar la bienvenida a la Navidad - COPE Alcoy","isPartOf":{"@id":"https:\/\/www.copealcoy.es\/es\/#website"},"primaryImageOfPage":{"@id":"https:\/\/www.copealcoy.es\/es\/tirisiti-regresa-a-alcoy-para-dar-la-bienvenida-a-la-navidad\/#primaryimage"},"image":{"@id":"https:\/\/www.copealcoy.es\/es\/tirisiti-regresa-a-alcoy-para-dar-la-bienvenida-a-la-navidad\/#primaryimage"},"thumbnailUrl":"https:\/\/www.copealcoy.es\/wp-content\/uploads\/2024\/11\/unnamed-1-30-scaled.jpg","datePublished":"2024-11-22T07:05:00+00:00","dateModified":"2024-11-22T07:58:39+00:00","author":{"@id":"https:\/\/www.copealcoy.es\/es\/#\/schema\/person\/e777c87fa024e57d40170af9df39882c"},"breadcrumb":{"@id":"https:\/\/www.copealcoy.es\/es\/tirisiti-regresa-a-alcoy-para-dar-la-bienvenida-a-la-navidad\/#breadcrumb"},"inLanguage":"es","potentialAction":[{"@type":"ReadAction","target":["https:\/\/www.copealcoy.es\/es\/tirisiti-regresa-a-alcoy-para-dar-la-bienvenida-a-la-navidad\/"]}]},{"@type":"ImageObject","inLanguage":"es","@id":"https:\/\/www.copealcoy.es\/es\/tirisiti-regresa-a-alcoy-para-dar-la-bienvenida-a-la-navidad\/#primaryimage","url":"https:\/\/www.copealcoy.es\/wp-content\/uploads\/2024\/11\/unnamed-1-30-scaled.jpg","contentUrl":"https:\/\/www.copealcoy.es\/wp-content\/uploads\/2024\/11\/unnamed-1-30-scaled.jpg","width":1700,"height":1080},{"@type":"BreadcrumbList","@id":"https:\/\/www.copealcoy.es\/es\/tirisiti-regresa-a-alcoy-para-dar-la-bienvenida-a-la-navidad\/#breadcrumb","itemListElement":[{"@type":"ListItem","position":1,"name":"Portada","item":"https:\/\/www.copealcoy.es\/es\/"},{"@type":"ListItem","position":2,"name":"Tirisiti regresa a Alcoy para dar la bienvenida a la Navidad"}]},{"@type":"WebSite","@id":"https:\/\/www.copealcoy.es\/es\/#website","url":"https:\/\/www.copealcoy.es\/es\/","name":"COPE Alcoy","description":"Emisora COPE de radio local con emisi\u00f3n online. Pont de Sant Jordi 8-10 03803 Alcoy","potentialAction":[{"@type":"SearchAction","target":{"@type":"EntryPoint","urlTemplate":"https:\/\/www.copealcoy.es\/es\/?s={search_term_string}"},"query-input":{"@type":"PropertyValueSpecification","valueRequired":true,"valueName":"search_term_string"}}],"inLanguage":"es"},{"@type":"Person","@id":"https:\/\/www.copealcoy.es\/es\/#\/schema\/person\/e777c87fa024e57d40170af9df39882c","name":"Cope Alcoy","image":{"@type":"ImageObject","inLanguage":"es","@id":"https:\/\/secure.gravatar.com\/avatar\/bb65d0283347e303893ba14f0692005417c1e0e690a325a4c5d8bb2b3943ee14?s=96&d=mm&r=g","url":"https:\/\/secure.gravatar.com\/avatar\/bb65d0283347e303893ba14f0692005417c1e0e690a325a4c5d8bb2b3943ee14?s=96&d=mm&r=g","contentUrl":"https:\/\/secure.gravatar.com\/avatar\/bb65d0283347e303893ba14f0692005417c1e0e690a325a4c5d8bb2b3943ee14?s=96&d=mm&r=g","caption":"Cope Alcoy"}}]}},"_links":{"self":[{"href":"https:\/\/www.copealcoy.es\/es\/wp-json\/wp\/v2\/posts\/143409","targetHints":{"allow":["GET"]}}],"collection":[{"href":"https:\/\/www.copealcoy.es\/es\/wp-json\/wp\/v2\/posts"}],"about":[{"href":"https:\/\/www.copealcoy.es\/es\/wp-json\/wp\/v2\/types\/post"}],"author":[{"embeddable":true,"href":"https:\/\/www.copealcoy.es\/es\/wp-json\/wp\/v2\/users\/1"}],"replies":[{"embeddable":true,"href":"https:\/\/www.copealcoy.es\/es\/wp-json\/wp\/v2\/comments?post=143409"}],"version-history":[{"count":0,"href":"https:\/\/www.copealcoy.es\/es\/wp-json\/wp\/v2\/posts\/143409\/revisions"}],"wp:featuredmedia":[{"embeddable":true,"href":"https:\/\/www.copealcoy.es\/es\/wp-json\/wp\/v2\/media\/143410"}],"wp:attachment":[{"href":"https:\/\/www.copealcoy.es\/es\/wp-json\/wp\/v2\/media?parent=143409"}],"wp:term":[{"taxonomy":"category","embeddable":true,"href":"https:\/\/www.copealcoy.es\/es\/wp-json\/wp\/v2\/categories?post=143409"},{"taxonomy":"post_tag","embeddable":true,"href":"https:\/\/www.copealcoy.es\/es\/wp-json\/wp\/v2\/tags?post=143409"}],"curies":[{"name":"wp","href":"https:\/\/api.w.org\/{rel}","templated":true}]}}