{"id":14339,"date":"2015-07-02T21:46:22","date_gmt":"2015-07-02T21:46:22","guid":{"rendered":"http:\/\/copealcoi.es\/new\/?p=14339"},"modified":"2015-07-02T21:46:22","modified_gmt":"2015-07-02T21:46:22","slug":"guanyar-alcoi-insta-a-habilitar-partidas-para-los-proyectos-de-los-presupuestos-participativos","status":"publish","type":"post","link":"https:\/\/www.copealcoy.es\/es\/guanyar-alcoi-insta-a-habilitar-partidas-para-los-proyectos-de-los-presupuestos-participativos\/","title":{"rendered":"Guanyar Alcoi insta a habilitar partidas para los proyectos de los Presupuestos Participativos"},"content":{"rendered":"<p style=\"text-align: justify;\">Guanyar Alcoi ha instado al Gobierno Municipal a que habilite partidas para la ejecuci\u00f3n de los proyectos que surgieron de la iniciativa de los Presupuestos Participativos durante el pasado a\u00f1o 2014. Desde la Plataforma han se\u00f1alado que el hecho de que el Ayuntamiento de Alcoy tenga las cuentas prorrogadas puede provocar que las propuestas planteadas por los vecinos est\u00e9n en riesgo de ejecuci\u00f3n &#8220;ser\u00eda muy desagradable que esos proyectos trabajados por los ciudadanos no salieran adelante y adem\u00e1s ir\u00eda en detrimento de la participaci\u00f3n&#8221;, destaca el edil Paco Paredes. En este sentido Paredes\u00a0entiende que el Gobierno ha tenido dificultades para sacar adelante el Presupuesto de 2015 pero asegura que esto &#8220;no debe de ser un impedimento para poder ejecutar las iniciativas surgidas&#8221;, concluye.<\/p>\n<p style=\"text-align: justify;\">Por \u00faltimo el edil afirma que en los Presupuestos Participativos participan cada vez m\u00e1s alcoyanos y se muestra confiado en que estas pol\u00edticas no caigan en el olvido &#8220;esperamos que sigan desarrollando los Presupuestos Participativos, porque son una herramienta fundamental para impulsar la democracia directa e implicar a la ciudadan\u00eda en la toma de decisiones&#8221;, matiza.<\/p>\n","protected":false},"excerpt":{"rendered":"<p>Guanyar Alcoi ha instado al Gobierno Municipal a que habilite partidas para la ejecuci\u00f3n de los proyectos que surgieron de&#8230;<\/p>\n","protected":false},"author":1,"featured_media":13662,"comment_status":"open","ping_status":"open","sticky":false,"template":"","format":"standard","meta":{"footnotes":""},"categories":[97,75,79],"tags":[1494,997,1237,316],"class_list":["post-14339","post","type-post","status-publish","format-standard","has-post-thumbnail","hentry","category-alcoy","category-noticias","category-politicayeconomia","tag-alcoy","tag-guanyar","tag-participativos","tag-presupuestos"],"yoast_head":"<!-- This site is optimized with the Yoast SEO plugin v27.3 - https:\/\/yoast.com\/product\/yoast-seo-wordpress\/ -->\n<title>Guanyar Alcoi insta a habilitar partidas para los proyectos de los Presupuestos Participativos - COPE Alcoy<\/title>\n<meta name=\"robots\" content=\"index, follow, max-snippet:-1, max-image-preview:large, max-video-preview:-1\" \/>\n<link rel=\"canonical\" href=\"https:\/\/www.copealcoy.es\/es\/guanyar-alcoi-insta-a-habilitar-partidas-para-los-proyectos-de-los-presupuestos-participativos\/\" \/>\n<meta property=\"og:locale\" content=\"es_ES\" \/>\n<meta property=\"og:type\" content=\"article\" \/>\n<meta property=\"og:title\" content=\"Guanyar Alcoi insta a habilitar partidas para los proyectos de los Presupuestos Participativos - COPE Alcoy\" \/>\n<meta property=\"og:description\" content=\"Guanyar Alcoi ha instado al Gobierno Municipal a que habilite partidas para la ejecuci\u00f3n de los proyectos que surgieron de...\" \/>\n<meta property=\"og:url\" content=\"https:\/\/www.copealcoy.es\/es\/guanyar-alcoi-insta-a-habilitar-partidas-para-los-proyectos-de-los-presupuestos-participativos\/\" \/>\n<meta property=\"og:site_name\" content=\"COPE Alcoy\" \/>\n<meta property=\"article:published_time\" content=\"2015-07-02T21:46:22+00:00\" \/>\n<meta property=\"og:image\" content=\"https:\/\/www.copealcoy.es\/wp-content\/uploads\/2015\/06\/guanyar-1024x683.jpg\" \/>\n\t<meta property=\"og:image:width\" content=\"1024\" \/>\n\t<meta property=\"og:image:height\" content=\"683\" \/>\n\t<meta property=\"og:image:type\" content=\"image\/jpeg\" \/>\n<meta name=\"author\" content=\"Cope Alcoy\" \/>\n<meta name=\"twitter:label1\" content=\"Escrito por\" \/>\n\t<meta name=\"twitter:data1\" content=\"Cope Alcoy\" \/>\n\t<meta name=\"twitter:label2\" content=\"Tiempo de lectura\" \/>\n\t<meta name=\"twitter:data2\" content=\"1 minuto\" \/>\n<script type=\"application\/ld+json\" class=\"yoast-schema-graph\">{\"@context\":\"https:\\\/\\\/schema.org\",\"@graph\":[{\"@type\":\"Article\",\"@id\":\"https:\\\/\\\/www.copealcoy.es\\\/es\\\/guanyar-alcoi-insta-a-habilitar-partidas-para-los-proyectos-de-los-presupuestos-participativos\\\/#article\",\"isPartOf\":{\"@id\":\"https:\\\/\\\/www.copealcoy.es\\\/es\\\/guanyar-alcoi-insta-a-habilitar-partidas-para-los-proyectos-de-los-presupuestos-participativos\\\/\"},\"author\":{\"name\":\"Cope Alcoy\",\"@id\":\"https:\\\/\\\/www.copealcoy.es\\\/es\\\/#\\\/schema\\\/person\\\/e777c87fa024e57d40170af9df39882c\"},\"headline\":\"Guanyar Alcoi insta a habilitar partidas para los proyectos de los Presupuestos Participativos\",\"datePublished\":\"2015-07-02T21:46:22+00:00\",\"mainEntityOfPage\":{\"@id\":\"https:\\\/\\\/www.copealcoy.es\\\/es\\\/guanyar-alcoi-insta-a-habilitar-partidas-para-los-proyectos-de-los-presupuestos-participativos\\\/\"},\"wordCount\":203,\"commentCount\":0,\"image\":{\"@id\":\"https:\\\/\\\/www.copealcoy.es\\\/es\\\/guanyar-alcoi-insta-a-habilitar-partidas-para-los-proyectos-de-los-presupuestos-participativos\\\/#primaryimage\"},\"thumbnailUrl\":\"https:\\\/\\\/www.copealcoy.es\\\/wp-content\\\/uploads\\\/2015\\\/06\\\/guanyar.jpg\",\"keywords\":[\"Alcoy\",\"Guanyar\",\"Participativos\",\"Presupuestos\"],\"articleSection\":[\"Alcoy\",\"Noticias\",\"Pol\u00edtica y Econom\u00eda\"],\"inLanguage\":\"es\"},{\"@type\":\"WebPage\",\"@id\":\"https:\\\/\\\/www.copealcoy.es\\\/es\\\/guanyar-alcoi-insta-a-habilitar-partidas-para-los-proyectos-de-los-presupuestos-participativos\\\/\",\"url\":\"https:\\\/\\\/www.copealcoy.es\\\/es\\\/guanyar-alcoi-insta-a-habilitar-partidas-para-los-proyectos-de-los-presupuestos-participativos\\\/\",\"name\":\"Guanyar Alcoi insta a habilitar partidas para los proyectos de los Presupuestos Participativos - COPE Alcoy\",\"isPartOf\":{\"@id\":\"https:\\\/\\\/www.copealcoy.es\\\/es\\\/#website\"},\"primaryImageOfPage\":{\"@id\":\"https:\\\/\\\/www.copealcoy.es\\\/es\\\/guanyar-alcoi-insta-a-habilitar-partidas-para-los-proyectos-de-los-presupuestos-participativos\\\/#primaryimage\"},\"image\":{\"@id\":\"https:\\\/\\\/www.copealcoy.es\\\/es\\\/guanyar-alcoi-insta-a-habilitar-partidas-para-los-proyectos-de-los-presupuestos-participativos\\\/#primaryimage\"},\"thumbnailUrl\":\"https:\\\/\\\/www.copealcoy.es\\\/wp-content\\\/uploads\\\/2015\\\/06\\\/guanyar.jpg\",\"datePublished\":\"2015-07-02T21:46:22+00:00\",\"author\":{\"@id\":\"https:\\\/\\\/www.copealcoy.es\\\/es\\\/#\\\/schema\\\/person\\\/e777c87fa024e57d40170af9df39882c\"},\"breadcrumb\":{\"@id\":\"https:\\\/\\\/www.copealcoy.es\\\/es\\\/guanyar-alcoi-insta-a-habilitar-partidas-para-los-proyectos-de-los-presupuestos-participativos\\\/#breadcrumb\"},\"inLanguage\":\"es\",\"potentialAction\":[{\"@type\":\"ReadAction\",\"target\":[\"https:\\\/\\\/www.copealcoy.es\\\/es\\\/guanyar-alcoi-insta-a-habilitar-partidas-para-los-proyectos-de-los-presupuestos-participativos\\\/\"]}]},{\"@type\":\"ImageObject\",\"inLanguage\":\"es\",\"@id\":\"https:\\\/\\\/www.copealcoy.es\\\/es\\\/guanyar-alcoi-insta-a-habilitar-partidas-para-los-proyectos-de-los-presupuestos-participativos\\\/#primaryimage\",\"url\":\"https:\\\/\\\/www.copealcoy.es\\\/wp-content\\\/uploads\\\/2015\\\/06\\\/guanyar.jpg\",\"contentUrl\":\"https:\\\/\\\/www.copealcoy.es\\\/wp-content\\\/uploads\\\/2015\\\/06\\\/guanyar.jpg\",\"width\":1620,\"height\":1080,\"caption\":\"Franc\u00e9s junto a los representantes de Guanyar en una reuni\u00f3n en el Ayuntamiento\"},{\"@type\":\"BreadcrumbList\",\"@id\":\"https:\\\/\\\/www.copealcoy.es\\\/es\\\/guanyar-alcoi-insta-a-habilitar-partidas-para-los-proyectos-de-los-presupuestos-participativos\\\/#breadcrumb\",\"itemListElement\":[{\"@type\":\"ListItem\",\"position\":1,\"name\":\"Portada\",\"item\":\"https:\\\/\\\/www.copealcoy.es\\\/es\\\/\"},{\"@type\":\"ListItem\",\"position\":2,\"name\":\"Guanyar Alcoi insta a habilitar partidas para los proyectos de los Presupuestos Participativos\"}]},{\"@type\":\"WebSite\",\"@id\":\"https:\\\/\\\/www.copealcoy.es\\\/es\\\/#website\",\"url\":\"https:\\\/\\\/www.copealcoy.es\\\/es\\\/\",\"name\":\"COPE Alcoy\",\"description\":\"Emisora COPE de radio local con emisi\u00f3n online. Pont de Sant Jordi 8-10 03803 Alcoy\",\"potentialAction\":[{\"@type\":\"SearchAction\",\"target\":{\"@type\":\"EntryPoint\",\"urlTemplate\":\"https:\\\/\\\/www.copealcoy.es\\\/es\\\/?s={search_term_string}\"},\"query-input\":{\"@type\":\"PropertyValueSpecification\",\"valueRequired\":true,\"valueName\":\"search_term_string\"}}],\"inLanguage\":\"es\"},{\"@type\":\"Person\",\"@id\":\"https:\\\/\\\/www.copealcoy.es\\\/es\\\/#\\\/schema\\\/person\\\/e777c87fa024e57d40170af9df39882c\",\"name\":\"Cope Alcoy\",\"image\":{\"@type\":\"ImageObject\",\"inLanguage\":\"es\",\"@id\":\"https:\\\/\\\/secure.gravatar.com\\\/avatar\\\/bb65d0283347e303893ba14f0692005417c1e0e690a325a4c5d8bb2b3943ee14?s=96&d=mm&r=g\",\"url\":\"https:\\\/\\\/secure.gravatar.com\\\/avatar\\\/bb65d0283347e303893ba14f0692005417c1e0e690a325a4c5d8bb2b3943ee14?s=96&d=mm&r=g\",\"contentUrl\":\"https:\\\/\\\/secure.gravatar.com\\\/avatar\\\/bb65d0283347e303893ba14f0692005417c1e0e690a325a4c5d8bb2b3943ee14?s=96&d=mm&r=g\",\"caption\":\"Cope Alcoy\"}}]}<\/script>\n<!-- \/ Yoast SEO plugin. -->","yoast_head_json":{"title":"Guanyar Alcoi insta a habilitar partidas para los proyectos de los Presupuestos Participativos - COPE Alcoy","robots":{"index":"index","follow":"follow","max-snippet":"max-snippet:-1","max-image-preview":"max-image-preview:large","max-video-preview":"max-video-preview:-1"},"canonical":"https:\/\/www.copealcoy.es\/es\/guanyar-alcoi-insta-a-habilitar-partidas-para-los-proyectos-de-los-presupuestos-participativos\/","og_locale":"es_ES","og_type":"article","og_title":"Guanyar Alcoi insta a habilitar partidas para los proyectos de los Presupuestos Participativos - COPE Alcoy","og_description":"Guanyar Alcoi ha instado al Gobierno Municipal a que habilite partidas para la ejecuci\u00f3n de los proyectos que surgieron de...","og_url":"https:\/\/www.copealcoy.es\/es\/guanyar-alcoi-insta-a-habilitar-partidas-para-los-proyectos-de-los-presupuestos-participativos\/","og_site_name":"COPE Alcoy","article_published_time":"2015-07-02T21:46:22+00:00","og_image":[{"width":1024,"height":683,"url":"https:\/\/www.copealcoy.es\/wp-content\/uploads\/2015\/06\/guanyar-1024x683.jpg","type":"image\/jpeg"}],"author":"Cope Alcoy","twitter_misc":{"Escrito por":"Cope Alcoy","Tiempo de lectura":"1 minuto"},"schema":{"@context":"https:\/\/schema.org","@graph":[{"@type":"Article","@id":"https:\/\/www.copealcoy.es\/es\/guanyar-alcoi-insta-a-habilitar-partidas-para-los-proyectos-de-los-presupuestos-participativos\/#article","isPartOf":{"@id":"https:\/\/www.copealcoy.es\/es\/guanyar-alcoi-insta-a-habilitar-partidas-para-los-proyectos-de-los-presupuestos-participativos\/"},"author":{"name":"Cope Alcoy","@id":"https:\/\/www.copealcoy.es\/es\/#\/schema\/person\/e777c87fa024e57d40170af9df39882c"},"headline":"Guanyar Alcoi insta a habilitar partidas para los proyectos de los Presupuestos Participativos","datePublished":"2015-07-02T21:46:22+00:00","mainEntityOfPage":{"@id":"https:\/\/www.copealcoy.es\/es\/guanyar-alcoi-insta-a-habilitar-partidas-para-los-proyectos-de-los-presupuestos-participativos\/"},"wordCount":203,"commentCount":0,"image":{"@id":"https:\/\/www.copealcoy.es\/es\/guanyar-alcoi-insta-a-habilitar-partidas-para-los-proyectos-de-los-presupuestos-participativos\/#primaryimage"},"thumbnailUrl":"https:\/\/www.copealcoy.es\/wp-content\/uploads\/2015\/06\/guanyar.jpg","keywords":["Alcoy","Guanyar","Participativos","Presupuestos"],"articleSection":["Alcoy","Noticias","Pol\u00edtica y Econom\u00eda"],"inLanguage":"es"},{"@type":"WebPage","@id":"https:\/\/www.copealcoy.es\/es\/guanyar-alcoi-insta-a-habilitar-partidas-para-los-proyectos-de-los-presupuestos-participativos\/","url":"https:\/\/www.copealcoy.es\/es\/guanyar-alcoi-insta-a-habilitar-partidas-para-los-proyectos-de-los-presupuestos-participativos\/","name":"Guanyar Alcoi insta a habilitar partidas para los proyectos de los Presupuestos Participativos - COPE Alcoy","isPartOf":{"@id":"https:\/\/www.copealcoy.es\/es\/#website"},"primaryImageOfPage":{"@id":"https:\/\/www.copealcoy.es\/es\/guanyar-alcoi-insta-a-habilitar-partidas-para-los-proyectos-de-los-presupuestos-participativos\/#primaryimage"},"image":{"@id":"https:\/\/www.copealcoy.es\/es\/guanyar-alcoi-insta-a-habilitar-partidas-para-los-proyectos-de-los-presupuestos-participativos\/#primaryimage"},"thumbnailUrl":"https:\/\/www.copealcoy.es\/wp-content\/uploads\/2015\/06\/guanyar.jpg","datePublished":"2015-07-02T21:46:22+00:00","author":{"@id":"https:\/\/www.copealcoy.es\/es\/#\/schema\/person\/e777c87fa024e57d40170af9df39882c"},"breadcrumb":{"@id":"https:\/\/www.copealcoy.es\/es\/guanyar-alcoi-insta-a-habilitar-partidas-para-los-proyectos-de-los-presupuestos-participativos\/#breadcrumb"},"inLanguage":"es","potentialAction":[{"@type":"ReadAction","target":["https:\/\/www.copealcoy.es\/es\/guanyar-alcoi-insta-a-habilitar-partidas-para-los-proyectos-de-los-presupuestos-participativos\/"]}]},{"@type":"ImageObject","inLanguage":"es","@id":"https:\/\/www.copealcoy.es\/es\/guanyar-alcoi-insta-a-habilitar-partidas-para-los-proyectos-de-los-presupuestos-participativos\/#primaryimage","url":"https:\/\/www.copealcoy.es\/wp-content\/uploads\/2015\/06\/guanyar.jpg","contentUrl":"https:\/\/www.copealcoy.es\/wp-content\/uploads\/2015\/06\/guanyar.jpg","width":1620,"height":1080,"caption":"Franc\u00e9s junto a los representantes de Guanyar en una reuni\u00f3n en el Ayuntamiento"},{"@type":"BreadcrumbList","@id":"https:\/\/www.copealcoy.es\/es\/guanyar-alcoi-insta-a-habilitar-partidas-para-los-proyectos-de-los-presupuestos-participativos\/#breadcrumb","itemListElement":[{"@type":"ListItem","position":1,"name":"Portada","item":"https:\/\/www.copealcoy.es\/es\/"},{"@type":"ListItem","position":2,"name":"Guanyar Alcoi insta a habilitar partidas para los proyectos de los Presupuestos Participativos"}]},{"@type":"WebSite","@id":"https:\/\/www.copealcoy.es\/es\/#website","url":"https:\/\/www.copealcoy.es\/es\/","name":"COPE Alcoy","description":"Emisora COPE de radio local con emisi\u00f3n online. Pont de Sant Jordi 8-10 03803 Alcoy","potentialAction":[{"@type":"SearchAction","target":{"@type":"EntryPoint","urlTemplate":"https:\/\/www.copealcoy.es\/es\/?s={search_term_string}"},"query-input":{"@type":"PropertyValueSpecification","valueRequired":true,"valueName":"search_term_string"}}],"inLanguage":"es"},{"@type":"Person","@id":"https:\/\/www.copealcoy.es\/es\/#\/schema\/person\/e777c87fa024e57d40170af9df39882c","name":"Cope Alcoy","image":{"@type":"ImageObject","inLanguage":"es","@id":"https:\/\/secure.gravatar.com\/avatar\/bb65d0283347e303893ba14f0692005417c1e0e690a325a4c5d8bb2b3943ee14?s=96&d=mm&r=g","url":"https:\/\/secure.gravatar.com\/avatar\/bb65d0283347e303893ba14f0692005417c1e0e690a325a4c5d8bb2b3943ee14?s=96&d=mm&r=g","contentUrl":"https:\/\/secure.gravatar.com\/avatar\/bb65d0283347e303893ba14f0692005417c1e0e690a325a4c5d8bb2b3943ee14?s=96&d=mm&r=g","caption":"Cope Alcoy"}}]}},"_links":{"self":[{"href":"https:\/\/www.copealcoy.es\/es\/wp-json\/wp\/v2\/posts\/14339","targetHints":{"allow":["GET"]}}],"collection":[{"href":"https:\/\/www.copealcoy.es\/es\/wp-json\/wp\/v2\/posts"}],"about":[{"href":"https:\/\/www.copealcoy.es\/es\/wp-json\/wp\/v2\/types\/post"}],"author":[{"embeddable":true,"href":"https:\/\/www.copealcoy.es\/es\/wp-json\/wp\/v2\/users\/1"}],"replies":[{"embeddable":true,"href":"https:\/\/www.copealcoy.es\/es\/wp-json\/wp\/v2\/comments?post=14339"}],"version-history":[{"count":0,"href":"https:\/\/www.copealcoy.es\/es\/wp-json\/wp\/v2\/posts\/14339\/revisions"}],"wp:featuredmedia":[{"embeddable":true,"href":"https:\/\/www.copealcoy.es\/es\/wp-json\/wp\/v2\/media\/13662"}],"wp:attachment":[{"href":"https:\/\/www.copealcoy.es\/es\/wp-json\/wp\/v2\/media?parent=14339"}],"wp:term":[{"taxonomy":"category","embeddable":true,"href":"https:\/\/www.copealcoy.es\/es\/wp-json\/wp\/v2\/categories?post=14339"},{"taxonomy":"post_tag","embeddable":true,"href":"https:\/\/www.copealcoy.es\/es\/wp-json\/wp\/v2\/tags?post=14339"}],"curies":[{"name":"wp","href":"https:\/\/api.w.org\/{rel}","templated":true}]}}