{"id":143373,"date":"2024-11-20T12:10:00","date_gmt":"2024-11-20T11:10:00","guid":{"rendered":"https:\/\/www.copealcoy.es\/?p=143373"},"modified":"2024-11-20T13:28:50","modified_gmt":"2024-11-20T12:28:50","slug":"el-gobierno-mantiene-la-intencion-de-que-alcoy-tenga-presupuestos-a-principios-de-2025","status":"publish","type":"post","link":"https:\/\/www.copealcoy.es\/es\/el-gobierno-mantiene-la-intencion-de-que-alcoy-tenga-presupuestos-a-principios-de-2025\/","title":{"rendered":"El gobierno mantiene la intenci\u00f3n de que Alcoy tenga Presupuestos a principios de 2025"},"content":{"rendered":"<p style=\"text-align: justify;\">Con <strong>la recta final de 2024 a la vuelta de la esquina<\/strong> toca ya pensar en <strong>los Presupuestos Municipales<\/strong> del pr\u00f3ximo a\u00f1o para que sean aprobados en tiempo y forma, y no en junio como sucedi\u00f3 el pasado a\u00f1o despu\u00e9s de que 2023 las cuentas salieran adelante en mayo a escasos d\u00edas de las Elecciones Municipales. Este retraso es algo que no quieren desde <a href=\"https:\/\/www.facebook.com\/guanyaralcoi\" target=\"_blank\" rel=\"noopener\"><span style=\"color: #0000ff;\"><strong>Guanyar Alcoi<\/strong><\/span><\/a>, formaci\u00f3n pol\u00edtica que meses atr\u00e1s ya puso sobre la mesa que el mismo Presupuesto se se sometiera a votaci\u00f3n del pleno, a muy tardar, a inicios de 2025 como <strong>condici\u00f3n<\/strong> para dar su apoyo a las citadas cuentas.<\/p>\n<p style=\"text-align: justify;\">Desde la plataforma destacan que <strong>pasada la primera quincena de noviembre<\/strong> <strong>no tienen todav\u00eda ning\u00fan borrador<\/strong> y reprochan al ejecutivo local que este documento previo deber\u00eda de haber sido presentado a los grupos de la oposici\u00f3n antes de que acabara octubre. Guanyar afirma que el tiempo va pasando y que en las alturas del a\u00f1o en la que nos encontramos &#8220;<em>se hace muy dif\u00edcil trabajar el proyecto que presente el gobierno para hacer aportaciones. Si no existe suficiente compromiso por parte del gobierno para llevar a cabo los acuerdos, es imposible contar con nosotros para volver a aprobar, desde la izquierda, un nuevo presupuesto. Lamentamos profundamente que los incumplimientos del gobierno nos obligan a adoptar una posici\u00f3n contundente que no nos es nada grata. Nosotros s\u00ed que cumplimos con nuestros compromisos y estamos para cambiar las din\u00e1micas que son perniciosas para el funcionamiento del Ayuntamiento y en consecuencia negativas para la ciudadan\u00eda<\/em>&#8220;, afirmaba ayer en el #TiempoDeAn\u00e1lisis de COPE ALCOY el portavoz de la formaci\u00f3n; <strong>Sergi Rodr\u00edguez<\/strong>.<\/p>\n<p style=\"text-align: justify;\">Desde el gobierno local explicaron que <strong>la maquinaria para elaborar las cuentas ya est\u00e1 en marcha<\/strong> y detallan que la pasada semana <strong>ya pasaron a los t\u00e9cnicos un primer borrador<\/strong> para introducir diferentes datos. <strong>Vanessa Molt\u00f3<\/strong>, edil de Hacienda, asegur\u00f3 tambi\u00e9n en la tertulia de esta casa que si esa propuesta es validada esta semana &#8220;<em>podr\u00edamos estar hablando de proporcionar el primer borrador en los pr\u00f3ximos d\u00edas. Nuestra obligaci\u00f3n es presentar los Presupuestos para que puedan salir a finales de a\u00f1o o a principios del siguiente<\/em>&#8220;, dijo junto al vicealcalde, <strong>\u00c1lex Cerradelo<\/strong>.<\/p>\n<p style=\"text-align: justify;\"><strong>Partido Popular <\/strong>y<strong> VOX<\/strong> tambi\u00e9n esperan que el borrador sea una realidad lo m\u00e1s pronto que tarde. Se\u00f1alaron, a su juicio, que aprobar las cuentas avanzado el 2025 <strong>volver\u00eda a complicar la gesti\u00f3n econ\u00f3mica<\/strong> del Ayuntamiento.<\/p>\n","protected":false},"excerpt":{"rendered":"<p>Con la recta final de 2024 a la vuelta de la esquina toca ya pensar en los Presupuestos Municipales del&#8230;<\/p>\n","protected":false},"author":1,"featured_media":76821,"comment_status":"open","ping_status":"open","sticky":false,"template":"","format":"standard","meta":{"footnotes":""},"categories":[6909,97,75,79,125],"tags":[1494,276,1325,1572],"class_list":["post-143373","post","type-post","status-publish","format-standard","has-post-thumbnail","hentry","category-actualidad","category-alcoy","category-noticias","category-politicayeconomia","category-portada","tag-alcoy","tag-aprobacion","tag-guanyar-alcoi","tag-presupuestos-municipales"],"yoast_head":"<!-- This site is optimized with the Yoast SEO plugin v27.3 - https:\/\/yoast.com\/product\/yoast-seo-wordpress\/ -->\n<title>El gobierno mantiene la intenci\u00f3n de que Alcoy tenga Presupuestos a principios de 2025 - COPE Alcoy<\/title>\n<meta name=\"description\" content=\"Con la recta final de 2024 a la vuelta de la esquina toca ya pensar en los Presupuestos Municipales del pr\u00f3ximo a\u00f1o para que sean aprobados en tiempo y forma\" \/>\n<meta name=\"robots\" content=\"index, follow, max-snippet:-1, max-image-preview:large, max-video-preview:-1\" \/>\n<link rel=\"canonical\" href=\"https:\/\/www.copealcoy.es\/es\/el-gobierno-mantiene-la-intencion-de-que-alcoy-tenga-presupuestos-a-principios-de-2025\/\" \/>\n<meta property=\"og:locale\" content=\"es_ES\" \/>\n<meta property=\"og:type\" content=\"article\" \/>\n<meta property=\"og:title\" content=\"El gobierno mantiene la intenci\u00f3n de que Alcoy tenga Presupuestos a principios de 2025 - COPE Alcoy\" \/>\n<meta property=\"og:description\" content=\"Con la recta final de 2024 a la vuelta de la esquina toca ya pensar en los Presupuestos Municipales del pr\u00f3ximo a\u00f1o para que sean aprobados en tiempo y forma\" \/>\n<meta property=\"og:url\" content=\"https:\/\/www.copealcoy.es\/es\/el-gobierno-mantiene-la-intencion-de-que-alcoy-tenga-presupuestos-a-principios-de-2025\/\" \/>\n<meta property=\"og:site_name\" content=\"COPE Alcoy\" \/>\n<meta property=\"article:published_time\" content=\"2024-11-20T11:10:00+00:00\" \/>\n<meta property=\"article:modified_time\" content=\"2024-11-20T12:28:50+00:00\" \/>\n<meta property=\"og:image\" content=\"https:\/\/www.copealcoy.es\/wp-content\/uploads\/2021\/08\/ajuntament-2-e1629909036832.jpg\" \/>\n\t<meta property=\"og:image:width\" content=\"960\" \/>\n\t<meta property=\"og:image:height\" content=\"532\" \/>\n\t<meta property=\"og:image:type\" content=\"image\/jpeg\" \/>\n<meta name=\"author\" content=\"Cope Alcoy\" \/>\n<meta name=\"twitter:label1\" content=\"Escrito por\" \/>\n\t<meta name=\"twitter:data1\" content=\"Cope Alcoy\" \/>\n\t<meta name=\"twitter:label2\" content=\"Tiempo de lectura\" \/>\n\t<meta name=\"twitter:data2\" content=\"3 minutos\" \/>\n<script type=\"application\/ld+json\" class=\"yoast-schema-graph\">{\"@context\":\"https:\\\/\\\/schema.org\",\"@graph\":[{\"@type\":\"Article\",\"@id\":\"https:\\\/\\\/www.copealcoy.es\\\/es\\\/el-gobierno-mantiene-la-intencion-de-que-alcoy-tenga-presupuestos-a-principios-de-2025\\\/#article\",\"isPartOf\":{\"@id\":\"https:\\\/\\\/www.copealcoy.es\\\/es\\\/el-gobierno-mantiene-la-intencion-de-que-alcoy-tenga-presupuestos-a-principios-de-2025\\\/\"},\"author\":{\"name\":\"Cope Alcoy\",\"@id\":\"https:\\\/\\\/www.copealcoy.es\\\/es\\\/#\\\/schema\\\/person\\\/e777c87fa024e57d40170af9df39882c\"},\"headline\":\"El gobierno mantiene la intenci\u00f3n de que Alcoy tenga Presupuestos a principios de 2025\",\"datePublished\":\"2024-11-20T11:10:00+00:00\",\"dateModified\":\"2024-11-20T12:28:50+00:00\",\"mainEntityOfPage\":{\"@id\":\"https:\\\/\\\/www.copealcoy.es\\\/es\\\/el-gobierno-mantiene-la-intencion-de-que-alcoy-tenga-presupuestos-a-principios-de-2025\\\/\"},\"wordCount\":444,\"commentCount\":0,\"image\":{\"@id\":\"https:\\\/\\\/www.copealcoy.es\\\/es\\\/el-gobierno-mantiene-la-intencion-de-que-alcoy-tenga-presupuestos-a-principios-de-2025\\\/#primaryimage\"},\"thumbnailUrl\":\"https:\\\/\\\/www.copealcoy.es\\\/wp-content\\\/uploads\\\/2021\\\/08\\\/ajuntament-2-e1629909036832.jpg\",\"keywords\":[\"Alcoy\",\"Aprobaci\u00f3n\",\"Guanyar Alcoi\",\"Presupuestos Municipales\"],\"articleSection\":[\"Actualidad\",\"Alcoy\",\"Noticias\",\"Pol\u00edtica y Econom\u00eda\",\"Portada\"],\"inLanguage\":\"es\"},{\"@type\":\"WebPage\",\"@id\":\"https:\\\/\\\/www.copealcoy.es\\\/es\\\/el-gobierno-mantiene-la-intencion-de-que-alcoy-tenga-presupuestos-a-principios-de-2025\\\/\",\"url\":\"https:\\\/\\\/www.copealcoy.es\\\/es\\\/el-gobierno-mantiene-la-intencion-de-que-alcoy-tenga-presupuestos-a-principios-de-2025\\\/\",\"name\":\"El gobierno mantiene la intenci\u00f3n de que Alcoy tenga Presupuestos a principios de 2025 - COPE Alcoy\",\"isPartOf\":{\"@id\":\"https:\\\/\\\/www.copealcoy.es\\\/es\\\/#website\"},\"primaryImageOfPage\":{\"@id\":\"https:\\\/\\\/www.copealcoy.es\\\/es\\\/el-gobierno-mantiene-la-intencion-de-que-alcoy-tenga-presupuestos-a-principios-de-2025\\\/#primaryimage\"},\"image\":{\"@id\":\"https:\\\/\\\/www.copealcoy.es\\\/es\\\/el-gobierno-mantiene-la-intencion-de-que-alcoy-tenga-presupuestos-a-principios-de-2025\\\/#primaryimage\"},\"thumbnailUrl\":\"https:\\\/\\\/www.copealcoy.es\\\/wp-content\\\/uploads\\\/2021\\\/08\\\/ajuntament-2-e1629909036832.jpg\",\"datePublished\":\"2024-11-20T11:10:00+00:00\",\"dateModified\":\"2024-11-20T12:28:50+00:00\",\"author\":{\"@id\":\"https:\\\/\\\/www.copealcoy.es\\\/es\\\/#\\\/schema\\\/person\\\/e777c87fa024e57d40170af9df39882c\"},\"description\":\"Con la recta final de 2024 a la vuelta de la esquina toca ya pensar en los Presupuestos Municipales del pr\u00f3ximo a\u00f1o para que sean aprobados en tiempo y forma\",\"breadcrumb\":{\"@id\":\"https:\\\/\\\/www.copealcoy.es\\\/es\\\/el-gobierno-mantiene-la-intencion-de-que-alcoy-tenga-presupuestos-a-principios-de-2025\\\/#breadcrumb\"},\"inLanguage\":\"es\",\"potentialAction\":[{\"@type\":\"ReadAction\",\"target\":[\"https:\\\/\\\/www.copealcoy.es\\\/es\\\/el-gobierno-mantiene-la-intencion-de-que-alcoy-tenga-presupuestos-a-principios-de-2025\\\/\"]}]},{\"@type\":\"ImageObject\",\"inLanguage\":\"es\",\"@id\":\"https:\\\/\\\/www.copealcoy.es\\\/es\\\/el-gobierno-mantiene-la-intencion-de-que-alcoy-tenga-presupuestos-a-principios-de-2025\\\/#primaryimage\",\"url\":\"https:\\\/\\\/www.copealcoy.es\\\/wp-content\\\/uploads\\\/2021\\\/08\\\/ajuntament-2-e1629909036832.jpg\",\"contentUrl\":\"https:\\\/\\\/www.copealcoy.es\\\/wp-content\\\/uploads\\\/2021\\\/08\\\/ajuntament-2-e1629909036832.jpg\",\"width\":960,\"height\":532},{\"@type\":\"BreadcrumbList\",\"@id\":\"https:\\\/\\\/www.copealcoy.es\\\/es\\\/el-gobierno-mantiene-la-intencion-de-que-alcoy-tenga-presupuestos-a-principios-de-2025\\\/#breadcrumb\",\"itemListElement\":[{\"@type\":\"ListItem\",\"position\":1,\"name\":\"Portada\",\"item\":\"https:\\\/\\\/www.copealcoy.es\\\/es\\\/\"},{\"@type\":\"ListItem\",\"position\":2,\"name\":\"El gobierno mantiene la intenci\u00f3n de que Alcoy tenga Presupuestos a principios de 2025\"}]},{\"@type\":\"WebSite\",\"@id\":\"https:\\\/\\\/www.copealcoy.es\\\/es\\\/#website\",\"url\":\"https:\\\/\\\/www.copealcoy.es\\\/es\\\/\",\"name\":\"COPE Alcoy\",\"description\":\"Emisora COPE de radio local con emisi\u00f3n online. Pont de Sant Jordi 8-10 03803 Alcoy\",\"potentialAction\":[{\"@type\":\"SearchAction\",\"target\":{\"@type\":\"EntryPoint\",\"urlTemplate\":\"https:\\\/\\\/www.copealcoy.es\\\/es\\\/?s={search_term_string}\"},\"query-input\":{\"@type\":\"PropertyValueSpecification\",\"valueRequired\":true,\"valueName\":\"search_term_string\"}}],\"inLanguage\":\"es\"},{\"@type\":\"Person\",\"@id\":\"https:\\\/\\\/www.copealcoy.es\\\/es\\\/#\\\/schema\\\/person\\\/e777c87fa024e57d40170af9df39882c\",\"name\":\"Cope Alcoy\",\"image\":{\"@type\":\"ImageObject\",\"inLanguage\":\"es\",\"@id\":\"https:\\\/\\\/secure.gravatar.com\\\/avatar\\\/bb65d0283347e303893ba14f0692005417c1e0e690a325a4c5d8bb2b3943ee14?s=96&d=mm&r=g\",\"url\":\"https:\\\/\\\/secure.gravatar.com\\\/avatar\\\/bb65d0283347e303893ba14f0692005417c1e0e690a325a4c5d8bb2b3943ee14?s=96&d=mm&r=g\",\"contentUrl\":\"https:\\\/\\\/secure.gravatar.com\\\/avatar\\\/bb65d0283347e303893ba14f0692005417c1e0e690a325a4c5d8bb2b3943ee14?s=96&d=mm&r=g\",\"caption\":\"Cope Alcoy\"}}]}<\/script>\n<!-- \/ Yoast SEO plugin. -->","yoast_head_json":{"title":"El gobierno mantiene la intenci\u00f3n de que Alcoy tenga Presupuestos a principios de 2025 - COPE Alcoy","description":"Con la recta final de 2024 a la vuelta de la esquina toca ya pensar en los Presupuestos Municipales del pr\u00f3ximo a\u00f1o para que sean aprobados en tiempo y forma","robots":{"index":"index","follow":"follow","max-snippet":"max-snippet:-1","max-image-preview":"max-image-preview:large","max-video-preview":"max-video-preview:-1"},"canonical":"https:\/\/www.copealcoy.es\/es\/el-gobierno-mantiene-la-intencion-de-que-alcoy-tenga-presupuestos-a-principios-de-2025\/","og_locale":"es_ES","og_type":"article","og_title":"El gobierno mantiene la intenci\u00f3n de que Alcoy tenga Presupuestos a principios de 2025 - COPE Alcoy","og_description":"Con la recta final de 2024 a la vuelta de la esquina toca ya pensar en los Presupuestos Municipales del pr\u00f3ximo a\u00f1o para que sean aprobados en tiempo y forma","og_url":"https:\/\/www.copealcoy.es\/es\/el-gobierno-mantiene-la-intencion-de-que-alcoy-tenga-presupuestos-a-principios-de-2025\/","og_site_name":"COPE Alcoy","article_published_time":"2024-11-20T11:10:00+00:00","article_modified_time":"2024-11-20T12:28:50+00:00","og_image":[{"width":960,"height":532,"url":"https:\/\/www.copealcoy.es\/wp-content\/uploads\/2021\/08\/ajuntament-2-e1629909036832.jpg","type":"image\/jpeg"}],"author":"Cope Alcoy","twitter_misc":{"Escrito por":"Cope Alcoy","Tiempo de lectura":"3 minutos"},"schema":{"@context":"https:\/\/schema.org","@graph":[{"@type":"Article","@id":"https:\/\/www.copealcoy.es\/es\/el-gobierno-mantiene-la-intencion-de-que-alcoy-tenga-presupuestos-a-principios-de-2025\/#article","isPartOf":{"@id":"https:\/\/www.copealcoy.es\/es\/el-gobierno-mantiene-la-intencion-de-que-alcoy-tenga-presupuestos-a-principios-de-2025\/"},"author":{"name":"Cope Alcoy","@id":"https:\/\/www.copealcoy.es\/es\/#\/schema\/person\/e777c87fa024e57d40170af9df39882c"},"headline":"El gobierno mantiene la intenci\u00f3n de que Alcoy tenga Presupuestos a principios de 2025","datePublished":"2024-11-20T11:10:00+00:00","dateModified":"2024-11-20T12:28:50+00:00","mainEntityOfPage":{"@id":"https:\/\/www.copealcoy.es\/es\/el-gobierno-mantiene-la-intencion-de-que-alcoy-tenga-presupuestos-a-principios-de-2025\/"},"wordCount":444,"commentCount":0,"image":{"@id":"https:\/\/www.copealcoy.es\/es\/el-gobierno-mantiene-la-intencion-de-que-alcoy-tenga-presupuestos-a-principios-de-2025\/#primaryimage"},"thumbnailUrl":"https:\/\/www.copealcoy.es\/wp-content\/uploads\/2021\/08\/ajuntament-2-e1629909036832.jpg","keywords":["Alcoy","Aprobaci\u00f3n","Guanyar Alcoi","Presupuestos Municipales"],"articleSection":["Actualidad","Alcoy","Noticias","Pol\u00edtica y Econom\u00eda","Portada"],"inLanguage":"es"},{"@type":"WebPage","@id":"https:\/\/www.copealcoy.es\/es\/el-gobierno-mantiene-la-intencion-de-que-alcoy-tenga-presupuestos-a-principios-de-2025\/","url":"https:\/\/www.copealcoy.es\/es\/el-gobierno-mantiene-la-intencion-de-que-alcoy-tenga-presupuestos-a-principios-de-2025\/","name":"El gobierno mantiene la intenci\u00f3n de que Alcoy tenga Presupuestos a principios de 2025 - COPE Alcoy","isPartOf":{"@id":"https:\/\/www.copealcoy.es\/es\/#website"},"primaryImageOfPage":{"@id":"https:\/\/www.copealcoy.es\/es\/el-gobierno-mantiene-la-intencion-de-que-alcoy-tenga-presupuestos-a-principios-de-2025\/#primaryimage"},"image":{"@id":"https:\/\/www.copealcoy.es\/es\/el-gobierno-mantiene-la-intencion-de-que-alcoy-tenga-presupuestos-a-principios-de-2025\/#primaryimage"},"thumbnailUrl":"https:\/\/www.copealcoy.es\/wp-content\/uploads\/2021\/08\/ajuntament-2-e1629909036832.jpg","datePublished":"2024-11-20T11:10:00+00:00","dateModified":"2024-11-20T12:28:50+00:00","author":{"@id":"https:\/\/www.copealcoy.es\/es\/#\/schema\/person\/e777c87fa024e57d40170af9df39882c"},"description":"Con la recta final de 2024 a la vuelta de la esquina toca ya pensar en los Presupuestos Municipales del pr\u00f3ximo a\u00f1o para que sean aprobados en tiempo y forma","breadcrumb":{"@id":"https:\/\/www.copealcoy.es\/es\/el-gobierno-mantiene-la-intencion-de-que-alcoy-tenga-presupuestos-a-principios-de-2025\/#breadcrumb"},"inLanguage":"es","potentialAction":[{"@type":"ReadAction","target":["https:\/\/www.copealcoy.es\/es\/el-gobierno-mantiene-la-intencion-de-que-alcoy-tenga-presupuestos-a-principios-de-2025\/"]}]},{"@type":"ImageObject","inLanguage":"es","@id":"https:\/\/www.copealcoy.es\/es\/el-gobierno-mantiene-la-intencion-de-que-alcoy-tenga-presupuestos-a-principios-de-2025\/#primaryimage","url":"https:\/\/www.copealcoy.es\/wp-content\/uploads\/2021\/08\/ajuntament-2-e1629909036832.jpg","contentUrl":"https:\/\/www.copealcoy.es\/wp-content\/uploads\/2021\/08\/ajuntament-2-e1629909036832.jpg","width":960,"height":532},{"@type":"BreadcrumbList","@id":"https:\/\/www.copealcoy.es\/es\/el-gobierno-mantiene-la-intencion-de-que-alcoy-tenga-presupuestos-a-principios-de-2025\/#breadcrumb","itemListElement":[{"@type":"ListItem","position":1,"name":"Portada","item":"https:\/\/www.copealcoy.es\/es\/"},{"@type":"ListItem","position":2,"name":"El gobierno mantiene la intenci\u00f3n de que Alcoy tenga Presupuestos a principios de 2025"}]},{"@type":"WebSite","@id":"https:\/\/www.copealcoy.es\/es\/#website","url":"https:\/\/www.copealcoy.es\/es\/","name":"COPE Alcoy","description":"Emisora COPE de radio local con emisi\u00f3n online. Pont de Sant Jordi 8-10 03803 Alcoy","potentialAction":[{"@type":"SearchAction","target":{"@type":"EntryPoint","urlTemplate":"https:\/\/www.copealcoy.es\/es\/?s={search_term_string}"},"query-input":{"@type":"PropertyValueSpecification","valueRequired":true,"valueName":"search_term_string"}}],"inLanguage":"es"},{"@type":"Person","@id":"https:\/\/www.copealcoy.es\/es\/#\/schema\/person\/e777c87fa024e57d40170af9df39882c","name":"Cope Alcoy","image":{"@type":"ImageObject","inLanguage":"es","@id":"https:\/\/secure.gravatar.com\/avatar\/bb65d0283347e303893ba14f0692005417c1e0e690a325a4c5d8bb2b3943ee14?s=96&d=mm&r=g","url":"https:\/\/secure.gravatar.com\/avatar\/bb65d0283347e303893ba14f0692005417c1e0e690a325a4c5d8bb2b3943ee14?s=96&d=mm&r=g","contentUrl":"https:\/\/secure.gravatar.com\/avatar\/bb65d0283347e303893ba14f0692005417c1e0e690a325a4c5d8bb2b3943ee14?s=96&d=mm&r=g","caption":"Cope Alcoy"}}]}},"_links":{"self":[{"href":"https:\/\/www.copealcoy.es\/es\/wp-json\/wp\/v2\/posts\/143373","targetHints":{"allow":["GET"]}}],"collection":[{"href":"https:\/\/www.copealcoy.es\/es\/wp-json\/wp\/v2\/posts"}],"about":[{"href":"https:\/\/www.copealcoy.es\/es\/wp-json\/wp\/v2\/types\/post"}],"author":[{"embeddable":true,"href":"https:\/\/www.copealcoy.es\/es\/wp-json\/wp\/v2\/users\/1"}],"replies":[{"embeddable":true,"href":"https:\/\/www.copealcoy.es\/es\/wp-json\/wp\/v2\/comments?post=143373"}],"version-history":[{"count":0,"href":"https:\/\/www.copealcoy.es\/es\/wp-json\/wp\/v2\/posts\/143373\/revisions"}],"wp:featuredmedia":[{"embeddable":true,"href":"https:\/\/www.copealcoy.es\/es\/wp-json\/wp\/v2\/media\/76821"}],"wp:attachment":[{"href":"https:\/\/www.copealcoy.es\/es\/wp-json\/wp\/v2\/media?parent=143373"}],"wp:term":[{"taxonomy":"category","embeddable":true,"href":"https:\/\/www.copealcoy.es\/es\/wp-json\/wp\/v2\/categories?post=143373"},{"taxonomy":"post_tag","embeddable":true,"href":"https:\/\/www.copealcoy.es\/es\/wp-json\/wp\/v2\/tags?post=143373"}],"curies":[{"name":"wp","href":"https:\/\/api.w.org\/{rel}","templated":true}]}}