{"id":143301,"date":"2024-11-19T11:58:03","date_gmt":"2024-11-19T10:58:03","guid":{"rendered":"https:\/\/www.copealcoy.es\/?p=143301"},"modified":"2024-11-19T11:59:00","modified_gmt":"2024-11-19T10:59:00","slug":"cuenta-atras-para-las-elecciones-a-rector-de-la-universidad-de-alicante","status":"publish","type":"post","link":"https:\/\/www.copealcoy.es\/es\/cuenta-atras-para-las-elecciones-a-rector-de-la-universidad-de-alicante\/","title":{"rendered":"Cuenta atr\u00e1s para las elecciones a Rector de la Universidad de Alicante"},"content":{"rendered":"<p style=\"text-align: justify;\">La <a href=\"https:\/\/www.ua.es\/\" target=\"_blank\" rel=\"noopener\"><span style=\"color: #0000ff;\"><strong>Universidad de Alicante<\/strong> <\/span><\/a>ha comenzado la cuenta atr\u00e1s para<strong> las elecciones al Rectorado<\/strong>, que definir\u00e1n el liderazgo de la instituci\u00f3n durante <strong>los pr\u00f3ximos seis a\u00f1os<\/strong>. Con <strong>dos candidaturas<\/strong> ya proclamadas, la catedr\u00e1tica de Derecho Financiero y Tributario, <strong>Amparo<\/strong> <strong>Navarro<\/strong>, y el catedr\u00e1tico de Qu\u00edmica, <strong>Enrique Herrero<\/strong>, han dado inicio oficial a sus campa\u00f1as con <strong>la tradicional pegada de carteles<\/strong> en el mismo campus.<\/p>\n<p style=\"text-align: justify;\">La misma campa\u00f1a <strong>se extender\u00e1 hasta el 26 de noviembre<\/strong>, con diferentes actos en los que Navarro y Herrero, adem\u00e1s de pedir el voto, explicar\u00e1n cu\u00e1l es su proyecto para la instituci\u00f3n universitaria alicantina. Antes de ello, esta ma\u00f1ana\u00a0 <strong>se ha ejecutado la pegada de carteles<\/strong> por diferentes espacios de la universidad y los dos candidatos a Rector han expresado sus sensaciones ante el proceso electoral al que ahora concurren.<\/p>\n<div id=\"chat_conversation\" class=\"flex flex-col items-center text-sm dark:bg-gray-800 w-full\">\n<div class=\"w-full border-b2 border-black\/10 dark:border-gray-900\/50 text-gray-800 dark:text-gray-100 group dark:bg-gray-800\">\n<div class=\"text-base gap-4 md:gap-6 m-auto md:max-w-2xl lg:max-w-2xl xl:max-w-4xl p-4 md:py-6 flex lg:px-0\">\n<div class=\"w-[calc(100%-50px)] \">\n<div class=\"relative flex flex-col gap-1 md:gap-3 lg:w-[calc(100%-115px)]\">\n<div id=\"copy_469\" class=\"markdown prose w-full break-words dark:prose-invert dark system_write\">\n<p style=\"text-align: justify;\">La candidata <strong>Amparo Navarro<\/strong>, que actualmente es la Rectora, <strong>ha mostrado su satisfacci\u00f3n<\/strong> y ha se\u00f1alado que mantiene la ilusi\u00f3n por seguir trabajando por la UA. En este sentido ha afirmado que <strong>persigue el\u00a0objetivo<\/strong> de consolidar las acciones iniciadas en su anterior mandato. Entre sus propuestas destacan el relevo generacional en las plantillas, la mejora de infraestructuras y la expansi\u00f3n hacia el campus oeste, as\u00ed como la creaci\u00f3n de cuatro nuevos grados. Navarro tambi\u00e9n ha hecho un llamado al sector estudiantil, recordando que, debido a la nueva ley LOSU, muchos estudiantes solo podr\u00e1n participar en estas elecciones una vez &#8220;debemos construir la universidad del futuro; ya es excelente y ahora tiene que ir todav\u00eda a m\u00e1s&#8221;, dijo.<\/p>\n<p style=\"text-align: justify;\">Por su parte, <strong>Enrique Herrero<\/strong> ha comenzado su campa\u00f1a con un acto en &#8216;la mano de la UA&#8217;, donde present\u00f3 su programa electoral ante la comunidad universitaria. Acompa\u00f1ado por Carmen Carret\u00f3n, quien ocupar\u00eda el Vicerrectorado de Ordenaci\u00f3n Acad\u00e9mica, Herrero destac\u00f3 que <strong>su propuesta s<\/strong>e centra en tres bloques fundamentales: simplificaci\u00f3n de tr\u00e1mites mediante un plan de digitalizaci\u00f3n, transparencia y buen gobierno, y fortalecimiento del sentido de pertenencia dentro de la comunidad universitaria. Entre sus promesas se encuentran un plan integral para las infraestructuras y un firme compromiso con la transparencia y el di\u00e1logo.<\/p>\n<\/div>\n<div class=\"flex justify-end gap-2 w-full mt-2\">\n<div class=\"text-gray-400 flex self-end lg:self-center justify-center gap-3 md:gap-4 visible\" style=\"text-align: justify;\">Las <strong>votaciones<\/strong> comenzar\u00e1n el 27 de noviembre y se extender\u00e1n hasta la ma\u00f1ana del d\u00eda siguiente. Cabe recordar que la Universidad de Alicante tiene <strong>una destacada presencia en nuestras comarcas<\/strong> con un Campus en Alcoy y la Sede Universitaria de Cocentaina, una de las decanas de la provincia.<\/div>\n<\/div>\n<\/div>\n<\/div>\n<\/div>\n<\/div>\n<\/div>\n<div id=\"humanchat_conversation\" class=\"flex flex-col items-center text-sm dark:bg-gray-800 w-full\"><\/div>\n","protected":false},"excerpt":{"rendered":"<p>La Universidad de Alicante ha comenzado la cuenta atr\u00e1s para las elecciones al Rectorado, que definir\u00e1n el liderazgo de la&#8230;<\/p>\n","protected":false},"author":1,"featured_media":143302,"comment_status":"open","ping_status":"open","sticky":false,"template":"","format":"standard","meta":{"footnotes":""},"categories":[6909,97,75,79],"tags":[307,18890,4103,1640],"class_list":["post-143301","post","type-post","status-publish","format-standard","has-post-thumbnail","hentry","category-actualidad","category-alcoy","category-noticias","category-politicayeconomia","tag-elecciones","tag-proceso-electoral","tag-rector","tag-universidad-de-alicante"],"yoast_head":"<!-- This site is optimized with the Yoast SEO plugin v27.3 - https:\/\/yoast.com\/product\/yoast-seo-wordpress\/ -->\n<title>Cuenta atr\u00e1s para las elecciones a Rector de la Universidad de Alicante - COPE Alcoy<\/title>\n<meta name=\"description\" content=\"La Universidad de Alicante ha comenzado la cuenta atr\u00e1s para las elecciones al Rectorado, que definir\u00e1n el liderazgo de la instituci\u00f3n durante los pr\u00f3ximos seis a\u00f1os\" \/>\n<meta name=\"robots\" content=\"index, follow, max-snippet:-1, max-image-preview:large, max-video-preview:-1\" \/>\n<link rel=\"canonical\" href=\"https:\/\/www.copealcoy.es\/es\/cuenta-atras-para-las-elecciones-a-rector-de-la-universidad-de-alicante\/\" \/>\n<meta property=\"og:locale\" content=\"es_ES\" \/>\n<meta property=\"og:type\" content=\"article\" \/>\n<meta property=\"og:title\" content=\"Cuenta atr\u00e1s para las elecciones a Rector de la Universidad de Alicante - COPE Alcoy\" \/>\n<meta property=\"og:description\" content=\"La Universidad de Alicante ha comenzado la cuenta atr\u00e1s para las elecciones al Rectorado, que definir\u00e1n el liderazgo de la instituci\u00f3n durante los pr\u00f3ximos seis a\u00f1os\" \/>\n<meta property=\"og:url\" content=\"https:\/\/www.copealcoy.es\/es\/cuenta-atras-para-las-elecciones-a-rector-de-la-universidad-de-alicante\/\" \/>\n<meta property=\"og:site_name\" content=\"COPE Alcoy\" \/>\n<meta property=\"article:published_time\" content=\"2024-11-19T10:58:03+00:00\" \/>\n<meta property=\"article:modified_time\" content=\"2024-11-19T10:59:00+00:00\" \/>\n<meta property=\"og:image\" content=\"https:\/\/www.copealcoy.es\/wp-content\/uploads\/2024\/11\/unnamed-1-26.jpg\" \/>\n\t<meta property=\"og:image:width\" content=\"1800\" \/>\n\t<meta property=\"og:image:height\" content=\"1011\" \/>\n\t<meta property=\"og:image:type\" content=\"image\/jpeg\" \/>\n<meta name=\"author\" content=\"Cope Alcoy\" \/>\n<meta name=\"twitter:label1\" content=\"Escrito por\" \/>\n\t<meta name=\"twitter:data1\" content=\"Cope Alcoy\" \/>\n\t<meta name=\"twitter:label2\" content=\"Tiempo de lectura\" \/>\n\t<meta name=\"twitter:data2\" content=\"3 minutos\" \/>\n<script type=\"application\/ld+json\" class=\"yoast-schema-graph\">{\"@context\":\"https:\\\/\\\/schema.org\",\"@graph\":[{\"@type\":\"Article\",\"@id\":\"https:\\\/\\\/www.copealcoy.es\\\/es\\\/cuenta-atras-para-las-elecciones-a-rector-de-la-universidad-de-alicante\\\/#article\",\"isPartOf\":{\"@id\":\"https:\\\/\\\/www.copealcoy.es\\\/es\\\/cuenta-atras-para-las-elecciones-a-rector-de-la-universidad-de-alicante\\\/\"},\"author\":{\"name\":\"Cope Alcoy\",\"@id\":\"https:\\\/\\\/www.copealcoy.es\\\/es\\\/#\\\/schema\\\/person\\\/e777c87fa024e57d40170af9df39882c\"},\"headline\":\"Cuenta atr\u00e1s para las elecciones a Rector de la Universidad de Alicante\",\"datePublished\":\"2024-11-19T10:58:03+00:00\",\"dateModified\":\"2024-11-19T10:59:00+00:00\",\"mainEntityOfPage\":{\"@id\":\"https:\\\/\\\/www.copealcoy.es\\\/es\\\/cuenta-atras-para-las-elecciones-a-rector-de-la-universidad-de-alicante\\\/\"},\"wordCount\":442,\"commentCount\":0,\"image\":{\"@id\":\"https:\\\/\\\/www.copealcoy.es\\\/es\\\/cuenta-atras-para-las-elecciones-a-rector-de-la-universidad-de-alicante\\\/#primaryimage\"},\"thumbnailUrl\":\"https:\\\/\\\/www.copealcoy.es\\\/wp-content\\\/uploads\\\/2024\\\/11\\\/unnamed-1-26.jpg\",\"keywords\":[\"Elecciones\",\"proceso electoral\",\"Rector\",\"Universidad de Alicante\"],\"articleSection\":[\"Actualidad\",\"Alcoy\",\"Noticias\",\"Pol\u00edtica y Econom\u00eda\"],\"inLanguage\":\"es\"},{\"@type\":\"WebPage\",\"@id\":\"https:\\\/\\\/www.copealcoy.es\\\/es\\\/cuenta-atras-para-las-elecciones-a-rector-de-la-universidad-de-alicante\\\/\",\"url\":\"https:\\\/\\\/www.copealcoy.es\\\/es\\\/cuenta-atras-para-las-elecciones-a-rector-de-la-universidad-de-alicante\\\/\",\"name\":\"Cuenta atr\u00e1s para las elecciones a Rector de la Universidad de Alicante - COPE Alcoy\",\"isPartOf\":{\"@id\":\"https:\\\/\\\/www.copealcoy.es\\\/es\\\/#website\"},\"primaryImageOfPage\":{\"@id\":\"https:\\\/\\\/www.copealcoy.es\\\/es\\\/cuenta-atras-para-las-elecciones-a-rector-de-la-universidad-de-alicante\\\/#primaryimage\"},\"image\":{\"@id\":\"https:\\\/\\\/www.copealcoy.es\\\/es\\\/cuenta-atras-para-las-elecciones-a-rector-de-la-universidad-de-alicante\\\/#primaryimage\"},\"thumbnailUrl\":\"https:\\\/\\\/www.copealcoy.es\\\/wp-content\\\/uploads\\\/2024\\\/11\\\/unnamed-1-26.jpg\",\"datePublished\":\"2024-11-19T10:58:03+00:00\",\"dateModified\":\"2024-11-19T10:59:00+00:00\",\"author\":{\"@id\":\"https:\\\/\\\/www.copealcoy.es\\\/es\\\/#\\\/schema\\\/person\\\/e777c87fa024e57d40170af9df39882c\"},\"description\":\"La Universidad de Alicante ha comenzado la cuenta atr\u00e1s para las elecciones al Rectorado, que definir\u00e1n el liderazgo de la instituci\u00f3n durante los pr\u00f3ximos seis a\u00f1os\",\"breadcrumb\":{\"@id\":\"https:\\\/\\\/www.copealcoy.es\\\/es\\\/cuenta-atras-para-las-elecciones-a-rector-de-la-universidad-de-alicante\\\/#breadcrumb\"},\"inLanguage\":\"es\",\"potentialAction\":[{\"@type\":\"ReadAction\",\"target\":[\"https:\\\/\\\/www.copealcoy.es\\\/es\\\/cuenta-atras-para-las-elecciones-a-rector-de-la-universidad-de-alicante\\\/\"]}]},{\"@type\":\"ImageObject\",\"inLanguage\":\"es\",\"@id\":\"https:\\\/\\\/www.copealcoy.es\\\/es\\\/cuenta-atras-para-las-elecciones-a-rector-de-la-universidad-de-alicante\\\/#primaryimage\",\"url\":\"https:\\\/\\\/www.copealcoy.es\\\/wp-content\\\/uploads\\\/2024\\\/11\\\/unnamed-1-26.jpg\",\"contentUrl\":\"https:\\\/\\\/www.copealcoy.es\\\/wp-content\\\/uploads\\\/2024\\\/11\\\/unnamed-1-26.jpg\",\"width\":1800,\"height\":1011},{\"@type\":\"BreadcrumbList\",\"@id\":\"https:\\\/\\\/www.copealcoy.es\\\/es\\\/cuenta-atras-para-las-elecciones-a-rector-de-la-universidad-de-alicante\\\/#breadcrumb\",\"itemListElement\":[{\"@type\":\"ListItem\",\"position\":1,\"name\":\"Portada\",\"item\":\"https:\\\/\\\/www.copealcoy.es\\\/es\\\/\"},{\"@type\":\"ListItem\",\"position\":2,\"name\":\"Cuenta atr\u00e1s para las elecciones a Rector de la Universidad de Alicante\"}]},{\"@type\":\"WebSite\",\"@id\":\"https:\\\/\\\/www.copealcoy.es\\\/es\\\/#website\",\"url\":\"https:\\\/\\\/www.copealcoy.es\\\/es\\\/\",\"name\":\"COPE Alcoy\",\"description\":\"Emisora COPE de radio local con emisi\u00f3n online. Pont de Sant Jordi 8-10 03803 Alcoy\",\"potentialAction\":[{\"@type\":\"SearchAction\",\"target\":{\"@type\":\"EntryPoint\",\"urlTemplate\":\"https:\\\/\\\/www.copealcoy.es\\\/es\\\/?s={search_term_string}\"},\"query-input\":{\"@type\":\"PropertyValueSpecification\",\"valueRequired\":true,\"valueName\":\"search_term_string\"}}],\"inLanguage\":\"es\"},{\"@type\":\"Person\",\"@id\":\"https:\\\/\\\/www.copealcoy.es\\\/es\\\/#\\\/schema\\\/person\\\/e777c87fa024e57d40170af9df39882c\",\"name\":\"Cope Alcoy\",\"image\":{\"@type\":\"ImageObject\",\"inLanguage\":\"es\",\"@id\":\"https:\\\/\\\/secure.gravatar.com\\\/avatar\\\/bb65d0283347e303893ba14f0692005417c1e0e690a325a4c5d8bb2b3943ee14?s=96&d=mm&r=g\",\"url\":\"https:\\\/\\\/secure.gravatar.com\\\/avatar\\\/bb65d0283347e303893ba14f0692005417c1e0e690a325a4c5d8bb2b3943ee14?s=96&d=mm&r=g\",\"contentUrl\":\"https:\\\/\\\/secure.gravatar.com\\\/avatar\\\/bb65d0283347e303893ba14f0692005417c1e0e690a325a4c5d8bb2b3943ee14?s=96&d=mm&r=g\",\"caption\":\"Cope Alcoy\"}}]}<\/script>\n<!-- \/ Yoast SEO plugin. -->","yoast_head_json":{"title":"Cuenta atr\u00e1s para las elecciones a Rector de la Universidad de Alicante - COPE Alcoy","description":"La Universidad de Alicante ha comenzado la cuenta atr\u00e1s para las elecciones al Rectorado, que definir\u00e1n el liderazgo de la instituci\u00f3n durante los pr\u00f3ximos seis a\u00f1os","robots":{"index":"index","follow":"follow","max-snippet":"max-snippet:-1","max-image-preview":"max-image-preview:large","max-video-preview":"max-video-preview:-1"},"canonical":"https:\/\/www.copealcoy.es\/es\/cuenta-atras-para-las-elecciones-a-rector-de-la-universidad-de-alicante\/","og_locale":"es_ES","og_type":"article","og_title":"Cuenta atr\u00e1s para las elecciones a Rector de la Universidad de Alicante - COPE Alcoy","og_description":"La Universidad de Alicante ha comenzado la cuenta atr\u00e1s para las elecciones al Rectorado, que definir\u00e1n el liderazgo de la instituci\u00f3n durante los pr\u00f3ximos seis a\u00f1os","og_url":"https:\/\/www.copealcoy.es\/es\/cuenta-atras-para-las-elecciones-a-rector-de-la-universidad-de-alicante\/","og_site_name":"COPE Alcoy","article_published_time":"2024-11-19T10:58:03+00:00","article_modified_time":"2024-11-19T10:59:00+00:00","og_image":[{"width":1800,"height":1011,"url":"https:\/\/www.copealcoy.es\/wp-content\/uploads\/2024\/11\/unnamed-1-26.jpg","type":"image\/jpeg"}],"author":"Cope Alcoy","twitter_misc":{"Escrito por":"Cope Alcoy","Tiempo de lectura":"3 minutos"},"schema":{"@context":"https:\/\/schema.org","@graph":[{"@type":"Article","@id":"https:\/\/www.copealcoy.es\/es\/cuenta-atras-para-las-elecciones-a-rector-de-la-universidad-de-alicante\/#article","isPartOf":{"@id":"https:\/\/www.copealcoy.es\/es\/cuenta-atras-para-las-elecciones-a-rector-de-la-universidad-de-alicante\/"},"author":{"name":"Cope Alcoy","@id":"https:\/\/www.copealcoy.es\/es\/#\/schema\/person\/e777c87fa024e57d40170af9df39882c"},"headline":"Cuenta atr\u00e1s para las elecciones a Rector de la Universidad de Alicante","datePublished":"2024-11-19T10:58:03+00:00","dateModified":"2024-11-19T10:59:00+00:00","mainEntityOfPage":{"@id":"https:\/\/www.copealcoy.es\/es\/cuenta-atras-para-las-elecciones-a-rector-de-la-universidad-de-alicante\/"},"wordCount":442,"commentCount":0,"image":{"@id":"https:\/\/www.copealcoy.es\/es\/cuenta-atras-para-las-elecciones-a-rector-de-la-universidad-de-alicante\/#primaryimage"},"thumbnailUrl":"https:\/\/www.copealcoy.es\/wp-content\/uploads\/2024\/11\/unnamed-1-26.jpg","keywords":["Elecciones","proceso electoral","Rector","Universidad de Alicante"],"articleSection":["Actualidad","Alcoy","Noticias","Pol\u00edtica y Econom\u00eda"],"inLanguage":"es"},{"@type":"WebPage","@id":"https:\/\/www.copealcoy.es\/es\/cuenta-atras-para-las-elecciones-a-rector-de-la-universidad-de-alicante\/","url":"https:\/\/www.copealcoy.es\/es\/cuenta-atras-para-las-elecciones-a-rector-de-la-universidad-de-alicante\/","name":"Cuenta atr\u00e1s para las elecciones a Rector de la Universidad de Alicante - COPE Alcoy","isPartOf":{"@id":"https:\/\/www.copealcoy.es\/es\/#website"},"primaryImageOfPage":{"@id":"https:\/\/www.copealcoy.es\/es\/cuenta-atras-para-las-elecciones-a-rector-de-la-universidad-de-alicante\/#primaryimage"},"image":{"@id":"https:\/\/www.copealcoy.es\/es\/cuenta-atras-para-las-elecciones-a-rector-de-la-universidad-de-alicante\/#primaryimage"},"thumbnailUrl":"https:\/\/www.copealcoy.es\/wp-content\/uploads\/2024\/11\/unnamed-1-26.jpg","datePublished":"2024-11-19T10:58:03+00:00","dateModified":"2024-11-19T10:59:00+00:00","author":{"@id":"https:\/\/www.copealcoy.es\/es\/#\/schema\/person\/e777c87fa024e57d40170af9df39882c"},"description":"La Universidad de Alicante ha comenzado la cuenta atr\u00e1s para las elecciones al Rectorado, que definir\u00e1n el liderazgo de la instituci\u00f3n durante los pr\u00f3ximos seis a\u00f1os","breadcrumb":{"@id":"https:\/\/www.copealcoy.es\/es\/cuenta-atras-para-las-elecciones-a-rector-de-la-universidad-de-alicante\/#breadcrumb"},"inLanguage":"es","potentialAction":[{"@type":"ReadAction","target":["https:\/\/www.copealcoy.es\/es\/cuenta-atras-para-las-elecciones-a-rector-de-la-universidad-de-alicante\/"]}]},{"@type":"ImageObject","inLanguage":"es","@id":"https:\/\/www.copealcoy.es\/es\/cuenta-atras-para-las-elecciones-a-rector-de-la-universidad-de-alicante\/#primaryimage","url":"https:\/\/www.copealcoy.es\/wp-content\/uploads\/2024\/11\/unnamed-1-26.jpg","contentUrl":"https:\/\/www.copealcoy.es\/wp-content\/uploads\/2024\/11\/unnamed-1-26.jpg","width":1800,"height":1011},{"@type":"BreadcrumbList","@id":"https:\/\/www.copealcoy.es\/es\/cuenta-atras-para-las-elecciones-a-rector-de-la-universidad-de-alicante\/#breadcrumb","itemListElement":[{"@type":"ListItem","position":1,"name":"Portada","item":"https:\/\/www.copealcoy.es\/es\/"},{"@type":"ListItem","position":2,"name":"Cuenta atr\u00e1s para las elecciones a Rector de la Universidad de Alicante"}]},{"@type":"WebSite","@id":"https:\/\/www.copealcoy.es\/es\/#website","url":"https:\/\/www.copealcoy.es\/es\/","name":"COPE Alcoy","description":"Emisora COPE de radio local con emisi\u00f3n online. Pont de Sant Jordi 8-10 03803 Alcoy","potentialAction":[{"@type":"SearchAction","target":{"@type":"EntryPoint","urlTemplate":"https:\/\/www.copealcoy.es\/es\/?s={search_term_string}"},"query-input":{"@type":"PropertyValueSpecification","valueRequired":true,"valueName":"search_term_string"}}],"inLanguage":"es"},{"@type":"Person","@id":"https:\/\/www.copealcoy.es\/es\/#\/schema\/person\/e777c87fa024e57d40170af9df39882c","name":"Cope Alcoy","image":{"@type":"ImageObject","inLanguage":"es","@id":"https:\/\/secure.gravatar.com\/avatar\/bb65d0283347e303893ba14f0692005417c1e0e690a325a4c5d8bb2b3943ee14?s=96&d=mm&r=g","url":"https:\/\/secure.gravatar.com\/avatar\/bb65d0283347e303893ba14f0692005417c1e0e690a325a4c5d8bb2b3943ee14?s=96&d=mm&r=g","contentUrl":"https:\/\/secure.gravatar.com\/avatar\/bb65d0283347e303893ba14f0692005417c1e0e690a325a4c5d8bb2b3943ee14?s=96&d=mm&r=g","caption":"Cope Alcoy"}}]}},"_links":{"self":[{"href":"https:\/\/www.copealcoy.es\/es\/wp-json\/wp\/v2\/posts\/143301","targetHints":{"allow":["GET"]}}],"collection":[{"href":"https:\/\/www.copealcoy.es\/es\/wp-json\/wp\/v2\/posts"}],"about":[{"href":"https:\/\/www.copealcoy.es\/es\/wp-json\/wp\/v2\/types\/post"}],"author":[{"embeddable":true,"href":"https:\/\/www.copealcoy.es\/es\/wp-json\/wp\/v2\/users\/1"}],"replies":[{"embeddable":true,"href":"https:\/\/www.copealcoy.es\/es\/wp-json\/wp\/v2\/comments?post=143301"}],"version-history":[{"count":0,"href":"https:\/\/www.copealcoy.es\/es\/wp-json\/wp\/v2\/posts\/143301\/revisions"}],"wp:featuredmedia":[{"embeddable":true,"href":"https:\/\/www.copealcoy.es\/es\/wp-json\/wp\/v2\/media\/143302"}],"wp:attachment":[{"href":"https:\/\/www.copealcoy.es\/es\/wp-json\/wp\/v2\/media?parent=143301"}],"wp:term":[{"taxonomy":"category","embeddable":true,"href":"https:\/\/www.copealcoy.es\/es\/wp-json\/wp\/v2\/categories?post=143301"},{"taxonomy":"post_tag","embeddable":true,"href":"https:\/\/www.copealcoy.es\/es\/wp-json\/wp\/v2\/tags?post=143301"}],"curies":[{"name":"wp","href":"https:\/\/api.w.org\/{rel}","templated":true}]}}