{"id":143290,"date":"2024-11-18T07:30:33","date_gmt":"2024-11-18T06:30:33","guid":{"rendered":"https:\/\/www.copealcoy.es\/?p=143290"},"modified":"2024-11-18T13:17:32","modified_gmt":"2024-11-18T12:17:32","slug":"informativo-matinal-lunes-18-de-noviembre-2024-0720h","status":"publish","type":"post","link":"https:\/\/www.copealcoy.es\/es\/informativo-matinal-lunes-18-de-noviembre-2024-0720h\/","title":{"rendered":"Informativo matinal lunes 18 de noviembre 2024 (07:20h)"},"content":{"rendered":"<p><iframe loading=\"lazy\" title=\"Informativo Matinal Lunes 18 De Noviembre 2024 (07:20h)\" width=\"100%\" height=\"120\" src=\"https:\/\/www.mixcloud.com\/widget\/iframe\/?feed=https%3A%2F%2Fwww.mixcloud.com%2FCOPEAlcoy%2Finformativo-matinal-lunes-18-de-noviembre-2024-0720h%2F&amp;hide_cover=1\" frameborder=\"0\"><\/iframe><\/p>\n<p style=\"text-align: justify;\">Hoy lunes os hemos contado que <strong>arranca la edici\u00f3n 2024 de la Semana de la Ciencia en el Campus de Alcoy de la UPV<\/strong>. Tambi\u00e9n hemos destacado la elecci\u00f3n de <strong>la nueva Sargento Infantil del bando moro<\/strong> para las Fiestas de Alcoy.<\/p>\n<p style=\"text-align: justify;\">Las\u00a0<strong>Fiestas de Moros y Cristianos de Alcoy<\/strong>\u00a0ya tienen nueva Sargento Infantil Moro:\u00a0<strong>Valeria Abad Bot\u00ed<\/strong>. La joven festera, perteneciente a\u00a0<strong>la Fil\u00e0 Realistas<\/strong>, se alz\u00f3 con la victoria en el concurso celebrado el s\u00e1bado por la tarde en\u00a0<strong>la Fil\u00e0 Domingo Miques<\/strong>, cita en la que fue la \u00fanica ni\u00f1a entre los cinco aspirantes al cargo.<\/p>\n<p style=\"text-align: justify;\">Valeria sucede al frente de esta responsabilidad a\u00a0<strong>Aitana Cant\u00f3<\/strong>, quien ocup\u00f3 el cargo el pasado a\u00f1o 2023. Con esta elecci\u00f3n, Abad\u00a0<strong>se convierte en la tercera festera en ganar este certamen y en desempe\u00f1ar la responsabilidad de Sargento Infantil<\/strong>, despu\u00e9s de\u00a0<strong>Abril Albero<\/strong>, quien lo hizo en 2022. Los\u00a0<strong>otros candidatos<\/strong>\u00a0que compitieron por el t\u00edtulo fueron Marc Ferr\u00e1ndiz (Fil\u00e0 Mud\u00e9jares), Nicol\u00e1s Agull\u00f3 (Fil\u00e0 Berberiscos), Mateo Coderch (Fil\u00e0 Guzmanes) y Jairo Criado (Fil\u00e0 Berberiscos). Cabe destacar que\u00a0<strong>Nicol\u00e1s Agull\u00f3<\/strong>\u00a0qued\u00f3 como segundo clasificado y por lo tanto estar\u00e1 en la reserva para relevar a Valeria en el hipot\u00e9tico caso de que fuera necesario.<\/p>\n<p style=\"text-align: justify;\">La propia Valeria\u00a0<strong>manifest\u00f3 sentirse muy emocionada<\/strong>\u00a0al conocer que hab\u00eda ganado el concurso y no ocultaba su alegr\u00eda ante los medios de comunicaci\u00f3n. En su intervenci\u00f3n destac\u00f3 que\u00a0<strong>estaba arropada por sus familia y amigas<\/strong>, al igual que afirm\u00f3 que y<strong>a espera con ilusi\u00f3n su debut en el acto de La Gloria Infantil<\/strong>\u00a0previsto para la pr\u00f3xima primavera d\u00edas antes de una trilog\u00eda festera que en 2025 se celebrar\u00e1 el primer fin de semana de mayo.<\/p>\n<p style=\"text-align: justify;\">Valeria Abad Bot\u00ed\u00a0<span style=\"color: #0000ff;\"><a style=\"color: #0000ff;\" href=\"https:\/\/www.copealcoy.es\/es\/mauro-camanez-se-convierte-en-el-nuevo-sargento-moro-para-las-fiestas-de-alcoy\/\" target=\"_blank\" rel=\"noopener\"><strong>se une tambi\u00e9n a Mauro Cam\u00e1\u00f1ez<\/strong><\/a><\/span>, el cual fue elegido el pasado mes de septiembre para desempe\u00f1ar el cargo de Sargento Mayor Moro en las Fiestas de Alcoy. En su caso el debut ser\u00e1 el Domingo de Pascua, que el pr\u00f3ximo a\u00f1o caer\u00e1 el 20 de abril, en la esperada Gloria Mayor que anunciar\u00e1 por las calles del Centro de la ciudad la inminente llegada de los festejos en honor a San Jorge.<\/p>\n","protected":false},"excerpt":{"rendered":"<p>Hoy lunes os hemos contado que arranca la edici\u00f3n 2024 de la Semana de la Ciencia en el Campus de&#8230;<\/p>\n","protected":false},"author":1,"featured_media":110612,"comment_status":"open","ping_status":"open","sticky":false,"template":"","format":"standard","meta":{"footnotes":""},"categories":[6909,89,91,75],"tags":[],"class_list":["post-143290","post","type-post","status-publish","format-standard","has-post-thumbnail","hentry","category-actualidad","category-audiosdelosprogramas","category-informativos","category-noticias"],"yoast_head":"<!-- This site is optimized with the Yoast SEO plugin v27.3 - https:\/\/yoast.com\/product\/yoast-seo-wordpress\/ -->\n<title>Informativo matinal lunes 18 de noviembre 2024 (07:20h) - COPE Alcoy<\/title>\n<meta name=\"robots\" content=\"index, follow, max-snippet:-1, max-image-preview:large, max-video-preview:-1\" \/>\n<link rel=\"canonical\" href=\"https:\/\/www.copealcoy.es\/es\/informativo-matinal-lunes-18-de-noviembre-2024-0720h\/\" \/>\n<meta property=\"og:locale\" content=\"es_ES\" \/>\n<meta property=\"og:type\" content=\"article\" \/>\n<meta property=\"og:title\" content=\"Informativo matinal lunes 18 de noviembre 2024 (07:20h) - COPE Alcoy\" \/>\n<meta property=\"og:description\" content=\"Hoy lunes os hemos contado que arranca la edici\u00f3n 2024 de la Semana de la Ciencia en el Campus de...\" \/>\n<meta property=\"og:url\" content=\"https:\/\/www.copealcoy.es\/es\/informativo-matinal-lunes-18-de-noviembre-2024-0720h\/\" \/>\n<meta property=\"og:site_name\" content=\"COPE Alcoy\" \/>\n<meta property=\"article:published_time\" content=\"2024-11-18T06:30:33+00:00\" \/>\n<meta property=\"article:modified_time\" content=\"2024-11-18T12:17:32+00:00\" \/>\n<meta property=\"og:image\" content=\"https:\/\/www.copealcoy.es\/wp-content\/uploads\/2023\/02\/Herrera-en-COPE-Alcoy-4.png\" \/>\n\t<meta property=\"og:image:width\" content=\"357\" \/>\n\t<meta property=\"og:image:height\" content=\"290\" \/>\n\t<meta property=\"og:image:type\" content=\"image\/png\" \/>\n<meta name=\"author\" content=\"Cope Alcoy\" \/>\n<meta name=\"twitter:label1\" content=\"Escrito por\" \/>\n\t<meta name=\"twitter:data1\" content=\"Cope Alcoy\" \/>\n\t<meta name=\"twitter:label2\" content=\"Tiempo de lectura\" \/>\n\t<meta name=\"twitter:data2\" content=\"3 minutos\" \/>\n<script type=\"application\/ld+json\" class=\"yoast-schema-graph\">{\"@context\":\"https:\\\/\\\/schema.org\",\"@graph\":[{\"@type\":\"Article\",\"@id\":\"https:\\\/\\\/www.copealcoy.es\\\/es\\\/informativo-matinal-lunes-18-de-noviembre-2024-0720h\\\/#article\",\"isPartOf\":{\"@id\":\"https:\\\/\\\/www.copealcoy.es\\\/es\\\/informativo-matinal-lunes-18-de-noviembre-2024-0720h\\\/\"},\"author\":{\"name\":\"Cope Alcoy\",\"@id\":\"https:\\\/\\\/www.copealcoy.es\\\/es\\\/#\\\/schema\\\/person\\\/e777c87fa024e57d40170af9df39882c\"},\"headline\":\"Informativo matinal lunes 18 de noviembre 2024 (07:20h)\",\"datePublished\":\"2024-11-18T06:30:33+00:00\",\"dateModified\":\"2024-11-18T12:17:32+00:00\",\"mainEntityOfPage\":{\"@id\":\"https:\\\/\\\/www.copealcoy.es\\\/es\\\/informativo-matinal-lunes-18-de-noviembre-2024-0720h\\\/\"},\"wordCount\":395,\"commentCount\":0,\"image\":{\"@id\":\"https:\\\/\\\/www.copealcoy.es\\\/es\\\/informativo-matinal-lunes-18-de-noviembre-2024-0720h\\\/#primaryimage\"},\"thumbnailUrl\":\"https:\\\/\\\/www.copealcoy.es\\\/wp-content\\\/uploads\\\/2023\\\/02\\\/Herrera-en-COPE-Alcoy-4.png\",\"articleSection\":[\"Actualidad\",\"Audios de los programas\",\"Informativos\",\"Noticias\"],\"inLanguage\":\"es\"},{\"@type\":\"WebPage\",\"@id\":\"https:\\\/\\\/www.copealcoy.es\\\/es\\\/informativo-matinal-lunes-18-de-noviembre-2024-0720h\\\/\",\"url\":\"https:\\\/\\\/www.copealcoy.es\\\/es\\\/informativo-matinal-lunes-18-de-noviembre-2024-0720h\\\/\",\"name\":\"Informativo matinal lunes 18 de noviembre 2024 (07:20h) - COPE Alcoy\",\"isPartOf\":{\"@id\":\"https:\\\/\\\/www.copealcoy.es\\\/es\\\/#website\"},\"primaryImageOfPage\":{\"@id\":\"https:\\\/\\\/www.copealcoy.es\\\/es\\\/informativo-matinal-lunes-18-de-noviembre-2024-0720h\\\/#primaryimage\"},\"image\":{\"@id\":\"https:\\\/\\\/www.copealcoy.es\\\/es\\\/informativo-matinal-lunes-18-de-noviembre-2024-0720h\\\/#primaryimage\"},\"thumbnailUrl\":\"https:\\\/\\\/www.copealcoy.es\\\/wp-content\\\/uploads\\\/2023\\\/02\\\/Herrera-en-COPE-Alcoy-4.png\",\"datePublished\":\"2024-11-18T06:30:33+00:00\",\"dateModified\":\"2024-11-18T12:17:32+00:00\",\"author\":{\"@id\":\"https:\\\/\\\/www.copealcoy.es\\\/es\\\/#\\\/schema\\\/person\\\/e777c87fa024e57d40170af9df39882c\"},\"breadcrumb\":{\"@id\":\"https:\\\/\\\/www.copealcoy.es\\\/es\\\/informativo-matinal-lunes-18-de-noviembre-2024-0720h\\\/#breadcrumb\"},\"inLanguage\":\"es\",\"potentialAction\":[{\"@type\":\"ReadAction\",\"target\":[\"https:\\\/\\\/www.copealcoy.es\\\/es\\\/informativo-matinal-lunes-18-de-noviembre-2024-0720h\\\/\"]}]},{\"@type\":\"ImageObject\",\"inLanguage\":\"es\",\"@id\":\"https:\\\/\\\/www.copealcoy.es\\\/es\\\/informativo-matinal-lunes-18-de-noviembre-2024-0720h\\\/#primaryimage\",\"url\":\"https:\\\/\\\/www.copealcoy.es\\\/wp-content\\\/uploads\\\/2023\\\/02\\\/Herrera-en-COPE-Alcoy-4.png\",\"contentUrl\":\"https:\\\/\\\/www.copealcoy.es\\\/wp-content\\\/uploads\\\/2023\\\/02\\\/Herrera-en-COPE-Alcoy-4.png\",\"width\":357,\"height\":290},{\"@type\":\"BreadcrumbList\",\"@id\":\"https:\\\/\\\/www.copealcoy.es\\\/es\\\/informativo-matinal-lunes-18-de-noviembre-2024-0720h\\\/#breadcrumb\",\"itemListElement\":[{\"@type\":\"ListItem\",\"position\":1,\"name\":\"Portada\",\"item\":\"https:\\\/\\\/www.copealcoy.es\\\/es\\\/\"},{\"@type\":\"ListItem\",\"position\":2,\"name\":\"Informativo matinal lunes 18 de noviembre 2024 (07:20h)\"}]},{\"@type\":\"WebSite\",\"@id\":\"https:\\\/\\\/www.copealcoy.es\\\/es\\\/#website\",\"url\":\"https:\\\/\\\/www.copealcoy.es\\\/es\\\/\",\"name\":\"COPE Alcoy\",\"description\":\"Emisora COPE de radio local con emisi\u00f3n online. Pont de Sant Jordi 8-10 03803 Alcoy\",\"potentialAction\":[{\"@type\":\"SearchAction\",\"target\":{\"@type\":\"EntryPoint\",\"urlTemplate\":\"https:\\\/\\\/www.copealcoy.es\\\/es\\\/?s={search_term_string}\"},\"query-input\":{\"@type\":\"PropertyValueSpecification\",\"valueRequired\":true,\"valueName\":\"search_term_string\"}}],\"inLanguage\":\"es\"},{\"@type\":\"Person\",\"@id\":\"https:\\\/\\\/www.copealcoy.es\\\/es\\\/#\\\/schema\\\/person\\\/e777c87fa024e57d40170af9df39882c\",\"name\":\"Cope Alcoy\",\"image\":{\"@type\":\"ImageObject\",\"inLanguage\":\"es\",\"@id\":\"https:\\\/\\\/secure.gravatar.com\\\/avatar\\\/bb65d0283347e303893ba14f0692005417c1e0e690a325a4c5d8bb2b3943ee14?s=96&d=mm&r=g\",\"url\":\"https:\\\/\\\/secure.gravatar.com\\\/avatar\\\/bb65d0283347e303893ba14f0692005417c1e0e690a325a4c5d8bb2b3943ee14?s=96&d=mm&r=g\",\"contentUrl\":\"https:\\\/\\\/secure.gravatar.com\\\/avatar\\\/bb65d0283347e303893ba14f0692005417c1e0e690a325a4c5d8bb2b3943ee14?s=96&d=mm&r=g\",\"caption\":\"Cope Alcoy\"}}]}<\/script>\n<!-- \/ Yoast SEO plugin. -->","yoast_head_json":{"title":"Informativo matinal lunes 18 de noviembre 2024 (07:20h) - COPE Alcoy","robots":{"index":"index","follow":"follow","max-snippet":"max-snippet:-1","max-image-preview":"max-image-preview:large","max-video-preview":"max-video-preview:-1"},"canonical":"https:\/\/www.copealcoy.es\/es\/informativo-matinal-lunes-18-de-noviembre-2024-0720h\/","og_locale":"es_ES","og_type":"article","og_title":"Informativo matinal lunes 18 de noviembre 2024 (07:20h) - COPE Alcoy","og_description":"Hoy lunes os hemos contado que arranca la edici\u00f3n 2024 de la Semana de la Ciencia en el Campus de...","og_url":"https:\/\/www.copealcoy.es\/es\/informativo-matinal-lunes-18-de-noviembre-2024-0720h\/","og_site_name":"COPE Alcoy","article_published_time":"2024-11-18T06:30:33+00:00","article_modified_time":"2024-11-18T12:17:32+00:00","og_image":[{"width":357,"height":290,"url":"https:\/\/www.copealcoy.es\/wp-content\/uploads\/2023\/02\/Herrera-en-COPE-Alcoy-4.png","type":"image\/png"}],"author":"Cope Alcoy","twitter_misc":{"Escrito por":"Cope Alcoy","Tiempo de lectura":"3 minutos"},"schema":{"@context":"https:\/\/schema.org","@graph":[{"@type":"Article","@id":"https:\/\/www.copealcoy.es\/es\/informativo-matinal-lunes-18-de-noviembre-2024-0720h\/#article","isPartOf":{"@id":"https:\/\/www.copealcoy.es\/es\/informativo-matinal-lunes-18-de-noviembre-2024-0720h\/"},"author":{"name":"Cope Alcoy","@id":"https:\/\/www.copealcoy.es\/es\/#\/schema\/person\/e777c87fa024e57d40170af9df39882c"},"headline":"Informativo matinal lunes 18 de noviembre 2024 (07:20h)","datePublished":"2024-11-18T06:30:33+00:00","dateModified":"2024-11-18T12:17:32+00:00","mainEntityOfPage":{"@id":"https:\/\/www.copealcoy.es\/es\/informativo-matinal-lunes-18-de-noviembre-2024-0720h\/"},"wordCount":395,"commentCount":0,"image":{"@id":"https:\/\/www.copealcoy.es\/es\/informativo-matinal-lunes-18-de-noviembre-2024-0720h\/#primaryimage"},"thumbnailUrl":"https:\/\/www.copealcoy.es\/wp-content\/uploads\/2023\/02\/Herrera-en-COPE-Alcoy-4.png","articleSection":["Actualidad","Audios de los programas","Informativos","Noticias"],"inLanguage":"es"},{"@type":"WebPage","@id":"https:\/\/www.copealcoy.es\/es\/informativo-matinal-lunes-18-de-noviembre-2024-0720h\/","url":"https:\/\/www.copealcoy.es\/es\/informativo-matinal-lunes-18-de-noviembre-2024-0720h\/","name":"Informativo matinal lunes 18 de noviembre 2024 (07:20h) - COPE Alcoy","isPartOf":{"@id":"https:\/\/www.copealcoy.es\/es\/#website"},"primaryImageOfPage":{"@id":"https:\/\/www.copealcoy.es\/es\/informativo-matinal-lunes-18-de-noviembre-2024-0720h\/#primaryimage"},"image":{"@id":"https:\/\/www.copealcoy.es\/es\/informativo-matinal-lunes-18-de-noviembre-2024-0720h\/#primaryimage"},"thumbnailUrl":"https:\/\/www.copealcoy.es\/wp-content\/uploads\/2023\/02\/Herrera-en-COPE-Alcoy-4.png","datePublished":"2024-11-18T06:30:33+00:00","dateModified":"2024-11-18T12:17:32+00:00","author":{"@id":"https:\/\/www.copealcoy.es\/es\/#\/schema\/person\/e777c87fa024e57d40170af9df39882c"},"breadcrumb":{"@id":"https:\/\/www.copealcoy.es\/es\/informativo-matinal-lunes-18-de-noviembre-2024-0720h\/#breadcrumb"},"inLanguage":"es","potentialAction":[{"@type":"ReadAction","target":["https:\/\/www.copealcoy.es\/es\/informativo-matinal-lunes-18-de-noviembre-2024-0720h\/"]}]},{"@type":"ImageObject","inLanguage":"es","@id":"https:\/\/www.copealcoy.es\/es\/informativo-matinal-lunes-18-de-noviembre-2024-0720h\/#primaryimage","url":"https:\/\/www.copealcoy.es\/wp-content\/uploads\/2023\/02\/Herrera-en-COPE-Alcoy-4.png","contentUrl":"https:\/\/www.copealcoy.es\/wp-content\/uploads\/2023\/02\/Herrera-en-COPE-Alcoy-4.png","width":357,"height":290},{"@type":"BreadcrumbList","@id":"https:\/\/www.copealcoy.es\/es\/informativo-matinal-lunes-18-de-noviembre-2024-0720h\/#breadcrumb","itemListElement":[{"@type":"ListItem","position":1,"name":"Portada","item":"https:\/\/www.copealcoy.es\/es\/"},{"@type":"ListItem","position":2,"name":"Informativo matinal lunes 18 de noviembre 2024 (07:20h)"}]},{"@type":"WebSite","@id":"https:\/\/www.copealcoy.es\/es\/#website","url":"https:\/\/www.copealcoy.es\/es\/","name":"COPE Alcoy","description":"Emisora COPE de radio local con emisi\u00f3n online. Pont de Sant Jordi 8-10 03803 Alcoy","potentialAction":[{"@type":"SearchAction","target":{"@type":"EntryPoint","urlTemplate":"https:\/\/www.copealcoy.es\/es\/?s={search_term_string}"},"query-input":{"@type":"PropertyValueSpecification","valueRequired":true,"valueName":"search_term_string"}}],"inLanguage":"es"},{"@type":"Person","@id":"https:\/\/www.copealcoy.es\/es\/#\/schema\/person\/e777c87fa024e57d40170af9df39882c","name":"Cope Alcoy","image":{"@type":"ImageObject","inLanguage":"es","@id":"https:\/\/secure.gravatar.com\/avatar\/bb65d0283347e303893ba14f0692005417c1e0e690a325a4c5d8bb2b3943ee14?s=96&d=mm&r=g","url":"https:\/\/secure.gravatar.com\/avatar\/bb65d0283347e303893ba14f0692005417c1e0e690a325a4c5d8bb2b3943ee14?s=96&d=mm&r=g","contentUrl":"https:\/\/secure.gravatar.com\/avatar\/bb65d0283347e303893ba14f0692005417c1e0e690a325a4c5d8bb2b3943ee14?s=96&d=mm&r=g","caption":"Cope Alcoy"}}]}},"_links":{"self":[{"href":"https:\/\/www.copealcoy.es\/es\/wp-json\/wp\/v2\/posts\/143290","targetHints":{"allow":["GET"]}}],"collection":[{"href":"https:\/\/www.copealcoy.es\/es\/wp-json\/wp\/v2\/posts"}],"about":[{"href":"https:\/\/www.copealcoy.es\/es\/wp-json\/wp\/v2\/types\/post"}],"author":[{"embeddable":true,"href":"https:\/\/www.copealcoy.es\/es\/wp-json\/wp\/v2\/users\/1"}],"replies":[{"embeddable":true,"href":"https:\/\/www.copealcoy.es\/es\/wp-json\/wp\/v2\/comments?post=143290"}],"version-history":[{"count":0,"href":"https:\/\/www.copealcoy.es\/es\/wp-json\/wp\/v2\/posts\/143290\/revisions"}],"wp:featuredmedia":[{"embeddable":true,"href":"https:\/\/www.copealcoy.es\/es\/wp-json\/wp\/v2\/media\/110612"}],"wp:attachment":[{"href":"https:\/\/www.copealcoy.es\/es\/wp-json\/wp\/v2\/media?parent=143290"}],"wp:term":[{"taxonomy":"category","embeddable":true,"href":"https:\/\/www.copealcoy.es\/es\/wp-json\/wp\/v2\/categories?post=143290"},{"taxonomy":"post_tag","embeddable":true,"href":"https:\/\/www.copealcoy.es\/es\/wp-json\/wp\/v2\/tags?post=143290"}],"curies":[{"name":"wp","href":"https:\/\/api.w.org\/{rel}","templated":true}]}}