{"id":14319,"date":"2015-07-01T23:08:06","date_gmt":"2015-07-01T23:08:06","guid":{"rendered":"http:\/\/copealcoi.es\/new\/?p=14319"},"modified":"2015-07-01T23:08:06","modified_gmt":"2015-07-01T23:08:06","slug":"los-comerciantes-auguran-una-buena-campana-de-rebajas","status":"publish","type":"post","link":"https:\/\/www.copealcoy.es\/es\/los-comerciantes-auguran-una-buena-campana-de-rebajas\/","title":{"rendered":"Los comerciantes auguran una buena campa\u00f1a de Rebajas"},"content":{"rendered":"<p style=\"text-align: justify;\">Los comercios locales de Alcoy inician hoy mi\u00e9rcoles, primer d\u00eda del mes de julio, \u00a0la campa\u00f1a de rebajas verano que se alargar\u00e1 hasta el d\u00eda 5 de septiembre. Desde el sector conf\u00edan en incrementar las ventas con respecto a temporadas anteriores y se\u00f1alan que los consumidores se muestran m\u00e1s receptivos a la hora de conocer las ofertas y realizar sus compras &#8220;el \u00e1nimo est\u00e1 mucho mejor ahora que hace tres a\u00f1os&#8221;, ha explicado en Cope Alcoy Rafael P\u00e9rez, Presidente de \u00a0la asociaci\u00f3n de comerciantes ACECA. P\u00e9rez ha indicado tambi\u00e9n que el ritmo de ventas durante la ma\u00f1ana ha sido lento y se\u00f1ala que ir\u00e1 en aumento de cara a las pr\u00f3ximas semanas &#8220;estamos muy optimistas todas las tiendas y podremos superar estas ventas entre un 7 y un 10 por ciento con respecto al a\u00f1o anterior&#8221;, concluye.<\/p>\n<p style=\"text-align: justify;\">Por \u00faltimo los comerciantes animan a los alcoyanos y vecinos de la comarca a hacer sus compras en el peque\u00f1o comercio y a conocer los descuentos que empezar\u00e1n a aplicarse desde hoy mismo.<\/p>\n<p style=\"text-align: justify;\">\n","protected":false},"excerpt":{"rendered":"<p>Los comercios locales de Alcoy inician hoy mi\u00e9rcoles, primer d\u00eda del mes de julio, \u00a0la campa\u00f1a de rebajas verano que&#8230;<\/p>\n","protected":false},"author":1,"featured_media":9513,"comment_status":"open","ping_status":"open","sticky":false,"template":"","format":"standard","meta":{"footnotes":""},"categories":[97,75,79],"tags":[1494,467,511,1149],"class_list":["post-14319","post","type-post","status-publish","format-standard","has-post-thumbnail","hentry","category-alcoy","category-noticias","category-politicayeconomia","tag-alcoy","tag-comercio","tag-rebajas","tag-verano"],"yoast_head":"<!-- This site is optimized with the Yoast SEO plugin v27.3 - https:\/\/yoast.com\/product\/yoast-seo-wordpress\/ -->\n<title>Los comerciantes auguran una buena campa\u00f1a de Rebajas - COPE Alcoy<\/title>\n<meta name=\"robots\" content=\"index, follow, max-snippet:-1, max-image-preview:large, max-video-preview:-1\" \/>\n<link rel=\"canonical\" href=\"https:\/\/www.copealcoy.es\/es\/los-comerciantes-auguran-una-buena-campana-de-rebajas\/\" \/>\n<meta property=\"og:locale\" content=\"es_ES\" \/>\n<meta property=\"og:type\" content=\"article\" \/>\n<meta property=\"og:title\" content=\"Los comerciantes auguran una buena campa\u00f1a de Rebajas - COPE Alcoy\" \/>\n<meta property=\"og:description\" content=\"Los comercios locales de Alcoy inician hoy mi\u00e9rcoles, primer d\u00eda del mes de julio, \u00a0la campa\u00f1a de rebajas verano que...\" \/>\n<meta property=\"og:url\" content=\"https:\/\/www.copealcoy.es\/es\/los-comerciantes-auguran-una-buena-campana-de-rebajas\/\" \/>\n<meta property=\"og:site_name\" content=\"COPE Alcoy\" \/>\n<meta property=\"article:published_time\" content=\"2015-07-01T23:08:06+00:00\" \/>\n<meta property=\"og:image\" content=\"https:\/\/www.copealcoy.es\/wp-content\/uploads\/2015\/01\/image31.jpg\" \/>\n\t<meta property=\"og:image:width\" content=\"932\" \/>\n\t<meta property=\"og:image:height\" content=\"730\" \/>\n\t<meta property=\"og:image:type\" content=\"image\/jpeg\" \/>\n<meta name=\"author\" content=\"Cope Alcoy\" \/>\n<meta name=\"twitter:label1\" content=\"Escrito por\" \/>\n\t<meta name=\"twitter:data1\" content=\"Cope Alcoy\" \/>\n\t<meta name=\"twitter:label2\" content=\"Tiempo de lectura\" \/>\n\t<meta name=\"twitter:data2\" content=\"1 minuto\" \/>\n<script type=\"application\/ld+json\" class=\"yoast-schema-graph\">{\"@context\":\"https:\\\/\\\/schema.org\",\"@graph\":[{\"@type\":\"Article\",\"@id\":\"https:\\\/\\\/www.copealcoy.es\\\/es\\\/los-comerciantes-auguran-una-buena-campana-de-rebajas\\\/#article\",\"isPartOf\":{\"@id\":\"https:\\\/\\\/www.copealcoy.es\\\/es\\\/los-comerciantes-auguran-una-buena-campana-de-rebajas\\\/\"},\"author\":{\"name\":\"Cope Alcoy\",\"@id\":\"https:\\\/\\\/www.copealcoy.es\\\/es\\\/#\\\/schema\\\/person\\\/e777c87fa024e57d40170af9df39882c\"},\"headline\":\"Los comerciantes auguran una buena campa\u00f1a de Rebajas\",\"datePublished\":\"2015-07-01T23:08:06+00:00\",\"mainEntityOfPage\":{\"@id\":\"https:\\\/\\\/www.copealcoy.es\\\/es\\\/los-comerciantes-auguran-una-buena-campana-de-rebajas\\\/\"},\"wordCount\":194,\"commentCount\":0,\"image\":{\"@id\":\"https:\\\/\\\/www.copealcoy.es\\\/es\\\/los-comerciantes-auguran-una-buena-campana-de-rebajas\\\/#primaryimage\"},\"thumbnailUrl\":\"https:\\\/\\\/www.copealcoy.es\\\/wp-content\\\/uploads\\\/2015\\\/01\\\/image31.jpg\",\"keywords\":[\"Alcoy\",\"Comercio\",\"Rebajas\",\"Verano\"],\"articleSection\":[\"Alcoy\",\"Noticias\",\"Pol\u00edtica y Econom\u00eda\"],\"inLanguage\":\"es\"},{\"@type\":\"WebPage\",\"@id\":\"https:\\\/\\\/www.copealcoy.es\\\/es\\\/los-comerciantes-auguran-una-buena-campana-de-rebajas\\\/\",\"url\":\"https:\\\/\\\/www.copealcoy.es\\\/es\\\/los-comerciantes-auguran-una-buena-campana-de-rebajas\\\/\",\"name\":\"Los comerciantes auguran una buena campa\u00f1a de Rebajas - COPE Alcoy\",\"isPartOf\":{\"@id\":\"https:\\\/\\\/www.copealcoy.es\\\/es\\\/#website\"},\"primaryImageOfPage\":{\"@id\":\"https:\\\/\\\/www.copealcoy.es\\\/es\\\/los-comerciantes-auguran-una-buena-campana-de-rebajas\\\/#primaryimage\"},\"image\":{\"@id\":\"https:\\\/\\\/www.copealcoy.es\\\/es\\\/los-comerciantes-auguran-una-buena-campana-de-rebajas\\\/#primaryimage\"},\"thumbnailUrl\":\"https:\\\/\\\/www.copealcoy.es\\\/wp-content\\\/uploads\\\/2015\\\/01\\\/image31.jpg\",\"datePublished\":\"2015-07-01T23:08:06+00:00\",\"author\":{\"@id\":\"https:\\\/\\\/www.copealcoy.es\\\/es\\\/#\\\/schema\\\/person\\\/e777c87fa024e57d40170af9df39882c\"},\"breadcrumb\":{\"@id\":\"https:\\\/\\\/www.copealcoy.es\\\/es\\\/los-comerciantes-auguran-una-buena-campana-de-rebajas\\\/#breadcrumb\"},\"inLanguage\":\"es\",\"potentialAction\":[{\"@type\":\"ReadAction\",\"target\":[\"https:\\\/\\\/www.copealcoy.es\\\/es\\\/los-comerciantes-auguran-una-buena-campana-de-rebajas\\\/\"]}]},{\"@type\":\"ImageObject\",\"inLanguage\":\"es\",\"@id\":\"https:\\\/\\\/www.copealcoy.es\\\/es\\\/los-comerciantes-auguran-una-buena-campana-de-rebajas\\\/#primaryimage\",\"url\":\"https:\\\/\\\/www.copealcoy.es\\\/wp-content\\\/uploads\\\/2015\\\/01\\\/image31.jpg\",\"contentUrl\":\"https:\\\/\\\/www.copealcoy.es\\\/wp-content\\\/uploads\\\/2015\\\/01\\\/image31.jpg\",\"width\":932,\"height\":730},{\"@type\":\"BreadcrumbList\",\"@id\":\"https:\\\/\\\/www.copealcoy.es\\\/es\\\/los-comerciantes-auguran-una-buena-campana-de-rebajas\\\/#breadcrumb\",\"itemListElement\":[{\"@type\":\"ListItem\",\"position\":1,\"name\":\"Portada\",\"item\":\"https:\\\/\\\/www.copealcoy.es\\\/es\\\/\"},{\"@type\":\"ListItem\",\"position\":2,\"name\":\"Los comerciantes auguran una buena campa\u00f1a de Rebajas\"}]},{\"@type\":\"WebSite\",\"@id\":\"https:\\\/\\\/www.copealcoy.es\\\/es\\\/#website\",\"url\":\"https:\\\/\\\/www.copealcoy.es\\\/es\\\/\",\"name\":\"COPE Alcoy\",\"description\":\"Emisora COPE de radio local con emisi\u00f3n online. Pont de Sant Jordi 8-10 03803 Alcoy\",\"potentialAction\":[{\"@type\":\"SearchAction\",\"target\":{\"@type\":\"EntryPoint\",\"urlTemplate\":\"https:\\\/\\\/www.copealcoy.es\\\/es\\\/?s={search_term_string}\"},\"query-input\":{\"@type\":\"PropertyValueSpecification\",\"valueRequired\":true,\"valueName\":\"search_term_string\"}}],\"inLanguage\":\"es\"},{\"@type\":\"Person\",\"@id\":\"https:\\\/\\\/www.copealcoy.es\\\/es\\\/#\\\/schema\\\/person\\\/e777c87fa024e57d40170af9df39882c\",\"name\":\"Cope Alcoy\",\"image\":{\"@type\":\"ImageObject\",\"inLanguage\":\"es\",\"@id\":\"https:\\\/\\\/secure.gravatar.com\\\/avatar\\\/bb65d0283347e303893ba14f0692005417c1e0e690a325a4c5d8bb2b3943ee14?s=96&d=mm&r=g\",\"url\":\"https:\\\/\\\/secure.gravatar.com\\\/avatar\\\/bb65d0283347e303893ba14f0692005417c1e0e690a325a4c5d8bb2b3943ee14?s=96&d=mm&r=g\",\"contentUrl\":\"https:\\\/\\\/secure.gravatar.com\\\/avatar\\\/bb65d0283347e303893ba14f0692005417c1e0e690a325a4c5d8bb2b3943ee14?s=96&d=mm&r=g\",\"caption\":\"Cope Alcoy\"}}]}<\/script>\n<!-- \/ Yoast SEO plugin. -->","yoast_head_json":{"title":"Los comerciantes auguran una buena campa\u00f1a de Rebajas - COPE Alcoy","robots":{"index":"index","follow":"follow","max-snippet":"max-snippet:-1","max-image-preview":"max-image-preview:large","max-video-preview":"max-video-preview:-1"},"canonical":"https:\/\/www.copealcoy.es\/es\/los-comerciantes-auguran-una-buena-campana-de-rebajas\/","og_locale":"es_ES","og_type":"article","og_title":"Los comerciantes auguran una buena campa\u00f1a de Rebajas - COPE Alcoy","og_description":"Los comercios locales de Alcoy inician hoy mi\u00e9rcoles, primer d\u00eda del mes de julio, \u00a0la campa\u00f1a de rebajas verano que...","og_url":"https:\/\/www.copealcoy.es\/es\/los-comerciantes-auguran-una-buena-campana-de-rebajas\/","og_site_name":"COPE Alcoy","article_published_time":"2015-07-01T23:08:06+00:00","og_image":[{"width":932,"height":730,"url":"https:\/\/www.copealcoy.es\/wp-content\/uploads\/2015\/01\/image31.jpg","type":"image\/jpeg"}],"author":"Cope Alcoy","twitter_misc":{"Escrito por":"Cope Alcoy","Tiempo de lectura":"1 minuto"},"schema":{"@context":"https:\/\/schema.org","@graph":[{"@type":"Article","@id":"https:\/\/www.copealcoy.es\/es\/los-comerciantes-auguran-una-buena-campana-de-rebajas\/#article","isPartOf":{"@id":"https:\/\/www.copealcoy.es\/es\/los-comerciantes-auguran-una-buena-campana-de-rebajas\/"},"author":{"name":"Cope Alcoy","@id":"https:\/\/www.copealcoy.es\/es\/#\/schema\/person\/e777c87fa024e57d40170af9df39882c"},"headline":"Los comerciantes auguran una buena campa\u00f1a de Rebajas","datePublished":"2015-07-01T23:08:06+00:00","mainEntityOfPage":{"@id":"https:\/\/www.copealcoy.es\/es\/los-comerciantes-auguran-una-buena-campana-de-rebajas\/"},"wordCount":194,"commentCount":0,"image":{"@id":"https:\/\/www.copealcoy.es\/es\/los-comerciantes-auguran-una-buena-campana-de-rebajas\/#primaryimage"},"thumbnailUrl":"https:\/\/www.copealcoy.es\/wp-content\/uploads\/2015\/01\/image31.jpg","keywords":["Alcoy","Comercio","Rebajas","Verano"],"articleSection":["Alcoy","Noticias","Pol\u00edtica y Econom\u00eda"],"inLanguage":"es"},{"@type":"WebPage","@id":"https:\/\/www.copealcoy.es\/es\/los-comerciantes-auguran-una-buena-campana-de-rebajas\/","url":"https:\/\/www.copealcoy.es\/es\/los-comerciantes-auguran-una-buena-campana-de-rebajas\/","name":"Los comerciantes auguran una buena campa\u00f1a de Rebajas - COPE Alcoy","isPartOf":{"@id":"https:\/\/www.copealcoy.es\/es\/#website"},"primaryImageOfPage":{"@id":"https:\/\/www.copealcoy.es\/es\/los-comerciantes-auguran-una-buena-campana-de-rebajas\/#primaryimage"},"image":{"@id":"https:\/\/www.copealcoy.es\/es\/los-comerciantes-auguran-una-buena-campana-de-rebajas\/#primaryimage"},"thumbnailUrl":"https:\/\/www.copealcoy.es\/wp-content\/uploads\/2015\/01\/image31.jpg","datePublished":"2015-07-01T23:08:06+00:00","author":{"@id":"https:\/\/www.copealcoy.es\/es\/#\/schema\/person\/e777c87fa024e57d40170af9df39882c"},"breadcrumb":{"@id":"https:\/\/www.copealcoy.es\/es\/los-comerciantes-auguran-una-buena-campana-de-rebajas\/#breadcrumb"},"inLanguage":"es","potentialAction":[{"@type":"ReadAction","target":["https:\/\/www.copealcoy.es\/es\/los-comerciantes-auguran-una-buena-campana-de-rebajas\/"]}]},{"@type":"ImageObject","inLanguage":"es","@id":"https:\/\/www.copealcoy.es\/es\/los-comerciantes-auguran-una-buena-campana-de-rebajas\/#primaryimage","url":"https:\/\/www.copealcoy.es\/wp-content\/uploads\/2015\/01\/image31.jpg","contentUrl":"https:\/\/www.copealcoy.es\/wp-content\/uploads\/2015\/01\/image31.jpg","width":932,"height":730},{"@type":"BreadcrumbList","@id":"https:\/\/www.copealcoy.es\/es\/los-comerciantes-auguran-una-buena-campana-de-rebajas\/#breadcrumb","itemListElement":[{"@type":"ListItem","position":1,"name":"Portada","item":"https:\/\/www.copealcoy.es\/es\/"},{"@type":"ListItem","position":2,"name":"Los comerciantes auguran una buena campa\u00f1a de Rebajas"}]},{"@type":"WebSite","@id":"https:\/\/www.copealcoy.es\/es\/#website","url":"https:\/\/www.copealcoy.es\/es\/","name":"COPE Alcoy","description":"Emisora COPE de radio local con emisi\u00f3n online. Pont de Sant Jordi 8-10 03803 Alcoy","potentialAction":[{"@type":"SearchAction","target":{"@type":"EntryPoint","urlTemplate":"https:\/\/www.copealcoy.es\/es\/?s={search_term_string}"},"query-input":{"@type":"PropertyValueSpecification","valueRequired":true,"valueName":"search_term_string"}}],"inLanguage":"es"},{"@type":"Person","@id":"https:\/\/www.copealcoy.es\/es\/#\/schema\/person\/e777c87fa024e57d40170af9df39882c","name":"Cope Alcoy","image":{"@type":"ImageObject","inLanguage":"es","@id":"https:\/\/secure.gravatar.com\/avatar\/bb65d0283347e303893ba14f0692005417c1e0e690a325a4c5d8bb2b3943ee14?s=96&d=mm&r=g","url":"https:\/\/secure.gravatar.com\/avatar\/bb65d0283347e303893ba14f0692005417c1e0e690a325a4c5d8bb2b3943ee14?s=96&d=mm&r=g","contentUrl":"https:\/\/secure.gravatar.com\/avatar\/bb65d0283347e303893ba14f0692005417c1e0e690a325a4c5d8bb2b3943ee14?s=96&d=mm&r=g","caption":"Cope Alcoy"}}]}},"_links":{"self":[{"href":"https:\/\/www.copealcoy.es\/es\/wp-json\/wp\/v2\/posts\/14319","targetHints":{"allow":["GET"]}}],"collection":[{"href":"https:\/\/www.copealcoy.es\/es\/wp-json\/wp\/v2\/posts"}],"about":[{"href":"https:\/\/www.copealcoy.es\/es\/wp-json\/wp\/v2\/types\/post"}],"author":[{"embeddable":true,"href":"https:\/\/www.copealcoy.es\/es\/wp-json\/wp\/v2\/users\/1"}],"replies":[{"embeddable":true,"href":"https:\/\/www.copealcoy.es\/es\/wp-json\/wp\/v2\/comments?post=14319"}],"version-history":[{"count":0,"href":"https:\/\/www.copealcoy.es\/es\/wp-json\/wp\/v2\/posts\/14319\/revisions"}],"wp:featuredmedia":[{"embeddable":true,"href":"https:\/\/www.copealcoy.es\/es\/wp-json\/wp\/v2\/media\/9513"}],"wp:attachment":[{"href":"https:\/\/www.copealcoy.es\/es\/wp-json\/wp\/v2\/media?parent=14319"}],"wp:term":[{"taxonomy":"category","embeddable":true,"href":"https:\/\/www.copealcoy.es\/es\/wp-json\/wp\/v2\/categories?post=14319"},{"taxonomy":"post_tag","embeddable":true,"href":"https:\/\/www.copealcoy.es\/es\/wp-json\/wp\/v2\/tags?post=14319"}],"curies":[{"name":"wp","href":"https:\/\/api.w.org\/{rel}","templated":true}]}}