{"id":143125,"date":"2024-11-14T13:33:17","date_gmt":"2024-11-14T12:33:17","guid":{"rendered":"https:\/\/www.copealcoy.es\/?p=143125"},"modified":"2024-11-14T13:38:10","modified_gmt":"2024-11-14T12:38:10","slug":"natalia-gisbert-escribira-el-bando-real-y-rafa-segura-acompanara-al-embajador","status":"publish","type":"post","link":"https:\/\/www.copealcoy.es\/es\/natalia-gisbert-escribira-el-bando-real-y-rafa-segura-acompanara-al-embajador\/","title":{"rendered":"Nat\u00e0lia Gisbert escribir\u00e1 el Bando Real y Rafa Segura acompa\u00f1ar\u00e1 al Embajador"},"content":{"rendered":"<p style=\"text-align: justify;\">La <strong>visita del Embajador Real<\/strong>, como es habitual, anunciar\u00e1 en la tarde del 4 de enero que al d\u00eda siguiente <strong>vendr\u00e1n hasta Alcoy los Reyes Magos<\/strong> en una <a href=\"https:\/\/www.alcoi.org\/es\/cabalgata\/bando.html\" target=\"_blank\" rel=\"noopener\"><span style=\"color: #0000ff;\"><strong>Cabalgata centenaria<\/strong> <\/span><\/a>que goza del privilegio de ser la m\u00e1s antigua de todo el territorio nacional. En el acto <strong>volver\u00e1n a tener un protagonismo destacado dos personas<\/strong> a quienes Sus Majestades han encargado la tarea de estar junto al mismo Embajador Real.<\/p>\n<p style=\"text-align: justify;\">Este a\u00f1o, <strong>el texto que se leer\u00e1 ser\u00e1 obra de Nat\u00e0lia Gisbert<\/strong>, psic\u00f3loga y pediatra residente en el Hospital Universitario de Sant Joan d&#8217;Alacant. Gisbert es reconocida en el \u00e1mbito literario por su novela &#8220;Vi i veritat&#8221;, galardonada con el premio Ciudad de Alcoy de Novela Isabel Clara Sim\u00f3, y por su reciente obra &#8220;Despr\u00e9s del Salt&#8221;, ganadora del XXIX Premio Enric Valor de Novela en Valenciano. El Embajador Real, por su parte, <strong>contar\u00e1 con la colaboraci\u00f3n del alcoyano Rafa Segura<\/strong>, un destacado actor, director teatral y escritor. Segura, licenciado en Arte Dram\u00e1tico y graduado en Filolog\u00eda Hisp\u00e1nica, tiene una amplia trayectoria en el mundo del teatro y ha participado en diversas producciones cinematogr\u00e1ficas. Adem\u00e1s, imparte talleres de creaci\u00f3n esc\u00e9nica tanto en Espa\u00f1a como en Chile.<\/p>\n<div id=\"chat_conversation\" class=\"flex flex-col items-center text-sm dark:bg-gray-800 w-full\">\n<div class=\"w-full border-b2 border-black\/10 dark:border-gray-900\/50 text-gray-800 dark:text-gray-100 group dark:bg-gray-800\">\n<div class=\"text-base gap-4 md:gap-6 m-auto md:max-w-2xl lg:max-w-2xl xl:max-w-4xl p-4 md:py-6 flex lg:px-0\">\n<div class=\"w-[calc(100%-50px)] \">\n<div class=\"relative flex flex-col gap-1 md:gap-3 lg:w-[calc(100%-115px)]\">\n<div id=\"copy_217\" class=\"markdown prose w-full break-words dark:prose-invert dark system_write\">\n<p style=\"text-align: justify;\">El edil de Fiestas, <strong>Jordi Mart\u00ednez<\/strong>, ha felicitado a ambos ante la tarea que tienen por delante a la hora de participar en el acto que anunciar\u00e1 la visita de Sus Majestades los Reyes de Oriente. De igual forma, ha expresado que con las responsabilidades que asumir\u00e1n ambos &#8220;<em>har\u00e1n llegar de la mejor manera posible el mensaje a todos los alcoyanos y alcoyanas. A diferencia de otros lugares donde todo va dirigido \u00fanicamente a los m\u00e1s peque\u00f1os, en nuestra ciudad la magia de la Navidad Alcoyana hace que todos volvamos a nuestra infancia<\/em>&#8220;, detalla.<\/p>\n<\/div>\n<div class=\"flex justify-end gap-2 w-full mt-2\">\n<div class=\"text-gray-400 flex self-end lg:self-center justify-center gap-3 md:gap-4 visible\" style=\"text-align: justify;\">El<strong> desfile del Bando Real<\/strong> partir\u00e1 desde la Font Redona pasadas las 18:30h despu\u00e9s de que el popular T\u00edo Piam anuncie la venida del Embajador. La comitiva recorrer\u00e1 las principales calles del Centro hasta finalizar en la parte final de la avinguda del Pa\u00eds Valenci\u00e0 y en la comitiva no faltar\u00e1n las burritas donde los m\u00e1s peque\u00f1os lanzar\u00e1n sus cartas con las peticiones dirigidas a Melchor, Gaspar y Baltasar.<\/div>\n<\/div>\n<\/div>\n<\/div>\n<\/div>\n<\/div>\n<\/div>\n<div id=\"humanchat_conversation\" class=\"flex flex-col items-center text-sm dark:bg-gray-800 w-full\"><\/div>\n","protected":false},"excerpt":{"rendered":"<p>La visita del Embajador Real, como es habitual, anunciar\u00e1 en la tarde del 4 de enero que al d\u00eda siguiente&#8230;<\/p>\n","protected":false},"author":1,"featured_media":143126,"comment_status":"open","ping_status":"open","sticky":false,"template":"","format":"standard","meta":{"footnotes":""},"categories":[6909,97,75,125],"tags":[1494,1586,368,10505,18869,488],"class_list":["post-143125","post","type-post","status-publish","format-standard","has-post-thumbnail","hentry","category-actualidad","category-alcoy","category-noticias","category-portada","tag-alcoy","tag-bando-real","tag-cabalgata","tag-natalia-gisbert","tag-rafa-segura","tag-reyes-magos"],"yoast_head":"<!-- This site is optimized with the Yoast SEO plugin v27.3 - https:\/\/yoast.com\/product\/yoast-seo-wordpress\/ -->\n<title>Nat\u00e0lia Gisbert escribir\u00e1 el Bando Real y Rafa Segura acompa\u00f1ar\u00e1 al Embajador - COPE Alcoy<\/title>\n<meta name=\"description\" content=\"Nat\u00e0lia Gisbert escribir\u00e1 el Bando Real y Rafa Segura acompa\u00f1ar\u00e1 al Embajador\" \/>\n<meta name=\"robots\" content=\"index, follow, max-snippet:-1, max-image-preview:large, max-video-preview:-1\" \/>\n<link rel=\"canonical\" href=\"https:\/\/www.copealcoy.es\/es\/natalia-gisbert-escribira-el-bando-real-y-rafa-segura-acompanara-al-embajador\/\" \/>\n<meta property=\"og:locale\" content=\"es_ES\" \/>\n<meta property=\"og:type\" content=\"article\" \/>\n<meta property=\"og:title\" content=\"Nat\u00e0lia Gisbert escribir\u00e1 el Bando Real y Rafa Segura acompa\u00f1ar\u00e1 al Embajador - COPE Alcoy\" \/>\n<meta property=\"og:description\" content=\"Nat\u00e0lia Gisbert escribir\u00e1 el Bando Real y Rafa Segura acompa\u00f1ar\u00e1 al Embajador\" \/>\n<meta property=\"og:url\" content=\"https:\/\/www.copealcoy.es\/es\/natalia-gisbert-escribira-el-bando-real-y-rafa-segura-acompanara-al-embajador\/\" \/>\n<meta property=\"og:site_name\" content=\"COPE Alcoy\" \/>\n<meta property=\"article:published_time\" content=\"2024-11-14T12:33:17+00:00\" \/>\n<meta property=\"article:modified_time\" content=\"2024-11-14T12:38:10+00:00\" \/>\n<meta property=\"og:image\" content=\"https:\/\/www.copealcoy.es\/wp-content\/uploads\/2024\/11\/natalia-i-rafa-segura.jpg_1733284025-e1731587639303.jpg\" \/>\n\t<meta property=\"og:image:width\" content=\"625\" \/>\n\t<meta property=\"og:image:height\" content=\"311\" \/>\n\t<meta property=\"og:image:type\" content=\"image\/jpeg\" \/>\n<meta name=\"author\" content=\"Cope Alcoy\" \/>\n<meta name=\"twitter:label1\" content=\"Escrito por\" \/>\n\t<meta name=\"twitter:data1\" content=\"Cope Alcoy\" \/>\n\t<meta name=\"twitter:label2\" content=\"Tiempo de lectura\" \/>\n\t<meta name=\"twitter:data2\" content=\"3 minutos\" \/>\n<script type=\"application\/ld+json\" class=\"yoast-schema-graph\">{\"@context\":\"https:\\\/\\\/schema.org\",\"@graph\":[{\"@type\":\"Article\",\"@id\":\"https:\\\/\\\/www.copealcoy.es\\\/es\\\/natalia-gisbert-escribira-el-bando-real-y-rafa-segura-acompanara-al-embajador\\\/#article\",\"isPartOf\":{\"@id\":\"https:\\\/\\\/www.copealcoy.es\\\/es\\\/natalia-gisbert-escribira-el-bando-real-y-rafa-segura-acompanara-al-embajador\\\/\"},\"author\":{\"name\":\"Cope Alcoy\",\"@id\":\"https:\\\/\\\/www.copealcoy.es\\\/es\\\/#\\\/schema\\\/person\\\/e777c87fa024e57d40170af9df39882c\"},\"headline\":\"Nat\u00e0lia Gisbert escribir\u00e1 el Bando Real y Rafa Segura acompa\u00f1ar\u00e1 al Embajador\",\"datePublished\":\"2024-11-14T12:33:17+00:00\",\"dateModified\":\"2024-11-14T12:38:10+00:00\",\"mainEntityOfPage\":{\"@id\":\"https:\\\/\\\/www.copealcoy.es\\\/es\\\/natalia-gisbert-escribira-el-bando-real-y-rafa-segura-acompanara-al-embajador\\\/\"},\"wordCount\":402,\"commentCount\":0,\"image\":{\"@id\":\"https:\\\/\\\/www.copealcoy.es\\\/es\\\/natalia-gisbert-escribira-el-bando-real-y-rafa-segura-acompanara-al-embajador\\\/#primaryimage\"},\"thumbnailUrl\":\"https:\\\/\\\/www.copealcoy.es\\\/wp-content\\\/uploads\\\/2024\\\/11\\\/natalia-i-rafa-segura.jpg_1733284025-e1731587639303.jpg\",\"keywords\":[\"Alcoy\",\"Bando Real\",\"Cabalgata\",\"Nat\u00e0lia Gisbert\",\"Rafa Segura\",\"Reyes Magos\"],\"articleSection\":[\"Actualidad\",\"Alcoy\",\"Noticias\",\"Portada\"],\"inLanguage\":\"es\"},{\"@type\":\"WebPage\",\"@id\":\"https:\\\/\\\/www.copealcoy.es\\\/es\\\/natalia-gisbert-escribira-el-bando-real-y-rafa-segura-acompanara-al-embajador\\\/\",\"url\":\"https:\\\/\\\/www.copealcoy.es\\\/es\\\/natalia-gisbert-escribira-el-bando-real-y-rafa-segura-acompanara-al-embajador\\\/\",\"name\":\"Nat\u00e0lia Gisbert escribir\u00e1 el Bando Real y Rafa Segura acompa\u00f1ar\u00e1 al Embajador - COPE Alcoy\",\"isPartOf\":{\"@id\":\"https:\\\/\\\/www.copealcoy.es\\\/es\\\/#website\"},\"primaryImageOfPage\":{\"@id\":\"https:\\\/\\\/www.copealcoy.es\\\/es\\\/natalia-gisbert-escribira-el-bando-real-y-rafa-segura-acompanara-al-embajador\\\/#primaryimage\"},\"image\":{\"@id\":\"https:\\\/\\\/www.copealcoy.es\\\/es\\\/natalia-gisbert-escribira-el-bando-real-y-rafa-segura-acompanara-al-embajador\\\/#primaryimage\"},\"thumbnailUrl\":\"https:\\\/\\\/www.copealcoy.es\\\/wp-content\\\/uploads\\\/2024\\\/11\\\/natalia-i-rafa-segura.jpg_1733284025-e1731587639303.jpg\",\"datePublished\":\"2024-11-14T12:33:17+00:00\",\"dateModified\":\"2024-11-14T12:38:10+00:00\",\"author\":{\"@id\":\"https:\\\/\\\/www.copealcoy.es\\\/es\\\/#\\\/schema\\\/person\\\/e777c87fa024e57d40170af9df39882c\"},\"description\":\"Nat\u00e0lia Gisbert escribir\u00e1 el Bando Real y Rafa Segura acompa\u00f1ar\u00e1 al Embajador\",\"breadcrumb\":{\"@id\":\"https:\\\/\\\/www.copealcoy.es\\\/es\\\/natalia-gisbert-escribira-el-bando-real-y-rafa-segura-acompanara-al-embajador\\\/#breadcrumb\"},\"inLanguage\":\"es\",\"potentialAction\":[{\"@type\":\"ReadAction\",\"target\":[\"https:\\\/\\\/www.copealcoy.es\\\/es\\\/natalia-gisbert-escribira-el-bando-real-y-rafa-segura-acompanara-al-embajador\\\/\"]}]},{\"@type\":\"ImageObject\",\"inLanguage\":\"es\",\"@id\":\"https:\\\/\\\/www.copealcoy.es\\\/es\\\/natalia-gisbert-escribira-el-bando-real-y-rafa-segura-acompanara-al-embajador\\\/#primaryimage\",\"url\":\"https:\\\/\\\/www.copealcoy.es\\\/wp-content\\\/uploads\\\/2024\\\/11\\\/natalia-i-rafa-segura.jpg_1733284025-e1731587639303.jpg\",\"contentUrl\":\"https:\\\/\\\/www.copealcoy.es\\\/wp-content\\\/uploads\\\/2024\\\/11\\\/natalia-i-rafa-segura.jpg_1733284025-e1731587639303.jpg\",\"width\":625,\"height\":311},{\"@type\":\"BreadcrumbList\",\"@id\":\"https:\\\/\\\/www.copealcoy.es\\\/es\\\/natalia-gisbert-escribira-el-bando-real-y-rafa-segura-acompanara-al-embajador\\\/#breadcrumb\",\"itemListElement\":[{\"@type\":\"ListItem\",\"position\":1,\"name\":\"Portada\",\"item\":\"https:\\\/\\\/www.copealcoy.es\\\/es\\\/\"},{\"@type\":\"ListItem\",\"position\":2,\"name\":\"Nat\u00e0lia Gisbert escribir\u00e1 el Bando Real y Rafa Segura acompa\u00f1ar\u00e1 al Embajador\"}]},{\"@type\":\"WebSite\",\"@id\":\"https:\\\/\\\/www.copealcoy.es\\\/es\\\/#website\",\"url\":\"https:\\\/\\\/www.copealcoy.es\\\/es\\\/\",\"name\":\"COPE Alcoy\",\"description\":\"Emisora COPE de radio local con emisi\u00f3n online. Pont de Sant Jordi 8-10 03803 Alcoy\",\"potentialAction\":[{\"@type\":\"SearchAction\",\"target\":{\"@type\":\"EntryPoint\",\"urlTemplate\":\"https:\\\/\\\/www.copealcoy.es\\\/es\\\/?s={search_term_string}\"},\"query-input\":{\"@type\":\"PropertyValueSpecification\",\"valueRequired\":true,\"valueName\":\"search_term_string\"}}],\"inLanguage\":\"es\"},{\"@type\":\"Person\",\"@id\":\"https:\\\/\\\/www.copealcoy.es\\\/es\\\/#\\\/schema\\\/person\\\/e777c87fa024e57d40170af9df39882c\",\"name\":\"Cope Alcoy\",\"image\":{\"@type\":\"ImageObject\",\"inLanguage\":\"es\",\"@id\":\"https:\\\/\\\/secure.gravatar.com\\\/avatar\\\/bb65d0283347e303893ba14f0692005417c1e0e690a325a4c5d8bb2b3943ee14?s=96&d=mm&r=g\",\"url\":\"https:\\\/\\\/secure.gravatar.com\\\/avatar\\\/bb65d0283347e303893ba14f0692005417c1e0e690a325a4c5d8bb2b3943ee14?s=96&d=mm&r=g\",\"contentUrl\":\"https:\\\/\\\/secure.gravatar.com\\\/avatar\\\/bb65d0283347e303893ba14f0692005417c1e0e690a325a4c5d8bb2b3943ee14?s=96&d=mm&r=g\",\"caption\":\"Cope Alcoy\"}}]}<\/script>\n<!-- \/ Yoast SEO plugin. -->","yoast_head_json":{"title":"Nat\u00e0lia Gisbert escribir\u00e1 el Bando Real y Rafa Segura acompa\u00f1ar\u00e1 al Embajador - COPE Alcoy","description":"Nat\u00e0lia Gisbert escribir\u00e1 el Bando Real y Rafa Segura acompa\u00f1ar\u00e1 al Embajador","robots":{"index":"index","follow":"follow","max-snippet":"max-snippet:-1","max-image-preview":"max-image-preview:large","max-video-preview":"max-video-preview:-1"},"canonical":"https:\/\/www.copealcoy.es\/es\/natalia-gisbert-escribira-el-bando-real-y-rafa-segura-acompanara-al-embajador\/","og_locale":"es_ES","og_type":"article","og_title":"Nat\u00e0lia Gisbert escribir\u00e1 el Bando Real y Rafa Segura acompa\u00f1ar\u00e1 al Embajador - COPE Alcoy","og_description":"Nat\u00e0lia Gisbert escribir\u00e1 el Bando Real y Rafa Segura acompa\u00f1ar\u00e1 al Embajador","og_url":"https:\/\/www.copealcoy.es\/es\/natalia-gisbert-escribira-el-bando-real-y-rafa-segura-acompanara-al-embajador\/","og_site_name":"COPE Alcoy","article_published_time":"2024-11-14T12:33:17+00:00","article_modified_time":"2024-11-14T12:38:10+00:00","og_image":[{"width":625,"height":311,"url":"https:\/\/www.copealcoy.es\/wp-content\/uploads\/2024\/11\/natalia-i-rafa-segura.jpg_1733284025-e1731587639303.jpg","type":"image\/jpeg"}],"author":"Cope Alcoy","twitter_misc":{"Escrito por":"Cope Alcoy","Tiempo de lectura":"3 minutos"},"schema":{"@context":"https:\/\/schema.org","@graph":[{"@type":"Article","@id":"https:\/\/www.copealcoy.es\/es\/natalia-gisbert-escribira-el-bando-real-y-rafa-segura-acompanara-al-embajador\/#article","isPartOf":{"@id":"https:\/\/www.copealcoy.es\/es\/natalia-gisbert-escribira-el-bando-real-y-rafa-segura-acompanara-al-embajador\/"},"author":{"name":"Cope Alcoy","@id":"https:\/\/www.copealcoy.es\/es\/#\/schema\/person\/e777c87fa024e57d40170af9df39882c"},"headline":"Nat\u00e0lia Gisbert escribir\u00e1 el Bando Real y Rafa Segura acompa\u00f1ar\u00e1 al Embajador","datePublished":"2024-11-14T12:33:17+00:00","dateModified":"2024-11-14T12:38:10+00:00","mainEntityOfPage":{"@id":"https:\/\/www.copealcoy.es\/es\/natalia-gisbert-escribira-el-bando-real-y-rafa-segura-acompanara-al-embajador\/"},"wordCount":402,"commentCount":0,"image":{"@id":"https:\/\/www.copealcoy.es\/es\/natalia-gisbert-escribira-el-bando-real-y-rafa-segura-acompanara-al-embajador\/#primaryimage"},"thumbnailUrl":"https:\/\/www.copealcoy.es\/wp-content\/uploads\/2024\/11\/natalia-i-rafa-segura.jpg_1733284025-e1731587639303.jpg","keywords":["Alcoy","Bando Real","Cabalgata","Nat\u00e0lia Gisbert","Rafa Segura","Reyes Magos"],"articleSection":["Actualidad","Alcoy","Noticias","Portada"],"inLanguage":"es"},{"@type":"WebPage","@id":"https:\/\/www.copealcoy.es\/es\/natalia-gisbert-escribira-el-bando-real-y-rafa-segura-acompanara-al-embajador\/","url":"https:\/\/www.copealcoy.es\/es\/natalia-gisbert-escribira-el-bando-real-y-rafa-segura-acompanara-al-embajador\/","name":"Nat\u00e0lia Gisbert escribir\u00e1 el Bando Real y Rafa Segura acompa\u00f1ar\u00e1 al Embajador - COPE Alcoy","isPartOf":{"@id":"https:\/\/www.copealcoy.es\/es\/#website"},"primaryImageOfPage":{"@id":"https:\/\/www.copealcoy.es\/es\/natalia-gisbert-escribira-el-bando-real-y-rafa-segura-acompanara-al-embajador\/#primaryimage"},"image":{"@id":"https:\/\/www.copealcoy.es\/es\/natalia-gisbert-escribira-el-bando-real-y-rafa-segura-acompanara-al-embajador\/#primaryimage"},"thumbnailUrl":"https:\/\/www.copealcoy.es\/wp-content\/uploads\/2024\/11\/natalia-i-rafa-segura.jpg_1733284025-e1731587639303.jpg","datePublished":"2024-11-14T12:33:17+00:00","dateModified":"2024-11-14T12:38:10+00:00","author":{"@id":"https:\/\/www.copealcoy.es\/es\/#\/schema\/person\/e777c87fa024e57d40170af9df39882c"},"description":"Nat\u00e0lia Gisbert escribir\u00e1 el Bando Real y Rafa Segura acompa\u00f1ar\u00e1 al Embajador","breadcrumb":{"@id":"https:\/\/www.copealcoy.es\/es\/natalia-gisbert-escribira-el-bando-real-y-rafa-segura-acompanara-al-embajador\/#breadcrumb"},"inLanguage":"es","potentialAction":[{"@type":"ReadAction","target":["https:\/\/www.copealcoy.es\/es\/natalia-gisbert-escribira-el-bando-real-y-rafa-segura-acompanara-al-embajador\/"]}]},{"@type":"ImageObject","inLanguage":"es","@id":"https:\/\/www.copealcoy.es\/es\/natalia-gisbert-escribira-el-bando-real-y-rafa-segura-acompanara-al-embajador\/#primaryimage","url":"https:\/\/www.copealcoy.es\/wp-content\/uploads\/2024\/11\/natalia-i-rafa-segura.jpg_1733284025-e1731587639303.jpg","contentUrl":"https:\/\/www.copealcoy.es\/wp-content\/uploads\/2024\/11\/natalia-i-rafa-segura.jpg_1733284025-e1731587639303.jpg","width":625,"height":311},{"@type":"BreadcrumbList","@id":"https:\/\/www.copealcoy.es\/es\/natalia-gisbert-escribira-el-bando-real-y-rafa-segura-acompanara-al-embajador\/#breadcrumb","itemListElement":[{"@type":"ListItem","position":1,"name":"Portada","item":"https:\/\/www.copealcoy.es\/es\/"},{"@type":"ListItem","position":2,"name":"Nat\u00e0lia Gisbert escribir\u00e1 el Bando Real y Rafa Segura acompa\u00f1ar\u00e1 al Embajador"}]},{"@type":"WebSite","@id":"https:\/\/www.copealcoy.es\/es\/#website","url":"https:\/\/www.copealcoy.es\/es\/","name":"COPE Alcoy","description":"Emisora COPE de radio local con emisi\u00f3n online. Pont de Sant Jordi 8-10 03803 Alcoy","potentialAction":[{"@type":"SearchAction","target":{"@type":"EntryPoint","urlTemplate":"https:\/\/www.copealcoy.es\/es\/?s={search_term_string}"},"query-input":{"@type":"PropertyValueSpecification","valueRequired":true,"valueName":"search_term_string"}}],"inLanguage":"es"},{"@type":"Person","@id":"https:\/\/www.copealcoy.es\/es\/#\/schema\/person\/e777c87fa024e57d40170af9df39882c","name":"Cope Alcoy","image":{"@type":"ImageObject","inLanguage":"es","@id":"https:\/\/secure.gravatar.com\/avatar\/bb65d0283347e303893ba14f0692005417c1e0e690a325a4c5d8bb2b3943ee14?s=96&d=mm&r=g","url":"https:\/\/secure.gravatar.com\/avatar\/bb65d0283347e303893ba14f0692005417c1e0e690a325a4c5d8bb2b3943ee14?s=96&d=mm&r=g","contentUrl":"https:\/\/secure.gravatar.com\/avatar\/bb65d0283347e303893ba14f0692005417c1e0e690a325a4c5d8bb2b3943ee14?s=96&d=mm&r=g","caption":"Cope Alcoy"}}]}},"_links":{"self":[{"href":"https:\/\/www.copealcoy.es\/es\/wp-json\/wp\/v2\/posts\/143125","targetHints":{"allow":["GET"]}}],"collection":[{"href":"https:\/\/www.copealcoy.es\/es\/wp-json\/wp\/v2\/posts"}],"about":[{"href":"https:\/\/www.copealcoy.es\/es\/wp-json\/wp\/v2\/types\/post"}],"author":[{"embeddable":true,"href":"https:\/\/www.copealcoy.es\/es\/wp-json\/wp\/v2\/users\/1"}],"replies":[{"embeddable":true,"href":"https:\/\/www.copealcoy.es\/es\/wp-json\/wp\/v2\/comments?post=143125"}],"version-history":[{"count":0,"href":"https:\/\/www.copealcoy.es\/es\/wp-json\/wp\/v2\/posts\/143125\/revisions"}],"wp:featuredmedia":[{"embeddable":true,"href":"https:\/\/www.copealcoy.es\/es\/wp-json\/wp\/v2\/media\/143126"}],"wp:attachment":[{"href":"https:\/\/www.copealcoy.es\/es\/wp-json\/wp\/v2\/media?parent=143125"}],"wp:term":[{"taxonomy":"category","embeddable":true,"href":"https:\/\/www.copealcoy.es\/es\/wp-json\/wp\/v2\/categories?post=143125"},{"taxonomy":"post_tag","embeddable":true,"href":"https:\/\/www.copealcoy.es\/es\/wp-json\/wp\/v2\/tags?post=143125"}],"curies":[{"name":"wp","href":"https:\/\/api.w.org\/{rel}","templated":true}]}}