{"id":142770,"date":"2024-10-15T18:36:35","date_gmt":"2024-10-15T17:36:35","guid":{"rendered":"https:\/\/www.copealcoy.es\/?p=142770"},"modified":"2024-11-10T18:50:00","modified_gmt":"2024-11-10T17:50:00","slug":"la-guardia-civil-tambien-celebro-en-la-comarca-la-festividad-de-su-patrona","status":"publish","type":"post","link":"https:\/\/www.copealcoy.es\/es\/la-guardia-civil-tambien-celebro-en-la-comarca-la-festividad-de-su-patrona\/","title":{"rendered":"La Guardia Civil tambi\u00e9n celebr\u00f3 en la comarca la festividad de su patrona"},"content":{"rendered":"<p style=\"text-align: justify;\">Como suele ser habitual en cada <strong>12 de octubre<\/strong>, la <a href=\"https:\/\/www.guardiacivil.es\/es\/index.html\" target=\"_blank\" rel=\"noopener\"><span style=\"color: #0000ff;\"><strong>Guardia Civil<\/strong> <\/span><\/a>celebr\u00f3 en nuestras comarcas <strong>la festividad de su patrona<\/strong> que se conmemora siempre en el d\u00eda de la Virgen del Pilar. La celebraci\u00f3n <strong>se reparti\u00f3 entre Cocentaina y Muro<\/strong>, poblaciones que actualmente cuentan con cuartel, y en el <strong>primero de los casos<\/strong> destac\u00f3 una misa solemne que tuvo lugar a mediod\u00eda en el Convento de los Padres Franciscanos. La eucarist\u00eda estuvo oficiada por el guardi\u00e1n de este \u00faltimo, Fray Fernando Fuertes, y a la misma asistieron representantes del cuerpo, pero tambi\u00e9n del \u00e1mbito pol\u00edtico de municipios como Fageca, Benilloba, Quatretondeta o la misma Villa Condal. Parte de la corporaci\u00f3n municipal contestana, encabezada por el alcalde Jordi Pla, acudi\u00f3 a una ceremonia que tuvo continuidad despu\u00e9s en el cuartel de la capital del Comtat con un acto institucional seguido de un \u00e1gape.<\/p>\n<p style=\"text-align: justify;\">En el caso de <strong>Muro<\/strong>, la misa se efectu\u00f3 en la parroquia de San Juan Bautista de este municipio del Comtat ante la imagen de la Virgen del Pilar, la cual fue colocada para la ocasi\u00f3n en el altar mayor del templo. All\u00ed tambi\u00e9n acudieron efectivos de la Guardia Civil del cuartel murero y alcaldes de localidades como l\u2019Alqueria d\u2019Asnar, Beniarr\u00e9s, Benimarfull, Agres, Almudaina o Planes que pertenecen a la demarcaci\u00f3n de Muro. Sa\u00fcl Serrano, primer teniente de alcalde en esta \u00faltima poblaci\u00f3n, encabez\u00f3 la representaci\u00f3n del Ayuntamiento en una jornada en la que no faltaron los reconocimientos al trabajo que a diario desempe\u00f1a la Guardia Civil en nuestras comarcas. Tambi\u00e9n en <strong>Alcoy\u00a0<\/strong>hubo actos como una misa en la parroquia del Sagrado Coraz\u00f3n de Jes\u00fas a la que le sigui\u00f3 un \u00e1gape con la entrega de diferentes reconocimientos.<\/p>\n<p style=\"text-align: justify;\">En este d\u00eda tambi\u00e9n <strong>hubo espacio para poner sobre la mesa reivindicaciones<\/strong> como la necesidad de m\u00e1s agentes en Cocentaina o Muro, la ampliaci\u00f3n de horarios en ambos cuarteles e incluso la adecuaci\u00f3n de las dependencias existentes en cada poblaci\u00f3n para ofrecer una mejor atenci\u00f3n a todo el Comtat.<\/p>\n","protected":false},"excerpt":{"rendered":"<p>Como suele ser habitual en cada 12 de octubre, la Guardia Civil celebr\u00f3 en nuestras comarcas la festividad de su&#8230;<\/p>\n","protected":false},"author":1,"featured_media":142771,"comment_status":"open","ping_status":"open","sticky":false,"template":"","format":"standard","meta":{"footnotes":""},"categories":[6909,98,75],"tags":[18849,6997,2187,1432,2430],"class_list":["post-142770","post","type-post","status-publish","format-standard","has-post-thumbnail","hentry","category-actualidad","category-comarcas","category-noticias","tag-12-d-eoctubre","tag-festividad","tag-guardia-civil","tag-patrona","tag-virgen-del-pilar"],"yoast_head":"<!-- This site is optimized with the Yoast SEO plugin v27.3 - https:\/\/yoast.com\/product\/yoast-seo-wordpress\/ -->\n<title>La Guardia Civil tambi\u00e9n celebr\u00f3 en la comarca la festividad de su patrona - COPE Alcoy<\/title>\n<meta name=\"description\" content=\"Como suele ser habitual en cada 12 de octubre, la Guardia Civil celebr\u00f3 en nuestras comarcas la festividad de su patrona que se conmemora siempre en el d\u00eda de la Virgen del Pilar.\" \/>\n<meta name=\"robots\" content=\"index, follow, max-snippet:-1, max-image-preview:large, max-video-preview:-1\" \/>\n<link rel=\"canonical\" href=\"https:\/\/www.copealcoy.es\/es\/la-guardia-civil-tambien-celebro-en-la-comarca-la-festividad-de-su-patrona\/\" \/>\n<meta property=\"og:locale\" content=\"es_ES\" \/>\n<meta property=\"og:type\" content=\"article\" \/>\n<meta property=\"og:title\" content=\"La Guardia Civil tambi\u00e9n celebr\u00f3 en la comarca la festividad de su patrona - COPE Alcoy\" \/>\n<meta property=\"og:description\" content=\"Como suele ser habitual en cada 12 de octubre, la Guardia Civil celebr\u00f3 en nuestras comarcas la festividad de su patrona que se conmemora siempre en el d\u00eda de la Virgen del Pilar.\" \/>\n<meta property=\"og:url\" content=\"https:\/\/www.copealcoy.es\/es\/la-guardia-civil-tambien-celebro-en-la-comarca-la-festividad-de-su-patrona\/\" \/>\n<meta property=\"og:site_name\" content=\"COPE Alcoy\" \/>\n<meta property=\"article:published_time\" content=\"2024-10-15T17:36:35+00:00\" \/>\n<meta property=\"article:modified_time\" content=\"2024-11-10T17:50:00+00:00\" \/>\n<meta property=\"og:image\" content=\"https:\/\/www.copealcoy.es\/wp-content\/uploads\/2024\/11\/9-Al-acto-celebrado-en-Muro-acudieron-representantes-de-varias-poblaciones-de-la-comarcaFoto-Ajuntament-de-Muro.jpg\" \/>\n\t<meta property=\"og:image:width\" content=\"1179\" \/>\n\t<meta property=\"og:image:height\" content=\"727\" \/>\n\t<meta property=\"og:image:type\" content=\"image\/jpeg\" \/>\n<meta name=\"author\" content=\"Cope Alcoy\" \/>\n<meta name=\"twitter:label1\" content=\"Escrito por\" \/>\n\t<meta name=\"twitter:data1\" content=\"Cope Alcoy\" \/>\n\t<meta name=\"twitter:label2\" content=\"Tiempo de lectura\" \/>\n\t<meta name=\"twitter:data2\" content=\"3 minutos\" \/>\n<script type=\"application\/ld+json\" class=\"yoast-schema-graph\">{\"@context\":\"https:\\\/\\\/schema.org\",\"@graph\":[{\"@type\":\"Article\",\"@id\":\"https:\\\/\\\/www.copealcoy.es\\\/es\\\/la-guardia-civil-tambien-celebro-en-la-comarca-la-festividad-de-su-patrona\\\/#article\",\"isPartOf\":{\"@id\":\"https:\\\/\\\/www.copealcoy.es\\\/es\\\/la-guardia-civil-tambien-celebro-en-la-comarca-la-festividad-de-su-patrona\\\/\"},\"author\":{\"name\":\"Cope Alcoy\",\"@id\":\"https:\\\/\\\/www.copealcoy.es\\\/es\\\/#\\\/schema\\\/person\\\/e777c87fa024e57d40170af9df39882c\"},\"headline\":\"La Guardia Civil tambi\u00e9n celebr\u00f3 en la comarca la festividad de su patrona\",\"datePublished\":\"2024-10-15T17:36:35+00:00\",\"dateModified\":\"2024-11-10T17:50:00+00:00\",\"mainEntityOfPage\":{\"@id\":\"https:\\\/\\\/www.copealcoy.es\\\/es\\\/la-guardia-civil-tambien-celebro-en-la-comarca-la-festividad-de-su-patrona\\\/\"},\"wordCount\":373,\"commentCount\":0,\"image\":{\"@id\":\"https:\\\/\\\/www.copealcoy.es\\\/es\\\/la-guardia-civil-tambien-celebro-en-la-comarca-la-festividad-de-su-patrona\\\/#primaryimage\"},\"thumbnailUrl\":\"https:\\\/\\\/www.copealcoy.es\\\/wp-content\\\/uploads\\\/2024\\\/11\\\/9-Al-acto-celebrado-en-Muro-acudieron-representantes-de-varias-poblaciones-de-la-comarcaFoto-Ajuntament-de-Muro.jpg\",\"keywords\":[\"12 d eoctubre\",\"festividad\",\"Guardia Civil\",\"patrona\",\"Virgen del Pilar\"],\"articleSection\":[\"Actualidad\",\"Comarcas\",\"Noticias\"],\"inLanguage\":\"es\"},{\"@type\":\"WebPage\",\"@id\":\"https:\\\/\\\/www.copealcoy.es\\\/es\\\/la-guardia-civil-tambien-celebro-en-la-comarca-la-festividad-de-su-patrona\\\/\",\"url\":\"https:\\\/\\\/www.copealcoy.es\\\/es\\\/la-guardia-civil-tambien-celebro-en-la-comarca-la-festividad-de-su-patrona\\\/\",\"name\":\"La Guardia Civil tambi\u00e9n celebr\u00f3 en la comarca la festividad de su patrona - COPE Alcoy\",\"isPartOf\":{\"@id\":\"https:\\\/\\\/www.copealcoy.es\\\/es\\\/#website\"},\"primaryImageOfPage\":{\"@id\":\"https:\\\/\\\/www.copealcoy.es\\\/es\\\/la-guardia-civil-tambien-celebro-en-la-comarca-la-festividad-de-su-patrona\\\/#primaryimage\"},\"image\":{\"@id\":\"https:\\\/\\\/www.copealcoy.es\\\/es\\\/la-guardia-civil-tambien-celebro-en-la-comarca-la-festividad-de-su-patrona\\\/#primaryimage\"},\"thumbnailUrl\":\"https:\\\/\\\/www.copealcoy.es\\\/wp-content\\\/uploads\\\/2024\\\/11\\\/9-Al-acto-celebrado-en-Muro-acudieron-representantes-de-varias-poblaciones-de-la-comarcaFoto-Ajuntament-de-Muro.jpg\",\"datePublished\":\"2024-10-15T17:36:35+00:00\",\"dateModified\":\"2024-11-10T17:50:00+00:00\",\"author\":{\"@id\":\"https:\\\/\\\/www.copealcoy.es\\\/es\\\/#\\\/schema\\\/person\\\/e777c87fa024e57d40170af9df39882c\"},\"description\":\"Como suele ser habitual en cada 12 de octubre, la Guardia Civil celebr\u00f3 en nuestras comarcas la festividad de su patrona que se conmemora siempre en el d\u00eda de la Virgen del Pilar.\",\"breadcrumb\":{\"@id\":\"https:\\\/\\\/www.copealcoy.es\\\/es\\\/la-guardia-civil-tambien-celebro-en-la-comarca-la-festividad-de-su-patrona\\\/#breadcrumb\"},\"inLanguage\":\"es\",\"potentialAction\":[{\"@type\":\"ReadAction\",\"target\":[\"https:\\\/\\\/www.copealcoy.es\\\/es\\\/la-guardia-civil-tambien-celebro-en-la-comarca-la-festividad-de-su-patrona\\\/\"]}]},{\"@type\":\"ImageObject\",\"inLanguage\":\"es\",\"@id\":\"https:\\\/\\\/www.copealcoy.es\\\/es\\\/la-guardia-civil-tambien-celebro-en-la-comarca-la-festividad-de-su-patrona\\\/#primaryimage\",\"url\":\"https:\\\/\\\/www.copealcoy.es\\\/wp-content\\\/uploads\\\/2024\\\/11\\\/9-Al-acto-celebrado-en-Muro-acudieron-representantes-de-varias-poblaciones-de-la-comarcaFoto-Ajuntament-de-Muro.jpg\",\"contentUrl\":\"https:\\\/\\\/www.copealcoy.es\\\/wp-content\\\/uploads\\\/2024\\\/11\\\/9-Al-acto-celebrado-en-Muro-acudieron-representantes-de-varias-poblaciones-de-la-comarcaFoto-Ajuntament-de-Muro.jpg\",\"width\":1179,\"height\":727},{\"@type\":\"BreadcrumbList\",\"@id\":\"https:\\\/\\\/www.copealcoy.es\\\/es\\\/la-guardia-civil-tambien-celebro-en-la-comarca-la-festividad-de-su-patrona\\\/#breadcrumb\",\"itemListElement\":[{\"@type\":\"ListItem\",\"position\":1,\"name\":\"Portada\",\"item\":\"https:\\\/\\\/www.copealcoy.es\\\/es\\\/\"},{\"@type\":\"ListItem\",\"position\":2,\"name\":\"La Guardia Civil tambi\u00e9n celebr\u00f3 en la comarca la festividad de su patrona\"}]},{\"@type\":\"WebSite\",\"@id\":\"https:\\\/\\\/www.copealcoy.es\\\/es\\\/#website\",\"url\":\"https:\\\/\\\/www.copealcoy.es\\\/es\\\/\",\"name\":\"COPE Alcoy\",\"description\":\"Emisora COPE de radio local con emisi\u00f3n online. Pont de Sant Jordi 8-10 03803 Alcoy\",\"potentialAction\":[{\"@type\":\"SearchAction\",\"target\":{\"@type\":\"EntryPoint\",\"urlTemplate\":\"https:\\\/\\\/www.copealcoy.es\\\/es\\\/?s={search_term_string}\"},\"query-input\":{\"@type\":\"PropertyValueSpecification\",\"valueRequired\":true,\"valueName\":\"search_term_string\"}}],\"inLanguage\":\"es\"},{\"@type\":\"Person\",\"@id\":\"https:\\\/\\\/www.copealcoy.es\\\/es\\\/#\\\/schema\\\/person\\\/e777c87fa024e57d40170af9df39882c\",\"name\":\"Cope Alcoy\",\"image\":{\"@type\":\"ImageObject\",\"inLanguage\":\"es\",\"@id\":\"https:\\\/\\\/secure.gravatar.com\\\/avatar\\\/bb65d0283347e303893ba14f0692005417c1e0e690a325a4c5d8bb2b3943ee14?s=96&d=mm&r=g\",\"url\":\"https:\\\/\\\/secure.gravatar.com\\\/avatar\\\/bb65d0283347e303893ba14f0692005417c1e0e690a325a4c5d8bb2b3943ee14?s=96&d=mm&r=g\",\"contentUrl\":\"https:\\\/\\\/secure.gravatar.com\\\/avatar\\\/bb65d0283347e303893ba14f0692005417c1e0e690a325a4c5d8bb2b3943ee14?s=96&d=mm&r=g\",\"caption\":\"Cope Alcoy\"}}]}<\/script>\n<!-- \/ Yoast SEO plugin. -->","yoast_head_json":{"title":"La Guardia Civil tambi\u00e9n celebr\u00f3 en la comarca la festividad de su patrona - COPE Alcoy","description":"Como suele ser habitual en cada 12 de octubre, la Guardia Civil celebr\u00f3 en nuestras comarcas la festividad de su patrona que se conmemora siempre en el d\u00eda de la Virgen del Pilar.","robots":{"index":"index","follow":"follow","max-snippet":"max-snippet:-1","max-image-preview":"max-image-preview:large","max-video-preview":"max-video-preview:-1"},"canonical":"https:\/\/www.copealcoy.es\/es\/la-guardia-civil-tambien-celebro-en-la-comarca-la-festividad-de-su-patrona\/","og_locale":"es_ES","og_type":"article","og_title":"La Guardia Civil tambi\u00e9n celebr\u00f3 en la comarca la festividad de su patrona - COPE Alcoy","og_description":"Como suele ser habitual en cada 12 de octubre, la Guardia Civil celebr\u00f3 en nuestras comarcas la festividad de su patrona que se conmemora siempre en el d\u00eda de la Virgen del Pilar.","og_url":"https:\/\/www.copealcoy.es\/es\/la-guardia-civil-tambien-celebro-en-la-comarca-la-festividad-de-su-patrona\/","og_site_name":"COPE Alcoy","article_published_time":"2024-10-15T17:36:35+00:00","article_modified_time":"2024-11-10T17:50:00+00:00","og_image":[{"width":1179,"height":727,"url":"https:\/\/www.copealcoy.es\/wp-content\/uploads\/2024\/11\/9-Al-acto-celebrado-en-Muro-acudieron-representantes-de-varias-poblaciones-de-la-comarcaFoto-Ajuntament-de-Muro.jpg","type":"image\/jpeg"}],"author":"Cope Alcoy","twitter_misc":{"Escrito por":"Cope Alcoy","Tiempo de lectura":"3 minutos"},"schema":{"@context":"https:\/\/schema.org","@graph":[{"@type":"Article","@id":"https:\/\/www.copealcoy.es\/es\/la-guardia-civil-tambien-celebro-en-la-comarca-la-festividad-de-su-patrona\/#article","isPartOf":{"@id":"https:\/\/www.copealcoy.es\/es\/la-guardia-civil-tambien-celebro-en-la-comarca-la-festividad-de-su-patrona\/"},"author":{"name":"Cope Alcoy","@id":"https:\/\/www.copealcoy.es\/es\/#\/schema\/person\/e777c87fa024e57d40170af9df39882c"},"headline":"La Guardia Civil tambi\u00e9n celebr\u00f3 en la comarca la festividad de su patrona","datePublished":"2024-10-15T17:36:35+00:00","dateModified":"2024-11-10T17:50:00+00:00","mainEntityOfPage":{"@id":"https:\/\/www.copealcoy.es\/es\/la-guardia-civil-tambien-celebro-en-la-comarca-la-festividad-de-su-patrona\/"},"wordCount":373,"commentCount":0,"image":{"@id":"https:\/\/www.copealcoy.es\/es\/la-guardia-civil-tambien-celebro-en-la-comarca-la-festividad-de-su-patrona\/#primaryimage"},"thumbnailUrl":"https:\/\/www.copealcoy.es\/wp-content\/uploads\/2024\/11\/9-Al-acto-celebrado-en-Muro-acudieron-representantes-de-varias-poblaciones-de-la-comarcaFoto-Ajuntament-de-Muro.jpg","keywords":["12 d eoctubre","festividad","Guardia Civil","patrona","Virgen del Pilar"],"articleSection":["Actualidad","Comarcas","Noticias"],"inLanguage":"es"},{"@type":"WebPage","@id":"https:\/\/www.copealcoy.es\/es\/la-guardia-civil-tambien-celebro-en-la-comarca-la-festividad-de-su-patrona\/","url":"https:\/\/www.copealcoy.es\/es\/la-guardia-civil-tambien-celebro-en-la-comarca-la-festividad-de-su-patrona\/","name":"La Guardia Civil tambi\u00e9n celebr\u00f3 en la comarca la festividad de su patrona - COPE Alcoy","isPartOf":{"@id":"https:\/\/www.copealcoy.es\/es\/#website"},"primaryImageOfPage":{"@id":"https:\/\/www.copealcoy.es\/es\/la-guardia-civil-tambien-celebro-en-la-comarca-la-festividad-de-su-patrona\/#primaryimage"},"image":{"@id":"https:\/\/www.copealcoy.es\/es\/la-guardia-civil-tambien-celebro-en-la-comarca-la-festividad-de-su-patrona\/#primaryimage"},"thumbnailUrl":"https:\/\/www.copealcoy.es\/wp-content\/uploads\/2024\/11\/9-Al-acto-celebrado-en-Muro-acudieron-representantes-de-varias-poblaciones-de-la-comarcaFoto-Ajuntament-de-Muro.jpg","datePublished":"2024-10-15T17:36:35+00:00","dateModified":"2024-11-10T17:50:00+00:00","author":{"@id":"https:\/\/www.copealcoy.es\/es\/#\/schema\/person\/e777c87fa024e57d40170af9df39882c"},"description":"Como suele ser habitual en cada 12 de octubre, la Guardia Civil celebr\u00f3 en nuestras comarcas la festividad de su patrona que se conmemora siempre en el d\u00eda de la Virgen del Pilar.","breadcrumb":{"@id":"https:\/\/www.copealcoy.es\/es\/la-guardia-civil-tambien-celebro-en-la-comarca-la-festividad-de-su-patrona\/#breadcrumb"},"inLanguage":"es","potentialAction":[{"@type":"ReadAction","target":["https:\/\/www.copealcoy.es\/es\/la-guardia-civil-tambien-celebro-en-la-comarca-la-festividad-de-su-patrona\/"]}]},{"@type":"ImageObject","inLanguage":"es","@id":"https:\/\/www.copealcoy.es\/es\/la-guardia-civil-tambien-celebro-en-la-comarca-la-festividad-de-su-patrona\/#primaryimage","url":"https:\/\/www.copealcoy.es\/wp-content\/uploads\/2024\/11\/9-Al-acto-celebrado-en-Muro-acudieron-representantes-de-varias-poblaciones-de-la-comarcaFoto-Ajuntament-de-Muro.jpg","contentUrl":"https:\/\/www.copealcoy.es\/wp-content\/uploads\/2024\/11\/9-Al-acto-celebrado-en-Muro-acudieron-representantes-de-varias-poblaciones-de-la-comarcaFoto-Ajuntament-de-Muro.jpg","width":1179,"height":727},{"@type":"BreadcrumbList","@id":"https:\/\/www.copealcoy.es\/es\/la-guardia-civil-tambien-celebro-en-la-comarca-la-festividad-de-su-patrona\/#breadcrumb","itemListElement":[{"@type":"ListItem","position":1,"name":"Portada","item":"https:\/\/www.copealcoy.es\/es\/"},{"@type":"ListItem","position":2,"name":"La Guardia Civil tambi\u00e9n celebr\u00f3 en la comarca la festividad de su patrona"}]},{"@type":"WebSite","@id":"https:\/\/www.copealcoy.es\/es\/#website","url":"https:\/\/www.copealcoy.es\/es\/","name":"COPE Alcoy","description":"Emisora COPE de radio local con emisi\u00f3n online. Pont de Sant Jordi 8-10 03803 Alcoy","potentialAction":[{"@type":"SearchAction","target":{"@type":"EntryPoint","urlTemplate":"https:\/\/www.copealcoy.es\/es\/?s={search_term_string}"},"query-input":{"@type":"PropertyValueSpecification","valueRequired":true,"valueName":"search_term_string"}}],"inLanguage":"es"},{"@type":"Person","@id":"https:\/\/www.copealcoy.es\/es\/#\/schema\/person\/e777c87fa024e57d40170af9df39882c","name":"Cope Alcoy","image":{"@type":"ImageObject","inLanguage":"es","@id":"https:\/\/secure.gravatar.com\/avatar\/bb65d0283347e303893ba14f0692005417c1e0e690a325a4c5d8bb2b3943ee14?s=96&d=mm&r=g","url":"https:\/\/secure.gravatar.com\/avatar\/bb65d0283347e303893ba14f0692005417c1e0e690a325a4c5d8bb2b3943ee14?s=96&d=mm&r=g","contentUrl":"https:\/\/secure.gravatar.com\/avatar\/bb65d0283347e303893ba14f0692005417c1e0e690a325a4c5d8bb2b3943ee14?s=96&d=mm&r=g","caption":"Cope Alcoy"}}]}},"_links":{"self":[{"href":"https:\/\/www.copealcoy.es\/es\/wp-json\/wp\/v2\/posts\/142770","targetHints":{"allow":["GET"]}}],"collection":[{"href":"https:\/\/www.copealcoy.es\/es\/wp-json\/wp\/v2\/posts"}],"about":[{"href":"https:\/\/www.copealcoy.es\/es\/wp-json\/wp\/v2\/types\/post"}],"author":[{"embeddable":true,"href":"https:\/\/www.copealcoy.es\/es\/wp-json\/wp\/v2\/users\/1"}],"replies":[{"embeddable":true,"href":"https:\/\/www.copealcoy.es\/es\/wp-json\/wp\/v2\/comments?post=142770"}],"version-history":[{"count":0,"href":"https:\/\/www.copealcoy.es\/es\/wp-json\/wp\/v2\/posts\/142770\/revisions"}],"wp:featuredmedia":[{"embeddable":true,"href":"https:\/\/www.copealcoy.es\/es\/wp-json\/wp\/v2\/media\/142771"}],"wp:attachment":[{"href":"https:\/\/www.copealcoy.es\/es\/wp-json\/wp\/v2\/media?parent=142770"}],"wp:term":[{"taxonomy":"category","embeddable":true,"href":"https:\/\/www.copealcoy.es\/es\/wp-json\/wp\/v2\/categories?post=142770"},{"taxonomy":"post_tag","embeddable":true,"href":"https:\/\/www.copealcoy.es\/es\/wp-json\/wp\/v2\/tags?post=142770"}],"curies":[{"name":"wp","href":"https:\/\/api.w.org\/{rel}","templated":true}]}}