{"id":142748,"date":"2024-10-22T22:38:36","date_gmt":"2024-10-22T21:38:36","guid":{"rendered":"https:\/\/www.copealcoy.es\/?p=142748"},"modified":"2024-11-09T23:47:41","modified_gmt":"2024-11-09T22:47:41","slug":"asi-es-el-mural-de-la-guerra-civil-que-se-descubrio-en-una-antigua-fabrica-de-cocentaina","status":"publish","type":"post","link":"https:\/\/www.copealcoy.es\/es\/asi-es-el-mural-de-la-guerra-civil-que-se-descubrio-en-una-antigua-fabrica-de-cocentaina\/","title":{"rendered":"As\u00ed es el mural de la Guerra Civil que se descubri\u00f3 en una antigua f\u00e1brica de Cocentaina"},"content":{"rendered":"<p style=\"text-align: justify;\">Los trabajos realizados por el <a href=\"https:\/\/www.facebook.com\/groups\/129540330395543\" target=\"_blank\" rel=\"noopener\"><span style=\"color: #0000ff;\"><strong>Centre d&#8217;Estudis Contestans (CEC)<\/strong><\/span><\/a> han dado lugar al <strong>descubrimiento de un impresionante mural<\/strong> oculto durante d\u00e9cadas en una antigua f\u00e1brica de Cocentaina. Este mural, que data de la Guerra Civil Espa\u00f1ola<strong>, es considerado una clara representaci\u00f3n de la propaganda antifascista en la retaguardia<\/strong> y mide 6&#215;3 metros. En \u00e9l <strong>se puede observar<\/strong> a un obrero\/soldado republicano golpeando con un mazo a un drag\u00f3n tric\u00e9falo que simboliza a los principales l\u00edderes del fascismo europeo: Francisco Franco, Adolf Hitler y Benito Mussolini.<\/p>\n<p style=\"text-align: justify;\">El mural, que hab\u00eda estado cubierto con cal durante a\u00f1os, es obra del <strong>Batall\u00f3n de Retaguardia n\u00famero 6 de Alicante<\/strong>, que estuvo acuartelado en Cocentaina durante el conflicto b\u00e9lico. Adem\u00e1s de la impactante imagen central, <strong>el mural incluye varias consignas pol\u00edticas<\/strong> que reflejan el esp\u00edritu de lucha y resistencia de la \u00e9poca, tales como \u201c<em>de nuestra victoria depende el porvenir y la libertad de nuestros hijos<\/em>\u201d y \u201c<em>\u00a1Por el deber y por Espa\u00f1a, sacrificio!<\/em>\u201d.<\/p>\n<p style=\"text-align: justify;\"><strong>Pere Ferrer<\/strong>, presidente del CEC, ha destacado <strong>las caracter\u00edsticas singulares del mural<\/strong>, afirmando que \u201c<em>pr\u00e1cticamente no se ha conservado ning\u00fan ejemplo similar en ning\u00fan lugar del Estado espa\u00f1ol<\/em>\u201d. Seg\u00fan Ferrer, este podr\u00eda ser el \u00fanico mural de estas caracter\u00edsticas en todo el pa\u00eds y con trascendencia europea.<\/p>\n<p style=\"text-align: justify;\">El alcalde de Cocentaina, <strong>Jordi Pla<\/strong>, ha expresado su agradecimiento al CEC por su labor y ha asegurado que <strong>el ayuntamiento trabajar\u00e1 para conservar esta obra hist\u00f3rica<\/strong>, que se encuentra en un terreno privado. Pla ha subrayado <strong>la importancia de preservar este tipo de patrimonio<\/strong> para fomentar pol\u00edticas en favor de la memoria democr\u00e1tica.<\/p>\n<p style=\"text-align: justify;\"><span style=\"color: #0000ff;\"><strong>Visita del Secretario de Estado de Memoria Democr\u00e1tica a los murales<\/strong><\/span><\/p>\n<p style=\"text-align: justify;\">El <strong>Secretario de Estado de Memoria Democr\u00e1tica<\/strong>, <strong>Fernando Mart\u00ednez L\u00f3pez<\/strong>, visit\u00f3 Cocentaina al concluir las III Jornadas de Memoria Democr\u00e1tica de l\u2019Alcoi\u00e0 y el Comtat. Fue recibido por el alcalde Jordi Pla, miembros del gobierno local y del Foro por la Memoria Democr\u00e1tica. Durante su visita, firm\u00f3 el Libro de Honor en el Ayuntamiento y luego se dirigi\u00f3 a la antigua f\u00e1brica donde se han descubierto pinturas de la Guerra Civil, incluyendo un mural que representa a un obrero republicano golpeando una hidra con los rostros de Mussolini, Hitler y Franco. Mart\u00ednez L\u00f3pez <strong>prometi\u00f3 que el Gobierno de Espa\u00f1a invertir\u00e1 en un estudio detallado de estos hallazgos<\/strong> debido a su relevancia nacional y europea.<\/p>\n","protected":false},"excerpt":{"rendered":"<p>Los trabajos realizados por el Centre d&#8217;Estudis Contestans (CEC) han dado lugar al descubrimiento de un impresionante mural oculto durante&#8230;<\/p>\n","protected":false},"author":1,"featured_media":142749,"comment_status":"open","ping_status":"open","sticky":false,"template":"","format":"standard","meta":{"footnotes":""},"categories":[6909,98,75],"tags":[18846,6792,12921],"class_list":["post-142748","post","type-post","status-publish","format-standard","has-post-thumbnail","hentry","category-actualidad","category-comarcas","category-noticias","tag-cocentaina-hallazgo","tag-guerra-civil","tag-mural"],"yoast_head":"<!-- This site is optimized with the Yoast SEO plugin v27.3 - https:\/\/yoast.com\/product\/yoast-seo-wordpress\/ -->\n<title>As\u00ed es el mural de la Guerra Civil que se descubri\u00f3 en una antigua f\u00e1brica de Cocentaina - COPE Alcoy<\/title>\n<meta name=\"description\" content=\"Los trabajos realizados por el Centre d&#039;Estudis Contestans (CEC) han dado lugar al descubrimiento de un impresionante mural de la Guerra Civil oculto durante d\u00e9cadas en una antigua f\u00e1brica de Cocentaina\" \/>\n<meta name=\"robots\" content=\"index, follow, max-snippet:-1, max-image-preview:large, max-video-preview:-1\" \/>\n<link rel=\"canonical\" href=\"https:\/\/www.copealcoy.es\/es\/asi-es-el-mural-de-la-guerra-civil-que-se-descubrio-en-una-antigua-fabrica-de-cocentaina\/\" \/>\n<meta property=\"og:locale\" content=\"es_ES\" \/>\n<meta property=\"og:type\" content=\"article\" \/>\n<meta property=\"og:title\" content=\"As\u00ed es el mural de la Guerra Civil que se descubri\u00f3 en una antigua f\u00e1brica de Cocentaina - COPE Alcoy\" \/>\n<meta property=\"og:description\" content=\"Los trabajos realizados por el Centre d&#039;Estudis Contestans (CEC) han dado lugar al descubrimiento de un impresionante mural de la Guerra Civil oculto durante d\u00e9cadas en una antigua f\u00e1brica de Cocentaina\" \/>\n<meta property=\"og:url\" content=\"https:\/\/www.copealcoy.es\/es\/asi-es-el-mural-de-la-guerra-civil-que-se-descubrio-en-una-antigua-fabrica-de-cocentaina\/\" \/>\n<meta property=\"og:site_name\" content=\"COPE Alcoy\" \/>\n<meta property=\"article:published_time\" content=\"2024-10-22T21:38:36+00:00\" \/>\n<meta property=\"article:modified_time\" content=\"2024-11-09T22:47:41+00:00\" \/>\n<meta property=\"og:image\" content=\"https:\/\/www.copealcoy.es\/wp-content\/uploads\/2024\/11\/Mural-1-1024x591-1.jpg\" \/>\n\t<meta property=\"og:image:width\" content=\"1024\" \/>\n\t<meta property=\"og:image:height\" content=\"591\" \/>\n\t<meta property=\"og:image:type\" content=\"image\/jpeg\" \/>\n<meta name=\"author\" content=\"Cope Alcoy\" \/>\n<meta name=\"twitter:label1\" content=\"Escrito por\" \/>\n\t<meta name=\"twitter:data1\" content=\"Cope Alcoy\" \/>\n\t<meta name=\"twitter:label2\" content=\"Tiempo de lectura\" \/>\n\t<meta name=\"twitter:data2\" content=\"3 minutos\" \/>\n<script type=\"application\/ld+json\" class=\"yoast-schema-graph\">{\"@context\":\"https:\\\/\\\/schema.org\",\"@graph\":[{\"@type\":\"Article\",\"@id\":\"https:\\\/\\\/www.copealcoy.es\\\/es\\\/asi-es-el-mural-de-la-guerra-civil-que-se-descubrio-en-una-antigua-fabrica-de-cocentaina\\\/#article\",\"isPartOf\":{\"@id\":\"https:\\\/\\\/www.copealcoy.es\\\/es\\\/asi-es-el-mural-de-la-guerra-civil-que-se-descubrio-en-una-antigua-fabrica-de-cocentaina\\\/\"},\"author\":{\"name\":\"Cope Alcoy\",\"@id\":\"https:\\\/\\\/www.copealcoy.es\\\/es\\\/#\\\/schema\\\/person\\\/e777c87fa024e57d40170af9df39882c\"},\"headline\":\"As\u00ed es el mural de la Guerra Civil que se descubri\u00f3 en una antigua f\u00e1brica de Cocentaina\",\"datePublished\":\"2024-10-22T21:38:36+00:00\",\"dateModified\":\"2024-11-09T22:47:41+00:00\",\"mainEntityOfPage\":{\"@id\":\"https:\\\/\\\/www.copealcoy.es\\\/es\\\/asi-es-el-mural-de-la-guerra-civil-que-se-descubrio-en-una-antigua-fabrica-de-cocentaina\\\/\"},\"wordCount\":443,\"commentCount\":0,\"image\":{\"@id\":\"https:\\\/\\\/www.copealcoy.es\\\/es\\\/asi-es-el-mural-de-la-guerra-civil-que-se-descubrio-en-una-antigua-fabrica-de-cocentaina\\\/#primaryimage\"},\"thumbnailUrl\":\"https:\\\/\\\/www.copealcoy.es\\\/wp-content\\\/uploads\\\/2024\\\/11\\\/Mural-1-1024x591-1.jpg\",\"keywords\":[\"Cocentaina hallazgo\",\"Guerra Civil\",\"mural\"],\"articleSection\":[\"Actualidad\",\"Comarcas\",\"Noticias\"],\"inLanguage\":\"es\"},{\"@type\":\"WebPage\",\"@id\":\"https:\\\/\\\/www.copealcoy.es\\\/es\\\/asi-es-el-mural-de-la-guerra-civil-que-se-descubrio-en-una-antigua-fabrica-de-cocentaina\\\/\",\"url\":\"https:\\\/\\\/www.copealcoy.es\\\/es\\\/asi-es-el-mural-de-la-guerra-civil-que-se-descubrio-en-una-antigua-fabrica-de-cocentaina\\\/\",\"name\":\"As\u00ed es el mural de la Guerra Civil que se descubri\u00f3 en una antigua f\u00e1brica de Cocentaina - COPE Alcoy\",\"isPartOf\":{\"@id\":\"https:\\\/\\\/www.copealcoy.es\\\/es\\\/#website\"},\"primaryImageOfPage\":{\"@id\":\"https:\\\/\\\/www.copealcoy.es\\\/es\\\/asi-es-el-mural-de-la-guerra-civil-que-se-descubrio-en-una-antigua-fabrica-de-cocentaina\\\/#primaryimage\"},\"image\":{\"@id\":\"https:\\\/\\\/www.copealcoy.es\\\/es\\\/asi-es-el-mural-de-la-guerra-civil-que-se-descubrio-en-una-antigua-fabrica-de-cocentaina\\\/#primaryimage\"},\"thumbnailUrl\":\"https:\\\/\\\/www.copealcoy.es\\\/wp-content\\\/uploads\\\/2024\\\/11\\\/Mural-1-1024x591-1.jpg\",\"datePublished\":\"2024-10-22T21:38:36+00:00\",\"dateModified\":\"2024-11-09T22:47:41+00:00\",\"author\":{\"@id\":\"https:\\\/\\\/www.copealcoy.es\\\/es\\\/#\\\/schema\\\/person\\\/e777c87fa024e57d40170af9df39882c\"},\"description\":\"Los trabajos realizados por el Centre d'Estudis Contestans (CEC) han dado lugar al descubrimiento de un impresionante mural de la Guerra Civil oculto durante d\u00e9cadas en una antigua f\u00e1brica de Cocentaina\",\"breadcrumb\":{\"@id\":\"https:\\\/\\\/www.copealcoy.es\\\/es\\\/asi-es-el-mural-de-la-guerra-civil-que-se-descubrio-en-una-antigua-fabrica-de-cocentaina\\\/#breadcrumb\"},\"inLanguage\":\"es\",\"potentialAction\":[{\"@type\":\"ReadAction\",\"target\":[\"https:\\\/\\\/www.copealcoy.es\\\/es\\\/asi-es-el-mural-de-la-guerra-civil-que-se-descubrio-en-una-antigua-fabrica-de-cocentaina\\\/\"]}]},{\"@type\":\"ImageObject\",\"inLanguage\":\"es\",\"@id\":\"https:\\\/\\\/www.copealcoy.es\\\/es\\\/asi-es-el-mural-de-la-guerra-civil-que-se-descubrio-en-una-antigua-fabrica-de-cocentaina\\\/#primaryimage\",\"url\":\"https:\\\/\\\/www.copealcoy.es\\\/wp-content\\\/uploads\\\/2024\\\/11\\\/Mural-1-1024x591-1.jpg\",\"contentUrl\":\"https:\\\/\\\/www.copealcoy.es\\\/wp-content\\\/uploads\\\/2024\\\/11\\\/Mural-1-1024x591-1.jpg\",\"width\":1024,\"height\":591},{\"@type\":\"BreadcrumbList\",\"@id\":\"https:\\\/\\\/www.copealcoy.es\\\/es\\\/asi-es-el-mural-de-la-guerra-civil-que-se-descubrio-en-una-antigua-fabrica-de-cocentaina\\\/#breadcrumb\",\"itemListElement\":[{\"@type\":\"ListItem\",\"position\":1,\"name\":\"Portada\",\"item\":\"https:\\\/\\\/www.copealcoy.es\\\/es\\\/\"},{\"@type\":\"ListItem\",\"position\":2,\"name\":\"As\u00ed es el mural de la Guerra Civil que se descubri\u00f3 en una antigua f\u00e1brica de Cocentaina\"}]},{\"@type\":\"WebSite\",\"@id\":\"https:\\\/\\\/www.copealcoy.es\\\/es\\\/#website\",\"url\":\"https:\\\/\\\/www.copealcoy.es\\\/es\\\/\",\"name\":\"COPE Alcoy\",\"description\":\"Emisora COPE de radio local con emisi\u00f3n online. Pont de Sant Jordi 8-10 03803 Alcoy\",\"potentialAction\":[{\"@type\":\"SearchAction\",\"target\":{\"@type\":\"EntryPoint\",\"urlTemplate\":\"https:\\\/\\\/www.copealcoy.es\\\/es\\\/?s={search_term_string}\"},\"query-input\":{\"@type\":\"PropertyValueSpecification\",\"valueRequired\":true,\"valueName\":\"search_term_string\"}}],\"inLanguage\":\"es\"},{\"@type\":\"Person\",\"@id\":\"https:\\\/\\\/www.copealcoy.es\\\/es\\\/#\\\/schema\\\/person\\\/e777c87fa024e57d40170af9df39882c\",\"name\":\"Cope Alcoy\",\"image\":{\"@type\":\"ImageObject\",\"inLanguage\":\"es\",\"@id\":\"https:\\\/\\\/secure.gravatar.com\\\/avatar\\\/bb65d0283347e303893ba14f0692005417c1e0e690a325a4c5d8bb2b3943ee14?s=96&d=mm&r=g\",\"url\":\"https:\\\/\\\/secure.gravatar.com\\\/avatar\\\/bb65d0283347e303893ba14f0692005417c1e0e690a325a4c5d8bb2b3943ee14?s=96&d=mm&r=g\",\"contentUrl\":\"https:\\\/\\\/secure.gravatar.com\\\/avatar\\\/bb65d0283347e303893ba14f0692005417c1e0e690a325a4c5d8bb2b3943ee14?s=96&d=mm&r=g\",\"caption\":\"Cope Alcoy\"}}]}<\/script>\n<!-- \/ Yoast SEO plugin. -->","yoast_head_json":{"title":"As\u00ed es el mural de la Guerra Civil que se descubri\u00f3 en una antigua f\u00e1brica de Cocentaina - COPE Alcoy","description":"Los trabajos realizados por el Centre d'Estudis Contestans (CEC) han dado lugar al descubrimiento de un impresionante mural de la Guerra Civil oculto durante d\u00e9cadas en una antigua f\u00e1brica de Cocentaina","robots":{"index":"index","follow":"follow","max-snippet":"max-snippet:-1","max-image-preview":"max-image-preview:large","max-video-preview":"max-video-preview:-1"},"canonical":"https:\/\/www.copealcoy.es\/es\/asi-es-el-mural-de-la-guerra-civil-que-se-descubrio-en-una-antigua-fabrica-de-cocentaina\/","og_locale":"es_ES","og_type":"article","og_title":"As\u00ed es el mural de la Guerra Civil que se descubri\u00f3 en una antigua f\u00e1brica de Cocentaina - COPE Alcoy","og_description":"Los trabajos realizados por el Centre d'Estudis Contestans (CEC) han dado lugar al descubrimiento de un impresionante mural de la Guerra Civil oculto durante d\u00e9cadas en una antigua f\u00e1brica de Cocentaina","og_url":"https:\/\/www.copealcoy.es\/es\/asi-es-el-mural-de-la-guerra-civil-que-se-descubrio-en-una-antigua-fabrica-de-cocentaina\/","og_site_name":"COPE Alcoy","article_published_time":"2024-10-22T21:38:36+00:00","article_modified_time":"2024-11-09T22:47:41+00:00","og_image":[{"width":1024,"height":591,"url":"https:\/\/www.copealcoy.es\/wp-content\/uploads\/2024\/11\/Mural-1-1024x591-1.jpg","type":"image\/jpeg"}],"author":"Cope Alcoy","twitter_misc":{"Escrito por":"Cope Alcoy","Tiempo de lectura":"3 minutos"},"schema":{"@context":"https:\/\/schema.org","@graph":[{"@type":"Article","@id":"https:\/\/www.copealcoy.es\/es\/asi-es-el-mural-de-la-guerra-civil-que-se-descubrio-en-una-antigua-fabrica-de-cocentaina\/#article","isPartOf":{"@id":"https:\/\/www.copealcoy.es\/es\/asi-es-el-mural-de-la-guerra-civil-que-se-descubrio-en-una-antigua-fabrica-de-cocentaina\/"},"author":{"name":"Cope Alcoy","@id":"https:\/\/www.copealcoy.es\/es\/#\/schema\/person\/e777c87fa024e57d40170af9df39882c"},"headline":"As\u00ed es el mural de la Guerra Civil que se descubri\u00f3 en una antigua f\u00e1brica de Cocentaina","datePublished":"2024-10-22T21:38:36+00:00","dateModified":"2024-11-09T22:47:41+00:00","mainEntityOfPage":{"@id":"https:\/\/www.copealcoy.es\/es\/asi-es-el-mural-de-la-guerra-civil-que-se-descubrio-en-una-antigua-fabrica-de-cocentaina\/"},"wordCount":443,"commentCount":0,"image":{"@id":"https:\/\/www.copealcoy.es\/es\/asi-es-el-mural-de-la-guerra-civil-que-se-descubrio-en-una-antigua-fabrica-de-cocentaina\/#primaryimage"},"thumbnailUrl":"https:\/\/www.copealcoy.es\/wp-content\/uploads\/2024\/11\/Mural-1-1024x591-1.jpg","keywords":["Cocentaina hallazgo","Guerra Civil","mural"],"articleSection":["Actualidad","Comarcas","Noticias"],"inLanguage":"es"},{"@type":"WebPage","@id":"https:\/\/www.copealcoy.es\/es\/asi-es-el-mural-de-la-guerra-civil-que-se-descubrio-en-una-antigua-fabrica-de-cocentaina\/","url":"https:\/\/www.copealcoy.es\/es\/asi-es-el-mural-de-la-guerra-civil-que-se-descubrio-en-una-antigua-fabrica-de-cocentaina\/","name":"As\u00ed es el mural de la Guerra Civil que se descubri\u00f3 en una antigua f\u00e1brica de Cocentaina - COPE Alcoy","isPartOf":{"@id":"https:\/\/www.copealcoy.es\/es\/#website"},"primaryImageOfPage":{"@id":"https:\/\/www.copealcoy.es\/es\/asi-es-el-mural-de-la-guerra-civil-que-se-descubrio-en-una-antigua-fabrica-de-cocentaina\/#primaryimage"},"image":{"@id":"https:\/\/www.copealcoy.es\/es\/asi-es-el-mural-de-la-guerra-civil-que-se-descubrio-en-una-antigua-fabrica-de-cocentaina\/#primaryimage"},"thumbnailUrl":"https:\/\/www.copealcoy.es\/wp-content\/uploads\/2024\/11\/Mural-1-1024x591-1.jpg","datePublished":"2024-10-22T21:38:36+00:00","dateModified":"2024-11-09T22:47:41+00:00","author":{"@id":"https:\/\/www.copealcoy.es\/es\/#\/schema\/person\/e777c87fa024e57d40170af9df39882c"},"description":"Los trabajos realizados por el Centre d'Estudis Contestans (CEC) han dado lugar al descubrimiento de un impresionante mural de la Guerra Civil oculto durante d\u00e9cadas en una antigua f\u00e1brica de Cocentaina","breadcrumb":{"@id":"https:\/\/www.copealcoy.es\/es\/asi-es-el-mural-de-la-guerra-civil-que-se-descubrio-en-una-antigua-fabrica-de-cocentaina\/#breadcrumb"},"inLanguage":"es","potentialAction":[{"@type":"ReadAction","target":["https:\/\/www.copealcoy.es\/es\/asi-es-el-mural-de-la-guerra-civil-que-se-descubrio-en-una-antigua-fabrica-de-cocentaina\/"]}]},{"@type":"ImageObject","inLanguage":"es","@id":"https:\/\/www.copealcoy.es\/es\/asi-es-el-mural-de-la-guerra-civil-que-se-descubrio-en-una-antigua-fabrica-de-cocentaina\/#primaryimage","url":"https:\/\/www.copealcoy.es\/wp-content\/uploads\/2024\/11\/Mural-1-1024x591-1.jpg","contentUrl":"https:\/\/www.copealcoy.es\/wp-content\/uploads\/2024\/11\/Mural-1-1024x591-1.jpg","width":1024,"height":591},{"@type":"BreadcrumbList","@id":"https:\/\/www.copealcoy.es\/es\/asi-es-el-mural-de-la-guerra-civil-que-se-descubrio-en-una-antigua-fabrica-de-cocentaina\/#breadcrumb","itemListElement":[{"@type":"ListItem","position":1,"name":"Portada","item":"https:\/\/www.copealcoy.es\/es\/"},{"@type":"ListItem","position":2,"name":"As\u00ed es el mural de la Guerra Civil que se descubri\u00f3 en una antigua f\u00e1brica de Cocentaina"}]},{"@type":"WebSite","@id":"https:\/\/www.copealcoy.es\/es\/#website","url":"https:\/\/www.copealcoy.es\/es\/","name":"COPE Alcoy","description":"Emisora COPE de radio local con emisi\u00f3n online. Pont de Sant Jordi 8-10 03803 Alcoy","potentialAction":[{"@type":"SearchAction","target":{"@type":"EntryPoint","urlTemplate":"https:\/\/www.copealcoy.es\/es\/?s={search_term_string}"},"query-input":{"@type":"PropertyValueSpecification","valueRequired":true,"valueName":"search_term_string"}}],"inLanguage":"es"},{"@type":"Person","@id":"https:\/\/www.copealcoy.es\/es\/#\/schema\/person\/e777c87fa024e57d40170af9df39882c","name":"Cope Alcoy","image":{"@type":"ImageObject","inLanguage":"es","@id":"https:\/\/secure.gravatar.com\/avatar\/bb65d0283347e303893ba14f0692005417c1e0e690a325a4c5d8bb2b3943ee14?s=96&d=mm&r=g","url":"https:\/\/secure.gravatar.com\/avatar\/bb65d0283347e303893ba14f0692005417c1e0e690a325a4c5d8bb2b3943ee14?s=96&d=mm&r=g","contentUrl":"https:\/\/secure.gravatar.com\/avatar\/bb65d0283347e303893ba14f0692005417c1e0e690a325a4c5d8bb2b3943ee14?s=96&d=mm&r=g","caption":"Cope Alcoy"}}]}},"_links":{"self":[{"href":"https:\/\/www.copealcoy.es\/es\/wp-json\/wp\/v2\/posts\/142748","targetHints":{"allow":["GET"]}}],"collection":[{"href":"https:\/\/www.copealcoy.es\/es\/wp-json\/wp\/v2\/posts"}],"about":[{"href":"https:\/\/www.copealcoy.es\/es\/wp-json\/wp\/v2\/types\/post"}],"author":[{"embeddable":true,"href":"https:\/\/www.copealcoy.es\/es\/wp-json\/wp\/v2\/users\/1"}],"replies":[{"embeddable":true,"href":"https:\/\/www.copealcoy.es\/es\/wp-json\/wp\/v2\/comments?post=142748"}],"version-history":[{"count":0,"href":"https:\/\/www.copealcoy.es\/es\/wp-json\/wp\/v2\/posts\/142748\/revisions"}],"wp:featuredmedia":[{"embeddable":true,"href":"https:\/\/www.copealcoy.es\/es\/wp-json\/wp\/v2\/media\/142749"}],"wp:attachment":[{"href":"https:\/\/www.copealcoy.es\/es\/wp-json\/wp\/v2\/media?parent=142748"}],"wp:term":[{"taxonomy":"category","embeddable":true,"href":"https:\/\/www.copealcoy.es\/es\/wp-json\/wp\/v2\/categories?post=142748"},{"taxonomy":"post_tag","embeddable":true,"href":"https:\/\/www.copealcoy.es\/es\/wp-json\/wp\/v2\/tags?post=142748"}],"curies":[{"name":"wp","href":"https:\/\/api.w.org\/{rel}","templated":true}]}}