{"id":142649,"date":"2024-11-07T07:30:19","date_gmt":"2024-11-07T06:30:19","guid":{"rendered":"https:\/\/www.copealcoy.es\/?p=142649"},"modified":"2024-11-07T12:10:53","modified_gmt":"2024-11-07T11:10:53","slug":"informativo-matinal-jueves-7-de-noviembre-2024-0720h","status":"publish","type":"post","link":"https:\/\/www.copealcoy.es\/es\/informativo-matinal-jueves-7-de-noviembre-2024-0720h\/","title":{"rendered":"Informativo matinal jueves 7 de noviembre 2024 (07:20h)"},"content":{"rendered":"<p><iframe loading=\"lazy\" title=\"Informativo Matinal Jueves 7 De Noviembre 2024 (07:20h)\" width=\"100%\" height=\"120\" src=\"https:\/\/www.mixcloud.com\/widget\/iframe\/?feed=https%3A%2F%2Fwww.mixcloud.com%2FCOPEAlcoy%2Finformativo-matinal-jueves-7-de-noviembre-2024-0720h%2F&amp;hide_cover=1\" frameborder=\"0\"><\/iframe><\/p>\n<p style=\"text-align: justify;\">Comenzamos el jueves <strong>hablando de la ayuda humanitaria que se sigue prestando a las poblaciones de la provincia de Valencia<\/strong> arrasadas por la DANA de la pasada semana. Hoy hemos hablado de <strong>la labor que est\u00e1 desempe\u00f1ando C\u00e1ritas<\/strong> desde pr\u00e1cticamente el minuto cero de la cat\u00e1strofe.<\/p>\n<p style=\"text-align: justify;\">C\u00e1ritas Espa\u00f1ola activ\u00f3 en las horas posteriores a la tragedia de Valencia\u00a0<strong>un protocolo de emergencia<\/strong>\u00a0para brindar asistencia t\u00e9cnica a las C\u00e1ritas diocesanas que han sido gravemente afectadas por la DANA que ha numerosos municipios de la Comunitat Valenciana. En una reuni\u00f3n virtual celebrada el pasado jueves, la organizaci\u00f3n\u00a0<strong>atendi\u00f3 la llamada de ayuda de C\u00e1ritas Valencia<\/strong>, que ya est\u00e1 implementando medidas para evaluar las necesidades m\u00e1s urgentes de las poblaciones damnificadas.<\/p>\n<p style=\"text-align: justify;\">Las intensas lluvias registradas el martes 29 de octubre han causado da\u00f1os significativos tanto en vidas humanas como en bienes materiales. Ante esta situaci\u00f3n cr\u00edtica,<strong>\u00a0C\u00e1ritas Valencia ha constituido un comit\u00e9 de emergencia<\/strong>\u00a0encargado de realizar un an\u00e1lisis detallado sobre las prioridades de ayuda en el terreno. Tambi\u00e9n\u00a0<strong>est\u00e1 canalizando toda la solidaridad que llega desde distintos puntos de Espa\u00f1a<\/strong>\u00a0mientras se va accediendo a las poblaciones\u00a0 a medida que avanzan las tareas de limpieza para empezar a apoyar con recursos humanos, que puedan ayudar a acondiconar las viviendas si es necesario, ofrecer apoyo psicosocial y el acompa\u00f1amiento y la cercan\u00eda que las personas necesitan en estos momentos tan duros. \u201c<em>Muchos de nuestros voluntarios est\u00e1n trabajando dentro de las poblaciones acompa\u00f1ando a las personas. Ellos mismos han sufrido tambi\u00e9n en su propia carne esta situaci\u00f3n y est\u00e1n ejerciendo esta doble tarea de sobreponerse a su situaci\u00f3n y de apoyar tambi\u00e9n a otras personas y familias<\/em>\u201d, aseguraba al respecto Aurora Aranda; Directora de C\u00e1ritas Valencia. Tambi\u00e9n se muestra agradecida por \u00ab<em>toda la generosidad de la sociedad valenciana y de todo el estado espa\u00f1ol que nos est\u00e1 llegando de una manera inmensa. Lo m\u00e1s importante en este momento es estar cerca lo m\u00e1s posible de las personas que est\u00e1n sufriendo<\/em>\u201d, a\u00f1adi\u00f3.<\/p>\n<p style=\"text-align: justify;\">Todas aquellas personas que quieran colaborar con<strong>\u00a0la campa\u00f1a de C\u00e1ritas<\/strong>\u00a0pueden hacerlo a trav\u00e9s a trav\u00e9s de la web\u00a0<a href=\"http:\/\/www.caritas.es\/\"><span style=\"color: #0000ff;\"><strong>www.caritas.es<\/strong><\/span>.\u00a0\u00a0<\/a>All\u00ed encontrar\u00e1n tambi\u00e9n\u00a0<strong>toda la informaci\u00f3n necesaria<\/strong>\u00a0para poder prestar la ayuda que en estos momentos se requiere en los municipios da\u00f1ados por esta cat\u00e1strofe natural.<\/p>\n","protected":false},"excerpt":{"rendered":"<p>Comenzamos el jueves hablando de la ayuda humanitaria que se sigue prestando a las poblaciones de la provincia de Valencia&#8230;<\/p>\n","protected":false},"author":1,"featured_media":110612,"comment_status":"open","ping_status":"open","sticky":false,"template":"","format":"standard","meta":{"footnotes":""},"categories":[6909],"tags":[],"class_list":["post-142649","post","type-post","status-publish","format-standard","has-post-thumbnail","hentry","category-actualidad"],"yoast_head":"<!-- This site is optimized with the Yoast SEO plugin v27.3 - https:\/\/yoast.com\/product\/yoast-seo-wordpress\/ -->\n<title>Informativo matinal jueves 7 de noviembre 2024 (07:20h) - COPE Alcoy<\/title>\n<meta name=\"robots\" content=\"index, follow, max-snippet:-1, max-image-preview:large, max-video-preview:-1\" \/>\n<link rel=\"canonical\" href=\"https:\/\/www.copealcoy.es\/es\/informativo-matinal-jueves-7-de-noviembre-2024-0720h\/\" \/>\n<meta property=\"og:locale\" content=\"es_ES\" \/>\n<meta property=\"og:type\" content=\"article\" \/>\n<meta property=\"og:title\" content=\"Informativo matinal jueves 7 de noviembre 2024 (07:20h) - COPE Alcoy\" \/>\n<meta property=\"og:description\" content=\"Comenzamos el jueves hablando de la ayuda humanitaria que se sigue prestando a las poblaciones de la provincia de Valencia...\" \/>\n<meta property=\"og:url\" content=\"https:\/\/www.copealcoy.es\/es\/informativo-matinal-jueves-7-de-noviembre-2024-0720h\/\" \/>\n<meta property=\"og:site_name\" content=\"COPE Alcoy\" \/>\n<meta property=\"article:published_time\" content=\"2024-11-07T06:30:19+00:00\" \/>\n<meta property=\"article:modified_time\" content=\"2024-11-07T11:10:53+00:00\" \/>\n<meta property=\"og:image\" content=\"https:\/\/www.copealcoy.es\/wp-content\/uploads\/2023\/02\/Herrera-en-COPE-Alcoy-4.png\" \/>\n\t<meta property=\"og:image:width\" content=\"357\" \/>\n\t<meta property=\"og:image:height\" content=\"290\" \/>\n\t<meta property=\"og:image:type\" content=\"image\/png\" \/>\n<meta name=\"author\" content=\"Cope Alcoy\" \/>\n<meta name=\"twitter:label1\" content=\"Escrito por\" \/>\n\t<meta name=\"twitter:data1\" content=\"Cope Alcoy\" \/>\n\t<meta name=\"twitter:label2\" content=\"Tiempo de lectura\" \/>\n\t<meta name=\"twitter:data2\" content=\"3 minutos\" \/>\n<script type=\"application\/ld+json\" class=\"yoast-schema-graph\">{\"@context\":\"https:\\\/\\\/schema.org\",\"@graph\":[{\"@type\":\"Article\",\"@id\":\"https:\\\/\\\/www.copealcoy.es\\\/es\\\/informativo-matinal-jueves-7-de-noviembre-2024-0720h\\\/#article\",\"isPartOf\":{\"@id\":\"https:\\\/\\\/www.copealcoy.es\\\/es\\\/informativo-matinal-jueves-7-de-noviembre-2024-0720h\\\/\"},\"author\":{\"name\":\"Cope Alcoy\",\"@id\":\"https:\\\/\\\/www.copealcoy.es\\\/es\\\/#\\\/schema\\\/person\\\/e777c87fa024e57d40170af9df39882c\"},\"headline\":\"Informativo matinal jueves 7 de noviembre 2024 (07:20h)\",\"datePublished\":\"2024-11-07T06:30:19+00:00\",\"dateModified\":\"2024-11-07T11:10:53+00:00\",\"mainEntityOfPage\":{\"@id\":\"https:\\\/\\\/www.copealcoy.es\\\/es\\\/informativo-matinal-jueves-7-de-noviembre-2024-0720h\\\/\"},\"wordCount\":434,\"commentCount\":0,\"image\":{\"@id\":\"https:\\\/\\\/www.copealcoy.es\\\/es\\\/informativo-matinal-jueves-7-de-noviembre-2024-0720h\\\/#primaryimage\"},\"thumbnailUrl\":\"https:\\\/\\\/www.copealcoy.es\\\/wp-content\\\/uploads\\\/2023\\\/02\\\/Herrera-en-COPE-Alcoy-4.png\",\"articleSection\":[\"Actualidad\"],\"inLanguage\":\"es\"},{\"@type\":\"WebPage\",\"@id\":\"https:\\\/\\\/www.copealcoy.es\\\/es\\\/informativo-matinal-jueves-7-de-noviembre-2024-0720h\\\/\",\"url\":\"https:\\\/\\\/www.copealcoy.es\\\/es\\\/informativo-matinal-jueves-7-de-noviembre-2024-0720h\\\/\",\"name\":\"Informativo matinal jueves 7 de noviembre 2024 (07:20h) - COPE Alcoy\",\"isPartOf\":{\"@id\":\"https:\\\/\\\/www.copealcoy.es\\\/es\\\/#website\"},\"primaryImageOfPage\":{\"@id\":\"https:\\\/\\\/www.copealcoy.es\\\/es\\\/informativo-matinal-jueves-7-de-noviembre-2024-0720h\\\/#primaryimage\"},\"image\":{\"@id\":\"https:\\\/\\\/www.copealcoy.es\\\/es\\\/informativo-matinal-jueves-7-de-noviembre-2024-0720h\\\/#primaryimage\"},\"thumbnailUrl\":\"https:\\\/\\\/www.copealcoy.es\\\/wp-content\\\/uploads\\\/2023\\\/02\\\/Herrera-en-COPE-Alcoy-4.png\",\"datePublished\":\"2024-11-07T06:30:19+00:00\",\"dateModified\":\"2024-11-07T11:10:53+00:00\",\"author\":{\"@id\":\"https:\\\/\\\/www.copealcoy.es\\\/es\\\/#\\\/schema\\\/person\\\/e777c87fa024e57d40170af9df39882c\"},\"breadcrumb\":{\"@id\":\"https:\\\/\\\/www.copealcoy.es\\\/es\\\/informativo-matinal-jueves-7-de-noviembre-2024-0720h\\\/#breadcrumb\"},\"inLanguage\":\"es\",\"potentialAction\":[{\"@type\":\"ReadAction\",\"target\":[\"https:\\\/\\\/www.copealcoy.es\\\/es\\\/informativo-matinal-jueves-7-de-noviembre-2024-0720h\\\/\"]}]},{\"@type\":\"ImageObject\",\"inLanguage\":\"es\",\"@id\":\"https:\\\/\\\/www.copealcoy.es\\\/es\\\/informativo-matinal-jueves-7-de-noviembre-2024-0720h\\\/#primaryimage\",\"url\":\"https:\\\/\\\/www.copealcoy.es\\\/wp-content\\\/uploads\\\/2023\\\/02\\\/Herrera-en-COPE-Alcoy-4.png\",\"contentUrl\":\"https:\\\/\\\/www.copealcoy.es\\\/wp-content\\\/uploads\\\/2023\\\/02\\\/Herrera-en-COPE-Alcoy-4.png\",\"width\":357,\"height\":290},{\"@type\":\"BreadcrumbList\",\"@id\":\"https:\\\/\\\/www.copealcoy.es\\\/es\\\/informativo-matinal-jueves-7-de-noviembre-2024-0720h\\\/#breadcrumb\",\"itemListElement\":[{\"@type\":\"ListItem\",\"position\":1,\"name\":\"Portada\",\"item\":\"https:\\\/\\\/www.copealcoy.es\\\/es\\\/\"},{\"@type\":\"ListItem\",\"position\":2,\"name\":\"Informativo matinal jueves 7 de noviembre 2024 (07:20h)\"}]},{\"@type\":\"WebSite\",\"@id\":\"https:\\\/\\\/www.copealcoy.es\\\/es\\\/#website\",\"url\":\"https:\\\/\\\/www.copealcoy.es\\\/es\\\/\",\"name\":\"COPE Alcoy\",\"description\":\"Emisora COPE de radio local con emisi\u00f3n online. Pont de Sant Jordi 8-10 03803 Alcoy\",\"potentialAction\":[{\"@type\":\"SearchAction\",\"target\":{\"@type\":\"EntryPoint\",\"urlTemplate\":\"https:\\\/\\\/www.copealcoy.es\\\/es\\\/?s={search_term_string}\"},\"query-input\":{\"@type\":\"PropertyValueSpecification\",\"valueRequired\":true,\"valueName\":\"search_term_string\"}}],\"inLanguage\":\"es\"},{\"@type\":\"Person\",\"@id\":\"https:\\\/\\\/www.copealcoy.es\\\/es\\\/#\\\/schema\\\/person\\\/e777c87fa024e57d40170af9df39882c\",\"name\":\"Cope Alcoy\",\"image\":{\"@type\":\"ImageObject\",\"inLanguage\":\"es\",\"@id\":\"https:\\\/\\\/secure.gravatar.com\\\/avatar\\\/bb65d0283347e303893ba14f0692005417c1e0e690a325a4c5d8bb2b3943ee14?s=96&d=mm&r=g\",\"url\":\"https:\\\/\\\/secure.gravatar.com\\\/avatar\\\/bb65d0283347e303893ba14f0692005417c1e0e690a325a4c5d8bb2b3943ee14?s=96&d=mm&r=g\",\"contentUrl\":\"https:\\\/\\\/secure.gravatar.com\\\/avatar\\\/bb65d0283347e303893ba14f0692005417c1e0e690a325a4c5d8bb2b3943ee14?s=96&d=mm&r=g\",\"caption\":\"Cope Alcoy\"}}]}<\/script>\n<!-- \/ Yoast SEO plugin. -->","yoast_head_json":{"title":"Informativo matinal jueves 7 de noviembre 2024 (07:20h) - COPE Alcoy","robots":{"index":"index","follow":"follow","max-snippet":"max-snippet:-1","max-image-preview":"max-image-preview:large","max-video-preview":"max-video-preview:-1"},"canonical":"https:\/\/www.copealcoy.es\/es\/informativo-matinal-jueves-7-de-noviembre-2024-0720h\/","og_locale":"es_ES","og_type":"article","og_title":"Informativo matinal jueves 7 de noviembre 2024 (07:20h) - COPE Alcoy","og_description":"Comenzamos el jueves hablando de la ayuda humanitaria que se sigue prestando a las poblaciones de la provincia de Valencia...","og_url":"https:\/\/www.copealcoy.es\/es\/informativo-matinal-jueves-7-de-noviembre-2024-0720h\/","og_site_name":"COPE Alcoy","article_published_time":"2024-11-07T06:30:19+00:00","article_modified_time":"2024-11-07T11:10:53+00:00","og_image":[{"width":357,"height":290,"url":"https:\/\/www.copealcoy.es\/wp-content\/uploads\/2023\/02\/Herrera-en-COPE-Alcoy-4.png","type":"image\/png"}],"author":"Cope Alcoy","twitter_misc":{"Escrito por":"Cope Alcoy","Tiempo de lectura":"3 minutos"},"schema":{"@context":"https:\/\/schema.org","@graph":[{"@type":"Article","@id":"https:\/\/www.copealcoy.es\/es\/informativo-matinal-jueves-7-de-noviembre-2024-0720h\/#article","isPartOf":{"@id":"https:\/\/www.copealcoy.es\/es\/informativo-matinal-jueves-7-de-noviembre-2024-0720h\/"},"author":{"name":"Cope Alcoy","@id":"https:\/\/www.copealcoy.es\/es\/#\/schema\/person\/e777c87fa024e57d40170af9df39882c"},"headline":"Informativo matinal jueves 7 de noviembre 2024 (07:20h)","datePublished":"2024-11-07T06:30:19+00:00","dateModified":"2024-11-07T11:10:53+00:00","mainEntityOfPage":{"@id":"https:\/\/www.copealcoy.es\/es\/informativo-matinal-jueves-7-de-noviembre-2024-0720h\/"},"wordCount":434,"commentCount":0,"image":{"@id":"https:\/\/www.copealcoy.es\/es\/informativo-matinal-jueves-7-de-noviembre-2024-0720h\/#primaryimage"},"thumbnailUrl":"https:\/\/www.copealcoy.es\/wp-content\/uploads\/2023\/02\/Herrera-en-COPE-Alcoy-4.png","articleSection":["Actualidad"],"inLanguage":"es"},{"@type":"WebPage","@id":"https:\/\/www.copealcoy.es\/es\/informativo-matinal-jueves-7-de-noviembre-2024-0720h\/","url":"https:\/\/www.copealcoy.es\/es\/informativo-matinal-jueves-7-de-noviembre-2024-0720h\/","name":"Informativo matinal jueves 7 de noviembre 2024 (07:20h) - COPE Alcoy","isPartOf":{"@id":"https:\/\/www.copealcoy.es\/es\/#website"},"primaryImageOfPage":{"@id":"https:\/\/www.copealcoy.es\/es\/informativo-matinal-jueves-7-de-noviembre-2024-0720h\/#primaryimage"},"image":{"@id":"https:\/\/www.copealcoy.es\/es\/informativo-matinal-jueves-7-de-noviembre-2024-0720h\/#primaryimage"},"thumbnailUrl":"https:\/\/www.copealcoy.es\/wp-content\/uploads\/2023\/02\/Herrera-en-COPE-Alcoy-4.png","datePublished":"2024-11-07T06:30:19+00:00","dateModified":"2024-11-07T11:10:53+00:00","author":{"@id":"https:\/\/www.copealcoy.es\/es\/#\/schema\/person\/e777c87fa024e57d40170af9df39882c"},"breadcrumb":{"@id":"https:\/\/www.copealcoy.es\/es\/informativo-matinal-jueves-7-de-noviembre-2024-0720h\/#breadcrumb"},"inLanguage":"es","potentialAction":[{"@type":"ReadAction","target":["https:\/\/www.copealcoy.es\/es\/informativo-matinal-jueves-7-de-noviembre-2024-0720h\/"]}]},{"@type":"ImageObject","inLanguage":"es","@id":"https:\/\/www.copealcoy.es\/es\/informativo-matinal-jueves-7-de-noviembre-2024-0720h\/#primaryimage","url":"https:\/\/www.copealcoy.es\/wp-content\/uploads\/2023\/02\/Herrera-en-COPE-Alcoy-4.png","contentUrl":"https:\/\/www.copealcoy.es\/wp-content\/uploads\/2023\/02\/Herrera-en-COPE-Alcoy-4.png","width":357,"height":290},{"@type":"BreadcrumbList","@id":"https:\/\/www.copealcoy.es\/es\/informativo-matinal-jueves-7-de-noviembre-2024-0720h\/#breadcrumb","itemListElement":[{"@type":"ListItem","position":1,"name":"Portada","item":"https:\/\/www.copealcoy.es\/es\/"},{"@type":"ListItem","position":2,"name":"Informativo matinal jueves 7 de noviembre 2024 (07:20h)"}]},{"@type":"WebSite","@id":"https:\/\/www.copealcoy.es\/es\/#website","url":"https:\/\/www.copealcoy.es\/es\/","name":"COPE Alcoy","description":"Emisora COPE de radio local con emisi\u00f3n online. Pont de Sant Jordi 8-10 03803 Alcoy","potentialAction":[{"@type":"SearchAction","target":{"@type":"EntryPoint","urlTemplate":"https:\/\/www.copealcoy.es\/es\/?s={search_term_string}"},"query-input":{"@type":"PropertyValueSpecification","valueRequired":true,"valueName":"search_term_string"}}],"inLanguage":"es"},{"@type":"Person","@id":"https:\/\/www.copealcoy.es\/es\/#\/schema\/person\/e777c87fa024e57d40170af9df39882c","name":"Cope Alcoy","image":{"@type":"ImageObject","inLanguage":"es","@id":"https:\/\/secure.gravatar.com\/avatar\/bb65d0283347e303893ba14f0692005417c1e0e690a325a4c5d8bb2b3943ee14?s=96&d=mm&r=g","url":"https:\/\/secure.gravatar.com\/avatar\/bb65d0283347e303893ba14f0692005417c1e0e690a325a4c5d8bb2b3943ee14?s=96&d=mm&r=g","contentUrl":"https:\/\/secure.gravatar.com\/avatar\/bb65d0283347e303893ba14f0692005417c1e0e690a325a4c5d8bb2b3943ee14?s=96&d=mm&r=g","caption":"Cope Alcoy"}}]}},"_links":{"self":[{"href":"https:\/\/www.copealcoy.es\/es\/wp-json\/wp\/v2\/posts\/142649","targetHints":{"allow":["GET"]}}],"collection":[{"href":"https:\/\/www.copealcoy.es\/es\/wp-json\/wp\/v2\/posts"}],"about":[{"href":"https:\/\/www.copealcoy.es\/es\/wp-json\/wp\/v2\/types\/post"}],"author":[{"embeddable":true,"href":"https:\/\/www.copealcoy.es\/es\/wp-json\/wp\/v2\/users\/1"}],"replies":[{"embeddable":true,"href":"https:\/\/www.copealcoy.es\/es\/wp-json\/wp\/v2\/comments?post=142649"}],"version-history":[{"count":0,"href":"https:\/\/www.copealcoy.es\/es\/wp-json\/wp\/v2\/posts\/142649\/revisions"}],"wp:featuredmedia":[{"embeddable":true,"href":"https:\/\/www.copealcoy.es\/es\/wp-json\/wp\/v2\/media\/110612"}],"wp:attachment":[{"href":"https:\/\/www.copealcoy.es\/es\/wp-json\/wp\/v2\/media?parent=142649"}],"wp:term":[{"taxonomy":"category","embeddable":true,"href":"https:\/\/www.copealcoy.es\/es\/wp-json\/wp\/v2\/categories?post=142649"},{"taxonomy":"post_tag","embeddable":true,"href":"https:\/\/www.copealcoy.es\/es\/wp-json\/wp\/v2\/tags?post=142649"}],"curies":[{"name":"wp","href":"https:\/\/api.w.org\/{rel}","templated":true}]}}