{"id":142326,"date":"2024-10-31T07:30:32","date_gmt":"2024-10-31T06:30:32","guid":{"rendered":"https:\/\/www.copealcoy.es\/?p=142326"},"modified":"2024-10-31T18:07:23","modified_gmt":"2024-10-31T17:07:23","slug":"informativo-matinal-jueves-31-de-octubre-2024-0720h","status":"publish","type":"post","link":"https:\/\/www.copealcoy.es\/es\/informativo-matinal-jueves-31-de-octubre-2024-0720h\/","title":{"rendered":"Informativo matinal jueves 31 de octubre 2024 (07:20h)"},"content":{"rendered":"<p><iframe loading=\"lazy\" title=\"Informativo Matinal Jueves 31 De Octubre 2024 (07:20h)\" width=\"100%\" height=\"120\" src=\"https:\/\/www.mixcloud.com\/widget\/iframe\/?feed=https%3A%2F%2Fwww.mixcloud.com%2FCOPEAlcoy%2Finformativo-matinal-jueves-31-de-octubre-2024-0720%2F&amp;hide_cover=1\" frameborder=\"0\"><\/iframe><\/p>\n<p style=\"text-align: justify;\">La tragedia ocurrida en Valencia a causa de la DANA sigue siendo <strong>una de las noticias destacadas de la jornada<\/strong>. Hoy os hemos recordado que arranca el <strong>primer d\u00eda de luto oficial<\/strong> <strong>en la Comunitat Valenciana<\/strong>.<\/p>\n<p style=\"text-align: justify;\">Los municipios de\u00a0<strong>las comarcas de l\u2019Alcoi\u00e0 y el Comtat<\/strong>\u00a0est\u00e1n mostrando todo su apoyo a las poblaciones de la provincia de Valencia que han sufrido las consecuencias de la terrible DANA. El\u00a0<strong>fuerte temporal de lluvias<\/strong>\u00a0ha causado numerosos destrozos y tambi\u00e9n p\u00e9rdidas humanas con, hasta el momento, m\u00e1s de noventa v\u00edctimas mortales.<\/p>\n<p style=\"text-align: justify;\">Desde el Gobierno Central\u00a0<strong>han anunciado tres d\u00edas de luto oficial<\/strong>\u00a0en todo el pa\u00eds desde las 00:00 horas del jueves 31 de octubre hasta las 24:00 horas del s\u00e1bado 2 de noviembre de 2024, en homenaje a las v\u00edctimas de las inundaciones ocurridas los d\u00edas 29 y 30 de octubre. En\u00a0<strong>Alcoy,<\/strong>\u00a0el Ayuntamiento ha suspendido todos los actos municipales programados, incluyendo la apertura del curso acad\u00e9mico del Conservatorio y un concierto de Pau Alabajos. Las banderas en los edificios municipales ondear\u00e1n a media asta como s\u00edmbolo de duelo y a mediod\u00eda se guardar\u00e1 un minuto de silencio a las puertas del Consistorio.El alcalde de Alcoy ha ofrecido recursos al Gobierno y a la Generalitat para apoyar a los municipios afectados. Un dispositivo de ACIF, compuesto por cuatro veh\u00edculos y doce voluntarios, se ha desplazado a Aldaia para colaborar en las labores de recuperaci\u00f3n y limpieza. Adem\u00e1s, el Ayuntamiento ha contactado con Cruz Roja para coordinar esfuerzos en la asistencia a los damnificados. Para m\u00e1s informaci\u00f3n sobre c\u00f3mo contribuir, se puede acceder\u00a0<a href=\"https:\/\/www2.cruzroja.es\/-\/ayuda-emergencia-dana-2024\" target=\"_blank\" rel=\"noopener\"><strong><span style=\"color: #0000ff;\">al enlace<\/span>\u00a0<\/strong><\/a>proporcionado por Cruz Roja.<\/p>\n<p style=\"text-align: justify;\"><span style=\"color: #0000ff;\"><strong>Luto e iniciativas solidarias desde la comarca<\/strong><\/span><\/p>\n<p style=\"text-align: justify;\">En el resto de la comarca\u00a0<strong>tambi\u00e9n ondean las banderas a media asta<\/strong>\u00a0en\u00a0<strong>Beniarr\u00e9s, Ibi, Banyeres de Mariola o Muro<\/strong>, poblaci\u00f3n esta \u00faltima en la que ayer se guard\u00f3 un minuto de silencio en recuerdo a las v\u00edctimas. En\u00a0<strong>Fageca<\/strong>, junto a la Mancomunitat del Xarpolar, van a recoger alimentos o ropa que ser\u00e1 donada a los miles de afectados en la provincia de Valencia. El punto de recogida ser\u00e1 el Teleclub y se podr\u00e1n hacer las aportaciones hoy y ma\u00f1ana entre las 11:00h y las 12:00h.<\/p>\n","protected":false},"excerpt":{"rendered":"<p>La tragedia ocurrida en Valencia a causa de la DANA sigue siendo una de las noticias destacadas de la jornada&#8230;.<\/p>\n","protected":false},"author":1,"featured_media":110612,"comment_status":"open","ping_status":"open","sticky":false,"template":"","format":"standard","meta":{"footnotes":""},"categories":[6909,97,89,91,75],"tags":[],"class_list":["post-142326","post","type-post","status-publish","format-standard","has-post-thumbnail","hentry","category-actualidad","category-alcoy","category-audiosdelosprogramas","category-informativos","category-noticias"],"yoast_head":"<!-- This site is optimized with the Yoast SEO plugin v27.3 - https:\/\/yoast.com\/product\/yoast-seo-wordpress\/ -->\n<title>Informativo matinal jueves 31 de octubre 2024 (07:20h) - COPE Alcoy<\/title>\n<meta name=\"robots\" content=\"index, follow, max-snippet:-1, max-image-preview:large, max-video-preview:-1\" \/>\n<link rel=\"canonical\" href=\"https:\/\/www.copealcoy.es\/es\/informativo-matinal-jueves-31-de-octubre-2024-0720h\/\" \/>\n<meta property=\"og:locale\" content=\"es_ES\" \/>\n<meta property=\"og:type\" content=\"article\" \/>\n<meta property=\"og:title\" content=\"Informativo matinal jueves 31 de octubre 2024 (07:20h) - COPE Alcoy\" \/>\n<meta property=\"og:description\" content=\"La tragedia ocurrida en Valencia a causa de la DANA sigue siendo una de las noticias destacadas de la jornada....\" \/>\n<meta property=\"og:url\" content=\"https:\/\/www.copealcoy.es\/es\/informativo-matinal-jueves-31-de-octubre-2024-0720h\/\" \/>\n<meta property=\"og:site_name\" content=\"COPE Alcoy\" \/>\n<meta property=\"article:published_time\" content=\"2024-10-31T06:30:32+00:00\" \/>\n<meta property=\"article:modified_time\" content=\"2024-10-31T17:07:23+00:00\" \/>\n<meta property=\"og:image\" content=\"https:\/\/www.copealcoy.es\/wp-content\/uploads\/2023\/02\/Herrera-en-COPE-Alcoy-4.png\" \/>\n\t<meta property=\"og:image:width\" content=\"357\" \/>\n\t<meta property=\"og:image:height\" content=\"290\" \/>\n\t<meta property=\"og:image:type\" content=\"image\/png\" \/>\n<meta name=\"author\" content=\"Cope Alcoy\" \/>\n<meta name=\"twitter:label1\" content=\"Escrito por\" \/>\n\t<meta name=\"twitter:data1\" content=\"Cope Alcoy\" \/>\n\t<meta name=\"twitter:label2\" content=\"Tiempo de lectura\" \/>\n\t<meta name=\"twitter:data2\" content=\"3 minutos\" \/>\n<script type=\"application\/ld+json\" class=\"yoast-schema-graph\">{\"@context\":\"https:\\\/\\\/schema.org\",\"@graph\":[{\"@type\":\"Article\",\"@id\":\"https:\\\/\\\/www.copealcoy.es\\\/es\\\/informativo-matinal-jueves-31-de-octubre-2024-0720h\\\/#article\",\"isPartOf\":{\"@id\":\"https:\\\/\\\/www.copealcoy.es\\\/es\\\/informativo-matinal-jueves-31-de-octubre-2024-0720h\\\/\"},\"author\":{\"name\":\"Cope Alcoy\",\"@id\":\"https:\\\/\\\/www.copealcoy.es\\\/es\\\/#\\\/schema\\\/person\\\/e777c87fa024e57d40170af9df39882c\"},\"headline\":\"Informativo matinal jueves 31 de octubre 2024 (07:20h)\",\"datePublished\":\"2024-10-31T06:30:32+00:00\",\"dateModified\":\"2024-10-31T17:07:23+00:00\",\"mainEntityOfPage\":{\"@id\":\"https:\\\/\\\/www.copealcoy.es\\\/es\\\/informativo-matinal-jueves-31-de-octubre-2024-0720h\\\/\"},\"wordCount\":400,\"commentCount\":0,\"image\":{\"@id\":\"https:\\\/\\\/www.copealcoy.es\\\/es\\\/informativo-matinal-jueves-31-de-octubre-2024-0720h\\\/#primaryimage\"},\"thumbnailUrl\":\"https:\\\/\\\/www.copealcoy.es\\\/wp-content\\\/uploads\\\/2023\\\/02\\\/Herrera-en-COPE-Alcoy-4.png\",\"articleSection\":[\"Actualidad\",\"Alcoy\",\"Audios de los programas\",\"Informativos\",\"Noticias\"],\"inLanguage\":\"es\"},{\"@type\":\"WebPage\",\"@id\":\"https:\\\/\\\/www.copealcoy.es\\\/es\\\/informativo-matinal-jueves-31-de-octubre-2024-0720h\\\/\",\"url\":\"https:\\\/\\\/www.copealcoy.es\\\/es\\\/informativo-matinal-jueves-31-de-octubre-2024-0720h\\\/\",\"name\":\"Informativo matinal jueves 31 de octubre 2024 (07:20h) - COPE Alcoy\",\"isPartOf\":{\"@id\":\"https:\\\/\\\/www.copealcoy.es\\\/es\\\/#website\"},\"primaryImageOfPage\":{\"@id\":\"https:\\\/\\\/www.copealcoy.es\\\/es\\\/informativo-matinal-jueves-31-de-octubre-2024-0720h\\\/#primaryimage\"},\"image\":{\"@id\":\"https:\\\/\\\/www.copealcoy.es\\\/es\\\/informativo-matinal-jueves-31-de-octubre-2024-0720h\\\/#primaryimage\"},\"thumbnailUrl\":\"https:\\\/\\\/www.copealcoy.es\\\/wp-content\\\/uploads\\\/2023\\\/02\\\/Herrera-en-COPE-Alcoy-4.png\",\"datePublished\":\"2024-10-31T06:30:32+00:00\",\"dateModified\":\"2024-10-31T17:07:23+00:00\",\"author\":{\"@id\":\"https:\\\/\\\/www.copealcoy.es\\\/es\\\/#\\\/schema\\\/person\\\/e777c87fa024e57d40170af9df39882c\"},\"breadcrumb\":{\"@id\":\"https:\\\/\\\/www.copealcoy.es\\\/es\\\/informativo-matinal-jueves-31-de-octubre-2024-0720h\\\/#breadcrumb\"},\"inLanguage\":\"es\",\"potentialAction\":[{\"@type\":\"ReadAction\",\"target\":[\"https:\\\/\\\/www.copealcoy.es\\\/es\\\/informativo-matinal-jueves-31-de-octubre-2024-0720h\\\/\"]}]},{\"@type\":\"ImageObject\",\"inLanguage\":\"es\",\"@id\":\"https:\\\/\\\/www.copealcoy.es\\\/es\\\/informativo-matinal-jueves-31-de-octubre-2024-0720h\\\/#primaryimage\",\"url\":\"https:\\\/\\\/www.copealcoy.es\\\/wp-content\\\/uploads\\\/2023\\\/02\\\/Herrera-en-COPE-Alcoy-4.png\",\"contentUrl\":\"https:\\\/\\\/www.copealcoy.es\\\/wp-content\\\/uploads\\\/2023\\\/02\\\/Herrera-en-COPE-Alcoy-4.png\",\"width\":357,\"height\":290},{\"@type\":\"BreadcrumbList\",\"@id\":\"https:\\\/\\\/www.copealcoy.es\\\/es\\\/informativo-matinal-jueves-31-de-octubre-2024-0720h\\\/#breadcrumb\",\"itemListElement\":[{\"@type\":\"ListItem\",\"position\":1,\"name\":\"Portada\",\"item\":\"https:\\\/\\\/www.copealcoy.es\\\/es\\\/\"},{\"@type\":\"ListItem\",\"position\":2,\"name\":\"Informativo matinal jueves 31 de octubre 2024 (07:20h)\"}]},{\"@type\":\"WebSite\",\"@id\":\"https:\\\/\\\/www.copealcoy.es\\\/es\\\/#website\",\"url\":\"https:\\\/\\\/www.copealcoy.es\\\/es\\\/\",\"name\":\"COPE Alcoy\",\"description\":\"Emisora COPE de radio local con emisi\u00f3n online. Pont de Sant Jordi 8-10 03803 Alcoy\",\"potentialAction\":[{\"@type\":\"SearchAction\",\"target\":{\"@type\":\"EntryPoint\",\"urlTemplate\":\"https:\\\/\\\/www.copealcoy.es\\\/es\\\/?s={search_term_string}\"},\"query-input\":{\"@type\":\"PropertyValueSpecification\",\"valueRequired\":true,\"valueName\":\"search_term_string\"}}],\"inLanguage\":\"es\"},{\"@type\":\"Person\",\"@id\":\"https:\\\/\\\/www.copealcoy.es\\\/es\\\/#\\\/schema\\\/person\\\/e777c87fa024e57d40170af9df39882c\",\"name\":\"Cope Alcoy\",\"image\":{\"@type\":\"ImageObject\",\"inLanguage\":\"es\",\"@id\":\"https:\\\/\\\/secure.gravatar.com\\\/avatar\\\/bb65d0283347e303893ba14f0692005417c1e0e690a325a4c5d8bb2b3943ee14?s=96&d=mm&r=g\",\"url\":\"https:\\\/\\\/secure.gravatar.com\\\/avatar\\\/bb65d0283347e303893ba14f0692005417c1e0e690a325a4c5d8bb2b3943ee14?s=96&d=mm&r=g\",\"contentUrl\":\"https:\\\/\\\/secure.gravatar.com\\\/avatar\\\/bb65d0283347e303893ba14f0692005417c1e0e690a325a4c5d8bb2b3943ee14?s=96&d=mm&r=g\",\"caption\":\"Cope Alcoy\"}}]}<\/script>\n<!-- \/ Yoast SEO plugin. -->","yoast_head_json":{"title":"Informativo matinal jueves 31 de octubre 2024 (07:20h) - COPE Alcoy","robots":{"index":"index","follow":"follow","max-snippet":"max-snippet:-1","max-image-preview":"max-image-preview:large","max-video-preview":"max-video-preview:-1"},"canonical":"https:\/\/www.copealcoy.es\/es\/informativo-matinal-jueves-31-de-octubre-2024-0720h\/","og_locale":"es_ES","og_type":"article","og_title":"Informativo matinal jueves 31 de octubre 2024 (07:20h) - COPE Alcoy","og_description":"La tragedia ocurrida en Valencia a causa de la DANA sigue siendo una de las noticias destacadas de la jornada....","og_url":"https:\/\/www.copealcoy.es\/es\/informativo-matinal-jueves-31-de-octubre-2024-0720h\/","og_site_name":"COPE Alcoy","article_published_time":"2024-10-31T06:30:32+00:00","article_modified_time":"2024-10-31T17:07:23+00:00","og_image":[{"width":357,"height":290,"url":"https:\/\/www.copealcoy.es\/wp-content\/uploads\/2023\/02\/Herrera-en-COPE-Alcoy-4.png","type":"image\/png"}],"author":"Cope Alcoy","twitter_misc":{"Escrito por":"Cope Alcoy","Tiempo de lectura":"3 minutos"},"schema":{"@context":"https:\/\/schema.org","@graph":[{"@type":"Article","@id":"https:\/\/www.copealcoy.es\/es\/informativo-matinal-jueves-31-de-octubre-2024-0720h\/#article","isPartOf":{"@id":"https:\/\/www.copealcoy.es\/es\/informativo-matinal-jueves-31-de-octubre-2024-0720h\/"},"author":{"name":"Cope Alcoy","@id":"https:\/\/www.copealcoy.es\/es\/#\/schema\/person\/e777c87fa024e57d40170af9df39882c"},"headline":"Informativo matinal jueves 31 de octubre 2024 (07:20h)","datePublished":"2024-10-31T06:30:32+00:00","dateModified":"2024-10-31T17:07:23+00:00","mainEntityOfPage":{"@id":"https:\/\/www.copealcoy.es\/es\/informativo-matinal-jueves-31-de-octubre-2024-0720h\/"},"wordCount":400,"commentCount":0,"image":{"@id":"https:\/\/www.copealcoy.es\/es\/informativo-matinal-jueves-31-de-octubre-2024-0720h\/#primaryimage"},"thumbnailUrl":"https:\/\/www.copealcoy.es\/wp-content\/uploads\/2023\/02\/Herrera-en-COPE-Alcoy-4.png","articleSection":["Actualidad","Alcoy","Audios de los programas","Informativos","Noticias"],"inLanguage":"es"},{"@type":"WebPage","@id":"https:\/\/www.copealcoy.es\/es\/informativo-matinal-jueves-31-de-octubre-2024-0720h\/","url":"https:\/\/www.copealcoy.es\/es\/informativo-matinal-jueves-31-de-octubre-2024-0720h\/","name":"Informativo matinal jueves 31 de octubre 2024 (07:20h) - COPE Alcoy","isPartOf":{"@id":"https:\/\/www.copealcoy.es\/es\/#website"},"primaryImageOfPage":{"@id":"https:\/\/www.copealcoy.es\/es\/informativo-matinal-jueves-31-de-octubre-2024-0720h\/#primaryimage"},"image":{"@id":"https:\/\/www.copealcoy.es\/es\/informativo-matinal-jueves-31-de-octubre-2024-0720h\/#primaryimage"},"thumbnailUrl":"https:\/\/www.copealcoy.es\/wp-content\/uploads\/2023\/02\/Herrera-en-COPE-Alcoy-4.png","datePublished":"2024-10-31T06:30:32+00:00","dateModified":"2024-10-31T17:07:23+00:00","author":{"@id":"https:\/\/www.copealcoy.es\/es\/#\/schema\/person\/e777c87fa024e57d40170af9df39882c"},"breadcrumb":{"@id":"https:\/\/www.copealcoy.es\/es\/informativo-matinal-jueves-31-de-octubre-2024-0720h\/#breadcrumb"},"inLanguage":"es","potentialAction":[{"@type":"ReadAction","target":["https:\/\/www.copealcoy.es\/es\/informativo-matinal-jueves-31-de-octubre-2024-0720h\/"]}]},{"@type":"ImageObject","inLanguage":"es","@id":"https:\/\/www.copealcoy.es\/es\/informativo-matinal-jueves-31-de-octubre-2024-0720h\/#primaryimage","url":"https:\/\/www.copealcoy.es\/wp-content\/uploads\/2023\/02\/Herrera-en-COPE-Alcoy-4.png","contentUrl":"https:\/\/www.copealcoy.es\/wp-content\/uploads\/2023\/02\/Herrera-en-COPE-Alcoy-4.png","width":357,"height":290},{"@type":"BreadcrumbList","@id":"https:\/\/www.copealcoy.es\/es\/informativo-matinal-jueves-31-de-octubre-2024-0720h\/#breadcrumb","itemListElement":[{"@type":"ListItem","position":1,"name":"Portada","item":"https:\/\/www.copealcoy.es\/es\/"},{"@type":"ListItem","position":2,"name":"Informativo matinal jueves 31 de octubre 2024 (07:20h)"}]},{"@type":"WebSite","@id":"https:\/\/www.copealcoy.es\/es\/#website","url":"https:\/\/www.copealcoy.es\/es\/","name":"COPE Alcoy","description":"Emisora COPE de radio local con emisi\u00f3n online. Pont de Sant Jordi 8-10 03803 Alcoy","potentialAction":[{"@type":"SearchAction","target":{"@type":"EntryPoint","urlTemplate":"https:\/\/www.copealcoy.es\/es\/?s={search_term_string}"},"query-input":{"@type":"PropertyValueSpecification","valueRequired":true,"valueName":"search_term_string"}}],"inLanguage":"es"},{"@type":"Person","@id":"https:\/\/www.copealcoy.es\/es\/#\/schema\/person\/e777c87fa024e57d40170af9df39882c","name":"Cope Alcoy","image":{"@type":"ImageObject","inLanguage":"es","@id":"https:\/\/secure.gravatar.com\/avatar\/bb65d0283347e303893ba14f0692005417c1e0e690a325a4c5d8bb2b3943ee14?s=96&d=mm&r=g","url":"https:\/\/secure.gravatar.com\/avatar\/bb65d0283347e303893ba14f0692005417c1e0e690a325a4c5d8bb2b3943ee14?s=96&d=mm&r=g","contentUrl":"https:\/\/secure.gravatar.com\/avatar\/bb65d0283347e303893ba14f0692005417c1e0e690a325a4c5d8bb2b3943ee14?s=96&d=mm&r=g","caption":"Cope Alcoy"}}]}},"_links":{"self":[{"href":"https:\/\/www.copealcoy.es\/es\/wp-json\/wp\/v2\/posts\/142326","targetHints":{"allow":["GET"]}}],"collection":[{"href":"https:\/\/www.copealcoy.es\/es\/wp-json\/wp\/v2\/posts"}],"about":[{"href":"https:\/\/www.copealcoy.es\/es\/wp-json\/wp\/v2\/types\/post"}],"author":[{"embeddable":true,"href":"https:\/\/www.copealcoy.es\/es\/wp-json\/wp\/v2\/users\/1"}],"replies":[{"embeddable":true,"href":"https:\/\/www.copealcoy.es\/es\/wp-json\/wp\/v2\/comments?post=142326"}],"version-history":[{"count":0,"href":"https:\/\/www.copealcoy.es\/es\/wp-json\/wp\/v2\/posts\/142326\/revisions"}],"wp:featuredmedia":[{"embeddable":true,"href":"https:\/\/www.copealcoy.es\/es\/wp-json\/wp\/v2\/media\/110612"}],"wp:attachment":[{"href":"https:\/\/www.copealcoy.es\/es\/wp-json\/wp\/v2\/media?parent=142326"}],"wp:term":[{"taxonomy":"category","embeddable":true,"href":"https:\/\/www.copealcoy.es\/es\/wp-json\/wp\/v2\/categories?post=142326"},{"taxonomy":"post_tag","embeddable":true,"href":"https:\/\/www.copealcoy.es\/es\/wp-json\/wp\/v2\/tags?post=142326"}],"curies":[{"name":"wp","href":"https:\/\/api.w.org\/{rel}","templated":true}]}}