{"id":14224,"date":"2015-06-26T19:11:16","date_gmt":"2015-06-26T19:11:16","guid":{"rendered":"http:\/\/copealcoi.es\/new\/?p=14224"},"modified":"2015-06-26T19:11:16","modified_gmt":"2015-06-26T19:11:16","slug":"aprobada-la-nueva-convocatoria-del-programa-alcoinmpuls","status":"publish","type":"post","link":"https:\/\/www.copealcoy.es\/es\/aprobada-la-nueva-convocatoria-del-programa-alcoinmpuls\/","title":{"rendered":"Aprobada la nueva convocatoria del programa Alcoinmpuls"},"content":{"rendered":"<p style=\"text-align: justify;\">El Ayuntamiento de Alcoy convoca de nuevo las ayudas para favorecer el emprendedurismo dentro del proyecto Alcoinmpuls y que ascienden a los 72.000 euros. La iniciativa se vuelve a estructurar en cinco l\u00edneas b\u00e1sicas entre las que destacan las siguientes: Emprende, dotada de 10.000 euros, destinada a los emprendedores que quieran desarrollar un proyecto. Micro, con 20.000 euros, para todos los quieran iniciar una peque\u00f1a empresa. Tambi\u00e9n destaca Inici, con 15.000 euros, enfocadas a los proyectos que surjan de la FP y la Universidad. Innova, con tambi\u00e9n 15.000 euros, para empresas consolidas que quieran abrir proyectos innovadores y por \u00faltimo Arrend\u2019Alcoi, con 12.000 euros, para favorecer el alquiler de locales en el centro de la ciudad.<\/p>\n<p style=\"text-align: justify;\">Desde el Gobierno Local el edil, Manolo Gomicia, conf\u00eda en aumentar las 36 ayudas que se dieron el a\u00f1o pasado&#8221;adem\u00e1s queremos mejorar la tramitaci\u00f3n para que m\u00e1s personas tengan acceso al programa y buscaremos que surjan iniciativas que apoyen el \u00e1mbito industrial&#8221;, destaca.<\/p>\n<p>Indicar que dentro de un mes se anunciar\u00e1 la convocatoria para presentar las instancias y pueden optar todas las iniciativas que han surgido desde diciembre pasado.<\/p>\n","protected":false},"excerpt":{"rendered":"<p>El Ayuntamiento de Alcoy convoca de nuevo las ayudas para favorecer el emprendedurismo dentro del proyecto Alcoinmpuls y que ascienden&#8230;<\/p>\n","protected":false},"author":1,"featured_media":14225,"comment_status":"open","ping_status":"open","sticky":false,"template":"","format":"standard","meta":{"footnotes":""},"categories":[97,75,125],"tags":[1213,1494,407,390,675],"class_list":["post-14224","post","type-post","status-publish","format-standard","has-post-thumbnail","hentry","category-alcoy","category-noticias","category-portada","tag-alcoinmpuls","tag-alcoy","tag-ayudas","tag-economia","tag-emprendedurismo"],"yoast_head":"<!-- This site is optimized with the Yoast SEO plugin v27.3 - https:\/\/yoast.com\/product\/yoast-seo-wordpress\/ -->\n<title>Aprobada la nueva convocatoria del programa Alcoinmpuls - COPE Alcoy<\/title>\n<meta name=\"robots\" content=\"index, follow, max-snippet:-1, max-image-preview:large, max-video-preview:-1\" \/>\n<link rel=\"canonical\" href=\"https:\/\/www.copealcoy.es\/es\/aprobada-la-nueva-convocatoria-del-programa-alcoinmpuls\/\" \/>\n<meta property=\"og:locale\" content=\"es_ES\" \/>\n<meta property=\"og:type\" content=\"article\" \/>\n<meta property=\"og:title\" content=\"Aprobada la nueva convocatoria del programa Alcoinmpuls - COPE Alcoy\" \/>\n<meta property=\"og:description\" content=\"El Ayuntamiento de Alcoy convoca de nuevo las ayudas para favorecer el emprendedurismo dentro del proyecto Alcoinmpuls y que ascienden...\" \/>\n<meta property=\"og:url\" content=\"https:\/\/www.copealcoy.es\/es\/aprobada-la-nueva-convocatoria-del-programa-alcoinmpuls\/\" \/>\n<meta property=\"og:site_name\" content=\"COPE Alcoy\" \/>\n<meta property=\"article:published_time\" content=\"2015-06-26T19:11:16+00:00\" \/>\n<meta property=\"og:image\" content=\"https:\/\/www.copealcoy.es\/wp-content\/uploads\/2015\/06\/19146408056_8cf4801e93_z.jpg\" \/>\n\t<meta property=\"og:image:width\" content=\"640\" \/>\n\t<meta property=\"og:image:height\" content=\"427\" \/>\n\t<meta property=\"og:image:type\" content=\"image\/jpeg\" \/>\n<meta name=\"author\" content=\"Cope Alcoy\" \/>\n<meta name=\"twitter:label1\" content=\"Escrito por\" \/>\n\t<meta name=\"twitter:data1\" content=\"Cope Alcoy\" \/>\n\t<meta name=\"twitter:label2\" content=\"Tiempo de lectura\" \/>\n\t<meta name=\"twitter:data2\" content=\"1 minuto\" \/>\n<script type=\"application\/ld+json\" class=\"yoast-schema-graph\">{\"@context\":\"https:\\\/\\\/schema.org\",\"@graph\":[{\"@type\":\"Article\",\"@id\":\"https:\\\/\\\/www.copealcoy.es\\\/es\\\/aprobada-la-nueva-convocatoria-del-programa-alcoinmpuls\\\/#article\",\"isPartOf\":{\"@id\":\"https:\\\/\\\/www.copealcoy.es\\\/es\\\/aprobada-la-nueva-convocatoria-del-programa-alcoinmpuls\\\/\"},\"author\":{\"name\":\"Cope Alcoy\",\"@id\":\"https:\\\/\\\/www.copealcoy.es\\\/es\\\/#\\\/schema\\\/person\\\/e777c87fa024e57d40170af9df39882c\"},\"headline\":\"Aprobada la nueva convocatoria del programa Alcoinmpuls\",\"datePublished\":\"2015-06-26T19:11:16+00:00\",\"mainEntityOfPage\":{\"@id\":\"https:\\\/\\\/www.copealcoy.es\\\/es\\\/aprobada-la-nueva-convocatoria-del-programa-alcoinmpuls\\\/\"},\"wordCount\":197,\"commentCount\":0,\"image\":{\"@id\":\"https:\\\/\\\/www.copealcoy.es\\\/es\\\/aprobada-la-nueva-convocatoria-del-programa-alcoinmpuls\\\/#primaryimage\"},\"thumbnailUrl\":\"https:\\\/\\\/www.copealcoy.es\\\/wp-content\\\/uploads\\\/2015\\\/06\\\/19146408056_8cf4801e93_z.jpg\",\"keywords\":[\"Alcoinmpuls\",\"Alcoy\",\"Ayudas\",\"Econom\u00eda\",\"Emprendedurismo\"],\"articleSection\":[\"Alcoy\",\"Noticias\",\"Portada\"],\"inLanguage\":\"es\"},{\"@type\":\"WebPage\",\"@id\":\"https:\\\/\\\/www.copealcoy.es\\\/es\\\/aprobada-la-nueva-convocatoria-del-programa-alcoinmpuls\\\/\",\"url\":\"https:\\\/\\\/www.copealcoy.es\\\/es\\\/aprobada-la-nueva-convocatoria-del-programa-alcoinmpuls\\\/\",\"name\":\"Aprobada la nueva convocatoria del programa Alcoinmpuls - COPE Alcoy\",\"isPartOf\":{\"@id\":\"https:\\\/\\\/www.copealcoy.es\\\/es\\\/#website\"},\"primaryImageOfPage\":{\"@id\":\"https:\\\/\\\/www.copealcoy.es\\\/es\\\/aprobada-la-nueva-convocatoria-del-programa-alcoinmpuls\\\/#primaryimage\"},\"image\":{\"@id\":\"https:\\\/\\\/www.copealcoy.es\\\/es\\\/aprobada-la-nueva-convocatoria-del-programa-alcoinmpuls\\\/#primaryimage\"},\"thumbnailUrl\":\"https:\\\/\\\/www.copealcoy.es\\\/wp-content\\\/uploads\\\/2015\\\/06\\\/19146408056_8cf4801e93_z.jpg\",\"datePublished\":\"2015-06-26T19:11:16+00:00\",\"author\":{\"@id\":\"https:\\\/\\\/www.copealcoy.es\\\/es\\\/#\\\/schema\\\/person\\\/e777c87fa024e57d40170af9df39882c\"},\"breadcrumb\":{\"@id\":\"https:\\\/\\\/www.copealcoy.es\\\/es\\\/aprobada-la-nueva-convocatoria-del-programa-alcoinmpuls\\\/#breadcrumb\"},\"inLanguage\":\"es\",\"potentialAction\":[{\"@type\":\"ReadAction\",\"target\":[\"https:\\\/\\\/www.copealcoy.es\\\/es\\\/aprobada-la-nueva-convocatoria-del-programa-alcoinmpuls\\\/\"]}]},{\"@type\":\"ImageObject\",\"inLanguage\":\"es\",\"@id\":\"https:\\\/\\\/www.copealcoy.es\\\/es\\\/aprobada-la-nueva-convocatoria-del-programa-alcoinmpuls\\\/#primaryimage\",\"url\":\"https:\\\/\\\/www.copealcoy.es\\\/wp-content\\\/uploads\\\/2015\\\/06\\\/19146408056_8cf4801e93_z.jpg\",\"contentUrl\":\"https:\\\/\\\/www.copealcoy.es\\\/wp-content\\\/uploads\\\/2015\\\/06\\\/19146408056_8cf4801e93_z.jpg\",\"width\":640,\"height\":427,\"caption\":\"El edil Manolo Gomicia en la presentaci\u00f3n del programa Alcoinmpuls 2015\"},{\"@type\":\"BreadcrumbList\",\"@id\":\"https:\\\/\\\/www.copealcoy.es\\\/es\\\/aprobada-la-nueva-convocatoria-del-programa-alcoinmpuls\\\/#breadcrumb\",\"itemListElement\":[{\"@type\":\"ListItem\",\"position\":1,\"name\":\"Portada\",\"item\":\"https:\\\/\\\/www.copealcoy.es\\\/es\\\/\"},{\"@type\":\"ListItem\",\"position\":2,\"name\":\"Aprobada la nueva convocatoria del programa Alcoinmpuls\"}]},{\"@type\":\"WebSite\",\"@id\":\"https:\\\/\\\/www.copealcoy.es\\\/es\\\/#website\",\"url\":\"https:\\\/\\\/www.copealcoy.es\\\/es\\\/\",\"name\":\"COPE Alcoy\",\"description\":\"Emisora COPE de radio local con emisi\u00f3n online. Pont de Sant Jordi 8-10 03803 Alcoy\",\"potentialAction\":[{\"@type\":\"SearchAction\",\"target\":{\"@type\":\"EntryPoint\",\"urlTemplate\":\"https:\\\/\\\/www.copealcoy.es\\\/es\\\/?s={search_term_string}\"},\"query-input\":{\"@type\":\"PropertyValueSpecification\",\"valueRequired\":true,\"valueName\":\"search_term_string\"}}],\"inLanguage\":\"es\"},{\"@type\":\"Person\",\"@id\":\"https:\\\/\\\/www.copealcoy.es\\\/es\\\/#\\\/schema\\\/person\\\/e777c87fa024e57d40170af9df39882c\",\"name\":\"Cope Alcoy\",\"image\":{\"@type\":\"ImageObject\",\"inLanguage\":\"es\",\"@id\":\"https:\\\/\\\/secure.gravatar.com\\\/avatar\\\/bb65d0283347e303893ba14f0692005417c1e0e690a325a4c5d8bb2b3943ee14?s=96&d=mm&r=g\",\"url\":\"https:\\\/\\\/secure.gravatar.com\\\/avatar\\\/bb65d0283347e303893ba14f0692005417c1e0e690a325a4c5d8bb2b3943ee14?s=96&d=mm&r=g\",\"contentUrl\":\"https:\\\/\\\/secure.gravatar.com\\\/avatar\\\/bb65d0283347e303893ba14f0692005417c1e0e690a325a4c5d8bb2b3943ee14?s=96&d=mm&r=g\",\"caption\":\"Cope Alcoy\"}}]}<\/script>\n<!-- \/ Yoast SEO plugin. -->","yoast_head_json":{"title":"Aprobada la nueva convocatoria del programa Alcoinmpuls - COPE Alcoy","robots":{"index":"index","follow":"follow","max-snippet":"max-snippet:-1","max-image-preview":"max-image-preview:large","max-video-preview":"max-video-preview:-1"},"canonical":"https:\/\/www.copealcoy.es\/es\/aprobada-la-nueva-convocatoria-del-programa-alcoinmpuls\/","og_locale":"es_ES","og_type":"article","og_title":"Aprobada la nueva convocatoria del programa Alcoinmpuls - COPE Alcoy","og_description":"El Ayuntamiento de Alcoy convoca de nuevo las ayudas para favorecer el emprendedurismo dentro del proyecto Alcoinmpuls y que ascienden...","og_url":"https:\/\/www.copealcoy.es\/es\/aprobada-la-nueva-convocatoria-del-programa-alcoinmpuls\/","og_site_name":"COPE Alcoy","article_published_time":"2015-06-26T19:11:16+00:00","og_image":[{"width":640,"height":427,"url":"https:\/\/www.copealcoy.es\/wp-content\/uploads\/2015\/06\/19146408056_8cf4801e93_z.jpg","type":"image\/jpeg"}],"author":"Cope Alcoy","twitter_misc":{"Escrito por":"Cope Alcoy","Tiempo de lectura":"1 minuto"},"schema":{"@context":"https:\/\/schema.org","@graph":[{"@type":"Article","@id":"https:\/\/www.copealcoy.es\/es\/aprobada-la-nueva-convocatoria-del-programa-alcoinmpuls\/#article","isPartOf":{"@id":"https:\/\/www.copealcoy.es\/es\/aprobada-la-nueva-convocatoria-del-programa-alcoinmpuls\/"},"author":{"name":"Cope Alcoy","@id":"https:\/\/www.copealcoy.es\/es\/#\/schema\/person\/e777c87fa024e57d40170af9df39882c"},"headline":"Aprobada la nueva convocatoria del programa Alcoinmpuls","datePublished":"2015-06-26T19:11:16+00:00","mainEntityOfPage":{"@id":"https:\/\/www.copealcoy.es\/es\/aprobada-la-nueva-convocatoria-del-programa-alcoinmpuls\/"},"wordCount":197,"commentCount":0,"image":{"@id":"https:\/\/www.copealcoy.es\/es\/aprobada-la-nueva-convocatoria-del-programa-alcoinmpuls\/#primaryimage"},"thumbnailUrl":"https:\/\/www.copealcoy.es\/wp-content\/uploads\/2015\/06\/19146408056_8cf4801e93_z.jpg","keywords":["Alcoinmpuls","Alcoy","Ayudas","Econom\u00eda","Emprendedurismo"],"articleSection":["Alcoy","Noticias","Portada"],"inLanguage":"es"},{"@type":"WebPage","@id":"https:\/\/www.copealcoy.es\/es\/aprobada-la-nueva-convocatoria-del-programa-alcoinmpuls\/","url":"https:\/\/www.copealcoy.es\/es\/aprobada-la-nueva-convocatoria-del-programa-alcoinmpuls\/","name":"Aprobada la nueva convocatoria del programa Alcoinmpuls - COPE Alcoy","isPartOf":{"@id":"https:\/\/www.copealcoy.es\/es\/#website"},"primaryImageOfPage":{"@id":"https:\/\/www.copealcoy.es\/es\/aprobada-la-nueva-convocatoria-del-programa-alcoinmpuls\/#primaryimage"},"image":{"@id":"https:\/\/www.copealcoy.es\/es\/aprobada-la-nueva-convocatoria-del-programa-alcoinmpuls\/#primaryimage"},"thumbnailUrl":"https:\/\/www.copealcoy.es\/wp-content\/uploads\/2015\/06\/19146408056_8cf4801e93_z.jpg","datePublished":"2015-06-26T19:11:16+00:00","author":{"@id":"https:\/\/www.copealcoy.es\/es\/#\/schema\/person\/e777c87fa024e57d40170af9df39882c"},"breadcrumb":{"@id":"https:\/\/www.copealcoy.es\/es\/aprobada-la-nueva-convocatoria-del-programa-alcoinmpuls\/#breadcrumb"},"inLanguage":"es","potentialAction":[{"@type":"ReadAction","target":["https:\/\/www.copealcoy.es\/es\/aprobada-la-nueva-convocatoria-del-programa-alcoinmpuls\/"]}]},{"@type":"ImageObject","inLanguage":"es","@id":"https:\/\/www.copealcoy.es\/es\/aprobada-la-nueva-convocatoria-del-programa-alcoinmpuls\/#primaryimage","url":"https:\/\/www.copealcoy.es\/wp-content\/uploads\/2015\/06\/19146408056_8cf4801e93_z.jpg","contentUrl":"https:\/\/www.copealcoy.es\/wp-content\/uploads\/2015\/06\/19146408056_8cf4801e93_z.jpg","width":640,"height":427,"caption":"El edil Manolo Gomicia en la presentaci\u00f3n del programa Alcoinmpuls 2015"},{"@type":"BreadcrumbList","@id":"https:\/\/www.copealcoy.es\/es\/aprobada-la-nueva-convocatoria-del-programa-alcoinmpuls\/#breadcrumb","itemListElement":[{"@type":"ListItem","position":1,"name":"Portada","item":"https:\/\/www.copealcoy.es\/es\/"},{"@type":"ListItem","position":2,"name":"Aprobada la nueva convocatoria del programa Alcoinmpuls"}]},{"@type":"WebSite","@id":"https:\/\/www.copealcoy.es\/es\/#website","url":"https:\/\/www.copealcoy.es\/es\/","name":"COPE Alcoy","description":"Emisora COPE de radio local con emisi\u00f3n online. Pont de Sant Jordi 8-10 03803 Alcoy","potentialAction":[{"@type":"SearchAction","target":{"@type":"EntryPoint","urlTemplate":"https:\/\/www.copealcoy.es\/es\/?s={search_term_string}"},"query-input":{"@type":"PropertyValueSpecification","valueRequired":true,"valueName":"search_term_string"}}],"inLanguage":"es"},{"@type":"Person","@id":"https:\/\/www.copealcoy.es\/es\/#\/schema\/person\/e777c87fa024e57d40170af9df39882c","name":"Cope Alcoy","image":{"@type":"ImageObject","inLanguage":"es","@id":"https:\/\/secure.gravatar.com\/avatar\/bb65d0283347e303893ba14f0692005417c1e0e690a325a4c5d8bb2b3943ee14?s=96&d=mm&r=g","url":"https:\/\/secure.gravatar.com\/avatar\/bb65d0283347e303893ba14f0692005417c1e0e690a325a4c5d8bb2b3943ee14?s=96&d=mm&r=g","contentUrl":"https:\/\/secure.gravatar.com\/avatar\/bb65d0283347e303893ba14f0692005417c1e0e690a325a4c5d8bb2b3943ee14?s=96&d=mm&r=g","caption":"Cope Alcoy"}}]}},"_links":{"self":[{"href":"https:\/\/www.copealcoy.es\/es\/wp-json\/wp\/v2\/posts\/14224","targetHints":{"allow":["GET"]}}],"collection":[{"href":"https:\/\/www.copealcoy.es\/es\/wp-json\/wp\/v2\/posts"}],"about":[{"href":"https:\/\/www.copealcoy.es\/es\/wp-json\/wp\/v2\/types\/post"}],"author":[{"embeddable":true,"href":"https:\/\/www.copealcoy.es\/es\/wp-json\/wp\/v2\/users\/1"}],"replies":[{"embeddable":true,"href":"https:\/\/www.copealcoy.es\/es\/wp-json\/wp\/v2\/comments?post=14224"}],"version-history":[{"count":0,"href":"https:\/\/www.copealcoy.es\/es\/wp-json\/wp\/v2\/posts\/14224\/revisions"}],"wp:featuredmedia":[{"embeddable":true,"href":"https:\/\/www.copealcoy.es\/es\/wp-json\/wp\/v2\/media\/14225"}],"wp:attachment":[{"href":"https:\/\/www.copealcoy.es\/es\/wp-json\/wp\/v2\/media?parent=14224"}],"wp:term":[{"taxonomy":"category","embeddable":true,"href":"https:\/\/www.copealcoy.es\/es\/wp-json\/wp\/v2\/categories?post=14224"},{"taxonomy":"post_tag","embeddable":true,"href":"https:\/\/www.copealcoy.es\/es\/wp-json\/wp\/v2\/tags?post=14224"}],"curies":[{"name":"wp","href":"https:\/\/api.w.org\/{rel}","templated":true}]}}