{"id":142208,"date":"2024-10-30T08:00:59","date_gmt":"2024-10-30T07:00:59","guid":{"rendered":"https:\/\/www.copealcoy.es\/?p=142208"},"modified":"2024-10-30T17:08:37","modified_gmt":"2024-10-30T16:08:37","slug":"la-easda-de-alcoy-escenario-de-la-entrega-de-los-premios-josep-albert-mestre","status":"publish","type":"post","link":"https:\/\/www.copealcoy.es\/es\/la-easda-de-alcoy-escenario-de-la-entrega-de-los-premios-josep-albert-mestre\/","title":{"rendered":"La EASDA de Alcoy , escenario de la entrega de los Premios Josep Albert Mestre"},"content":{"rendered":"<p style=\"text-align: justify;\">La <a href=\"https:\/\/www.easdalcoi.es\/es\/\" target=\"_blank\" rel=\"noopener\"><span style=\"color: #0000ff;\"><strong>Escola d&#8217;Art i Superior de Disseny d&#8217;Alcoi (EASDAlcoi)<\/strong><\/span><\/a> ha celebrado recientemente la ceremonia de entrega de <strong>los Premios Josep Albert Mestre<\/strong>, un reconocimiento <strong>a la excelencia en los ense\u00f1anzas de artes pl\u00e1sticas y dise\u00f1o<\/strong>. El acto <strong>tuvo lugar el pasado viernes 25 de octubre<\/strong> y cont\u00f3 con la presencia de destacados profesionales del sector.<\/p>\n<p style=\"text-align: justify;\">Hay que destacar que en esta \u00faltima edici\u00f3n de los galardones <strong>se han presentado m\u00e1s de 165 trabajos<\/strong> de los cuales, un total de cuarenta han sido seleccionados para exponerlos en las instalaciones de la misma escuela. La Directora del Centro, <strong>Diana Ortiz<\/strong>, se refiri\u00f3 precisamente a que los trabajos que han concurrido a la cita <strong>proced\u00edan de diferentes puntos de Espa\u00f1a<\/strong> y en la ceremonia estuvo acompa\u00f1ada por representantes del Ayuntamiento de Alcoy por la secretaria auton\u00f3mica de Educaci\u00f3n.<\/p>\n<p style=\"text-align: justify;\">Los <strong>galardonados<\/strong> en esta edici\u00f3n fueron los siguientes:<\/p>\n<ul style=\"text-align: justify;\">\n<li><strong>Menci\u00f3n honor\u00edfica CFGM<\/strong>: Ana Mar\u00eda L\u00f3pez Navas por su PFC \u201cPeriferia III\u201d, Alfarer\u00eda en la EASD Sevilla.<\/li>\n<li><strong>Primer premio CFGM<\/strong>: Lu\u00eds Ledesma Almagro por su PFC \u201cViator\u201d, Serigraf\u00eda Art\u00edstica en la EASD Pedro Almod\u00f3var de Ciudad Real.<\/li>\n<li><strong>Menci\u00f3n honor\u00edfica CFGS<\/strong>: Marta Larrauli Escrib\u00e1 por su PFC \u201cYa no estoy\u201d, T\u00e9cnicas Escult\u00f3ricas en la EA La Palma Madrid.<\/li>\n<li><strong>Primer premio CFGS<\/strong>: Luc\u00eda P\u00e9rez Moreno por su PFC \u201cEkis cosmetics\u201d, Gr\u00e1fica Publicitaria en EA Zaragoza.<\/li>\n<li><strong>Menci\u00f3n honor\u00edfica EEAASS<\/strong>: Sebasti\u00e1n Merch\u00e1n G\u00f3mez por su TFG \u201cMarca Pa\u00eds Colombia\u201d, Dise\u00f1o Gr\u00e1fico en la EASDAlcoi.<\/li>\n<li><strong>Primer premio EEAASS<\/strong>: Alba Granados Bergillos por su TFG \u201cPOV: llega el verano\u201d, Dise\u00f1o Gr\u00e1fico en la EASD Val del Omar de Granada.<\/li>\n<li><strong>Segundo premio a la Investigaci\u00f3n Docente en EEAASS<\/strong>: Marina Sanju\u00e1n S\u00e1nchez y Jordi Mula Ferrer por su proyecto \u201cPlayable. El videojuego como camino hacia el ocio\u201d, en Dei\u00e0 Escuela de Arte y Dise\u00f1o de Barcelona.<\/li>\n<li><strong>Primer premio a la Investigaci\u00f3n Docente en EEAASS<\/strong>: Mar\u00eda P\u00e9rez Ripoll por su proyecto \u201cBiomaterializaci\u00f3n\u201d, en la EASD Valencia.<\/li>\n<\/ul>\n<p style=\"text-align: justify;\">Estos premios <strong>son un testimonio de la enorme creatividad de los estudiantes<\/strong>, un talento que tambi\u00e9n se genera en la EASDA de nuestra ciudad. Adem\u00e1s <strong>suponen un est\u00edmulo para continuar innovando en el campo del dise\u00f1o y las artes pl\u00e1sticas<\/strong>.<\/p>\n","protected":false},"excerpt":{"rendered":"<p>La Escola d&#8217;Art i Superior de Disseny d&#8217;Alcoi (EASDAlcoi) ha celebrado recientemente la ceremonia de entrega de los Premios Josep&#8230;<\/p>\n","protected":false},"author":1,"featured_media":142209,"comment_status":"open","ping_status":"open","sticky":false,"template":"","format":"standard","meta":{"footnotes":""},"categories":[6909,97,900,75],"tags":[1494,17078,6653,18796],"class_list":["post-142208","post","type-post","status-publish","format-standard","has-post-thumbnail","hentry","category-actualidad","category-alcoy","category-educacion","category-noticias","tag-alcoy","tag-easda","tag-entrega","tag-premios-josep-albert-mestre"],"yoast_head":"<!-- This site is optimized with the Yoast SEO plugin v27.3 - https:\/\/yoast.com\/product\/yoast-seo-wordpress\/ -->\n<title>La EASDA de Alcoy , escenario de la entrega de los Premios Josep Albert Mestre - COPE Alcoy<\/title>\n<meta name=\"description\" content=\"La Escola d&#039;Art i Superior de Disseny d&#039;Alcoi (EASDAlcoi) ha celebrado recientemente la ceremonia de entrega de los Premios Josep Albert Mestre, un reconocimiento a la excelencia en los ense\u00f1anzas de artes pl\u00e1sticas y dise\u00f1o\" \/>\n<meta name=\"robots\" content=\"index, follow, max-snippet:-1, max-image-preview:large, max-video-preview:-1\" \/>\n<link rel=\"canonical\" href=\"https:\/\/www.copealcoy.es\/es\/la-easda-de-alcoy-escenario-de-la-entrega-de-los-premios-josep-albert-mestre\/\" \/>\n<meta property=\"og:locale\" content=\"es_ES\" \/>\n<meta property=\"og:type\" content=\"article\" \/>\n<meta property=\"og:title\" content=\"La EASDA de Alcoy , escenario de la entrega de los Premios Josep Albert Mestre - COPE Alcoy\" \/>\n<meta property=\"og:description\" content=\"La Escola d&#039;Art i Superior de Disseny d&#039;Alcoi (EASDAlcoi) ha celebrado recientemente la ceremonia de entrega de los Premios Josep Albert Mestre, un reconocimiento a la excelencia en los ense\u00f1anzas de artes pl\u00e1sticas y dise\u00f1o\" \/>\n<meta property=\"og:url\" content=\"https:\/\/www.copealcoy.es\/es\/la-easda-de-alcoy-escenario-de-la-entrega-de-los-premios-josep-albert-mestre\/\" \/>\n<meta property=\"og:site_name\" content=\"COPE Alcoy\" \/>\n<meta property=\"article:published_time\" content=\"2024-10-30T07:00:59+00:00\" \/>\n<meta property=\"article:modified_time\" content=\"2024-10-30T16:08:37+00:00\" \/>\n<meta property=\"og:image\" content=\"https:\/\/www.copealcoy.es\/wp-content\/uploads\/2024\/10\/unnamed-1-21-scaled.jpg\" \/>\n\t<meta property=\"og:image:width\" content=\"1666\" \/>\n\t<meta property=\"og:image:height\" content=\"1080\" \/>\n\t<meta property=\"og:image:type\" content=\"image\/jpeg\" \/>\n<meta name=\"author\" content=\"Cope Alcoy\" \/>\n<meta name=\"twitter:label1\" content=\"Escrito por\" \/>\n\t<meta name=\"twitter:data1\" content=\"Cope Alcoy\" \/>\n\t<meta name=\"twitter:label2\" content=\"Tiempo de lectura\" \/>\n\t<meta name=\"twitter:data2\" content=\"3 minutos\" \/>\n<script type=\"application\/ld+json\" class=\"yoast-schema-graph\">{\"@context\":\"https:\\\/\\\/schema.org\",\"@graph\":[{\"@type\":\"Article\",\"@id\":\"https:\\\/\\\/www.copealcoy.es\\\/es\\\/la-easda-de-alcoy-escenario-de-la-entrega-de-los-premios-josep-albert-mestre\\\/#article\",\"isPartOf\":{\"@id\":\"https:\\\/\\\/www.copealcoy.es\\\/es\\\/la-easda-de-alcoy-escenario-de-la-entrega-de-los-premios-josep-albert-mestre\\\/\"},\"author\":{\"name\":\"Cope Alcoy\",\"@id\":\"https:\\\/\\\/www.copealcoy.es\\\/es\\\/#\\\/schema\\\/person\\\/e777c87fa024e57d40170af9df39882c\"},\"headline\":\"La EASDA de Alcoy , escenario de la entrega de los Premios Josep Albert Mestre\",\"datePublished\":\"2024-10-30T07:00:59+00:00\",\"dateModified\":\"2024-10-30T16:08:37+00:00\",\"mainEntityOfPage\":{\"@id\":\"https:\\\/\\\/www.copealcoy.es\\\/es\\\/la-easda-de-alcoy-escenario-de-la-entrega-de-los-premios-josep-albert-mestre\\\/\"},\"wordCount\":414,\"commentCount\":0,\"image\":{\"@id\":\"https:\\\/\\\/www.copealcoy.es\\\/es\\\/la-easda-de-alcoy-escenario-de-la-entrega-de-los-premios-josep-albert-mestre\\\/#primaryimage\"},\"thumbnailUrl\":\"https:\\\/\\\/www.copealcoy.es\\\/wp-content\\\/uploads\\\/2024\\\/10\\\/unnamed-1-21-scaled.jpg\",\"keywords\":[\"Alcoy\",\"EASDA\",\"entrega\",\"Premios Josep Albert Mestre\"],\"articleSection\":[\"Actualidad\",\"Alcoy\",\"Educaci\u00f3n\",\"Noticias\"],\"inLanguage\":\"es\"},{\"@type\":\"WebPage\",\"@id\":\"https:\\\/\\\/www.copealcoy.es\\\/es\\\/la-easda-de-alcoy-escenario-de-la-entrega-de-los-premios-josep-albert-mestre\\\/\",\"url\":\"https:\\\/\\\/www.copealcoy.es\\\/es\\\/la-easda-de-alcoy-escenario-de-la-entrega-de-los-premios-josep-albert-mestre\\\/\",\"name\":\"La EASDA de Alcoy , escenario de la entrega de los Premios Josep Albert Mestre - COPE Alcoy\",\"isPartOf\":{\"@id\":\"https:\\\/\\\/www.copealcoy.es\\\/es\\\/#website\"},\"primaryImageOfPage\":{\"@id\":\"https:\\\/\\\/www.copealcoy.es\\\/es\\\/la-easda-de-alcoy-escenario-de-la-entrega-de-los-premios-josep-albert-mestre\\\/#primaryimage\"},\"image\":{\"@id\":\"https:\\\/\\\/www.copealcoy.es\\\/es\\\/la-easda-de-alcoy-escenario-de-la-entrega-de-los-premios-josep-albert-mestre\\\/#primaryimage\"},\"thumbnailUrl\":\"https:\\\/\\\/www.copealcoy.es\\\/wp-content\\\/uploads\\\/2024\\\/10\\\/unnamed-1-21-scaled.jpg\",\"datePublished\":\"2024-10-30T07:00:59+00:00\",\"dateModified\":\"2024-10-30T16:08:37+00:00\",\"author\":{\"@id\":\"https:\\\/\\\/www.copealcoy.es\\\/es\\\/#\\\/schema\\\/person\\\/e777c87fa024e57d40170af9df39882c\"},\"description\":\"La Escola d'Art i Superior de Disseny d'Alcoi (EASDAlcoi) ha celebrado recientemente la ceremonia de entrega de los Premios Josep Albert Mestre, un reconocimiento a la excelencia en los ense\u00f1anzas de artes pl\u00e1sticas y dise\u00f1o\",\"breadcrumb\":{\"@id\":\"https:\\\/\\\/www.copealcoy.es\\\/es\\\/la-easda-de-alcoy-escenario-de-la-entrega-de-los-premios-josep-albert-mestre\\\/#breadcrumb\"},\"inLanguage\":\"es\",\"potentialAction\":[{\"@type\":\"ReadAction\",\"target\":[\"https:\\\/\\\/www.copealcoy.es\\\/es\\\/la-easda-de-alcoy-escenario-de-la-entrega-de-los-premios-josep-albert-mestre\\\/\"]}]},{\"@type\":\"ImageObject\",\"inLanguage\":\"es\",\"@id\":\"https:\\\/\\\/www.copealcoy.es\\\/es\\\/la-easda-de-alcoy-escenario-de-la-entrega-de-los-premios-josep-albert-mestre\\\/#primaryimage\",\"url\":\"https:\\\/\\\/www.copealcoy.es\\\/wp-content\\\/uploads\\\/2024\\\/10\\\/unnamed-1-21-scaled.jpg\",\"contentUrl\":\"https:\\\/\\\/www.copealcoy.es\\\/wp-content\\\/uploads\\\/2024\\\/10\\\/unnamed-1-21-scaled.jpg\",\"width\":1666,\"height\":1080},{\"@type\":\"BreadcrumbList\",\"@id\":\"https:\\\/\\\/www.copealcoy.es\\\/es\\\/la-easda-de-alcoy-escenario-de-la-entrega-de-los-premios-josep-albert-mestre\\\/#breadcrumb\",\"itemListElement\":[{\"@type\":\"ListItem\",\"position\":1,\"name\":\"Portada\",\"item\":\"https:\\\/\\\/www.copealcoy.es\\\/es\\\/\"},{\"@type\":\"ListItem\",\"position\":2,\"name\":\"La EASDA de Alcoy , escenario de la entrega de los Premios Josep Albert Mestre\"}]},{\"@type\":\"WebSite\",\"@id\":\"https:\\\/\\\/www.copealcoy.es\\\/es\\\/#website\",\"url\":\"https:\\\/\\\/www.copealcoy.es\\\/es\\\/\",\"name\":\"COPE Alcoy\",\"description\":\"Emisora COPE de radio local con emisi\u00f3n online. Pont de Sant Jordi 8-10 03803 Alcoy\",\"potentialAction\":[{\"@type\":\"SearchAction\",\"target\":{\"@type\":\"EntryPoint\",\"urlTemplate\":\"https:\\\/\\\/www.copealcoy.es\\\/es\\\/?s={search_term_string}\"},\"query-input\":{\"@type\":\"PropertyValueSpecification\",\"valueRequired\":true,\"valueName\":\"search_term_string\"}}],\"inLanguage\":\"es\"},{\"@type\":\"Person\",\"@id\":\"https:\\\/\\\/www.copealcoy.es\\\/es\\\/#\\\/schema\\\/person\\\/e777c87fa024e57d40170af9df39882c\",\"name\":\"Cope Alcoy\",\"image\":{\"@type\":\"ImageObject\",\"inLanguage\":\"es\",\"@id\":\"https:\\\/\\\/secure.gravatar.com\\\/avatar\\\/bb65d0283347e303893ba14f0692005417c1e0e690a325a4c5d8bb2b3943ee14?s=96&d=mm&r=g\",\"url\":\"https:\\\/\\\/secure.gravatar.com\\\/avatar\\\/bb65d0283347e303893ba14f0692005417c1e0e690a325a4c5d8bb2b3943ee14?s=96&d=mm&r=g\",\"contentUrl\":\"https:\\\/\\\/secure.gravatar.com\\\/avatar\\\/bb65d0283347e303893ba14f0692005417c1e0e690a325a4c5d8bb2b3943ee14?s=96&d=mm&r=g\",\"caption\":\"Cope Alcoy\"}}]}<\/script>\n<!-- \/ Yoast SEO plugin. -->","yoast_head_json":{"title":"La EASDA de Alcoy , escenario de la entrega de los Premios Josep Albert Mestre - COPE Alcoy","description":"La Escola d'Art i Superior de Disseny d'Alcoi (EASDAlcoi) ha celebrado recientemente la ceremonia de entrega de los Premios Josep Albert Mestre, un reconocimiento a la excelencia en los ense\u00f1anzas de artes pl\u00e1sticas y dise\u00f1o","robots":{"index":"index","follow":"follow","max-snippet":"max-snippet:-1","max-image-preview":"max-image-preview:large","max-video-preview":"max-video-preview:-1"},"canonical":"https:\/\/www.copealcoy.es\/es\/la-easda-de-alcoy-escenario-de-la-entrega-de-los-premios-josep-albert-mestre\/","og_locale":"es_ES","og_type":"article","og_title":"La EASDA de Alcoy , escenario de la entrega de los Premios Josep Albert Mestre - COPE Alcoy","og_description":"La Escola d'Art i Superior de Disseny d'Alcoi (EASDAlcoi) ha celebrado recientemente la ceremonia de entrega de los Premios Josep Albert Mestre, un reconocimiento a la excelencia en los ense\u00f1anzas de artes pl\u00e1sticas y dise\u00f1o","og_url":"https:\/\/www.copealcoy.es\/es\/la-easda-de-alcoy-escenario-de-la-entrega-de-los-premios-josep-albert-mestre\/","og_site_name":"COPE Alcoy","article_published_time":"2024-10-30T07:00:59+00:00","article_modified_time":"2024-10-30T16:08:37+00:00","og_image":[{"width":1666,"height":1080,"url":"https:\/\/www.copealcoy.es\/wp-content\/uploads\/2024\/10\/unnamed-1-21-scaled.jpg","type":"image\/jpeg"}],"author":"Cope Alcoy","twitter_misc":{"Escrito por":"Cope Alcoy","Tiempo de lectura":"3 minutos"},"schema":{"@context":"https:\/\/schema.org","@graph":[{"@type":"Article","@id":"https:\/\/www.copealcoy.es\/es\/la-easda-de-alcoy-escenario-de-la-entrega-de-los-premios-josep-albert-mestre\/#article","isPartOf":{"@id":"https:\/\/www.copealcoy.es\/es\/la-easda-de-alcoy-escenario-de-la-entrega-de-los-premios-josep-albert-mestre\/"},"author":{"name":"Cope Alcoy","@id":"https:\/\/www.copealcoy.es\/es\/#\/schema\/person\/e777c87fa024e57d40170af9df39882c"},"headline":"La EASDA de Alcoy , escenario de la entrega de los Premios Josep Albert Mestre","datePublished":"2024-10-30T07:00:59+00:00","dateModified":"2024-10-30T16:08:37+00:00","mainEntityOfPage":{"@id":"https:\/\/www.copealcoy.es\/es\/la-easda-de-alcoy-escenario-de-la-entrega-de-los-premios-josep-albert-mestre\/"},"wordCount":414,"commentCount":0,"image":{"@id":"https:\/\/www.copealcoy.es\/es\/la-easda-de-alcoy-escenario-de-la-entrega-de-los-premios-josep-albert-mestre\/#primaryimage"},"thumbnailUrl":"https:\/\/www.copealcoy.es\/wp-content\/uploads\/2024\/10\/unnamed-1-21-scaled.jpg","keywords":["Alcoy","EASDA","entrega","Premios Josep Albert Mestre"],"articleSection":["Actualidad","Alcoy","Educaci\u00f3n","Noticias"],"inLanguage":"es"},{"@type":"WebPage","@id":"https:\/\/www.copealcoy.es\/es\/la-easda-de-alcoy-escenario-de-la-entrega-de-los-premios-josep-albert-mestre\/","url":"https:\/\/www.copealcoy.es\/es\/la-easda-de-alcoy-escenario-de-la-entrega-de-los-premios-josep-albert-mestre\/","name":"La EASDA de Alcoy , escenario de la entrega de los Premios Josep Albert Mestre - COPE Alcoy","isPartOf":{"@id":"https:\/\/www.copealcoy.es\/es\/#website"},"primaryImageOfPage":{"@id":"https:\/\/www.copealcoy.es\/es\/la-easda-de-alcoy-escenario-de-la-entrega-de-los-premios-josep-albert-mestre\/#primaryimage"},"image":{"@id":"https:\/\/www.copealcoy.es\/es\/la-easda-de-alcoy-escenario-de-la-entrega-de-los-premios-josep-albert-mestre\/#primaryimage"},"thumbnailUrl":"https:\/\/www.copealcoy.es\/wp-content\/uploads\/2024\/10\/unnamed-1-21-scaled.jpg","datePublished":"2024-10-30T07:00:59+00:00","dateModified":"2024-10-30T16:08:37+00:00","author":{"@id":"https:\/\/www.copealcoy.es\/es\/#\/schema\/person\/e777c87fa024e57d40170af9df39882c"},"description":"La Escola d'Art i Superior de Disseny d'Alcoi (EASDAlcoi) ha celebrado recientemente la ceremonia de entrega de los Premios Josep Albert Mestre, un reconocimiento a la excelencia en los ense\u00f1anzas de artes pl\u00e1sticas y dise\u00f1o","breadcrumb":{"@id":"https:\/\/www.copealcoy.es\/es\/la-easda-de-alcoy-escenario-de-la-entrega-de-los-premios-josep-albert-mestre\/#breadcrumb"},"inLanguage":"es","potentialAction":[{"@type":"ReadAction","target":["https:\/\/www.copealcoy.es\/es\/la-easda-de-alcoy-escenario-de-la-entrega-de-los-premios-josep-albert-mestre\/"]}]},{"@type":"ImageObject","inLanguage":"es","@id":"https:\/\/www.copealcoy.es\/es\/la-easda-de-alcoy-escenario-de-la-entrega-de-los-premios-josep-albert-mestre\/#primaryimage","url":"https:\/\/www.copealcoy.es\/wp-content\/uploads\/2024\/10\/unnamed-1-21-scaled.jpg","contentUrl":"https:\/\/www.copealcoy.es\/wp-content\/uploads\/2024\/10\/unnamed-1-21-scaled.jpg","width":1666,"height":1080},{"@type":"BreadcrumbList","@id":"https:\/\/www.copealcoy.es\/es\/la-easda-de-alcoy-escenario-de-la-entrega-de-los-premios-josep-albert-mestre\/#breadcrumb","itemListElement":[{"@type":"ListItem","position":1,"name":"Portada","item":"https:\/\/www.copealcoy.es\/es\/"},{"@type":"ListItem","position":2,"name":"La EASDA de Alcoy , escenario de la entrega de los Premios Josep Albert Mestre"}]},{"@type":"WebSite","@id":"https:\/\/www.copealcoy.es\/es\/#website","url":"https:\/\/www.copealcoy.es\/es\/","name":"COPE Alcoy","description":"Emisora COPE de radio local con emisi\u00f3n online. Pont de Sant Jordi 8-10 03803 Alcoy","potentialAction":[{"@type":"SearchAction","target":{"@type":"EntryPoint","urlTemplate":"https:\/\/www.copealcoy.es\/es\/?s={search_term_string}"},"query-input":{"@type":"PropertyValueSpecification","valueRequired":true,"valueName":"search_term_string"}}],"inLanguage":"es"},{"@type":"Person","@id":"https:\/\/www.copealcoy.es\/es\/#\/schema\/person\/e777c87fa024e57d40170af9df39882c","name":"Cope Alcoy","image":{"@type":"ImageObject","inLanguage":"es","@id":"https:\/\/secure.gravatar.com\/avatar\/bb65d0283347e303893ba14f0692005417c1e0e690a325a4c5d8bb2b3943ee14?s=96&d=mm&r=g","url":"https:\/\/secure.gravatar.com\/avatar\/bb65d0283347e303893ba14f0692005417c1e0e690a325a4c5d8bb2b3943ee14?s=96&d=mm&r=g","contentUrl":"https:\/\/secure.gravatar.com\/avatar\/bb65d0283347e303893ba14f0692005417c1e0e690a325a4c5d8bb2b3943ee14?s=96&d=mm&r=g","caption":"Cope Alcoy"}}]}},"_links":{"self":[{"href":"https:\/\/www.copealcoy.es\/es\/wp-json\/wp\/v2\/posts\/142208","targetHints":{"allow":["GET"]}}],"collection":[{"href":"https:\/\/www.copealcoy.es\/es\/wp-json\/wp\/v2\/posts"}],"about":[{"href":"https:\/\/www.copealcoy.es\/es\/wp-json\/wp\/v2\/types\/post"}],"author":[{"embeddable":true,"href":"https:\/\/www.copealcoy.es\/es\/wp-json\/wp\/v2\/users\/1"}],"replies":[{"embeddable":true,"href":"https:\/\/www.copealcoy.es\/es\/wp-json\/wp\/v2\/comments?post=142208"}],"version-history":[{"count":0,"href":"https:\/\/www.copealcoy.es\/es\/wp-json\/wp\/v2\/posts\/142208\/revisions"}],"wp:featuredmedia":[{"embeddable":true,"href":"https:\/\/www.copealcoy.es\/es\/wp-json\/wp\/v2\/media\/142209"}],"wp:attachment":[{"href":"https:\/\/www.copealcoy.es\/es\/wp-json\/wp\/v2\/media?parent=142208"}],"wp:term":[{"taxonomy":"category","embeddable":true,"href":"https:\/\/www.copealcoy.es\/es\/wp-json\/wp\/v2\/categories?post=142208"},{"taxonomy":"post_tag","embeddable":true,"href":"https:\/\/www.copealcoy.es\/es\/wp-json\/wp\/v2\/tags?post=142208"}],"curies":[{"name":"wp","href":"https:\/\/api.w.org\/{rel}","templated":true}]}}