{"id":142117,"date":"2024-10-28T13:57:42","date_gmt":"2024-10-28T12:57:42","guid":{"rendered":"https:\/\/www.copealcoy.es\/?p=142117"},"modified":"2024-10-28T16:04:33","modified_gmt":"2024-10-28T15:04:33","slug":"un-accidente-de-trafico-principal-incidencia-del-mig-any-en-alcoy","status":"publish","type":"post","link":"https:\/\/www.copealcoy.es\/es\/un-accidente-de-trafico-principal-incidencia-del-mig-any-en-alcoy\/","title":{"rendered":"Un accidente de tr\u00e1fico, principal incidencia del Mig Any en Alcoy"},"content":{"rendered":"<p style=\"text-align: justify;\">La concejal\u00eda de Seguridad del <a href=\"https:\/\/www.alcoi.org\/ca\/portal\/index.html\" target=\"_blank\" rel=\"noopener\"><span style=\"color: #0000ff;\"><strong>Ayuntamiento de Alcoy<\/strong><\/span><\/a> ha presentado<strong> un balance de las incidencias registradas durante la celebraci\u00f3n del Mig Any<\/strong> el pasado s\u00e1bado, destacando <strong>un accidente de tr\u00e1fico<\/strong> como el incidente m\u00e1s grave. El siniestro <strong>ocurri\u00f3 alrededor de las 2:40 horas<\/strong>, cuando un veh\u00edculo de alta gama circulaba a gran velocidad desde la Avinguda Pa\u00eds Valenci\u00e0 hasta la calle Valencia. Durante su trayecto, el autom\u00f3vil impact\u00f3 contra varios veh\u00edculos aparcados en Els Al\u00e7amora, Alameda Camilo Sesto y Juan Gil-Albert, causando tambi\u00e9n da\u00f1os a la vegetaci\u00f3n del carril bici. Finalmente, el coche choc\u00f3 contra un veh\u00edculo detenido en un sem\u00e1foro al inicio de la calle Val\u00e8ncia. Afortunadamente, <strong>la conductora del veh\u00edculo parado solo sufri\u00f3 heridas leves<\/strong>. Por otro lado, el conductor responsable del accidente fue sometido a <strong>una prueba de alcoholemia<\/strong>, resultando que multiplicaba por 4,32 la tasa m\u00e1xima permitida, lo que constituye un delito penal. Ambos conductores <strong>fueron trasladados al Hospital<\/strong> <strong>Virgen de los Lirios<\/strong> para observaci\u00f3n tras el incidente.<\/p>\n<p style=\"text-align: justify;\">En cuanto a les &#8216;Entraetes&#8217;, <strong>la Polic\u00eda Local tuvo que intervenir en varias ocasiones debido a aglomeraciones frente a un local privado<\/strong> en la calle Sant Nicolau. La multitud invad\u00eda gran parte de la calzada y se negaba a apartarse, lo que gener\u00f3 molestias al p\u00fablico y oblig\u00f3 a varias filaes a detener su marcha para poder pasar. En algunos casos, los m\u00fasicos tuvieron que organizarse en dos filas para sortear el obst\u00e1culo.<\/p>\n<p style=\"text-align: justify;\">Como medida para mejorar la situaci\u00f3n en futuras celebraciones, la<strong> Polic\u00eda Local propondr\u00e1 a la Asociaci\u00f3n de San Jorge estudiar el punto de inicio de les &#8216;Entraetes&#8217; en Pa\u00eds Valenci\u00e0<\/strong>. Se sugiere avanzar este punto unos metros para despejar el tramo entre la calle Bamb\u00fa y Pa\u00eds Valenci\u00e0, lo que podr\u00eda descongestionar considerablemente el tr\u00e1fico y facilitar la salida de veh\u00edculos de garajes particulares. Adem\u00e1s, se plantea colocar una valla que delimite el espacio para los m\u00fasicos y brinde mayor seguridad tanto a los participantes como al p\u00fablico.<\/p>\n<p style=\"text-align: justify;\">El concejal de Seguridad, <strong>Ra\u00fcl Llopis<\/strong>, destac\u00f3 que <em>&#8220;ha sido un Mig Any bastante tranquilo&#8221;<\/em>. Sin embargo, <strong>subray\u00f3 la gravedad del accidente mencionado<\/strong> y reafirm\u00f3 el compromiso de la Polic\u00eda Local para continuar realizando controles de alcoholemia y drogas. En general, las incidencias reportadas <strong>fueron inferiores a las habituales durante otros fines de semana del a\u00f1o<\/strong>, con algunas peleas y quejas vecinales menores.<\/p>\n","protected":false},"excerpt":{"rendered":"<p>La concejal\u00eda de Seguridad del Ayuntamiento de Alcoy ha presentado un balance de las incidencias registradas durante la celebraci\u00f3n del&#8230;<\/p>\n","protected":false},"author":1,"featured_media":142118,"comment_status":"open","ping_status":"open","sticky":false,"template":"","format":"standard","meta":{"footnotes":""},"categories":[6909,97,75,125,80],"tags":[1494,430,6996,1455],"class_list":["post-142117","post","type-post","status-publish","format-standard","has-post-thumbnail","hentry","category-actualidad","category-alcoy","category-noticias","category-portada","category-sucesos","tag-alcoy","tag-balance","tag-incidencias","tag-mig-any"],"yoast_head":"<!-- This site is optimized with the Yoast SEO plugin v27.3 - https:\/\/yoast.com\/product\/yoast-seo-wordpress\/ -->\n<title>Un accidente de tr\u00e1fico, principal incidencia del Mig Any en Alcoy - COPE Alcoy<\/title>\n<meta name=\"robots\" content=\"index, follow, max-snippet:-1, max-image-preview:large, max-video-preview:-1\" \/>\n<link rel=\"canonical\" href=\"https:\/\/www.copealcoy.es\/es\/un-accidente-de-trafico-principal-incidencia-del-mig-any-en-alcoy\/\" \/>\n<meta property=\"og:locale\" content=\"es_ES\" \/>\n<meta property=\"og:type\" content=\"article\" \/>\n<meta property=\"og:title\" content=\"Un accidente de tr\u00e1fico, principal incidencia del Mig Any en Alcoy - COPE Alcoy\" \/>\n<meta property=\"og:description\" content=\"La concejal\u00eda de Seguridad del Ayuntamiento de Alcoy ha presentado un balance de las incidencias registradas durante la celebraci\u00f3n del...\" \/>\n<meta property=\"og:url\" content=\"https:\/\/www.copealcoy.es\/es\/un-accidente-de-trafico-principal-incidencia-del-mig-any-en-alcoy\/\" \/>\n<meta property=\"og:site_name\" content=\"COPE Alcoy\" \/>\n<meta property=\"article:published_time\" content=\"2024-10-28T12:57:42+00:00\" \/>\n<meta property=\"article:modified_time\" content=\"2024-10-28T15:04:33+00:00\" \/>\n<meta property=\"og:image\" content=\"https:\/\/www.copealcoy.es\/wp-content\/uploads\/2024\/10\/cotxe-que-va-rebre-limpacte.jpg_1760067043.jpg\" \/>\n\t<meta property=\"og:image:width\" content=\"625\" \/>\n\t<meta property=\"og:image:height\" content=\"469\" \/>\n\t<meta property=\"og:image:type\" content=\"image\/jpeg\" \/>\n<meta name=\"author\" content=\"Cope Alcoy\" \/>\n<meta name=\"twitter:label1\" content=\"Escrito por\" \/>\n\t<meta name=\"twitter:data1\" content=\"Cope Alcoy\" \/>\n\t<meta name=\"twitter:label2\" content=\"Tiempo de lectura\" \/>\n\t<meta name=\"twitter:data2\" content=\"3 minutos\" \/>\n<script type=\"application\/ld+json\" class=\"yoast-schema-graph\">{\"@context\":\"https:\\\/\\\/schema.org\",\"@graph\":[{\"@type\":\"Article\",\"@id\":\"https:\\\/\\\/www.copealcoy.es\\\/es\\\/un-accidente-de-trafico-principal-incidencia-del-mig-any-en-alcoy\\\/#article\",\"isPartOf\":{\"@id\":\"https:\\\/\\\/www.copealcoy.es\\\/es\\\/un-accidente-de-trafico-principal-incidencia-del-mig-any-en-alcoy\\\/\"},\"author\":{\"name\":\"Cope Alcoy\",\"@id\":\"https:\\\/\\\/www.copealcoy.es\\\/es\\\/#\\\/schema\\\/person\\\/e777c87fa024e57d40170af9df39882c\"},\"headline\":\"Un accidente de tr\u00e1fico, principal incidencia del Mig Any en Alcoy\",\"datePublished\":\"2024-10-28T12:57:42+00:00\",\"dateModified\":\"2024-10-28T15:04:33+00:00\",\"mainEntityOfPage\":{\"@id\":\"https:\\\/\\\/www.copealcoy.es\\\/es\\\/un-accidente-de-trafico-principal-incidencia-del-mig-any-en-alcoy\\\/\"},\"wordCount\":434,\"commentCount\":0,\"image\":{\"@id\":\"https:\\\/\\\/www.copealcoy.es\\\/es\\\/un-accidente-de-trafico-principal-incidencia-del-mig-any-en-alcoy\\\/#primaryimage\"},\"thumbnailUrl\":\"https:\\\/\\\/www.copealcoy.es\\\/wp-content\\\/uploads\\\/2024\\\/10\\\/cotxe-que-va-rebre-limpacte.jpg_1760067043.jpg\",\"keywords\":[\"Alcoy\",\"Balance\",\"incidencias\",\"Mig Any\"],\"articleSection\":[\"Actualidad\",\"Alcoy\",\"Noticias\",\"Portada\",\"Sucesos\"],\"inLanguage\":\"es\"},{\"@type\":\"WebPage\",\"@id\":\"https:\\\/\\\/www.copealcoy.es\\\/es\\\/un-accidente-de-trafico-principal-incidencia-del-mig-any-en-alcoy\\\/\",\"url\":\"https:\\\/\\\/www.copealcoy.es\\\/es\\\/un-accidente-de-trafico-principal-incidencia-del-mig-any-en-alcoy\\\/\",\"name\":\"Un accidente de tr\u00e1fico, principal incidencia del Mig Any en Alcoy - COPE Alcoy\",\"isPartOf\":{\"@id\":\"https:\\\/\\\/www.copealcoy.es\\\/es\\\/#website\"},\"primaryImageOfPage\":{\"@id\":\"https:\\\/\\\/www.copealcoy.es\\\/es\\\/un-accidente-de-trafico-principal-incidencia-del-mig-any-en-alcoy\\\/#primaryimage\"},\"image\":{\"@id\":\"https:\\\/\\\/www.copealcoy.es\\\/es\\\/un-accidente-de-trafico-principal-incidencia-del-mig-any-en-alcoy\\\/#primaryimage\"},\"thumbnailUrl\":\"https:\\\/\\\/www.copealcoy.es\\\/wp-content\\\/uploads\\\/2024\\\/10\\\/cotxe-que-va-rebre-limpacte.jpg_1760067043.jpg\",\"datePublished\":\"2024-10-28T12:57:42+00:00\",\"dateModified\":\"2024-10-28T15:04:33+00:00\",\"author\":{\"@id\":\"https:\\\/\\\/www.copealcoy.es\\\/es\\\/#\\\/schema\\\/person\\\/e777c87fa024e57d40170af9df39882c\"},\"breadcrumb\":{\"@id\":\"https:\\\/\\\/www.copealcoy.es\\\/es\\\/un-accidente-de-trafico-principal-incidencia-del-mig-any-en-alcoy\\\/#breadcrumb\"},\"inLanguage\":\"es\",\"potentialAction\":[{\"@type\":\"ReadAction\",\"target\":[\"https:\\\/\\\/www.copealcoy.es\\\/es\\\/un-accidente-de-trafico-principal-incidencia-del-mig-any-en-alcoy\\\/\"]}]},{\"@type\":\"ImageObject\",\"inLanguage\":\"es\",\"@id\":\"https:\\\/\\\/www.copealcoy.es\\\/es\\\/un-accidente-de-trafico-principal-incidencia-del-mig-any-en-alcoy\\\/#primaryimage\",\"url\":\"https:\\\/\\\/www.copealcoy.es\\\/wp-content\\\/uploads\\\/2024\\\/10\\\/cotxe-que-va-rebre-limpacte.jpg_1760067043.jpg\",\"contentUrl\":\"https:\\\/\\\/www.copealcoy.es\\\/wp-content\\\/uploads\\\/2024\\\/10\\\/cotxe-que-va-rebre-limpacte.jpg_1760067043.jpg\",\"width\":625,\"height\":469},{\"@type\":\"BreadcrumbList\",\"@id\":\"https:\\\/\\\/www.copealcoy.es\\\/es\\\/un-accidente-de-trafico-principal-incidencia-del-mig-any-en-alcoy\\\/#breadcrumb\",\"itemListElement\":[{\"@type\":\"ListItem\",\"position\":1,\"name\":\"Portada\",\"item\":\"https:\\\/\\\/www.copealcoy.es\\\/es\\\/\"},{\"@type\":\"ListItem\",\"position\":2,\"name\":\"Un accidente de tr\u00e1fico, principal incidencia del Mig Any en Alcoy\"}]},{\"@type\":\"WebSite\",\"@id\":\"https:\\\/\\\/www.copealcoy.es\\\/es\\\/#website\",\"url\":\"https:\\\/\\\/www.copealcoy.es\\\/es\\\/\",\"name\":\"COPE Alcoy\",\"description\":\"Emisora COPE de radio local con emisi\u00f3n online. Pont de Sant Jordi 8-10 03803 Alcoy\",\"potentialAction\":[{\"@type\":\"SearchAction\",\"target\":{\"@type\":\"EntryPoint\",\"urlTemplate\":\"https:\\\/\\\/www.copealcoy.es\\\/es\\\/?s={search_term_string}\"},\"query-input\":{\"@type\":\"PropertyValueSpecification\",\"valueRequired\":true,\"valueName\":\"search_term_string\"}}],\"inLanguage\":\"es\"},{\"@type\":\"Person\",\"@id\":\"https:\\\/\\\/www.copealcoy.es\\\/es\\\/#\\\/schema\\\/person\\\/e777c87fa024e57d40170af9df39882c\",\"name\":\"Cope Alcoy\",\"image\":{\"@type\":\"ImageObject\",\"inLanguage\":\"es\",\"@id\":\"https:\\\/\\\/secure.gravatar.com\\\/avatar\\\/bb65d0283347e303893ba14f0692005417c1e0e690a325a4c5d8bb2b3943ee14?s=96&d=mm&r=g\",\"url\":\"https:\\\/\\\/secure.gravatar.com\\\/avatar\\\/bb65d0283347e303893ba14f0692005417c1e0e690a325a4c5d8bb2b3943ee14?s=96&d=mm&r=g\",\"contentUrl\":\"https:\\\/\\\/secure.gravatar.com\\\/avatar\\\/bb65d0283347e303893ba14f0692005417c1e0e690a325a4c5d8bb2b3943ee14?s=96&d=mm&r=g\",\"caption\":\"Cope Alcoy\"}}]}<\/script>\n<!-- \/ Yoast SEO plugin. -->","yoast_head_json":{"title":"Un accidente de tr\u00e1fico, principal incidencia del Mig Any en Alcoy - COPE Alcoy","robots":{"index":"index","follow":"follow","max-snippet":"max-snippet:-1","max-image-preview":"max-image-preview:large","max-video-preview":"max-video-preview:-1"},"canonical":"https:\/\/www.copealcoy.es\/es\/un-accidente-de-trafico-principal-incidencia-del-mig-any-en-alcoy\/","og_locale":"es_ES","og_type":"article","og_title":"Un accidente de tr\u00e1fico, principal incidencia del Mig Any en Alcoy - COPE Alcoy","og_description":"La concejal\u00eda de Seguridad del Ayuntamiento de Alcoy ha presentado un balance de las incidencias registradas durante la celebraci\u00f3n del...","og_url":"https:\/\/www.copealcoy.es\/es\/un-accidente-de-trafico-principal-incidencia-del-mig-any-en-alcoy\/","og_site_name":"COPE Alcoy","article_published_time":"2024-10-28T12:57:42+00:00","article_modified_time":"2024-10-28T15:04:33+00:00","og_image":[{"width":625,"height":469,"url":"https:\/\/www.copealcoy.es\/wp-content\/uploads\/2024\/10\/cotxe-que-va-rebre-limpacte.jpg_1760067043.jpg","type":"image\/jpeg"}],"author":"Cope Alcoy","twitter_misc":{"Escrito por":"Cope Alcoy","Tiempo de lectura":"3 minutos"},"schema":{"@context":"https:\/\/schema.org","@graph":[{"@type":"Article","@id":"https:\/\/www.copealcoy.es\/es\/un-accidente-de-trafico-principal-incidencia-del-mig-any-en-alcoy\/#article","isPartOf":{"@id":"https:\/\/www.copealcoy.es\/es\/un-accidente-de-trafico-principal-incidencia-del-mig-any-en-alcoy\/"},"author":{"name":"Cope Alcoy","@id":"https:\/\/www.copealcoy.es\/es\/#\/schema\/person\/e777c87fa024e57d40170af9df39882c"},"headline":"Un accidente de tr\u00e1fico, principal incidencia del Mig Any en Alcoy","datePublished":"2024-10-28T12:57:42+00:00","dateModified":"2024-10-28T15:04:33+00:00","mainEntityOfPage":{"@id":"https:\/\/www.copealcoy.es\/es\/un-accidente-de-trafico-principal-incidencia-del-mig-any-en-alcoy\/"},"wordCount":434,"commentCount":0,"image":{"@id":"https:\/\/www.copealcoy.es\/es\/un-accidente-de-trafico-principal-incidencia-del-mig-any-en-alcoy\/#primaryimage"},"thumbnailUrl":"https:\/\/www.copealcoy.es\/wp-content\/uploads\/2024\/10\/cotxe-que-va-rebre-limpacte.jpg_1760067043.jpg","keywords":["Alcoy","Balance","incidencias","Mig Any"],"articleSection":["Actualidad","Alcoy","Noticias","Portada","Sucesos"],"inLanguage":"es"},{"@type":"WebPage","@id":"https:\/\/www.copealcoy.es\/es\/un-accidente-de-trafico-principal-incidencia-del-mig-any-en-alcoy\/","url":"https:\/\/www.copealcoy.es\/es\/un-accidente-de-trafico-principal-incidencia-del-mig-any-en-alcoy\/","name":"Un accidente de tr\u00e1fico, principal incidencia del Mig Any en Alcoy - COPE Alcoy","isPartOf":{"@id":"https:\/\/www.copealcoy.es\/es\/#website"},"primaryImageOfPage":{"@id":"https:\/\/www.copealcoy.es\/es\/un-accidente-de-trafico-principal-incidencia-del-mig-any-en-alcoy\/#primaryimage"},"image":{"@id":"https:\/\/www.copealcoy.es\/es\/un-accidente-de-trafico-principal-incidencia-del-mig-any-en-alcoy\/#primaryimage"},"thumbnailUrl":"https:\/\/www.copealcoy.es\/wp-content\/uploads\/2024\/10\/cotxe-que-va-rebre-limpacte.jpg_1760067043.jpg","datePublished":"2024-10-28T12:57:42+00:00","dateModified":"2024-10-28T15:04:33+00:00","author":{"@id":"https:\/\/www.copealcoy.es\/es\/#\/schema\/person\/e777c87fa024e57d40170af9df39882c"},"breadcrumb":{"@id":"https:\/\/www.copealcoy.es\/es\/un-accidente-de-trafico-principal-incidencia-del-mig-any-en-alcoy\/#breadcrumb"},"inLanguage":"es","potentialAction":[{"@type":"ReadAction","target":["https:\/\/www.copealcoy.es\/es\/un-accidente-de-trafico-principal-incidencia-del-mig-any-en-alcoy\/"]}]},{"@type":"ImageObject","inLanguage":"es","@id":"https:\/\/www.copealcoy.es\/es\/un-accidente-de-trafico-principal-incidencia-del-mig-any-en-alcoy\/#primaryimage","url":"https:\/\/www.copealcoy.es\/wp-content\/uploads\/2024\/10\/cotxe-que-va-rebre-limpacte.jpg_1760067043.jpg","contentUrl":"https:\/\/www.copealcoy.es\/wp-content\/uploads\/2024\/10\/cotxe-que-va-rebre-limpacte.jpg_1760067043.jpg","width":625,"height":469},{"@type":"BreadcrumbList","@id":"https:\/\/www.copealcoy.es\/es\/un-accidente-de-trafico-principal-incidencia-del-mig-any-en-alcoy\/#breadcrumb","itemListElement":[{"@type":"ListItem","position":1,"name":"Portada","item":"https:\/\/www.copealcoy.es\/es\/"},{"@type":"ListItem","position":2,"name":"Un accidente de tr\u00e1fico, principal incidencia del Mig Any en Alcoy"}]},{"@type":"WebSite","@id":"https:\/\/www.copealcoy.es\/es\/#website","url":"https:\/\/www.copealcoy.es\/es\/","name":"COPE Alcoy","description":"Emisora COPE de radio local con emisi\u00f3n online. Pont de Sant Jordi 8-10 03803 Alcoy","potentialAction":[{"@type":"SearchAction","target":{"@type":"EntryPoint","urlTemplate":"https:\/\/www.copealcoy.es\/es\/?s={search_term_string}"},"query-input":{"@type":"PropertyValueSpecification","valueRequired":true,"valueName":"search_term_string"}}],"inLanguage":"es"},{"@type":"Person","@id":"https:\/\/www.copealcoy.es\/es\/#\/schema\/person\/e777c87fa024e57d40170af9df39882c","name":"Cope Alcoy","image":{"@type":"ImageObject","inLanguage":"es","@id":"https:\/\/secure.gravatar.com\/avatar\/bb65d0283347e303893ba14f0692005417c1e0e690a325a4c5d8bb2b3943ee14?s=96&d=mm&r=g","url":"https:\/\/secure.gravatar.com\/avatar\/bb65d0283347e303893ba14f0692005417c1e0e690a325a4c5d8bb2b3943ee14?s=96&d=mm&r=g","contentUrl":"https:\/\/secure.gravatar.com\/avatar\/bb65d0283347e303893ba14f0692005417c1e0e690a325a4c5d8bb2b3943ee14?s=96&d=mm&r=g","caption":"Cope Alcoy"}}]}},"_links":{"self":[{"href":"https:\/\/www.copealcoy.es\/es\/wp-json\/wp\/v2\/posts\/142117","targetHints":{"allow":["GET"]}}],"collection":[{"href":"https:\/\/www.copealcoy.es\/es\/wp-json\/wp\/v2\/posts"}],"about":[{"href":"https:\/\/www.copealcoy.es\/es\/wp-json\/wp\/v2\/types\/post"}],"author":[{"embeddable":true,"href":"https:\/\/www.copealcoy.es\/es\/wp-json\/wp\/v2\/users\/1"}],"replies":[{"embeddable":true,"href":"https:\/\/www.copealcoy.es\/es\/wp-json\/wp\/v2\/comments?post=142117"}],"version-history":[{"count":0,"href":"https:\/\/www.copealcoy.es\/es\/wp-json\/wp\/v2\/posts\/142117\/revisions"}],"wp:featuredmedia":[{"embeddable":true,"href":"https:\/\/www.copealcoy.es\/es\/wp-json\/wp\/v2\/media\/142118"}],"wp:attachment":[{"href":"https:\/\/www.copealcoy.es\/es\/wp-json\/wp\/v2\/media?parent=142117"}],"wp:term":[{"taxonomy":"category","embeddable":true,"href":"https:\/\/www.copealcoy.es\/es\/wp-json\/wp\/v2\/categories?post=142117"},{"taxonomy":"post_tag","embeddable":true,"href":"https:\/\/www.copealcoy.es\/es\/wp-json\/wp\/v2\/tags?post=142117"}],"curies":[{"name":"wp","href":"https:\/\/api.w.org\/{rel}","templated":true}]}}