{"id":142052,"date":"2024-10-25T15:08:46","date_gmt":"2024-10-25T14:08:46","guid":{"rendered":"https:\/\/www.copealcoy.es\/?p=142052"},"modified":"2024-10-25T15:08:46","modified_gmt":"2024-10-25T14:08:46","slug":"homenaje-al-comercio-uno-de-los-motores-economicos-de-alcoy","status":"publish","type":"post","link":"https:\/\/www.copealcoy.es\/es\/homenaje-al-comercio-uno-de-los-motores-economicos-de-alcoy\/","title":{"rendered":"Homenaje al comercio, uno de los motores econ\u00f3micos de Alcoy"},"content":{"rendered":"<p style=\"text-align: justify;\">Ayer jueves, <a href=\"https:\/\/www.camaraalcoy.net\/\" target=\"_blank\" rel=\"noopener\"><span style=\"color: #0000ff;\"><strong>la C\u00e1mara de Comercio, Industria y Servicios de Alcoy<\/strong><\/span><\/a> celebr\u00f3 <strong>la Gala del Comer\u00e7<\/strong>, donde <strong>se entregaron los premios al Comercio de Alcoy<\/strong> a cuatro destacados establecimientos de la ciudad. En esta ocasi\u00f3n <strong>los galardonados<\/strong> fueron: Carlos Regalos, reconocido con el Premio a la Trayectoria Comercial; Farmacia Penad\u00e9s, que recibi\u00f3 el Premio a la Innovaci\u00f3n; Caperucita Rosa, galardonada con el Premio al Crecimiento Comercial; y Ana M\u00aa Mateos de Arte 23, quien obtuvo el Premio al Apoyo al Comercio de Alcoy.<\/p>\n<p style=\"text-align: justify;\">El evento <strong>estuvo presidido por la nueva presidenta de la C\u00e1mara de Alcoy<\/strong>, Luc\u00eda Pascual, y <strong>cont\u00f3 con la presencia<\/strong> del alcalde de Alcoy, <strong>Toni Franc\u00e9s<\/strong>, as\u00ed como otros representantes locales y provinciales. Durante la misma gala, <strong>se realiz\u00f3 un sorteo telef\u00f3nico para los premios de la iniciativa \u20183000 razones para comprar en Alcoy\u2019,<\/strong> que benefici\u00f3 a <strong>tres personas<\/strong> que participaron en la campa\u00f1a con cheques canjeables en comercios locales: dos de 500 euros y uno de 2000 euros.<\/p>\n<p style=\"text-align: justify;\"><strong>Carlos Pastor<\/strong>, en representaci\u00f3n del presidente de la Diputaci\u00f3n Provincia de Alicante, destac\u00f3 l<strong>a importancia del comercio local<\/strong> como elemento vital para las ciudades. Tambi\u00e9n reivindic\u00f3 la necesidad de seguir trabajando por el sector comercial ya que el mismo, seg\u00fan dijo, es un aut\u00e9ntico motor para la econom\u00eda \u201c<em>debemos buscar soluciones para apoyar a nuestros comerciantes<\/em>\u201d, afirm\u00f3 Pastor, subrayando iniciativas como \u20183000 razones para comprar en Alcoy\u2019 <strong>como esenciales<\/strong> para revitalizar el tejido comercial.<\/p>\n<p style=\"text-align: justify;\">El alcalde <strong>Toni Franc\u00e9s<\/strong> tambi\u00e9n felicit\u00f3 a los premiados y <strong>solicit\u00f3 el apoyo continuo de la Diputaci\u00f3n de Alicante<\/strong>\u00a0para iniciativas que fomenten el consumo local. Por su parte, <strong>Luc\u00eda Pascual<\/strong> enfatiz\u00f3 que el D\u00eda del Comercio es una ocasi\u00f3n crucial para reconocer el esfuerzo constante de los comerciantes. \u201c<em>Es un sector que necesita reinventarse y contar con todo nuestro respaldo para afrontar los muchos retos que en estos momentos tiene por delante<\/em>\u201d, concluy\u00f3.<\/p>\n","protected":false},"excerpt":{"rendered":"<p>Ayer jueves, la C\u00e1mara de Comercio, Industria y Servicios de Alcoy celebr\u00f3 la Gala del Comer\u00e7, donde se entregaron los&#8230;<\/p>\n","protected":false},"author":1,"featured_media":142053,"comment_status":"open","ping_status":"open","sticky":false,"template":"","format":"standard","meta":{"footnotes":""},"categories":[6909,97,75,79],"tags":[1494,321,901,13390],"class_list":["post-142052","post","type-post","status-publish","format-standard","has-post-thumbnail","hentry","category-actualidad","category-alcoy","category-noticias","category-politicayeconomia","tag-alcoy","tag-comercio-local","tag-homenaje","tag-nit-del-comerc"],"yoast_head":"<!-- This site is optimized with the Yoast SEO plugin v27.3 - https:\/\/yoast.com\/product\/yoast-seo-wordpress\/ -->\n<title>Homenaje al comercio, uno de los motores econ\u00f3micos de Alcoy - COPE Alcoy<\/title>\n<meta name=\"description\" content=\"Ayer jueves, la C\u00e1mara de Comercio, Industria y Servicios de Alcoy celebr\u00f3 la Gala del Comer\u00e7, donde se entregaron los premios al Comercio de Alcoy\" \/>\n<meta name=\"robots\" content=\"index, follow, max-snippet:-1, max-image-preview:large, max-video-preview:-1\" \/>\n<link rel=\"canonical\" href=\"https:\/\/www.copealcoy.es\/es\/homenaje-al-comercio-uno-de-los-motores-economicos-de-alcoy\/\" \/>\n<meta property=\"og:locale\" content=\"es_ES\" \/>\n<meta property=\"og:type\" content=\"article\" \/>\n<meta property=\"og:title\" content=\"Homenaje al comercio, uno de los motores econ\u00f3micos de Alcoy - COPE Alcoy\" \/>\n<meta property=\"og:description\" content=\"Ayer jueves, la C\u00e1mara de Comercio, Industria y Servicios de Alcoy celebr\u00f3 la Gala del Comer\u00e7, donde se entregaron los premios al Comercio de Alcoy\" \/>\n<meta property=\"og:url\" content=\"https:\/\/www.copealcoy.es\/es\/homenaje-al-comercio-uno-de-los-motores-economicos-de-alcoy\/\" \/>\n<meta property=\"og:site_name\" content=\"COPE Alcoy\" \/>\n<meta property=\"article:published_time\" content=\"2024-10-25T14:08:46+00:00\" \/>\n<meta property=\"og:image\" content=\"https:\/\/www.copealcoy.es\/wp-content\/uploads\/2024\/10\/WhatsApp-Image-2024-10-24-at-21.52.04-scaled.jpeg\" \/>\n\t<meta property=\"og:image:width\" content=\"1440\" \/>\n\t<meta property=\"og:image:height\" content=\"1080\" \/>\n\t<meta property=\"og:image:type\" content=\"image\/jpeg\" \/>\n<meta name=\"author\" content=\"Cope Alcoy\" \/>\n<meta name=\"twitter:label1\" content=\"Escrito por\" \/>\n\t<meta name=\"twitter:data1\" content=\"Cope Alcoy\" \/>\n\t<meta name=\"twitter:label2\" content=\"Tiempo de lectura\" \/>\n\t<meta name=\"twitter:data2\" content=\"2 minutos\" \/>\n<script type=\"application\/ld+json\" class=\"yoast-schema-graph\">{\"@context\":\"https:\\\/\\\/schema.org\",\"@graph\":[{\"@type\":\"Article\",\"@id\":\"https:\\\/\\\/www.copealcoy.es\\\/es\\\/homenaje-al-comercio-uno-de-los-motores-economicos-de-alcoy\\\/#article\",\"isPartOf\":{\"@id\":\"https:\\\/\\\/www.copealcoy.es\\\/es\\\/homenaje-al-comercio-uno-de-los-motores-economicos-de-alcoy\\\/\"},\"author\":{\"name\":\"Cope Alcoy\",\"@id\":\"https:\\\/\\\/www.copealcoy.es\\\/es\\\/#\\\/schema\\\/person\\\/e777c87fa024e57d40170af9df39882c\"},\"headline\":\"Homenaje al comercio, uno de los motores econ\u00f3micos de Alcoy\",\"datePublished\":\"2024-10-25T14:08:46+00:00\",\"mainEntityOfPage\":{\"@id\":\"https:\\\/\\\/www.copealcoy.es\\\/es\\\/homenaje-al-comercio-uno-de-los-motores-economicos-de-alcoy\\\/\"},\"wordCount\":337,\"commentCount\":0,\"image\":{\"@id\":\"https:\\\/\\\/www.copealcoy.es\\\/es\\\/homenaje-al-comercio-uno-de-los-motores-economicos-de-alcoy\\\/#primaryimage\"},\"thumbnailUrl\":\"https:\\\/\\\/www.copealcoy.es\\\/wp-content\\\/uploads\\\/2024\\\/10\\\/WhatsApp-Image-2024-10-24-at-21.52.04-scaled.jpeg\",\"keywords\":[\"Alcoy\",\"Comercio Local\",\"Homenaje\",\"Nit del Comer\u00e7\"],\"articleSection\":[\"Actualidad\",\"Alcoy\",\"Noticias\",\"Pol\u00edtica y Econom\u00eda\"],\"inLanguage\":\"es\"},{\"@type\":\"WebPage\",\"@id\":\"https:\\\/\\\/www.copealcoy.es\\\/es\\\/homenaje-al-comercio-uno-de-los-motores-economicos-de-alcoy\\\/\",\"url\":\"https:\\\/\\\/www.copealcoy.es\\\/es\\\/homenaje-al-comercio-uno-de-los-motores-economicos-de-alcoy\\\/\",\"name\":\"Homenaje al comercio, uno de los motores econ\u00f3micos de Alcoy - COPE Alcoy\",\"isPartOf\":{\"@id\":\"https:\\\/\\\/www.copealcoy.es\\\/es\\\/#website\"},\"primaryImageOfPage\":{\"@id\":\"https:\\\/\\\/www.copealcoy.es\\\/es\\\/homenaje-al-comercio-uno-de-los-motores-economicos-de-alcoy\\\/#primaryimage\"},\"image\":{\"@id\":\"https:\\\/\\\/www.copealcoy.es\\\/es\\\/homenaje-al-comercio-uno-de-los-motores-economicos-de-alcoy\\\/#primaryimage\"},\"thumbnailUrl\":\"https:\\\/\\\/www.copealcoy.es\\\/wp-content\\\/uploads\\\/2024\\\/10\\\/WhatsApp-Image-2024-10-24-at-21.52.04-scaled.jpeg\",\"datePublished\":\"2024-10-25T14:08:46+00:00\",\"author\":{\"@id\":\"https:\\\/\\\/www.copealcoy.es\\\/es\\\/#\\\/schema\\\/person\\\/e777c87fa024e57d40170af9df39882c\"},\"description\":\"Ayer jueves, la C\u00e1mara de Comercio, Industria y Servicios de Alcoy celebr\u00f3 la Gala del Comer\u00e7, donde se entregaron los premios al Comercio de Alcoy\",\"breadcrumb\":{\"@id\":\"https:\\\/\\\/www.copealcoy.es\\\/es\\\/homenaje-al-comercio-uno-de-los-motores-economicos-de-alcoy\\\/#breadcrumb\"},\"inLanguage\":\"es\",\"potentialAction\":[{\"@type\":\"ReadAction\",\"target\":[\"https:\\\/\\\/www.copealcoy.es\\\/es\\\/homenaje-al-comercio-uno-de-los-motores-economicos-de-alcoy\\\/\"]}]},{\"@type\":\"ImageObject\",\"inLanguage\":\"es\",\"@id\":\"https:\\\/\\\/www.copealcoy.es\\\/es\\\/homenaje-al-comercio-uno-de-los-motores-economicos-de-alcoy\\\/#primaryimage\",\"url\":\"https:\\\/\\\/www.copealcoy.es\\\/wp-content\\\/uploads\\\/2024\\\/10\\\/WhatsApp-Image-2024-10-24-at-21.52.04-scaled.jpeg\",\"contentUrl\":\"https:\\\/\\\/www.copealcoy.es\\\/wp-content\\\/uploads\\\/2024\\\/10\\\/WhatsApp-Image-2024-10-24-at-21.52.04-scaled.jpeg\",\"width\":1440,\"height\":1080},{\"@type\":\"BreadcrumbList\",\"@id\":\"https:\\\/\\\/www.copealcoy.es\\\/es\\\/homenaje-al-comercio-uno-de-los-motores-economicos-de-alcoy\\\/#breadcrumb\",\"itemListElement\":[{\"@type\":\"ListItem\",\"position\":1,\"name\":\"Portada\",\"item\":\"https:\\\/\\\/www.copealcoy.es\\\/es\\\/\"},{\"@type\":\"ListItem\",\"position\":2,\"name\":\"Homenaje al comercio, uno de los motores econ\u00f3micos de Alcoy\"}]},{\"@type\":\"WebSite\",\"@id\":\"https:\\\/\\\/www.copealcoy.es\\\/es\\\/#website\",\"url\":\"https:\\\/\\\/www.copealcoy.es\\\/es\\\/\",\"name\":\"COPE Alcoy\",\"description\":\"Emisora COPE de radio local con emisi\u00f3n online. Pont de Sant Jordi 8-10 03803 Alcoy\",\"potentialAction\":[{\"@type\":\"SearchAction\",\"target\":{\"@type\":\"EntryPoint\",\"urlTemplate\":\"https:\\\/\\\/www.copealcoy.es\\\/es\\\/?s={search_term_string}\"},\"query-input\":{\"@type\":\"PropertyValueSpecification\",\"valueRequired\":true,\"valueName\":\"search_term_string\"}}],\"inLanguage\":\"es\"},{\"@type\":\"Person\",\"@id\":\"https:\\\/\\\/www.copealcoy.es\\\/es\\\/#\\\/schema\\\/person\\\/e777c87fa024e57d40170af9df39882c\",\"name\":\"Cope Alcoy\",\"image\":{\"@type\":\"ImageObject\",\"inLanguage\":\"es\",\"@id\":\"https:\\\/\\\/secure.gravatar.com\\\/avatar\\\/bb65d0283347e303893ba14f0692005417c1e0e690a325a4c5d8bb2b3943ee14?s=96&d=mm&r=g\",\"url\":\"https:\\\/\\\/secure.gravatar.com\\\/avatar\\\/bb65d0283347e303893ba14f0692005417c1e0e690a325a4c5d8bb2b3943ee14?s=96&d=mm&r=g\",\"contentUrl\":\"https:\\\/\\\/secure.gravatar.com\\\/avatar\\\/bb65d0283347e303893ba14f0692005417c1e0e690a325a4c5d8bb2b3943ee14?s=96&d=mm&r=g\",\"caption\":\"Cope Alcoy\"}}]}<\/script>\n<!-- \/ Yoast SEO plugin. -->","yoast_head_json":{"title":"Homenaje al comercio, uno de los motores econ\u00f3micos de Alcoy - COPE Alcoy","description":"Ayer jueves, la C\u00e1mara de Comercio, Industria y Servicios de Alcoy celebr\u00f3 la Gala del Comer\u00e7, donde se entregaron los premios al Comercio de Alcoy","robots":{"index":"index","follow":"follow","max-snippet":"max-snippet:-1","max-image-preview":"max-image-preview:large","max-video-preview":"max-video-preview:-1"},"canonical":"https:\/\/www.copealcoy.es\/es\/homenaje-al-comercio-uno-de-los-motores-economicos-de-alcoy\/","og_locale":"es_ES","og_type":"article","og_title":"Homenaje al comercio, uno de los motores econ\u00f3micos de Alcoy - COPE Alcoy","og_description":"Ayer jueves, la C\u00e1mara de Comercio, Industria y Servicios de Alcoy celebr\u00f3 la Gala del Comer\u00e7, donde se entregaron los premios al Comercio de Alcoy","og_url":"https:\/\/www.copealcoy.es\/es\/homenaje-al-comercio-uno-de-los-motores-economicos-de-alcoy\/","og_site_name":"COPE Alcoy","article_published_time":"2024-10-25T14:08:46+00:00","og_image":[{"width":1440,"height":1080,"url":"https:\/\/www.copealcoy.es\/wp-content\/uploads\/2024\/10\/WhatsApp-Image-2024-10-24-at-21.52.04-scaled.jpeg","type":"image\/jpeg"}],"author":"Cope Alcoy","twitter_misc":{"Escrito por":"Cope Alcoy","Tiempo de lectura":"2 minutos"},"schema":{"@context":"https:\/\/schema.org","@graph":[{"@type":"Article","@id":"https:\/\/www.copealcoy.es\/es\/homenaje-al-comercio-uno-de-los-motores-economicos-de-alcoy\/#article","isPartOf":{"@id":"https:\/\/www.copealcoy.es\/es\/homenaje-al-comercio-uno-de-los-motores-economicos-de-alcoy\/"},"author":{"name":"Cope Alcoy","@id":"https:\/\/www.copealcoy.es\/es\/#\/schema\/person\/e777c87fa024e57d40170af9df39882c"},"headline":"Homenaje al comercio, uno de los motores econ\u00f3micos de Alcoy","datePublished":"2024-10-25T14:08:46+00:00","mainEntityOfPage":{"@id":"https:\/\/www.copealcoy.es\/es\/homenaje-al-comercio-uno-de-los-motores-economicos-de-alcoy\/"},"wordCount":337,"commentCount":0,"image":{"@id":"https:\/\/www.copealcoy.es\/es\/homenaje-al-comercio-uno-de-los-motores-economicos-de-alcoy\/#primaryimage"},"thumbnailUrl":"https:\/\/www.copealcoy.es\/wp-content\/uploads\/2024\/10\/WhatsApp-Image-2024-10-24-at-21.52.04-scaled.jpeg","keywords":["Alcoy","Comercio Local","Homenaje","Nit del Comer\u00e7"],"articleSection":["Actualidad","Alcoy","Noticias","Pol\u00edtica y Econom\u00eda"],"inLanguage":"es"},{"@type":"WebPage","@id":"https:\/\/www.copealcoy.es\/es\/homenaje-al-comercio-uno-de-los-motores-economicos-de-alcoy\/","url":"https:\/\/www.copealcoy.es\/es\/homenaje-al-comercio-uno-de-los-motores-economicos-de-alcoy\/","name":"Homenaje al comercio, uno de los motores econ\u00f3micos de Alcoy - COPE Alcoy","isPartOf":{"@id":"https:\/\/www.copealcoy.es\/es\/#website"},"primaryImageOfPage":{"@id":"https:\/\/www.copealcoy.es\/es\/homenaje-al-comercio-uno-de-los-motores-economicos-de-alcoy\/#primaryimage"},"image":{"@id":"https:\/\/www.copealcoy.es\/es\/homenaje-al-comercio-uno-de-los-motores-economicos-de-alcoy\/#primaryimage"},"thumbnailUrl":"https:\/\/www.copealcoy.es\/wp-content\/uploads\/2024\/10\/WhatsApp-Image-2024-10-24-at-21.52.04-scaled.jpeg","datePublished":"2024-10-25T14:08:46+00:00","author":{"@id":"https:\/\/www.copealcoy.es\/es\/#\/schema\/person\/e777c87fa024e57d40170af9df39882c"},"description":"Ayer jueves, la C\u00e1mara de Comercio, Industria y Servicios de Alcoy celebr\u00f3 la Gala del Comer\u00e7, donde se entregaron los premios al Comercio de Alcoy","breadcrumb":{"@id":"https:\/\/www.copealcoy.es\/es\/homenaje-al-comercio-uno-de-los-motores-economicos-de-alcoy\/#breadcrumb"},"inLanguage":"es","potentialAction":[{"@type":"ReadAction","target":["https:\/\/www.copealcoy.es\/es\/homenaje-al-comercio-uno-de-los-motores-economicos-de-alcoy\/"]}]},{"@type":"ImageObject","inLanguage":"es","@id":"https:\/\/www.copealcoy.es\/es\/homenaje-al-comercio-uno-de-los-motores-economicos-de-alcoy\/#primaryimage","url":"https:\/\/www.copealcoy.es\/wp-content\/uploads\/2024\/10\/WhatsApp-Image-2024-10-24-at-21.52.04-scaled.jpeg","contentUrl":"https:\/\/www.copealcoy.es\/wp-content\/uploads\/2024\/10\/WhatsApp-Image-2024-10-24-at-21.52.04-scaled.jpeg","width":1440,"height":1080},{"@type":"BreadcrumbList","@id":"https:\/\/www.copealcoy.es\/es\/homenaje-al-comercio-uno-de-los-motores-economicos-de-alcoy\/#breadcrumb","itemListElement":[{"@type":"ListItem","position":1,"name":"Portada","item":"https:\/\/www.copealcoy.es\/es\/"},{"@type":"ListItem","position":2,"name":"Homenaje al comercio, uno de los motores econ\u00f3micos de Alcoy"}]},{"@type":"WebSite","@id":"https:\/\/www.copealcoy.es\/es\/#website","url":"https:\/\/www.copealcoy.es\/es\/","name":"COPE Alcoy","description":"Emisora COPE de radio local con emisi\u00f3n online. Pont de Sant Jordi 8-10 03803 Alcoy","potentialAction":[{"@type":"SearchAction","target":{"@type":"EntryPoint","urlTemplate":"https:\/\/www.copealcoy.es\/es\/?s={search_term_string}"},"query-input":{"@type":"PropertyValueSpecification","valueRequired":true,"valueName":"search_term_string"}}],"inLanguage":"es"},{"@type":"Person","@id":"https:\/\/www.copealcoy.es\/es\/#\/schema\/person\/e777c87fa024e57d40170af9df39882c","name":"Cope Alcoy","image":{"@type":"ImageObject","inLanguage":"es","@id":"https:\/\/secure.gravatar.com\/avatar\/bb65d0283347e303893ba14f0692005417c1e0e690a325a4c5d8bb2b3943ee14?s=96&d=mm&r=g","url":"https:\/\/secure.gravatar.com\/avatar\/bb65d0283347e303893ba14f0692005417c1e0e690a325a4c5d8bb2b3943ee14?s=96&d=mm&r=g","contentUrl":"https:\/\/secure.gravatar.com\/avatar\/bb65d0283347e303893ba14f0692005417c1e0e690a325a4c5d8bb2b3943ee14?s=96&d=mm&r=g","caption":"Cope Alcoy"}}]}},"_links":{"self":[{"href":"https:\/\/www.copealcoy.es\/es\/wp-json\/wp\/v2\/posts\/142052","targetHints":{"allow":["GET"]}}],"collection":[{"href":"https:\/\/www.copealcoy.es\/es\/wp-json\/wp\/v2\/posts"}],"about":[{"href":"https:\/\/www.copealcoy.es\/es\/wp-json\/wp\/v2\/types\/post"}],"author":[{"embeddable":true,"href":"https:\/\/www.copealcoy.es\/es\/wp-json\/wp\/v2\/users\/1"}],"replies":[{"embeddable":true,"href":"https:\/\/www.copealcoy.es\/es\/wp-json\/wp\/v2\/comments?post=142052"}],"version-history":[{"count":0,"href":"https:\/\/www.copealcoy.es\/es\/wp-json\/wp\/v2\/posts\/142052\/revisions"}],"wp:featuredmedia":[{"embeddable":true,"href":"https:\/\/www.copealcoy.es\/es\/wp-json\/wp\/v2\/media\/142053"}],"wp:attachment":[{"href":"https:\/\/www.copealcoy.es\/es\/wp-json\/wp\/v2\/media?parent=142052"}],"wp:term":[{"taxonomy":"category","embeddable":true,"href":"https:\/\/www.copealcoy.es\/es\/wp-json\/wp\/v2\/categories?post=142052"},{"taxonomy":"post_tag","embeddable":true,"href":"https:\/\/www.copealcoy.es\/es\/wp-json\/wp\/v2\/tags?post=142052"}],"curies":[{"name":"wp","href":"https:\/\/api.w.org\/{rel}","templated":true}]}}