{"id":142018,"date":"2024-10-24T18:09:32","date_gmt":"2024-10-24T17:09:32","guid":{"rendered":"https:\/\/www.copealcoy.es\/?p=142018"},"modified":"2024-10-24T18:09:32","modified_gmt":"2024-10-24T17:09:32","slug":"recta-final-para-la-mostra-de-teatre-de-alcoy-en-su-edicion-2024","status":"publish","type":"post","link":"https:\/\/www.copealcoy.es\/es\/recta-final-para-la-mostra-de-teatre-de-alcoy-en-su-edicion-2024\/","title":{"rendered":"Recta final para la Mostra de Teatre de Alcoy en su edici\u00f3n 2024"},"content":{"rendered":"<p style=\"text-align: justify;\">La <strong><span style=\"color: #0000ff;\">Mostra de Teatre de Alcoy\u00a0<\/span><\/strong>entra este jueves en su ecuador y de nuevo <strong>nos ofrece un amplio abanico de propuestas culturales<\/strong> tanto para el p\u00fablico en general como tambi\u00e9n para los profesionales que asisten al certamen. La <strong>adversa climatolog\u00eda<\/strong> ha vuelto a condicionar las actividades de calle y la lluvia que ha ca\u00eddo en los \u00faltimos d\u00edas ha dejado impracticable el escenario de la Pla\u00e7a de Dins, lo cual ha llevado a trasladar a la Capilla del Antiguo Asilo iniciativas como <em>Paipai rouge<\/em>, de Elena Vives, y <em>Voa!,\u00a0<\/em>de Diego Garc\u00eda,\u00a0 que ofrecer\u00e1 La Gata Japonesa.<\/p>\n<p style=\"text-align: justify;\">Al d\u00eda de hoy se llega tras <strong>la intensa jornada del mi\u00e9rcoles<\/strong> que arranc\u00f3 en el Teatro Salesianos con una interesante iniciativa dirigida a los centros educativas, una funci\u00f3n ofrecida por Bramant Teatre \/ Escalante Centre d&#8217;Arts Esc\u00e8niques titulada\u00a0<em>Princeses, cavallers i dracs. El dia que deix\u00e0rem de ser xiquets\u00a0<\/em>de Jer\u00f3nimo Cornelles y Guadalupe S\u00e1ez. Seguidamente, el Centre Cultural acogi\u00f3 a Nacho Diago con\u00a0<em>aLUZina\u00a0<\/em>y la meteorolog\u00eda oblig\u00f3 por la tarde a trasladar al interior del IVAM-CADA la iniciativa\u00a0<em>Zenez,\u00a0<\/em>de Isabel Abril e Irene Ballester. Tambi\u00e9n en el mismo recinto se efectu\u00f3 la puesta en escena de\u00a0<em>Rara avis<\/em>, de Jacob G\u00f3mez, a cargo de Producciones Bucles.<\/p>\n<p style=\"text-align: justify;\">Y tal y como est\u00e1 sucediendo durante toda la semana, <strong>el tercer d\u00eda de Mostra de Teatre<\/strong> termin\u00f3 con dos platos fuertes. El primero de ellos en el Teatre Principal pasadas las 20:00h y que fue a cargo de una reconocida firma como La Canadiense, la cual present\u00f3 un proyecto con un gui\u00f3 concebido por ellos mismos titulado <em>2030.\u00a0<\/em>La jornada finaliz\u00f3 con la representaci\u00f3n de\u00a0<em>Los lunes al sol,\u00a0<\/em>de Ignacio del Moral y Javier Hern\u00e1ndez-Sim\u00f3n, que represent\u00f3 sobre el escenario del Teatre Calder\u00f3n GG Producci\u00f3n Esc\u00e9nica \/ Teatro del N\u00f3mada procedente de Madrid.<\/p>\n","protected":false},"excerpt":{"rendered":"<p>La Mostra de Teatre de Alcoy\u00a0entra este jueves en su ecuador y de nuevo nos ofrece un amplio abanico de&#8230;<\/p>\n","protected":false},"author":1,"featured_media":142019,"comment_status":"open","ping_status":"open","sticky":false,"template":"","format":"standard","meta":{"footnotes":""},"categories":[6909,97,78,75],"tags":[1494,1076,18779,5445],"class_list":["post-142018","post","type-post","status-publish","format-standard","has-post-thumbnail","hentry","category-actualidad","category-alcoy","category-fiestaycultura","category-noticias","tag-alcoy","tag-mostra-de-teatre","tag-propuestas-escenicas","tag-recta-final"],"yoast_head":"<!-- This site is optimized with the Yoast SEO plugin v27.3 - https:\/\/yoast.com\/product\/yoast-seo-wordpress\/ -->\n<title>Recta final para la Mostra de Teatre de Alcoy en su edici\u00f3n 2024 - COPE Alcoy<\/title>\n<meta name=\"description\" content=\"La Mostra de Teatre de Alcoy\u00a0entra este jueves en su ecuador y de nuevo nos ofrece un amplio abanico de propuestas culturales\" \/>\n<meta name=\"robots\" content=\"index, follow, max-snippet:-1, max-image-preview:large, max-video-preview:-1\" \/>\n<link rel=\"canonical\" href=\"https:\/\/www.copealcoy.es\/es\/recta-final-para-la-mostra-de-teatre-de-alcoy-en-su-edicion-2024\/\" \/>\n<meta property=\"og:locale\" content=\"es_ES\" \/>\n<meta property=\"og:type\" content=\"article\" \/>\n<meta property=\"og:title\" content=\"Recta final para la Mostra de Teatre de Alcoy en su edici\u00f3n 2024 - COPE Alcoy\" \/>\n<meta property=\"og:description\" content=\"La Mostra de Teatre de Alcoy\u00a0entra este jueves en su ecuador y de nuevo nos ofrece un amplio abanico de propuestas culturales\" \/>\n<meta property=\"og:url\" content=\"https:\/\/www.copealcoy.es\/es\/recta-final-para-la-mostra-de-teatre-de-alcoy-en-su-edicion-2024\/\" \/>\n<meta property=\"og:site_name\" content=\"COPE Alcoy\" \/>\n<meta property=\"article:published_time\" content=\"2024-10-24T17:09:32+00:00\" \/>\n<meta property=\"og:image\" content=\"https:\/\/www.copealcoy.es\/wp-content\/uploads\/2024\/10\/464555152_18045950894062104_7230216367296801648_n.jpg\" \/>\n\t<meta property=\"og:image:width\" content=\"1285\" \/>\n\t<meta property=\"og:image:height\" content=\"860\" \/>\n\t<meta property=\"og:image:type\" content=\"image\/jpeg\" \/>\n<meta name=\"author\" content=\"Cope Alcoy\" \/>\n<meta name=\"twitter:label1\" content=\"Escrito por\" \/>\n\t<meta name=\"twitter:data1\" content=\"Cope Alcoy\" \/>\n\t<meta name=\"twitter:label2\" content=\"Tiempo de lectura\" \/>\n\t<meta name=\"twitter:data2\" content=\"2 minutos\" \/>\n<script type=\"application\/ld+json\" class=\"yoast-schema-graph\">{\"@context\":\"https:\\\/\\\/schema.org\",\"@graph\":[{\"@type\":\"Article\",\"@id\":\"https:\\\/\\\/www.copealcoy.es\\\/es\\\/recta-final-para-la-mostra-de-teatre-de-alcoy-en-su-edicion-2024\\\/#article\",\"isPartOf\":{\"@id\":\"https:\\\/\\\/www.copealcoy.es\\\/es\\\/recta-final-para-la-mostra-de-teatre-de-alcoy-en-su-edicion-2024\\\/\"},\"author\":{\"name\":\"Cope Alcoy\",\"@id\":\"https:\\\/\\\/www.copealcoy.es\\\/es\\\/#\\\/schema\\\/person\\\/e777c87fa024e57d40170af9df39882c\"},\"headline\":\"Recta final para la Mostra de Teatre de Alcoy en su edici\u00f3n 2024\",\"datePublished\":\"2024-10-24T17:09:32+00:00\",\"mainEntityOfPage\":{\"@id\":\"https:\\\/\\\/www.copealcoy.es\\\/es\\\/recta-final-para-la-mostra-de-teatre-de-alcoy-en-su-edicion-2024\\\/\"},\"wordCount\":339,\"commentCount\":0,\"image\":{\"@id\":\"https:\\\/\\\/www.copealcoy.es\\\/es\\\/recta-final-para-la-mostra-de-teatre-de-alcoy-en-su-edicion-2024\\\/#primaryimage\"},\"thumbnailUrl\":\"https:\\\/\\\/www.copealcoy.es\\\/wp-content\\\/uploads\\\/2024\\\/10\\\/464555152_18045950894062104_7230216367296801648_n.jpg\",\"keywords\":[\"Alcoy\",\"Mostra de Teatre\",\"propuestas esc\u00e9nicas\",\"recta final\"],\"articleSection\":[\"Actualidad\",\"Alcoy\",\"Fiesta y Cultura\",\"Noticias\"],\"inLanguage\":\"es\"},{\"@type\":\"WebPage\",\"@id\":\"https:\\\/\\\/www.copealcoy.es\\\/es\\\/recta-final-para-la-mostra-de-teatre-de-alcoy-en-su-edicion-2024\\\/\",\"url\":\"https:\\\/\\\/www.copealcoy.es\\\/es\\\/recta-final-para-la-mostra-de-teatre-de-alcoy-en-su-edicion-2024\\\/\",\"name\":\"Recta final para la Mostra de Teatre de Alcoy en su edici\u00f3n 2024 - COPE Alcoy\",\"isPartOf\":{\"@id\":\"https:\\\/\\\/www.copealcoy.es\\\/es\\\/#website\"},\"primaryImageOfPage\":{\"@id\":\"https:\\\/\\\/www.copealcoy.es\\\/es\\\/recta-final-para-la-mostra-de-teatre-de-alcoy-en-su-edicion-2024\\\/#primaryimage\"},\"image\":{\"@id\":\"https:\\\/\\\/www.copealcoy.es\\\/es\\\/recta-final-para-la-mostra-de-teatre-de-alcoy-en-su-edicion-2024\\\/#primaryimage\"},\"thumbnailUrl\":\"https:\\\/\\\/www.copealcoy.es\\\/wp-content\\\/uploads\\\/2024\\\/10\\\/464555152_18045950894062104_7230216367296801648_n.jpg\",\"datePublished\":\"2024-10-24T17:09:32+00:00\",\"author\":{\"@id\":\"https:\\\/\\\/www.copealcoy.es\\\/es\\\/#\\\/schema\\\/person\\\/e777c87fa024e57d40170af9df39882c\"},\"description\":\"La Mostra de Teatre de Alcoy\u00a0entra este jueves en su ecuador y de nuevo nos ofrece un amplio abanico de propuestas culturales\",\"breadcrumb\":{\"@id\":\"https:\\\/\\\/www.copealcoy.es\\\/es\\\/recta-final-para-la-mostra-de-teatre-de-alcoy-en-su-edicion-2024\\\/#breadcrumb\"},\"inLanguage\":\"es\",\"potentialAction\":[{\"@type\":\"ReadAction\",\"target\":[\"https:\\\/\\\/www.copealcoy.es\\\/es\\\/recta-final-para-la-mostra-de-teatre-de-alcoy-en-su-edicion-2024\\\/\"]}]},{\"@type\":\"ImageObject\",\"inLanguage\":\"es\",\"@id\":\"https:\\\/\\\/www.copealcoy.es\\\/es\\\/recta-final-para-la-mostra-de-teatre-de-alcoy-en-su-edicion-2024\\\/#primaryimage\",\"url\":\"https:\\\/\\\/www.copealcoy.es\\\/wp-content\\\/uploads\\\/2024\\\/10\\\/464555152_18045950894062104_7230216367296801648_n.jpg\",\"contentUrl\":\"https:\\\/\\\/www.copealcoy.es\\\/wp-content\\\/uploads\\\/2024\\\/10\\\/464555152_18045950894062104_7230216367296801648_n.jpg\",\"width\":1285,\"height\":860},{\"@type\":\"BreadcrumbList\",\"@id\":\"https:\\\/\\\/www.copealcoy.es\\\/es\\\/recta-final-para-la-mostra-de-teatre-de-alcoy-en-su-edicion-2024\\\/#breadcrumb\",\"itemListElement\":[{\"@type\":\"ListItem\",\"position\":1,\"name\":\"Portada\",\"item\":\"https:\\\/\\\/www.copealcoy.es\\\/es\\\/\"},{\"@type\":\"ListItem\",\"position\":2,\"name\":\"Recta final para la Mostra de Teatre de Alcoy en su edici\u00f3n 2024\"}]},{\"@type\":\"WebSite\",\"@id\":\"https:\\\/\\\/www.copealcoy.es\\\/es\\\/#website\",\"url\":\"https:\\\/\\\/www.copealcoy.es\\\/es\\\/\",\"name\":\"COPE Alcoy\",\"description\":\"Emisora COPE de radio local con emisi\u00f3n online. Pont de Sant Jordi 8-10 03803 Alcoy\",\"potentialAction\":[{\"@type\":\"SearchAction\",\"target\":{\"@type\":\"EntryPoint\",\"urlTemplate\":\"https:\\\/\\\/www.copealcoy.es\\\/es\\\/?s={search_term_string}\"},\"query-input\":{\"@type\":\"PropertyValueSpecification\",\"valueRequired\":true,\"valueName\":\"search_term_string\"}}],\"inLanguage\":\"es\"},{\"@type\":\"Person\",\"@id\":\"https:\\\/\\\/www.copealcoy.es\\\/es\\\/#\\\/schema\\\/person\\\/e777c87fa024e57d40170af9df39882c\",\"name\":\"Cope Alcoy\",\"image\":{\"@type\":\"ImageObject\",\"inLanguage\":\"es\",\"@id\":\"https:\\\/\\\/secure.gravatar.com\\\/avatar\\\/bb65d0283347e303893ba14f0692005417c1e0e690a325a4c5d8bb2b3943ee14?s=96&d=mm&r=g\",\"url\":\"https:\\\/\\\/secure.gravatar.com\\\/avatar\\\/bb65d0283347e303893ba14f0692005417c1e0e690a325a4c5d8bb2b3943ee14?s=96&d=mm&r=g\",\"contentUrl\":\"https:\\\/\\\/secure.gravatar.com\\\/avatar\\\/bb65d0283347e303893ba14f0692005417c1e0e690a325a4c5d8bb2b3943ee14?s=96&d=mm&r=g\",\"caption\":\"Cope Alcoy\"}}]}<\/script>\n<!-- \/ Yoast SEO plugin. -->","yoast_head_json":{"title":"Recta final para la Mostra de Teatre de Alcoy en su edici\u00f3n 2024 - COPE Alcoy","description":"La Mostra de Teatre de Alcoy\u00a0entra este jueves en su ecuador y de nuevo nos ofrece un amplio abanico de propuestas culturales","robots":{"index":"index","follow":"follow","max-snippet":"max-snippet:-1","max-image-preview":"max-image-preview:large","max-video-preview":"max-video-preview:-1"},"canonical":"https:\/\/www.copealcoy.es\/es\/recta-final-para-la-mostra-de-teatre-de-alcoy-en-su-edicion-2024\/","og_locale":"es_ES","og_type":"article","og_title":"Recta final para la Mostra de Teatre de Alcoy en su edici\u00f3n 2024 - COPE Alcoy","og_description":"La Mostra de Teatre de Alcoy\u00a0entra este jueves en su ecuador y de nuevo nos ofrece un amplio abanico de propuestas culturales","og_url":"https:\/\/www.copealcoy.es\/es\/recta-final-para-la-mostra-de-teatre-de-alcoy-en-su-edicion-2024\/","og_site_name":"COPE Alcoy","article_published_time":"2024-10-24T17:09:32+00:00","og_image":[{"width":1285,"height":860,"url":"https:\/\/www.copealcoy.es\/wp-content\/uploads\/2024\/10\/464555152_18045950894062104_7230216367296801648_n.jpg","type":"image\/jpeg"}],"author":"Cope Alcoy","twitter_misc":{"Escrito por":"Cope Alcoy","Tiempo de lectura":"2 minutos"},"schema":{"@context":"https:\/\/schema.org","@graph":[{"@type":"Article","@id":"https:\/\/www.copealcoy.es\/es\/recta-final-para-la-mostra-de-teatre-de-alcoy-en-su-edicion-2024\/#article","isPartOf":{"@id":"https:\/\/www.copealcoy.es\/es\/recta-final-para-la-mostra-de-teatre-de-alcoy-en-su-edicion-2024\/"},"author":{"name":"Cope Alcoy","@id":"https:\/\/www.copealcoy.es\/es\/#\/schema\/person\/e777c87fa024e57d40170af9df39882c"},"headline":"Recta final para la Mostra de Teatre de Alcoy en su edici\u00f3n 2024","datePublished":"2024-10-24T17:09:32+00:00","mainEntityOfPage":{"@id":"https:\/\/www.copealcoy.es\/es\/recta-final-para-la-mostra-de-teatre-de-alcoy-en-su-edicion-2024\/"},"wordCount":339,"commentCount":0,"image":{"@id":"https:\/\/www.copealcoy.es\/es\/recta-final-para-la-mostra-de-teatre-de-alcoy-en-su-edicion-2024\/#primaryimage"},"thumbnailUrl":"https:\/\/www.copealcoy.es\/wp-content\/uploads\/2024\/10\/464555152_18045950894062104_7230216367296801648_n.jpg","keywords":["Alcoy","Mostra de Teatre","propuestas esc\u00e9nicas","recta final"],"articleSection":["Actualidad","Alcoy","Fiesta y Cultura","Noticias"],"inLanguage":"es"},{"@type":"WebPage","@id":"https:\/\/www.copealcoy.es\/es\/recta-final-para-la-mostra-de-teatre-de-alcoy-en-su-edicion-2024\/","url":"https:\/\/www.copealcoy.es\/es\/recta-final-para-la-mostra-de-teatre-de-alcoy-en-su-edicion-2024\/","name":"Recta final para la Mostra de Teatre de Alcoy en su edici\u00f3n 2024 - COPE Alcoy","isPartOf":{"@id":"https:\/\/www.copealcoy.es\/es\/#website"},"primaryImageOfPage":{"@id":"https:\/\/www.copealcoy.es\/es\/recta-final-para-la-mostra-de-teatre-de-alcoy-en-su-edicion-2024\/#primaryimage"},"image":{"@id":"https:\/\/www.copealcoy.es\/es\/recta-final-para-la-mostra-de-teatre-de-alcoy-en-su-edicion-2024\/#primaryimage"},"thumbnailUrl":"https:\/\/www.copealcoy.es\/wp-content\/uploads\/2024\/10\/464555152_18045950894062104_7230216367296801648_n.jpg","datePublished":"2024-10-24T17:09:32+00:00","author":{"@id":"https:\/\/www.copealcoy.es\/es\/#\/schema\/person\/e777c87fa024e57d40170af9df39882c"},"description":"La Mostra de Teatre de Alcoy\u00a0entra este jueves en su ecuador y de nuevo nos ofrece un amplio abanico de propuestas culturales","breadcrumb":{"@id":"https:\/\/www.copealcoy.es\/es\/recta-final-para-la-mostra-de-teatre-de-alcoy-en-su-edicion-2024\/#breadcrumb"},"inLanguage":"es","potentialAction":[{"@type":"ReadAction","target":["https:\/\/www.copealcoy.es\/es\/recta-final-para-la-mostra-de-teatre-de-alcoy-en-su-edicion-2024\/"]}]},{"@type":"ImageObject","inLanguage":"es","@id":"https:\/\/www.copealcoy.es\/es\/recta-final-para-la-mostra-de-teatre-de-alcoy-en-su-edicion-2024\/#primaryimage","url":"https:\/\/www.copealcoy.es\/wp-content\/uploads\/2024\/10\/464555152_18045950894062104_7230216367296801648_n.jpg","contentUrl":"https:\/\/www.copealcoy.es\/wp-content\/uploads\/2024\/10\/464555152_18045950894062104_7230216367296801648_n.jpg","width":1285,"height":860},{"@type":"BreadcrumbList","@id":"https:\/\/www.copealcoy.es\/es\/recta-final-para-la-mostra-de-teatre-de-alcoy-en-su-edicion-2024\/#breadcrumb","itemListElement":[{"@type":"ListItem","position":1,"name":"Portada","item":"https:\/\/www.copealcoy.es\/es\/"},{"@type":"ListItem","position":2,"name":"Recta final para la Mostra de Teatre de Alcoy en su edici\u00f3n 2024"}]},{"@type":"WebSite","@id":"https:\/\/www.copealcoy.es\/es\/#website","url":"https:\/\/www.copealcoy.es\/es\/","name":"COPE Alcoy","description":"Emisora COPE de radio local con emisi\u00f3n online. Pont de Sant Jordi 8-10 03803 Alcoy","potentialAction":[{"@type":"SearchAction","target":{"@type":"EntryPoint","urlTemplate":"https:\/\/www.copealcoy.es\/es\/?s={search_term_string}"},"query-input":{"@type":"PropertyValueSpecification","valueRequired":true,"valueName":"search_term_string"}}],"inLanguage":"es"},{"@type":"Person","@id":"https:\/\/www.copealcoy.es\/es\/#\/schema\/person\/e777c87fa024e57d40170af9df39882c","name":"Cope Alcoy","image":{"@type":"ImageObject","inLanguage":"es","@id":"https:\/\/secure.gravatar.com\/avatar\/bb65d0283347e303893ba14f0692005417c1e0e690a325a4c5d8bb2b3943ee14?s=96&d=mm&r=g","url":"https:\/\/secure.gravatar.com\/avatar\/bb65d0283347e303893ba14f0692005417c1e0e690a325a4c5d8bb2b3943ee14?s=96&d=mm&r=g","contentUrl":"https:\/\/secure.gravatar.com\/avatar\/bb65d0283347e303893ba14f0692005417c1e0e690a325a4c5d8bb2b3943ee14?s=96&d=mm&r=g","caption":"Cope Alcoy"}}]}},"_links":{"self":[{"href":"https:\/\/www.copealcoy.es\/es\/wp-json\/wp\/v2\/posts\/142018","targetHints":{"allow":["GET"]}}],"collection":[{"href":"https:\/\/www.copealcoy.es\/es\/wp-json\/wp\/v2\/posts"}],"about":[{"href":"https:\/\/www.copealcoy.es\/es\/wp-json\/wp\/v2\/types\/post"}],"author":[{"embeddable":true,"href":"https:\/\/www.copealcoy.es\/es\/wp-json\/wp\/v2\/users\/1"}],"replies":[{"embeddable":true,"href":"https:\/\/www.copealcoy.es\/es\/wp-json\/wp\/v2\/comments?post=142018"}],"version-history":[{"count":0,"href":"https:\/\/www.copealcoy.es\/es\/wp-json\/wp\/v2\/posts\/142018\/revisions"}],"wp:featuredmedia":[{"embeddable":true,"href":"https:\/\/www.copealcoy.es\/es\/wp-json\/wp\/v2\/media\/142019"}],"wp:attachment":[{"href":"https:\/\/www.copealcoy.es\/es\/wp-json\/wp\/v2\/media?parent=142018"}],"wp:term":[{"taxonomy":"category","embeddable":true,"href":"https:\/\/www.copealcoy.es\/es\/wp-json\/wp\/v2\/categories?post=142018"},{"taxonomy":"post_tag","embeddable":true,"href":"https:\/\/www.copealcoy.es\/es\/wp-json\/wp\/v2\/tags?post=142018"}],"curies":[{"name":"wp","href":"https:\/\/api.w.org\/{rel}","templated":true}]}}