{"id":141982,"date":"2024-10-24T12:42:01","date_gmt":"2024-10-24T11:42:01","guid":{"rendered":"https:\/\/www.copealcoy.es\/?p=141982"},"modified":"2024-10-24T12:42:01","modified_gmt":"2024-10-24T11:42:01","slug":"el-campus-de-alcoy-da-un-paso-mas-para-ampliar-infraestructuras","status":"publish","type":"post","link":"https:\/\/www.copealcoy.es\/es\/el-campus-de-alcoy-da-un-paso-mas-para-ampliar-infraestructuras\/","title":{"rendered":"El Campus de Alcoy da un paso m\u00e1s para ampliar infraestructuras"},"content":{"rendered":"<p style=\"text-align: justify;\">El <a href=\"https:\/\/www.upv.es\/otros\/como-llegar-upv\/campus-alcoy\/index-es.html\" target=\"_blank\" rel=\"noopener\"><span style=\"color: #0000ff;\"><strong>Campus de Alcoy de la Universitat Polit\u00e8cnica Val\u00e8ncia (UPV)<\/strong><\/span><\/a> perfila <strong>una significativa expansi\u00f3n hacia la zona de La Beniata<\/strong>, donde se incorporar\u00e1n espacios verdes y nuevas instalaciones deportivas. Esta iniciativa e<strong>s fruto de la colaboraci\u00f3n entre la universidad y el Ayuntamiento de Alcoy<\/strong>, ya que los terrenos en cuesti\u00f3n son propiedad compartida. El alcalde, <strong>Toni Franc\u00e9s<\/strong>, ha destacado que esta acci\u00f3n permitir\u00e1 &#8220;<em>no solo el crecimiento del campus<\/em>&#8220;, sino tambi\u00e9n &#8220;<em>una mejora en la conectividad con la ciudad, fortaleciendo as\u00ed la relaci\u00f3n existente entre ambas instituciones<\/em>&#8220;, coment\u00f3 en la jornada de ayer.<\/p>\n<p style=\"text-align: justify;\">El <strong>primer edil anunci\u00f3<\/strong> tambi\u00e9n que las dos partes, <strong>Ayuntamiento y UPV, trabajan en definir un convenio de colaboraci\u00f3n<\/strong> en el que <strong>quedar\u00e1n fijadas cuestiones como los proyectos a desarrollar<\/strong> en unos terrenos que incluyen los jardines del Conservatorio o la ladera de La Beniata. En total <strong>son m\u00e1s de 8.000 metros cuadrados<\/strong> que estar\u00e1n a disposici\u00f3n de la Universidad &#8220;<em>con este acuerdo habr\u00e1 apoyo econ\u00f3mico significativo desde la administraci\u00f3n municipal al Campus, algo que hasta ahora no se hab\u00eda producido puesto que la colaboraci\u00f3n hab\u00eda abarcado siempre otros aspectos&#8221;<\/em>, sentenci\u00f3 Franc\u00e9s.<\/p>\n<p style=\"text-align: justify;\">Desde el Campus <strong>tambi\u00e9n pusieron el acento en la estrecha relaci\u00f3n existente entre la misma Universidad y el Ayuntamiento<\/strong>. Adem\u00e1s destacaron <strong>el r\u00e9cord de alumnos que se ha alcanzado en este curso<\/strong>, con 2.641 estudiantes matriculados, y <strong>se enfatiz\u00f3\u00a0 la necesidad de ampliar instalaciones<\/strong> para dotar a la UPV de nuevos espacios docentes en la ciudad. Pau Bernab\u00e9u. Director del Campus, tambi\u00e9n habl\u00f3 del importante paso que dar\u00e1 la universidad al poner en marcha en <strong>Alcoy la Ciudad Polit\u00e9cnica de la Innovaci\u00f3n cuyo embri\u00f3n ya funciona en el Edificio del Viaducto<\/strong> &#8220;<em>ya contamos con demanda de empresas e investigadores que quieren estar aqu\u00ed y estamos ante una magnifica oportunidad tanto para la ciudad como la comarca<\/em>&#8220;, apostill\u00f3 el director; <strong>Pau Bernab\u00e9u<\/strong>. Por otro lado el rector de la UPV, <strong>Jos\u00e9 Capilla<\/strong>, hizo referencia a los avances que se est\u00e1n dando para implementar aqu\u00ed en Alcoy el grado en textil y otras titulaciones &#8220;<em>una oferta formativa m\u00e1s flexible, adaptada a las necesidades de nuestras empresas y en la que la inteligencia artificial juegue un papel relevante&#8221;, <\/em>concluy\u00f3 <strong>Jos\u00e9 Capilla<\/strong>.<\/p>\n<p style=\"text-align: justify;\">De estas cuestiones <strong>se habl\u00f3 con ocasi\u00f3n de la conferencia inaugural del curso acad\u00e9mico 2024\/2025<\/strong> que tuvo lugar a mediod\u00eda en el campus alcoyano. La misma estuvo a cargo de\u00a0<strong>Fernando Buch\u00f3n Moragues y Francisco Garc\u00eda Garc\u00eda<\/strong>, quienes hablaron sobre el hallazgo del lugar en el que se coloc\u00f3 la primera piedra de edificio de la antigua Escuela Industrial de Alcoy ubicada en El Viaducto.<\/p>\n","protected":false},"excerpt":{"rendered":"<p>El Campus de Alcoy de la Universitat Polit\u00e8cnica Val\u00e8ncia (UPV) perfila una significativa expansi\u00f3n hacia la zona de La Beniata,&#8230;<\/p>\n","protected":false},"author":1,"featured_media":141986,"comment_status":"open","ping_status":"open","sticky":false,"template":"","format":"standard","meta":{"footnotes":""},"categories":[6909,97,5374,900,75],"tags":[1494,1338,1732,4938,12904],"class_list":["post-141982","post","type-post","status-publish","format-standard","has-post-thumbnail","hentry","category-actualidad","category-alcoy","category-campus-de-alcoy","category-educacion","category-noticias","tag-alcoy","tag-ampliacion","tag-campus-alcoy","tag-instalaciones","tag-oferta-formativa"],"yoast_head":"<!-- This site is optimized with the Yoast SEO plugin v27.3 - https:\/\/yoast.com\/product\/yoast-seo-wordpress\/ -->\n<title>El Campus de Alcoy da un paso m\u00e1s para ampliar infraestructuras - COPE Alcoy<\/title>\n<meta name=\"description\" content=\"El Campus de Alcoy de la Universitat Polit\u00e8cnica Val\u00e8ncia (UPV) perfila una significativa expansi\u00f3n hacia la zona de La Beniata, donde se incorporar\u00e1n espacios verdes y nuevas instalaciones deportivas\" \/>\n<meta name=\"robots\" content=\"index, follow, max-snippet:-1, max-image-preview:large, max-video-preview:-1\" \/>\n<link rel=\"canonical\" href=\"https:\/\/www.copealcoy.es\/es\/el-campus-de-alcoy-da-un-paso-mas-para-ampliar-infraestructuras\/\" \/>\n<meta property=\"og:locale\" content=\"es_ES\" \/>\n<meta property=\"og:type\" content=\"article\" \/>\n<meta property=\"og:title\" content=\"El Campus de Alcoy da un paso m\u00e1s para ampliar infraestructuras - COPE Alcoy\" \/>\n<meta property=\"og:description\" content=\"El Campus de Alcoy de la Universitat Polit\u00e8cnica Val\u00e8ncia (UPV) perfila una significativa expansi\u00f3n hacia la zona de La Beniata, donde se incorporar\u00e1n espacios verdes y nuevas instalaciones deportivas\" \/>\n<meta property=\"og:url\" content=\"https:\/\/www.copealcoy.es\/es\/el-campus-de-alcoy-da-un-paso-mas-para-ampliar-infraestructuras\/\" \/>\n<meta property=\"og:site_name\" content=\"COPE Alcoy\" \/>\n<meta property=\"article:published_time\" content=\"2024-10-24T11:42:01+00:00\" \/>\n<meta property=\"og:image\" content=\"https:\/\/www.copealcoy.es\/wp-content\/uploads\/2024\/10\/Captura-de-Pantalla-2024-10-24-a-las-13.35.55.png\" \/>\n\t<meta property=\"og:image:width\" content=\"760\" \/>\n\t<meta property=\"og:image:height\" content=\"447\" \/>\n\t<meta property=\"og:image:type\" content=\"image\/png\" \/>\n<meta name=\"author\" content=\"Cope Alcoy\" \/>\n<meta name=\"twitter:label1\" content=\"Escrito por\" \/>\n\t<meta name=\"twitter:data1\" content=\"Cope Alcoy\" \/>\n\t<meta name=\"twitter:label2\" content=\"Tiempo de lectura\" \/>\n\t<meta name=\"twitter:data2\" content=\"3 minutos\" \/>\n<script type=\"application\/ld+json\" class=\"yoast-schema-graph\">{\"@context\":\"https:\\\/\\\/schema.org\",\"@graph\":[{\"@type\":\"Article\",\"@id\":\"https:\\\/\\\/www.copealcoy.es\\\/es\\\/el-campus-de-alcoy-da-un-paso-mas-para-ampliar-infraestructuras\\\/#article\",\"isPartOf\":{\"@id\":\"https:\\\/\\\/www.copealcoy.es\\\/es\\\/el-campus-de-alcoy-da-un-paso-mas-para-ampliar-infraestructuras\\\/\"},\"author\":{\"name\":\"Cope Alcoy\",\"@id\":\"https:\\\/\\\/www.copealcoy.es\\\/es\\\/#\\\/schema\\\/person\\\/e777c87fa024e57d40170af9df39882c\"},\"headline\":\"El Campus de Alcoy da un paso m\u00e1s para ampliar infraestructuras\",\"datePublished\":\"2024-10-24T11:42:01+00:00\",\"mainEntityOfPage\":{\"@id\":\"https:\\\/\\\/www.copealcoy.es\\\/es\\\/el-campus-de-alcoy-da-un-paso-mas-para-ampliar-infraestructuras\\\/\"},\"wordCount\":477,\"commentCount\":0,\"image\":{\"@id\":\"https:\\\/\\\/www.copealcoy.es\\\/es\\\/el-campus-de-alcoy-da-un-paso-mas-para-ampliar-infraestructuras\\\/#primaryimage\"},\"thumbnailUrl\":\"https:\\\/\\\/www.copealcoy.es\\\/wp-content\\\/uploads\\\/2024\\\/10\\\/Captura-de-Pantalla-2024-10-24-a-las-13.35.55.png\",\"keywords\":[\"Alcoy\",\"ampliaci\u00f3n\",\"Campus Alcoy\",\"instalaciones\",\"oferta formativa\"],\"articleSection\":[\"Actualidad\",\"Alcoy\",\"Campus de Alcoy\",\"Educaci\u00f3n\",\"Noticias\"],\"inLanguage\":\"es\"},{\"@type\":\"WebPage\",\"@id\":\"https:\\\/\\\/www.copealcoy.es\\\/es\\\/el-campus-de-alcoy-da-un-paso-mas-para-ampliar-infraestructuras\\\/\",\"url\":\"https:\\\/\\\/www.copealcoy.es\\\/es\\\/el-campus-de-alcoy-da-un-paso-mas-para-ampliar-infraestructuras\\\/\",\"name\":\"El Campus de Alcoy da un paso m\u00e1s para ampliar infraestructuras - COPE Alcoy\",\"isPartOf\":{\"@id\":\"https:\\\/\\\/www.copealcoy.es\\\/es\\\/#website\"},\"primaryImageOfPage\":{\"@id\":\"https:\\\/\\\/www.copealcoy.es\\\/es\\\/el-campus-de-alcoy-da-un-paso-mas-para-ampliar-infraestructuras\\\/#primaryimage\"},\"image\":{\"@id\":\"https:\\\/\\\/www.copealcoy.es\\\/es\\\/el-campus-de-alcoy-da-un-paso-mas-para-ampliar-infraestructuras\\\/#primaryimage\"},\"thumbnailUrl\":\"https:\\\/\\\/www.copealcoy.es\\\/wp-content\\\/uploads\\\/2024\\\/10\\\/Captura-de-Pantalla-2024-10-24-a-las-13.35.55.png\",\"datePublished\":\"2024-10-24T11:42:01+00:00\",\"author\":{\"@id\":\"https:\\\/\\\/www.copealcoy.es\\\/es\\\/#\\\/schema\\\/person\\\/e777c87fa024e57d40170af9df39882c\"},\"description\":\"El Campus de Alcoy de la Universitat Polit\u00e8cnica Val\u00e8ncia (UPV) perfila una significativa expansi\u00f3n hacia la zona de La Beniata, donde se incorporar\u00e1n espacios verdes y nuevas instalaciones deportivas\",\"breadcrumb\":{\"@id\":\"https:\\\/\\\/www.copealcoy.es\\\/es\\\/el-campus-de-alcoy-da-un-paso-mas-para-ampliar-infraestructuras\\\/#breadcrumb\"},\"inLanguage\":\"es\",\"potentialAction\":[{\"@type\":\"ReadAction\",\"target\":[\"https:\\\/\\\/www.copealcoy.es\\\/es\\\/el-campus-de-alcoy-da-un-paso-mas-para-ampliar-infraestructuras\\\/\"]}]},{\"@type\":\"ImageObject\",\"inLanguage\":\"es\",\"@id\":\"https:\\\/\\\/www.copealcoy.es\\\/es\\\/el-campus-de-alcoy-da-un-paso-mas-para-ampliar-infraestructuras\\\/#primaryimage\",\"url\":\"https:\\\/\\\/www.copealcoy.es\\\/wp-content\\\/uploads\\\/2024\\\/10\\\/Captura-de-Pantalla-2024-10-24-a-las-13.35.55.png\",\"contentUrl\":\"https:\\\/\\\/www.copealcoy.es\\\/wp-content\\\/uploads\\\/2024\\\/10\\\/Captura-de-Pantalla-2024-10-24-a-las-13.35.55.png\",\"width\":760,\"height\":447},{\"@type\":\"BreadcrumbList\",\"@id\":\"https:\\\/\\\/www.copealcoy.es\\\/es\\\/el-campus-de-alcoy-da-un-paso-mas-para-ampliar-infraestructuras\\\/#breadcrumb\",\"itemListElement\":[{\"@type\":\"ListItem\",\"position\":1,\"name\":\"Portada\",\"item\":\"https:\\\/\\\/www.copealcoy.es\\\/es\\\/\"},{\"@type\":\"ListItem\",\"position\":2,\"name\":\"El Campus de Alcoy da un paso m\u00e1s para ampliar infraestructuras\"}]},{\"@type\":\"WebSite\",\"@id\":\"https:\\\/\\\/www.copealcoy.es\\\/es\\\/#website\",\"url\":\"https:\\\/\\\/www.copealcoy.es\\\/es\\\/\",\"name\":\"COPE Alcoy\",\"description\":\"Emisora COPE de radio local con emisi\u00f3n online. Pont de Sant Jordi 8-10 03803 Alcoy\",\"potentialAction\":[{\"@type\":\"SearchAction\",\"target\":{\"@type\":\"EntryPoint\",\"urlTemplate\":\"https:\\\/\\\/www.copealcoy.es\\\/es\\\/?s={search_term_string}\"},\"query-input\":{\"@type\":\"PropertyValueSpecification\",\"valueRequired\":true,\"valueName\":\"search_term_string\"}}],\"inLanguage\":\"es\"},{\"@type\":\"Person\",\"@id\":\"https:\\\/\\\/www.copealcoy.es\\\/es\\\/#\\\/schema\\\/person\\\/e777c87fa024e57d40170af9df39882c\",\"name\":\"Cope Alcoy\",\"image\":{\"@type\":\"ImageObject\",\"inLanguage\":\"es\",\"@id\":\"https:\\\/\\\/secure.gravatar.com\\\/avatar\\\/bb65d0283347e303893ba14f0692005417c1e0e690a325a4c5d8bb2b3943ee14?s=96&d=mm&r=g\",\"url\":\"https:\\\/\\\/secure.gravatar.com\\\/avatar\\\/bb65d0283347e303893ba14f0692005417c1e0e690a325a4c5d8bb2b3943ee14?s=96&d=mm&r=g\",\"contentUrl\":\"https:\\\/\\\/secure.gravatar.com\\\/avatar\\\/bb65d0283347e303893ba14f0692005417c1e0e690a325a4c5d8bb2b3943ee14?s=96&d=mm&r=g\",\"caption\":\"Cope Alcoy\"}}]}<\/script>\n<!-- \/ Yoast SEO plugin. -->","yoast_head_json":{"title":"El Campus de Alcoy da un paso m\u00e1s para ampliar infraestructuras - COPE Alcoy","description":"El Campus de Alcoy de la Universitat Polit\u00e8cnica Val\u00e8ncia (UPV) perfila una significativa expansi\u00f3n hacia la zona de La Beniata, donde se incorporar\u00e1n espacios verdes y nuevas instalaciones deportivas","robots":{"index":"index","follow":"follow","max-snippet":"max-snippet:-1","max-image-preview":"max-image-preview:large","max-video-preview":"max-video-preview:-1"},"canonical":"https:\/\/www.copealcoy.es\/es\/el-campus-de-alcoy-da-un-paso-mas-para-ampliar-infraestructuras\/","og_locale":"es_ES","og_type":"article","og_title":"El Campus de Alcoy da un paso m\u00e1s para ampliar infraestructuras - COPE Alcoy","og_description":"El Campus de Alcoy de la Universitat Polit\u00e8cnica Val\u00e8ncia (UPV) perfila una significativa expansi\u00f3n hacia la zona de La Beniata, donde se incorporar\u00e1n espacios verdes y nuevas instalaciones deportivas","og_url":"https:\/\/www.copealcoy.es\/es\/el-campus-de-alcoy-da-un-paso-mas-para-ampliar-infraestructuras\/","og_site_name":"COPE Alcoy","article_published_time":"2024-10-24T11:42:01+00:00","og_image":[{"width":760,"height":447,"url":"https:\/\/www.copealcoy.es\/wp-content\/uploads\/2024\/10\/Captura-de-Pantalla-2024-10-24-a-las-13.35.55.png","type":"image\/png"}],"author":"Cope Alcoy","twitter_misc":{"Escrito por":"Cope Alcoy","Tiempo de lectura":"3 minutos"},"schema":{"@context":"https:\/\/schema.org","@graph":[{"@type":"Article","@id":"https:\/\/www.copealcoy.es\/es\/el-campus-de-alcoy-da-un-paso-mas-para-ampliar-infraestructuras\/#article","isPartOf":{"@id":"https:\/\/www.copealcoy.es\/es\/el-campus-de-alcoy-da-un-paso-mas-para-ampliar-infraestructuras\/"},"author":{"name":"Cope Alcoy","@id":"https:\/\/www.copealcoy.es\/es\/#\/schema\/person\/e777c87fa024e57d40170af9df39882c"},"headline":"El Campus de Alcoy da un paso m\u00e1s para ampliar infraestructuras","datePublished":"2024-10-24T11:42:01+00:00","mainEntityOfPage":{"@id":"https:\/\/www.copealcoy.es\/es\/el-campus-de-alcoy-da-un-paso-mas-para-ampliar-infraestructuras\/"},"wordCount":477,"commentCount":0,"image":{"@id":"https:\/\/www.copealcoy.es\/es\/el-campus-de-alcoy-da-un-paso-mas-para-ampliar-infraestructuras\/#primaryimage"},"thumbnailUrl":"https:\/\/www.copealcoy.es\/wp-content\/uploads\/2024\/10\/Captura-de-Pantalla-2024-10-24-a-las-13.35.55.png","keywords":["Alcoy","ampliaci\u00f3n","Campus Alcoy","instalaciones","oferta formativa"],"articleSection":["Actualidad","Alcoy","Campus de Alcoy","Educaci\u00f3n","Noticias"],"inLanguage":"es"},{"@type":"WebPage","@id":"https:\/\/www.copealcoy.es\/es\/el-campus-de-alcoy-da-un-paso-mas-para-ampliar-infraestructuras\/","url":"https:\/\/www.copealcoy.es\/es\/el-campus-de-alcoy-da-un-paso-mas-para-ampliar-infraestructuras\/","name":"El Campus de Alcoy da un paso m\u00e1s para ampliar infraestructuras - COPE Alcoy","isPartOf":{"@id":"https:\/\/www.copealcoy.es\/es\/#website"},"primaryImageOfPage":{"@id":"https:\/\/www.copealcoy.es\/es\/el-campus-de-alcoy-da-un-paso-mas-para-ampliar-infraestructuras\/#primaryimage"},"image":{"@id":"https:\/\/www.copealcoy.es\/es\/el-campus-de-alcoy-da-un-paso-mas-para-ampliar-infraestructuras\/#primaryimage"},"thumbnailUrl":"https:\/\/www.copealcoy.es\/wp-content\/uploads\/2024\/10\/Captura-de-Pantalla-2024-10-24-a-las-13.35.55.png","datePublished":"2024-10-24T11:42:01+00:00","author":{"@id":"https:\/\/www.copealcoy.es\/es\/#\/schema\/person\/e777c87fa024e57d40170af9df39882c"},"description":"El Campus de Alcoy de la Universitat Polit\u00e8cnica Val\u00e8ncia (UPV) perfila una significativa expansi\u00f3n hacia la zona de La Beniata, donde se incorporar\u00e1n espacios verdes y nuevas instalaciones deportivas","breadcrumb":{"@id":"https:\/\/www.copealcoy.es\/es\/el-campus-de-alcoy-da-un-paso-mas-para-ampliar-infraestructuras\/#breadcrumb"},"inLanguage":"es","potentialAction":[{"@type":"ReadAction","target":["https:\/\/www.copealcoy.es\/es\/el-campus-de-alcoy-da-un-paso-mas-para-ampliar-infraestructuras\/"]}]},{"@type":"ImageObject","inLanguage":"es","@id":"https:\/\/www.copealcoy.es\/es\/el-campus-de-alcoy-da-un-paso-mas-para-ampliar-infraestructuras\/#primaryimage","url":"https:\/\/www.copealcoy.es\/wp-content\/uploads\/2024\/10\/Captura-de-Pantalla-2024-10-24-a-las-13.35.55.png","contentUrl":"https:\/\/www.copealcoy.es\/wp-content\/uploads\/2024\/10\/Captura-de-Pantalla-2024-10-24-a-las-13.35.55.png","width":760,"height":447},{"@type":"BreadcrumbList","@id":"https:\/\/www.copealcoy.es\/es\/el-campus-de-alcoy-da-un-paso-mas-para-ampliar-infraestructuras\/#breadcrumb","itemListElement":[{"@type":"ListItem","position":1,"name":"Portada","item":"https:\/\/www.copealcoy.es\/es\/"},{"@type":"ListItem","position":2,"name":"El Campus de Alcoy da un paso m\u00e1s para ampliar infraestructuras"}]},{"@type":"WebSite","@id":"https:\/\/www.copealcoy.es\/es\/#website","url":"https:\/\/www.copealcoy.es\/es\/","name":"COPE Alcoy","description":"Emisora COPE de radio local con emisi\u00f3n online. Pont de Sant Jordi 8-10 03803 Alcoy","potentialAction":[{"@type":"SearchAction","target":{"@type":"EntryPoint","urlTemplate":"https:\/\/www.copealcoy.es\/es\/?s={search_term_string}"},"query-input":{"@type":"PropertyValueSpecification","valueRequired":true,"valueName":"search_term_string"}}],"inLanguage":"es"},{"@type":"Person","@id":"https:\/\/www.copealcoy.es\/es\/#\/schema\/person\/e777c87fa024e57d40170af9df39882c","name":"Cope Alcoy","image":{"@type":"ImageObject","inLanguage":"es","@id":"https:\/\/secure.gravatar.com\/avatar\/bb65d0283347e303893ba14f0692005417c1e0e690a325a4c5d8bb2b3943ee14?s=96&d=mm&r=g","url":"https:\/\/secure.gravatar.com\/avatar\/bb65d0283347e303893ba14f0692005417c1e0e690a325a4c5d8bb2b3943ee14?s=96&d=mm&r=g","contentUrl":"https:\/\/secure.gravatar.com\/avatar\/bb65d0283347e303893ba14f0692005417c1e0e690a325a4c5d8bb2b3943ee14?s=96&d=mm&r=g","caption":"Cope Alcoy"}}]}},"_links":{"self":[{"href":"https:\/\/www.copealcoy.es\/es\/wp-json\/wp\/v2\/posts\/141982","targetHints":{"allow":["GET"]}}],"collection":[{"href":"https:\/\/www.copealcoy.es\/es\/wp-json\/wp\/v2\/posts"}],"about":[{"href":"https:\/\/www.copealcoy.es\/es\/wp-json\/wp\/v2\/types\/post"}],"author":[{"embeddable":true,"href":"https:\/\/www.copealcoy.es\/es\/wp-json\/wp\/v2\/users\/1"}],"replies":[{"embeddable":true,"href":"https:\/\/www.copealcoy.es\/es\/wp-json\/wp\/v2\/comments?post=141982"}],"version-history":[{"count":0,"href":"https:\/\/www.copealcoy.es\/es\/wp-json\/wp\/v2\/posts\/141982\/revisions"}],"wp:featuredmedia":[{"embeddable":true,"href":"https:\/\/www.copealcoy.es\/es\/wp-json\/wp\/v2\/media\/141986"}],"wp:attachment":[{"href":"https:\/\/www.copealcoy.es\/es\/wp-json\/wp\/v2\/media?parent=141982"}],"wp:term":[{"taxonomy":"category","embeddable":true,"href":"https:\/\/www.copealcoy.es\/es\/wp-json\/wp\/v2\/categories?post=141982"},{"taxonomy":"post_tag","embeddable":true,"href":"https:\/\/www.copealcoy.es\/es\/wp-json\/wp\/v2\/tags?post=141982"}],"curies":[{"name":"wp","href":"https:\/\/api.w.org\/{rel}","templated":true}]}}