{"id":14192,"date":"2015-06-23T16:46:54","date_gmt":"2015-06-23T16:46:54","guid":{"rendered":"http:\/\/copealcoi.es\/new\/?p=14192"},"modified":"2015-06-25T16:47:19","modified_gmt":"2015-06-25T16:47:19","slug":"los-jovenes-apuestan-por-crear-su-negocio-propio","status":"publish","type":"post","link":"https:\/\/www.copealcoy.es\/es\/los-jovenes-apuestan-por-crear-su-negocio-propio\/","title":{"rendered":"Los j\u00f3venes apuestan por crear su negocio propio"},"content":{"rendered":"<p style=\"text-align: justify;\">Un 38% de los j\u00f3venes de los Institutos y Centros de Secundaria de las \u00a0las comarcas del Comtat,l\u00b4Alcoi\u00e0, La Vall d\u00b4 Albaida, L\u00b4Alacant\u00ed, la Costera, la Foia de Castalla y la Marina Baixa apuesta por trabajar por cuenta propia en el futuro. As\u00ed se desprende del estudio de vocaci\u00f3n emprendedora elaborado por el CEEI Alcoy que demuestra tambi\u00e9n que el 95% tiene conocimientos sobre la formaci\u00f3n de empresas y la gran mayor\u00eda se definen como responsables, con capacidad de adaptaci\u00f3n, creativos y planificadores.<\/p>\n<p style=\"text-align: justify;\">El documento revela que el trabajo ideal donde se ven en el futuro es el negocio propio y corrobora que desde el 2006 hasta la actualidad han bajado las preferencias por trabajar en la empresa p\u00fablica, concretamente de un 34% a un 10% en los \u00faltimos tres a\u00f1os.<\/p>\n<p style=\"text-align: justify;\">Para el director del CEEI Alcoy , Roberto Pay\u00e1, estas cifras &#8220;dejan claro que los j\u00f3venes quieren emprender, tomar sus propias decisiones y ser due\u00f1os de su destino&#8221;, afirma. Pay\u00e1 ha instado tambi\u00e9n a favorecer esta vocaci\u00f3n emprendedora &#8220;y para ello las administraciones deben dar m\u00e1s facilidades\u00a0ya que muchas veces las leyes son enrevesadas e incluso ya se te piden impuestos cuando no sabes si vas a a a ganar algo o no&#8221;, concluye.<\/p>\n<p style=\"text-align: justify;\">Se\u00f1alar que en el citado estudio han participado un total de 211 estudiantes.<\/p>\n","protected":false},"excerpt":{"rendered":"<p>Un 38% de los j\u00f3venes de los Institutos y Centros de Secundaria de las \u00a0las comarcas del Comtat,l\u00b4Alcoi\u00e0, La Vall&#8230;<\/p>\n","protected":false},"author":1,"featured_media":14193,"comment_status":"open","ping_status":"open","sticky":false,"template":"","format":"standard","meta":{"footnotes":""},"categories":[97,75,79],"tags":[1203,820,443,1204],"class_list":["post-14192","post","type-post","status-publish","format-standard","has-post-thumbnail","hentry","category-alcoy","category-noticias","category-politicayeconomia","tag-apuestan","tag-ceei","tag-jovenes","tag-negocio"],"yoast_head":"<!-- This site is optimized with the Yoast SEO plugin v27.3 - https:\/\/yoast.com\/product\/yoast-seo-wordpress\/ -->\n<title>Los j\u00f3venes apuestan por crear su negocio propio - COPE Alcoy<\/title>\n<meta name=\"robots\" content=\"index, follow, max-snippet:-1, max-image-preview:large, max-video-preview:-1\" \/>\n<link rel=\"canonical\" href=\"https:\/\/www.copealcoy.es\/es\/los-jovenes-apuestan-por-crear-su-negocio-propio\/\" \/>\n<meta property=\"og:locale\" content=\"es_ES\" \/>\n<meta property=\"og:type\" content=\"article\" \/>\n<meta property=\"og:title\" content=\"Los j\u00f3venes apuestan por crear su negocio propio - COPE Alcoy\" \/>\n<meta property=\"og:description\" content=\"Un 38% de los j\u00f3venes de los Institutos y Centros de Secundaria de las \u00a0las comarcas del Comtat,l\u00b4Alcoi\u00e0, La Vall...\" \/>\n<meta property=\"og:url\" content=\"https:\/\/www.copealcoy.es\/es\/los-jovenes-apuestan-por-crear-su-negocio-propio\/\" \/>\n<meta property=\"og:site_name\" content=\"COPE Alcoy\" \/>\n<meta property=\"article:published_time\" content=\"2015-06-23T16:46:54+00:00\" \/>\n<meta property=\"article:modified_time\" content=\"2015-06-25T16:47:19+00:00\" \/>\n<meta property=\"og:image\" content=\"https:\/\/www.copealcoy.es\/wp-content\/uploads\/2015\/06\/IMG_20150623_102209.jpg\" \/>\n\t<meta property=\"og:image:width\" content=\"2592\" \/>\n\t<meta property=\"og:image:height\" content=\"1944\" \/>\n\t<meta property=\"og:image:type\" content=\"image\/jpeg\" \/>\n<meta name=\"author\" content=\"Cope Alcoy\" \/>\n<meta name=\"twitter:label1\" content=\"Escrito por\" \/>\n\t<meta name=\"twitter:data1\" content=\"Cope Alcoy\" \/>\n\t<meta name=\"twitter:label2\" content=\"Tiempo de lectura\" \/>\n\t<meta name=\"twitter:data2\" content=\"1 minuto\" \/>\n<script type=\"application\/ld+json\" class=\"yoast-schema-graph\">{\"@context\":\"https:\\\/\\\/schema.org\",\"@graph\":[{\"@type\":\"Article\",\"@id\":\"https:\\\/\\\/www.copealcoy.es\\\/es\\\/los-jovenes-apuestan-por-crear-su-negocio-propio\\\/#article\",\"isPartOf\":{\"@id\":\"https:\\\/\\\/www.copealcoy.es\\\/es\\\/los-jovenes-apuestan-por-crear-su-negocio-propio\\\/\"},\"author\":{\"name\":\"Cope Alcoy\",\"@id\":\"https:\\\/\\\/www.copealcoy.es\\\/es\\\/#\\\/schema\\\/person\\\/e777c87fa024e57d40170af9df39882c\"},\"headline\":\"Los j\u00f3venes apuestan por crear su negocio propio\",\"datePublished\":\"2015-06-23T16:46:54+00:00\",\"dateModified\":\"2015-06-25T16:47:19+00:00\",\"mainEntityOfPage\":{\"@id\":\"https:\\\/\\\/www.copealcoy.es\\\/es\\\/los-jovenes-apuestan-por-crear-su-negocio-propio\\\/\"},\"wordCount\":238,\"commentCount\":0,\"image\":{\"@id\":\"https:\\\/\\\/www.copealcoy.es\\\/es\\\/los-jovenes-apuestan-por-crear-su-negocio-propio\\\/#primaryimage\"},\"thumbnailUrl\":\"https:\\\/\\\/www.copealcoy.es\\\/wp-content\\\/uploads\\\/2015\\\/06\\\/IMG_20150623_102209.jpg\",\"keywords\":[\"apuestan\",\"CEEI\",\"J\u00f3venes\",\"negocio\"],\"articleSection\":[\"Alcoy\",\"Noticias\",\"Pol\u00edtica y Econom\u00eda\"],\"inLanguage\":\"es\"},{\"@type\":\"WebPage\",\"@id\":\"https:\\\/\\\/www.copealcoy.es\\\/es\\\/los-jovenes-apuestan-por-crear-su-negocio-propio\\\/\",\"url\":\"https:\\\/\\\/www.copealcoy.es\\\/es\\\/los-jovenes-apuestan-por-crear-su-negocio-propio\\\/\",\"name\":\"Los j\u00f3venes apuestan por crear su negocio propio - COPE Alcoy\",\"isPartOf\":{\"@id\":\"https:\\\/\\\/www.copealcoy.es\\\/es\\\/#website\"},\"primaryImageOfPage\":{\"@id\":\"https:\\\/\\\/www.copealcoy.es\\\/es\\\/los-jovenes-apuestan-por-crear-su-negocio-propio\\\/#primaryimage\"},\"image\":{\"@id\":\"https:\\\/\\\/www.copealcoy.es\\\/es\\\/los-jovenes-apuestan-por-crear-su-negocio-propio\\\/#primaryimage\"},\"thumbnailUrl\":\"https:\\\/\\\/www.copealcoy.es\\\/wp-content\\\/uploads\\\/2015\\\/06\\\/IMG_20150623_102209.jpg\",\"datePublished\":\"2015-06-23T16:46:54+00:00\",\"dateModified\":\"2015-06-25T16:47:19+00:00\",\"author\":{\"@id\":\"https:\\\/\\\/www.copealcoy.es\\\/es\\\/#\\\/schema\\\/person\\\/e777c87fa024e57d40170af9df39882c\"},\"breadcrumb\":{\"@id\":\"https:\\\/\\\/www.copealcoy.es\\\/es\\\/los-jovenes-apuestan-por-crear-su-negocio-propio\\\/#breadcrumb\"},\"inLanguage\":\"es\",\"potentialAction\":[{\"@type\":\"ReadAction\",\"target\":[\"https:\\\/\\\/www.copealcoy.es\\\/es\\\/los-jovenes-apuestan-por-crear-su-negocio-propio\\\/\"]}]},{\"@type\":\"ImageObject\",\"inLanguage\":\"es\",\"@id\":\"https:\\\/\\\/www.copealcoy.es\\\/es\\\/los-jovenes-apuestan-por-crear-su-negocio-propio\\\/#primaryimage\",\"url\":\"https:\\\/\\\/www.copealcoy.es\\\/wp-content\\\/uploads\\\/2015\\\/06\\\/IMG_20150623_102209.jpg\",\"contentUrl\":\"https:\\\/\\\/www.copealcoy.es\\\/wp-content\\\/uploads\\\/2015\\\/06\\\/IMG_20150623_102209.jpg\",\"width\":1440,\"height\":1080,\"caption\":\"Roberto Pay\u00e1 ha presentado las conclusiones del estudio\"},{\"@type\":\"BreadcrumbList\",\"@id\":\"https:\\\/\\\/www.copealcoy.es\\\/es\\\/los-jovenes-apuestan-por-crear-su-negocio-propio\\\/#breadcrumb\",\"itemListElement\":[{\"@type\":\"ListItem\",\"position\":1,\"name\":\"Portada\",\"item\":\"https:\\\/\\\/www.copealcoy.es\\\/es\\\/\"},{\"@type\":\"ListItem\",\"position\":2,\"name\":\"Los j\u00f3venes apuestan por crear su negocio propio\"}]},{\"@type\":\"WebSite\",\"@id\":\"https:\\\/\\\/www.copealcoy.es\\\/es\\\/#website\",\"url\":\"https:\\\/\\\/www.copealcoy.es\\\/es\\\/\",\"name\":\"COPE Alcoy\",\"description\":\"Emisora COPE de radio local con emisi\u00f3n online. Pont de Sant Jordi 8-10 03803 Alcoy\",\"potentialAction\":[{\"@type\":\"SearchAction\",\"target\":{\"@type\":\"EntryPoint\",\"urlTemplate\":\"https:\\\/\\\/www.copealcoy.es\\\/es\\\/?s={search_term_string}\"},\"query-input\":{\"@type\":\"PropertyValueSpecification\",\"valueRequired\":true,\"valueName\":\"search_term_string\"}}],\"inLanguage\":\"es\"},{\"@type\":\"Person\",\"@id\":\"https:\\\/\\\/www.copealcoy.es\\\/es\\\/#\\\/schema\\\/person\\\/e777c87fa024e57d40170af9df39882c\",\"name\":\"Cope Alcoy\",\"image\":{\"@type\":\"ImageObject\",\"inLanguage\":\"es\",\"@id\":\"https:\\\/\\\/secure.gravatar.com\\\/avatar\\\/bb65d0283347e303893ba14f0692005417c1e0e690a325a4c5d8bb2b3943ee14?s=96&d=mm&r=g\",\"url\":\"https:\\\/\\\/secure.gravatar.com\\\/avatar\\\/bb65d0283347e303893ba14f0692005417c1e0e690a325a4c5d8bb2b3943ee14?s=96&d=mm&r=g\",\"contentUrl\":\"https:\\\/\\\/secure.gravatar.com\\\/avatar\\\/bb65d0283347e303893ba14f0692005417c1e0e690a325a4c5d8bb2b3943ee14?s=96&d=mm&r=g\",\"caption\":\"Cope Alcoy\"}}]}<\/script>\n<!-- \/ Yoast SEO plugin. -->","yoast_head_json":{"title":"Los j\u00f3venes apuestan por crear su negocio propio - COPE Alcoy","robots":{"index":"index","follow":"follow","max-snippet":"max-snippet:-1","max-image-preview":"max-image-preview:large","max-video-preview":"max-video-preview:-1"},"canonical":"https:\/\/www.copealcoy.es\/es\/los-jovenes-apuestan-por-crear-su-negocio-propio\/","og_locale":"es_ES","og_type":"article","og_title":"Los j\u00f3venes apuestan por crear su negocio propio - COPE Alcoy","og_description":"Un 38% de los j\u00f3venes de los Institutos y Centros de Secundaria de las \u00a0las comarcas del Comtat,l\u00b4Alcoi\u00e0, La Vall...","og_url":"https:\/\/www.copealcoy.es\/es\/los-jovenes-apuestan-por-crear-su-negocio-propio\/","og_site_name":"COPE Alcoy","article_published_time":"2015-06-23T16:46:54+00:00","article_modified_time":"2015-06-25T16:47:19+00:00","og_image":[{"width":2592,"height":1944,"url":"https:\/\/www.copealcoy.es\/wp-content\/uploads\/2015\/06\/IMG_20150623_102209.jpg","type":"image\/jpeg"}],"author":"Cope Alcoy","twitter_misc":{"Escrito por":"Cope Alcoy","Tiempo de lectura":"1 minuto"},"schema":{"@context":"https:\/\/schema.org","@graph":[{"@type":"Article","@id":"https:\/\/www.copealcoy.es\/es\/los-jovenes-apuestan-por-crear-su-negocio-propio\/#article","isPartOf":{"@id":"https:\/\/www.copealcoy.es\/es\/los-jovenes-apuestan-por-crear-su-negocio-propio\/"},"author":{"name":"Cope Alcoy","@id":"https:\/\/www.copealcoy.es\/es\/#\/schema\/person\/e777c87fa024e57d40170af9df39882c"},"headline":"Los j\u00f3venes apuestan por crear su negocio propio","datePublished":"2015-06-23T16:46:54+00:00","dateModified":"2015-06-25T16:47:19+00:00","mainEntityOfPage":{"@id":"https:\/\/www.copealcoy.es\/es\/los-jovenes-apuestan-por-crear-su-negocio-propio\/"},"wordCount":238,"commentCount":0,"image":{"@id":"https:\/\/www.copealcoy.es\/es\/los-jovenes-apuestan-por-crear-su-negocio-propio\/#primaryimage"},"thumbnailUrl":"https:\/\/www.copealcoy.es\/wp-content\/uploads\/2015\/06\/IMG_20150623_102209.jpg","keywords":["apuestan","CEEI","J\u00f3venes","negocio"],"articleSection":["Alcoy","Noticias","Pol\u00edtica y Econom\u00eda"],"inLanguage":"es"},{"@type":"WebPage","@id":"https:\/\/www.copealcoy.es\/es\/los-jovenes-apuestan-por-crear-su-negocio-propio\/","url":"https:\/\/www.copealcoy.es\/es\/los-jovenes-apuestan-por-crear-su-negocio-propio\/","name":"Los j\u00f3venes apuestan por crear su negocio propio - COPE Alcoy","isPartOf":{"@id":"https:\/\/www.copealcoy.es\/es\/#website"},"primaryImageOfPage":{"@id":"https:\/\/www.copealcoy.es\/es\/los-jovenes-apuestan-por-crear-su-negocio-propio\/#primaryimage"},"image":{"@id":"https:\/\/www.copealcoy.es\/es\/los-jovenes-apuestan-por-crear-su-negocio-propio\/#primaryimage"},"thumbnailUrl":"https:\/\/www.copealcoy.es\/wp-content\/uploads\/2015\/06\/IMG_20150623_102209.jpg","datePublished":"2015-06-23T16:46:54+00:00","dateModified":"2015-06-25T16:47:19+00:00","author":{"@id":"https:\/\/www.copealcoy.es\/es\/#\/schema\/person\/e777c87fa024e57d40170af9df39882c"},"breadcrumb":{"@id":"https:\/\/www.copealcoy.es\/es\/los-jovenes-apuestan-por-crear-su-negocio-propio\/#breadcrumb"},"inLanguage":"es","potentialAction":[{"@type":"ReadAction","target":["https:\/\/www.copealcoy.es\/es\/los-jovenes-apuestan-por-crear-su-negocio-propio\/"]}]},{"@type":"ImageObject","inLanguage":"es","@id":"https:\/\/www.copealcoy.es\/es\/los-jovenes-apuestan-por-crear-su-negocio-propio\/#primaryimage","url":"https:\/\/www.copealcoy.es\/wp-content\/uploads\/2015\/06\/IMG_20150623_102209.jpg","contentUrl":"https:\/\/www.copealcoy.es\/wp-content\/uploads\/2015\/06\/IMG_20150623_102209.jpg","width":1440,"height":1080,"caption":"Roberto Pay\u00e1 ha presentado las conclusiones del estudio"},{"@type":"BreadcrumbList","@id":"https:\/\/www.copealcoy.es\/es\/los-jovenes-apuestan-por-crear-su-negocio-propio\/#breadcrumb","itemListElement":[{"@type":"ListItem","position":1,"name":"Portada","item":"https:\/\/www.copealcoy.es\/es\/"},{"@type":"ListItem","position":2,"name":"Los j\u00f3venes apuestan por crear su negocio propio"}]},{"@type":"WebSite","@id":"https:\/\/www.copealcoy.es\/es\/#website","url":"https:\/\/www.copealcoy.es\/es\/","name":"COPE Alcoy","description":"Emisora COPE de radio local con emisi\u00f3n online. Pont de Sant Jordi 8-10 03803 Alcoy","potentialAction":[{"@type":"SearchAction","target":{"@type":"EntryPoint","urlTemplate":"https:\/\/www.copealcoy.es\/es\/?s={search_term_string}"},"query-input":{"@type":"PropertyValueSpecification","valueRequired":true,"valueName":"search_term_string"}}],"inLanguage":"es"},{"@type":"Person","@id":"https:\/\/www.copealcoy.es\/es\/#\/schema\/person\/e777c87fa024e57d40170af9df39882c","name":"Cope Alcoy","image":{"@type":"ImageObject","inLanguage":"es","@id":"https:\/\/secure.gravatar.com\/avatar\/bb65d0283347e303893ba14f0692005417c1e0e690a325a4c5d8bb2b3943ee14?s=96&d=mm&r=g","url":"https:\/\/secure.gravatar.com\/avatar\/bb65d0283347e303893ba14f0692005417c1e0e690a325a4c5d8bb2b3943ee14?s=96&d=mm&r=g","contentUrl":"https:\/\/secure.gravatar.com\/avatar\/bb65d0283347e303893ba14f0692005417c1e0e690a325a4c5d8bb2b3943ee14?s=96&d=mm&r=g","caption":"Cope Alcoy"}}]}},"_links":{"self":[{"href":"https:\/\/www.copealcoy.es\/es\/wp-json\/wp\/v2\/posts\/14192","targetHints":{"allow":["GET"]}}],"collection":[{"href":"https:\/\/www.copealcoy.es\/es\/wp-json\/wp\/v2\/posts"}],"about":[{"href":"https:\/\/www.copealcoy.es\/es\/wp-json\/wp\/v2\/types\/post"}],"author":[{"embeddable":true,"href":"https:\/\/www.copealcoy.es\/es\/wp-json\/wp\/v2\/users\/1"}],"replies":[{"embeddable":true,"href":"https:\/\/www.copealcoy.es\/es\/wp-json\/wp\/v2\/comments?post=14192"}],"version-history":[{"count":0,"href":"https:\/\/www.copealcoy.es\/es\/wp-json\/wp\/v2\/posts\/14192\/revisions"}],"wp:featuredmedia":[{"embeddable":true,"href":"https:\/\/www.copealcoy.es\/es\/wp-json\/wp\/v2\/media\/14193"}],"wp:attachment":[{"href":"https:\/\/www.copealcoy.es\/es\/wp-json\/wp\/v2\/media?parent=14192"}],"wp:term":[{"taxonomy":"category","embeddable":true,"href":"https:\/\/www.copealcoy.es\/es\/wp-json\/wp\/v2\/categories?post=14192"},{"taxonomy":"post_tag","embeddable":true,"href":"https:\/\/www.copealcoy.es\/es\/wp-json\/wp\/v2\/tags?post=14192"}],"curies":[{"name":"wp","href":"https:\/\/api.w.org\/{rel}","templated":true}]}}