{"id":141906,"date":"2024-10-22T07:30:24","date_gmt":"2024-10-22T06:30:24","guid":{"rendered":"https:\/\/www.copealcoy.es\/?p=141906"},"modified":"2024-10-22T15:00:46","modified_gmt":"2024-10-22T14:00:46","slug":"informativo-matinal-martes-22-de-octubre-2024-0720h","status":"publish","type":"post","link":"https:\/\/www.copealcoy.es\/es\/informativo-matinal-martes-22-de-octubre-2024-0720h\/","title":{"rendered":"Informativo matinal martes 22 de octubre 2024 (07:20h)"},"content":{"rendered":"<p><iframe loading=\"lazy\" title=\"Informativo Matinal Martes 22 De Octubre 2024 (07:20h)\" width=\"100%\" height=\"120\" src=\"https:\/\/www.mixcloud.com\/widget\/iframe\/?feed=https%3A%2F%2Fwww.mixcloud.com%2FCOPEAlcoy%2Finformativo-matinal-martes-22-de-octubre-2024-0720h%2F&amp;hide_cover=1\" frameborder=\"0\"><\/iframe><\/p>\n<p style=\"text-align: justify;\">Hoy martes os hemos recordado que <strong>sigue adelante la Mostra de Teatre de Alcoy<\/strong> en su edici\u00f3n 2024. Tambi\u00e9n nos hemos centrado en el tiempo ya que <strong>la lluvia regresa a nuestras comarcas<\/strong> tras meses sin precipitaciones.<\/p>\n<p style=\"text-align: justify;\">La\u00a0<strong>Mostra de Teatre de Alcoy<\/strong>\u00a0arranc\u00f3 oficialmente ayer lunes y lo hizo con un plato fuerte sobre la mesa\u00a0<strong>con sello<\/strong>\u00a0de nuestra ciudad. Y es que la compa\u00f1\u00eda\u00a0<strong>La Dependent<\/strong>, que lleva a Alcoy en su ADN,\u00a0<strong>present\u00f3 en el escenario del Teatre Principal una original propuesta<\/strong>\u00a0que no dej\u00f3 indiferente al p\u00fablico.<\/p>\n<p style=\"text-align: justify;\">Se trata de\u00a0<strong>la obra \u2018Ibers. Hist\u00f2ries d\u2019abelles, reines i abellots\u2019<\/strong>\u00a0de\u00a0<strong>Pasqual Alapont<\/strong>, bajo la direcci\u00f3n de\u00a0<strong>Pepa Miralles<\/strong>, e\u00a0<strong>interpretada por esta \u00faltima junto a Pep Sell\u00e9s y Andrea Juan<\/strong>. Una comedia\u00a0<strong>ambientada en el \u00e1mbito acad\u00e9mico<\/strong>\u00a0\u00ab<em>donde un sistema jer\u00e1rquico injusto y antiguo explota los escalones m\u00e1s bajos aprovech\u00e1ndose de quien se sienta c\u00f3modamente en la cumbre, un retrato de la hipocres\u00eda y la lucha de poder entre un c\u00edrculo de escogidos que representan a la sociedad global<\/em>\u00bb explicaba en COPE ALCOY horas antes de la representaci\u00f3n\u00a0<strong>Joanfran Rozal\u00e9n<\/strong>, el director de La Dependent.<\/p>\n<p style=\"text-align: justify;\">La\u00a0<strong>jornada inaugural<\/strong>\u00a0incluy\u00f3 tambi\u00e9n varias\u00a0<strong>actividades dirigidas a profesionales<\/strong>, como una mesa redonda en la que se analizaron los p\u00fablicos de las artes esc\u00e9nicas, y tambi\u00e9n incluy\u00f3 la representaci\u00f3n<strong>\u00a0\u2018Male\u00efdes Dames\u2019<\/strong>. Esta puesta en escena tuvo lugar en el Teatre Calder\u00f3n y fue a cargo de\u00a0<strong>Arden Producciones<\/strong>.<\/p>\n<p style=\"text-align: justify;\"><span style=\"color: #0000ff;\"><strong>Apoyo del Consell a La Mostra alcoyana<\/strong><\/span><\/p>\n<p style=\"text-align: justify;\">Al margen de esto, el estreno del certamen\u00a0<strong>tuvo respaldo de la administraci\u00f3n auton\u00f3mica<\/strong>\u00a0con la visita de la secretaria auton\u00f3mica de Cultura,\u00a0<strong>Pilar T\u00e9bar<\/strong>, y el director general de Cultura,\u00a0<strong>Miquel Nadal<\/strong>. Ambos expresaron el\u00a0<strong>compromiso de la Generalitat con las artes esc\u00e9nicas<\/strong>\u00a0y felicitaron a Alcoy por una nueva edici\u00f3n de la Mostra, \u201c<em>que es una oportunidad para disfrutar del teatro y tambi\u00e9n un punto de encuentro profesional para dar a conocer nuevas propuestas mayoritariamente de compa\u00f1\u00edas valencianas\u00bb,\u00a0<\/em>dijeron. Por \u00faltimo, hicieron referencia al\u00a0<strong>premio de honor 2024 a las Artes Esc\u00e9nicas Valencianas que concede el IVC<\/strong>\u00a0que se dio conocer ayer, y que ha sido para Mar\u00eda C\u00e1denas a t\u00edtulo p\u00f3stumo, quien tambi\u00e9n fue galardonada con el premio Ciutat de Alcoi en 2013.<\/p>\n<p style=\"text-align: justify;\">La\u00a0<strong>programaci\u00f3n<\/strong>\u00a0prevista para este martes la puedes consultar\u00a0<span style=\"color: #0000ff;\"><a style=\"color: #0000ff;\" href=\"https:\/\/mostrateatre.com\/es\/programacion-de-la-mostra-de-teatre-de-alcoi-2024\/\" target=\"_blank\" rel=\"noopener\"><strong>aqu\u00ed<\/strong><\/a><\/span>. Los espect\u00e1culos y toda la actividad de la\u00a0<strong>Mostra de Teatre<\/strong>\u00a0seguir\u00e1 en marcha hasta el viernes d\u00eda 25.<\/p>\n","protected":false},"excerpt":{"rendered":"<p>Hoy martes os hemos recordado que sigue adelante la Mostra de Teatre de Alcoy en su edici\u00f3n 2024. Tambi\u00e9n nos&#8230;<\/p>\n","protected":false},"author":1,"featured_media":110612,"comment_status":"open","ping_status":"open","sticky":false,"template":"","format":"standard","meta":{"footnotes":""},"categories":[6909,89,91],"tags":[],"class_list":["post-141906","post","type-post","status-publish","format-standard","has-post-thumbnail","hentry","category-actualidad","category-audiosdelosprogramas","category-informativos"],"yoast_head":"<!-- This site is optimized with the Yoast SEO plugin v27.3 - https:\/\/yoast.com\/product\/yoast-seo-wordpress\/ -->\n<title>Informativo matinal martes 22 de octubre 2024 (07:20h) - COPE Alcoy<\/title>\n<meta name=\"robots\" content=\"index, follow, max-snippet:-1, max-image-preview:large, max-video-preview:-1\" \/>\n<link rel=\"canonical\" href=\"https:\/\/www.copealcoy.es\/es\/informativo-matinal-martes-22-de-octubre-2024-0720h\/\" \/>\n<meta property=\"og:locale\" content=\"es_ES\" \/>\n<meta property=\"og:type\" content=\"article\" \/>\n<meta property=\"og:title\" content=\"Informativo matinal martes 22 de octubre 2024 (07:20h) - COPE Alcoy\" \/>\n<meta property=\"og:description\" content=\"Hoy martes os hemos recordado que sigue adelante la Mostra de Teatre de Alcoy en su edici\u00f3n 2024. Tambi\u00e9n nos...\" \/>\n<meta property=\"og:url\" content=\"https:\/\/www.copealcoy.es\/es\/informativo-matinal-martes-22-de-octubre-2024-0720h\/\" \/>\n<meta property=\"og:site_name\" content=\"COPE Alcoy\" \/>\n<meta property=\"article:published_time\" content=\"2024-10-22T06:30:24+00:00\" \/>\n<meta property=\"article:modified_time\" content=\"2024-10-22T14:00:46+00:00\" \/>\n<meta property=\"og:image\" content=\"https:\/\/www.copealcoy.es\/wp-content\/uploads\/2023\/02\/Herrera-en-COPE-Alcoy-4.png\" \/>\n\t<meta property=\"og:image:width\" content=\"357\" \/>\n\t<meta property=\"og:image:height\" content=\"290\" \/>\n\t<meta property=\"og:image:type\" content=\"image\/png\" \/>\n<meta name=\"author\" content=\"Cope Alcoy\" \/>\n<meta name=\"twitter:label1\" content=\"Escrito por\" \/>\n\t<meta name=\"twitter:data1\" content=\"Cope Alcoy\" \/>\n\t<meta name=\"twitter:label2\" content=\"Tiempo de lectura\" \/>\n\t<meta name=\"twitter:data2\" content=\"3 minutos\" \/>\n<script type=\"application\/ld+json\" class=\"yoast-schema-graph\">{\"@context\":\"https:\\\/\\\/schema.org\",\"@graph\":[{\"@type\":\"Article\",\"@id\":\"https:\\\/\\\/www.copealcoy.es\\\/es\\\/informativo-matinal-martes-22-de-octubre-2024-0720h\\\/#article\",\"isPartOf\":{\"@id\":\"https:\\\/\\\/www.copealcoy.es\\\/es\\\/informativo-matinal-martes-22-de-octubre-2024-0720h\\\/\"},\"author\":{\"name\":\"Cope Alcoy\",\"@id\":\"https:\\\/\\\/www.copealcoy.es\\\/es\\\/#\\\/schema\\\/person\\\/e777c87fa024e57d40170af9df39882c\"},\"headline\":\"Informativo matinal martes 22 de octubre 2024 (07:20h)\",\"datePublished\":\"2024-10-22T06:30:24+00:00\",\"dateModified\":\"2024-10-22T14:00:46+00:00\",\"mainEntityOfPage\":{\"@id\":\"https:\\\/\\\/www.copealcoy.es\\\/es\\\/informativo-matinal-martes-22-de-octubre-2024-0720h\\\/\"},\"wordCount\":452,\"commentCount\":0,\"image\":{\"@id\":\"https:\\\/\\\/www.copealcoy.es\\\/es\\\/informativo-matinal-martes-22-de-octubre-2024-0720h\\\/#primaryimage\"},\"thumbnailUrl\":\"https:\\\/\\\/www.copealcoy.es\\\/wp-content\\\/uploads\\\/2023\\\/02\\\/Herrera-en-COPE-Alcoy-4.png\",\"articleSection\":[\"Actualidad\",\"Audios de los programas\",\"Informativos\"],\"inLanguage\":\"es\"},{\"@type\":\"WebPage\",\"@id\":\"https:\\\/\\\/www.copealcoy.es\\\/es\\\/informativo-matinal-martes-22-de-octubre-2024-0720h\\\/\",\"url\":\"https:\\\/\\\/www.copealcoy.es\\\/es\\\/informativo-matinal-martes-22-de-octubre-2024-0720h\\\/\",\"name\":\"Informativo matinal martes 22 de octubre 2024 (07:20h) - COPE Alcoy\",\"isPartOf\":{\"@id\":\"https:\\\/\\\/www.copealcoy.es\\\/es\\\/#website\"},\"primaryImageOfPage\":{\"@id\":\"https:\\\/\\\/www.copealcoy.es\\\/es\\\/informativo-matinal-martes-22-de-octubre-2024-0720h\\\/#primaryimage\"},\"image\":{\"@id\":\"https:\\\/\\\/www.copealcoy.es\\\/es\\\/informativo-matinal-martes-22-de-octubre-2024-0720h\\\/#primaryimage\"},\"thumbnailUrl\":\"https:\\\/\\\/www.copealcoy.es\\\/wp-content\\\/uploads\\\/2023\\\/02\\\/Herrera-en-COPE-Alcoy-4.png\",\"datePublished\":\"2024-10-22T06:30:24+00:00\",\"dateModified\":\"2024-10-22T14:00:46+00:00\",\"author\":{\"@id\":\"https:\\\/\\\/www.copealcoy.es\\\/es\\\/#\\\/schema\\\/person\\\/e777c87fa024e57d40170af9df39882c\"},\"breadcrumb\":{\"@id\":\"https:\\\/\\\/www.copealcoy.es\\\/es\\\/informativo-matinal-martes-22-de-octubre-2024-0720h\\\/#breadcrumb\"},\"inLanguage\":\"es\",\"potentialAction\":[{\"@type\":\"ReadAction\",\"target\":[\"https:\\\/\\\/www.copealcoy.es\\\/es\\\/informativo-matinal-martes-22-de-octubre-2024-0720h\\\/\"]}]},{\"@type\":\"ImageObject\",\"inLanguage\":\"es\",\"@id\":\"https:\\\/\\\/www.copealcoy.es\\\/es\\\/informativo-matinal-martes-22-de-octubre-2024-0720h\\\/#primaryimage\",\"url\":\"https:\\\/\\\/www.copealcoy.es\\\/wp-content\\\/uploads\\\/2023\\\/02\\\/Herrera-en-COPE-Alcoy-4.png\",\"contentUrl\":\"https:\\\/\\\/www.copealcoy.es\\\/wp-content\\\/uploads\\\/2023\\\/02\\\/Herrera-en-COPE-Alcoy-4.png\",\"width\":357,\"height\":290},{\"@type\":\"BreadcrumbList\",\"@id\":\"https:\\\/\\\/www.copealcoy.es\\\/es\\\/informativo-matinal-martes-22-de-octubre-2024-0720h\\\/#breadcrumb\",\"itemListElement\":[{\"@type\":\"ListItem\",\"position\":1,\"name\":\"Portada\",\"item\":\"https:\\\/\\\/www.copealcoy.es\\\/es\\\/\"},{\"@type\":\"ListItem\",\"position\":2,\"name\":\"Informativo matinal martes 22 de octubre 2024 (07:20h)\"}]},{\"@type\":\"WebSite\",\"@id\":\"https:\\\/\\\/www.copealcoy.es\\\/es\\\/#website\",\"url\":\"https:\\\/\\\/www.copealcoy.es\\\/es\\\/\",\"name\":\"COPE Alcoy\",\"description\":\"Emisora COPE de radio local con emisi\u00f3n online. Pont de Sant Jordi 8-10 03803 Alcoy\",\"potentialAction\":[{\"@type\":\"SearchAction\",\"target\":{\"@type\":\"EntryPoint\",\"urlTemplate\":\"https:\\\/\\\/www.copealcoy.es\\\/es\\\/?s={search_term_string}\"},\"query-input\":{\"@type\":\"PropertyValueSpecification\",\"valueRequired\":true,\"valueName\":\"search_term_string\"}}],\"inLanguage\":\"es\"},{\"@type\":\"Person\",\"@id\":\"https:\\\/\\\/www.copealcoy.es\\\/es\\\/#\\\/schema\\\/person\\\/e777c87fa024e57d40170af9df39882c\",\"name\":\"Cope Alcoy\",\"image\":{\"@type\":\"ImageObject\",\"inLanguage\":\"es\",\"@id\":\"https:\\\/\\\/secure.gravatar.com\\\/avatar\\\/bb65d0283347e303893ba14f0692005417c1e0e690a325a4c5d8bb2b3943ee14?s=96&d=mm&r=g\",\"url\":\"https:\\\/\\\/secure.gravatar.com\\\/avatar\\\/bb65d0283347e303893ba14f0692005417c1e0e690a325a4c5d8bb2b3943ee14?s=96&d=mm&r=g\",\"contentUrl\":\"https:\\\/\\\/secure.gravatar.com\\\/avatar\\\/bb65d0283347e303893ba14f0692005417c1e0e690a325a4c5d8bb2b3943ee14?s=96&d=mm&r=g\",\"caption\":\"Cope Alcoy\"}}]}<\/script>\n<!-- \/ Yoast SEO plugin. -->","yoast_head_json":{"title":"Informativo matinal martes 22 de octubre 2024 (07:20h) - COPE Alcoy","robots":{"index":"index","follow":"follow","max-snippet":"max-snippet:-1","max-image-preview":"max-image-preview:large","max-video-preview":"max-video-preview:-1"},"canonical":"https:\/\/www.copealcoy.es\/es\/informativo-matinal-martes-22-de-octubre-2024-0720h\/","og_locale":"es_ES","og_type":"article","og_title":"Informativo matinal martes 22 de octubre 2024 (07:20h) - COPE Alcoy","og_description":"Hoy martes os hemos recordado que sigue adelante la Mostra de Teatre de Alcoy en su edici\u00f3n 2024. Tambi\u00e9n nos...","og_url":"https:\/\/www.copealcoy.es\/es\/informativo-matinal-martes-22-de-octubre-2024-0720h\/","og_site_name":"COPE Alcoy","article_published_time":"2024-10-22T06:30:24+00:00","article_modified_time":"2024-10-22T14:00:46+00:00","og_image":[{"width":357,"height":290,"url":"https:\/\/www.copealcoy.es\/wp-content\/uploads\/2023\/02\/Herrera-en-COPE-Alcoy-4.png","type":"image\/png"}],"author":"Cope Alcoy","twitter_misc":{"Escrito por":"Cope Alcoy","Tiempo de lectura":"3 minutos"},"schema":{"@context":"https:\/\/schema.org","@graph":[{"@type":"Article","@id":"https:\/\/www.copealcoy.es\/es\/informativo-matinal-martes-22-de-octubre-2024-0720h\/#article","isPartOf":{"@id":"https:\/\/www.copealcoy.es\/es\/informativo-matinal-martes-22-de-octubre-2024-0720h\/"},"author":{"name":"Cope Alcoy","@id":"https:\/\/www.copealcoy.es\/es\/#\/schema\/person\/e777c87fa024e57d40170af9df39882c"},"headline":"Informativo matinal martes 22 de octubre 2024 (07:20h)","datePublished":"2024-10-22T06:30:24+00:00","dateModified":"2024-10-22T14:00:46+00:00","mainEntityOfPage":{"@id":"https:\/\/www.copealcoy.es\/es\/informativo-matinal-martes-22-de-octubre-2024-0720h\/"},"wordCount":452,"commentCount":0,"image":{"@id":"https:\/\/www.copealcoy.es\/es\/informativo-matinal-martes-22-de-octubre-2024-0720h\/#primaryimage"},"thumbnailUrl":"https:\/\/www.copealcoy.es\/wp-content\/uploads\/2023\/02\/Herrera-en-COPE-Alcoy-4.png","articleSection":["Actualidad","Audios de los programas","Informativos"],"inLanguage":"es"},{"@type":"WebPage","@id":"https:\/\/www.copealcoy.es\/es\/informativo-matinal-martes-22-de-octubre-2024-0720h\/","url":"https:\/\/www.copealcoy.es\/es\/informativo-matinal-martes-22-de-octubre-2024-0720h\/","name":"Informativo matinal martes 22 de octubre 2024 (07:20h) - COPE Alcoy","isPartOf":{"@id":"https:\/\/www.copealcoy.es\/es\/#website"},"primaryImageOfPage":{"@id":"https:\/\/www.copealcoy.es\/es\/informativo-matinal-martes-22-de-octubre-2024-0720h\/#primaryimage"},"image":{"@id":"https:\/\/www.copealcoy.es\/es\/informativo-matinal-martes-22-de-octubre-2024-0720h\/#primaryimage"},"thumbnailUrl":"https:\/\/www.copealcoy.es\/wp-content\/uploads\/2023\/02\/Herrera-en-COPE-Alcoy-4.png","datePublished":"2024-10-22T06:30:24+00:00","dateModified":"2024-10-22T14:00:46+00:00","author":{"@id":"https:\/\/www.copealcoy.es\/es\/#\/schema\/person\/e777c87fa024e57d40170af9df39882c"},"breadcrumb":{"@id":"https:\/\/www.copealcoy.es\/es\/informativo-matinal-martes-22-de-octubre-2024-0720h\/#breadcrumb"},"inLanguage":"es","potentialAction":[{"@type":"ReadAction","target":["https:\/\/www.copealcoy.es\/es\/informativo-matinal-martes-22-de-octubre-2024-0720h\/"]}]},{"@type":"ImageObject","inLanguage":"es","@id":"https:\/\/www.copealcoy.es\/es\/informativo-matinal-martes-22-de-octubre-2024-0720h\/#primaryimage","url":"https:\/\/www.copealcoy.es\/wp-content\/uploads\/2023\/02\/Herrera-en-COPE-Alcoy-4.png","contentUrl":"https:\/\/www.copealcoy.es\/wp-content\/uploads\/2023\/02\/Herrera-en-COPE-Alcoy-4.png","width":357,"height":290},{"@type":"BreadcrumbList","@id":"https:\/\/www.copealcoy.es\/es\/informativo-matinal-martes-22-de-octubre-2024-0720h\/#breadcrumb","itemListElement":[{"@type":"ListItem","position":1,"name":"Portada","item":"https:\/\/www.copealcoy.es\/es\/"},{"@type":"ListItem","position":2,"name":"Informativo matinal martes 22 de octubre 2024 (07:20h)"}]},{"@type":"WebSite","@id":"https:\/\/www.copealcoy.es\/es\/#website","url":"https:\/\/www.copealcoy.es\/es\/","name":"COPE Alcoy","description":"Emisora COPE de radio local con emisi\u00f3n online. Pont de Sant Jordi 8-10 03803 Alcoy","potentialAction":[{"@type":"SearchAction","target":{"@type":"EntryPoint","urlTemplate":"https:\/\/www.copealcoy.es\/es\/?s={search_term_string}"},"query-input":{"@type":"PropertyValueSpecification","valueRequired":true,"valueName":"search_term_string"}}],"inLanguage":"es"},{"@type":"Person","@id":"https:\/\/www.copealcoy.es\/es\/#\/schema\/person\/e777c87fa024e57d40170af9df39882c","name":"Cope Alcoy","image":{"@type":"ImageObject","inLanguage":"es","@id":"https:\/\/secure.gravatar.com\/avatar\/bb65d0283347e303893ba14f0692005417c1e0e690a325a4c5d8bb2b3943ee14?s=96&d=mm&r=g","url":"https:\/\/secure.gravatar.com\/avatar\/bb65d0283347e303893ba14f0692005417c1e0e690a325a4c5d8bb2b3943ee14?s=96&d=mm&r=g","contentUrl":"https:\/\/secure.gravatar.com\/avatar\/bb65d0283347e303893ba14f0692005417c1e0e690a325a4c5d8bb2b3943ee14?s=96&d=mm&r=g","caption":"Cope Alcoy"}}]}},"_links":{"self":[{"href":"https:\/\/www.copealcoy.es\/es\/wp-json\/wp\/v2\/posts\/141906","targetHints":{"allow":["GET"]}}],"collection":[{"href":"https:\/\/www.copealcoy.es\/es\/wp-json\/wp\/v2\/posts"}],"about":[{"href":"https:\/\/www.copealcoy.es\/es\/wp-json\/wp\/v2\/types\/post"}],"author":[{"embeddable":true,"href":"https:\/\/www.copealcoy.es\/es\/wp-json\/wp\/v2\/users\/1"}],"replies":[{"embeddable":true,"href":"https:\/\/www.copealcoy.es\/es\/wp-json\/wp\/v2\/comments?post=141906"}],"version-history":[{"count":0,"href":"https:\/\/www.copealcoy.es\/es\/wp-json\/wp\/v2\/posts\/141906\/revisions"}],"wp:featuredmedia":[{"embeddable":true,"href":"https:\/\/www.copealcoy.es\/es\/wp-json\/wp\/v2\/media\/110612"}],"wp:attachment":[{"href":"https:\/\/www.copealcoy.es\/es\/wp-json\/wp\/v2\/media?parent=141906"}],"wp:term":[{"taxonomy":"category","embeddable":true,"href":"https:\/\/www.copealcoy.es\/es\/wp-json\/wp\/v2\/categories?post=141906"},{"taxonomy":"post_tag","embeddable":true,"href":"https:\/\/www.copealcoy.es\/es\/wp-json\/wp\/v2\/tags?post=141906"}],"curies":[{"name":"wp","href":"https:\/\/api.w.org\/{rel}","templated":true}]}}