{"id":141863,"date":"2024-10-21T07:35:07","date_gmt":"2024-10-21T06:35:07","guid":{"rendered":"https:\/\/www.copealcoy.es\/?p=141863"},"modified":"2024-10-21T20:33:51","modified_gmt":"2024-10-21T19:33:51","slug":"mediodia-cope-alcoy-lunes-21-de-octubre-2024-1420h","status":"publish","type":"post","link":"https:\/\/www.copealcoy.es\/es\/mediodia-cope-alcoy-lunes-21-de-octubre-2024-1420h\/","title":{"rendered":"\u2018Mediod\u00eda Cope\u2019 Alcoy lunes 21 de octubre 2024 (14:20h)"},"content":{"rendered":"<p><iframe loading=\"lazy\" title=\"&#039;Mediod\u00eda Cope&#039; Alcoy Lunes 21 De Octubre 2024 (14:20h)\" width=\"100%\" height=\"120\" src=\"https:\/\/www.mixcloud.com\/widget\/iframe\/?feed=https%3A%2F%2Fwww.mixcloud.com%2FCOPEAlcoy%2Fmediod%25C3%25ADa-cope-alcoy-lunes-21-de-octubre-2024-1420h%2F&amp;hide_cover=1\" frameborder=\"0\"><\/iframe><\/p>\n<p style=\"text-align: justify;\">Hoy lunes os hemos contado <strong>las reivindicaciones que ponen sobre la mesa los vecinos del barrio de La Sang<\/strong>. Tambi\u00e9n hemos hablado del<strong> inicio de la Mostra de Teatre<\/strong> de Alcoy en su edici\u00f3n 2024.<\/p>\n<p style=\"text-align: justify;\">Alcoy se adentra desde este lunes en<span style=\"color: #0000ff;\"><a style=\"color: #0000ff;\" href=\"https:\/\/mostrateatre.com\/es\/mostra-de-teatre-alcoi\/\" target=\"_blank\" rel=\"noopener\"><strong>\u00a0la XXXIII edici\u00f3n de la Mostra de Teatre d\u2019Alcoi<\/strong><\/a><\/span>, uno de\u00a0<strong>los eventos culturales m\u00e1s destacados<\/strong>\u00a0del panorama esc\u00e9nico valenciano. Del\u00a0<strong>21 al 25 de octubre<\/strong>, el festival llenar\u00e1 las calles y escenarios locales con una variada oferta de teatro, danza y circo, consolid\u00e1ndose como un punto de encuentro esencial para creadores, distribuidores y programadores a nivel auton\u00f3mico y nacional.<\/p>\n<p style=\"text-align: justify;\">Con un total de<strong>\u00a022 espect\u00e1culos programados<\/strong>, las entradas siguen disponibles tanto en la web oficial de la Mostra como en la taquilla del emblem\u00e1tico Teatro Calder\u00f3n. Este a\u00f1o, se espera la participaci\u00f3n de\u00a0<strong>m\u00e1s de 200 profesionales del sector<\/strong>, incluidos programadores y artistas, quienes compartir\u00e1n cinco d\u00edas intensos de actividades culturales con el objetivo de establecer contactos y cerrar futuros acuerdos \u00ab<em>tenemos una semana repleta de actividad cultural pero tambi\u00e9n La Mostra es un aut\u00e9ntico motor econ\u00f3mico para la ciudad ya que los profesionales que vienen aqu\u00ed aprovechan para quedarse en la ciudad, con lo cual el certamen repercute en la hosteler\u00eda o el sector tur\u00edstico<\/em>\u00ab, comentaba la edil de Cultura;\u00a0<strong>Elisa Guillem<\/strong>, en declaraciones a COPE ALCOY.<\/p>\n<p style=\"text-align: justify;\">La\u00a0<strong>Fira d\u2019Arts Esc\u00e8niques<\/strong>, organizada por el Ayuntamiento de Alcoy con el apoyo del Instituto Valenciano de Cultura y la colaboraci\u00f3n de la Diputaci\u00f3n de Alicante y la Fundaci\u00f3n SGAE, es el \u00fanico mercado esc\u00e9nico de su tipo en la Comunitat Valenciana. Adem\u00e1s de los espect\u00e1culos principales,\u00a0<strong>se ofrecer\u00e1n<\/strong>\u00a0talleres, mesas redondas y encuentros dirigidos a profesionales del sector \u00ab<em>estamos ante una Mostra que es punto neur\u00e1lgico para el teatro, la danza, la magia y el circo<\/em>\u00ab, manifestaron\u00a0<strong>Leonardo Santos<\/strong>, representante del IVC-GVA, y\u00a0<strong>\u00c1lvaro Oltra Pastor<\/strong>;\u00a0 Director de Zona Comunitat Valenciana y Murcia de la SGAE.<\/p>\n<p style=\"text-align: justify;\">Por primera vez, el festival\u00a0<strong>utilizar\u00e1 nuevos espacios como la Pla\u00e7a De Dins y el patio del IVAM-CADA<\/strong>\u00a0para presentar espect\u00e1culos gratuitos al aire libre. Estos nuevos escenarios\u00a0<strong>se suman a los tradicionales<\/strong>\u00a0como el Teatro Principal, el Teatro Calder\u00f3n y el Centre Cultural \u00ab<em>estamos muy ilusionados por esta XXXIII edici\u00f3n. Queremos testar las novedades entre el p\u00fablico y profesionales, ver como responden a las propuestas y as\u00ed marcar la hoja de ruta a seguir. Agradecemos el apoyo de la concejal\u00eda, y de todo el equipo de Cultura, que se implica al m\u00e1ximo en hacer posible este evento<\/em>\u00bb declar\u00f3\u00a0<strong>Josep Policarpo<\/strong>; director de La Mostra.<\/p>\n<p style=\"text-align: justify;\"><span style=\"color: #0000ff;\"><strong>Una completa programaci\u00f3n para todos los p\u00fablicos\u00a0<\/strong><\/span><\/p>\n<p style=\"text-align: justify;\">La\u00a0<a href=\"https:\/\/mostrateatre.com\/es\/programacion-de-la-mostra-de-teatre-de-alcoi-2024\/\" target=\"_blank\" rel=\"noopener\"><strong>programaci\u00f3n<\/strong><\/a>\u00a0<strong>destaca<\/strong>\u00a0por su diversidad tem\u00e1tica y estil\u00edstica. Desde adaptaciones contempor\u00e1neas de cl\u00e1sicos literarios hasta representaciones que abordan cuestiones sociales relevantes como el cambio clim\u00e1tico y el feminismo. Entre las obras m\u00e1s esperadas se encuentran \u00abMale\u00efdes Dames\u00bb, una innovadora adaptaci\u00f3n que re\u00fane personajes cl\u00e1sicos como Ana Karenina y Madame Bovary; as\u00ed como \u00abDivinas Palabras\u00bb, una adaptaci\u00f3n del c\u00e9lebre texto de Valle-Incl\u00e1n.El festival tambi\u00e9n ofrece propuestas para un p\u00fablico m\u00e1s joven con espect\u00e1culos infantiles como \u00abLa Bella Dorment\u00bb y \u00abYo soy 451\u00bb, una adaptaci\u00f3n libre del cl\u00e1sico \u00abFahrenheit 451\u00bb. Adem\u00e1s, muchos espect\u00e1culos abordar\u00e1n temas sociales actuales. Por ejemplo, \u00abDavid\u00bb explorar\u00e1 las relaciones paterno-filiales mientras que \u00abL\u2019Oroneta\u00bb tratar\u00e1 sobre la diversidad sexual. El circo tambi\u00e9n tendr\u00e1 su espacio con obras que reflexionan sobre los cuidados en la sociedad.<\/p>\n","protected":false},"excerpt":{"rendered":"<p>Hoy lunes os hemos contado las reivindicaciones que ponen sobre la mesa los vecinos del barrio de La Sang. Tambi\u00e9n&#8230;<\/p>\n","protected":false},"author":1,"featured_media":110640,"comment_status":"open","ping_status":"open","sticky":false,"template":"","format":"standard","meta":{"footnotes":""},"categories":[6909,89,91,75],"tags":[],"class_list":["post-141863","post","type-post","status-publish","format-standard","has-post-thumbnail","hentry","category-actualidad","category-audiosdelosprogramas","category-informativos","category-noticias"],"yoast_head":"<!-- This site is optimized with the Yoast SEO plugin v27.3 - https:\/\/yoast.com\/product\/yoast-seo-wordpress\/ -->\n<title>\u2018Mediod\u00eda Cope\u2019 Alcoy lunes 21 de octubre 2024 (14:20h) - COPE Alcoy<\/title>\n<meta name=\"robots\" content=\"index, follow, max-snippet:-1, max-image-preview:large, max-video-preview:-1\" \/>\n<link rel=\"canonical\" href=\"https:\/\/www.copealcoy.es\/es\/mediodia-cope-alcoy-lunes-21-de-octubre-2024-1420h\/\" \/>\n<meta property=\"og:locale\" content=\"es_ES\" \/>\n<meta property=\"og:type\" content=\"article\" \/>\n<meta property=\"og:title\" content=\"\u2018Mediod\u00eda Cope\u2019 Alcoy lunes 21 de octubre 2024 (14:20h) - COPE Alcoy\" \/>\n<meta property=\"og:description\" content=\"Hoy lunes os hemos contado las reivindicaciones que ponen sobre la mesa los vecinos del barrio de La Sang. Tambi\u00e9n...\" \/>\n<meta property=\"og:url\" content=\"https:\/\/www.copealcoy.es\/es\/mediodia-cope-alcoy-lunes-21-de-octubre-2024-1420h\/\" \/>\n<meta property=\"og:site_name\" content=\"COPE Alcoy\" \/>\n<meta property=\"article:published_time\" content=\"2024-10-21T06:35:07+00:00\" \/>\n<meta property=\"article:modified_time\" content=\"2024-10-21T19:33:51+00:00\" \/>\n<meta property=\"og:image\" content=\"https:\/\/www.copealcoy.es\/wp-content\/uploads\/2023\/02\/511E7C88-D9D5-47F4-AF32-2A62DF0D1586.png\" \/>\n\t<meta property=\"og:image:width\" content=\"357\" \/>\n\t<meta property=\"og:image:height\" content=\"290\" \/>\n\t<meta property=\"og:image:type\" content=\"image\/png\" \/>\n<meta name=\"author\" content=\"Cope Alcoy\" \/>\n<meta name=\"twitter:label1\" content=\"Escrito por\" \/>\n\t<meta name=\"twitter:data1\" content=\"Cope Alcoy\" \/>\n\t<meta name=\"twitter:label2\" content=\"Tiempo de lectura\" \/>\n\t<meta name=\"twitter:data2\" content=\"4 minutos\" \/>\n<script type=\"application\/ld+json\" class=\"yoast-schema-graph\">{\"@context\":\"https:\\\/\\\/schema.org\",\"@graph\":[{\"@type\":\"Article\",\"@id\":\"https:\\\/\\\/www.copealcoy.es\\\/es\\\/mediodia-cope-alcoy-lunes-21-de-octubre-2024-1420h\\\/#article\",\"isPartOf\":{\"@id\":\"https:\\\/\\\/www.copealcoy.es\\\/es\\\/mediodia-cope-alcoy-lunes-21-de-octubre-2024-1420h\\\/\"},\"author\":{\"name\":\"Cope Alcoy\",\"@id\":\"https:\\\/\\\/www.copealcoy.es\\\/es\\\/#\\\/schema\\\/person\\\/e777c87fa024e57d40170af9df39882c\"},\"headline\":\"\u2018Mediod\u00eda Cope\u2019 Alcoy lunes 21 de octubre 2024 (14:20h)\",\"datePublished\":\"2024-10-21T06:35:07+00:00\",\"dateModified\":\"2024-10-21T19:33:51+00:00\",\"mainEntityOfPage\":{\"@id\":\"https:\\\/\\\/www.copealcoy.es\\\/es\\\/mediodia-cope-alcoy-lunes-21-de-octubre-2024-1420h\\\/\"},\"wordCount\":635,\"commentCount\":0,\"image\":{\"@id\":\"https:\\\/\\\/www.copealcoy.es\\\/es\\\/mediodia-cope-alcoy-lunes-21-de-octubre-2024-1420h\\\/#primaryimage\"},\"thumbnailUrl\":\"https:\\\/\\\/www.copealcoy.es\\\/wp-content\\\/uploads\\\/2023\\\/02\\\/511E7C88-D9D5-47F4-AF32-2A62DF0D1586.png\",\"articleSection\":[\"Actualidad\",\"Audios de los programas\",\"Informativos\",\"Noticias\"],\"inLanguage\":\"es\"},{\"@type\":\"WebPage\",\"@id\":\"https:\\\/\\\/www.copealcoy.es\\\/es\\\/mediodia-cope-alcoy-lunes-21-de-octubre-2024-1420h\\\/\",\"url\":\"https:\\\/\\\/www.copealcoy.es\\\/es\\\/mediodia-cope-alcoy-lunes-21-de-octubre-2024-1420h\\\/\",\"name\":\"\u2018Mediod\u00eda Cope\u2019 Alcoy lunes 21 de octubre 2024 (14:20h) - COPE Alcoy\",\"isPartOf\":{\"@id\":\"https:\\\/\\\/www.copealcoy.es\\\/es\\\/#website\"},\"primaryImageOfPage\":{\"@id\":\"https:\\\/\\\/www.copealcoy.es\\\/es\\\/mediodia-cope-alcoy-lunes-21-de-octubre-2024-1420h\\\/#primaryimage\"},\"image\":{\"@id\":\"https:\\\/\\\/www.copealcoy.es\\\/es\\\/mediodia-cope-alcoy-lunes-21-de-octubre-2024-1420h\\\/#primaryimage\"},\"thumbnailUrl\":\"https:\\\/\\\/www.copealcoy.es\\\/wp-content\\\/uploads\\\/2023\\\/02\\\/511E7C88-D9D5-47F4-AF32-2A62DF0D1586.png\",\"datePublished\":\"2024-10-21T06:35:07+00:00\",\"dateModified\":\"2024-10-21T19:33:51+00:00\",\"author\":{\"@id\":\"https:\\\/\\\/www.copealcoy.es\\\/es\\\/#\\\/schema\\\/person\\\/e777c87fa024e57d40170af9df39882c\"},\"breadcrumb\":{\"@id\":\"https:\\\/\\\/www.copealcoy.es\\\/es\\\/mediodia-cope-alcoy-lunes-21-de-octubre-2024-1420h\\\/#breadcrumb\"},\"inLanguage\":\"es\",\"potentialAction\":[{\"@type\":\"ReadAction\",\"target\":[\"https:\\\/\\\/www.copealcoy.es\\\/es\\\/mediodia-cope-alcoy-lunes-21-de-octubre-2024-1420h\\\/\"]}]},{\"@type\":\"ImageObject\",\"inLanguage\":\"es\",\"@id\":\"https:\\\/\\\/www.copealcoy.es\\\/es\\\/mediodia-cope-alcoy-lunes-21-de-octubre-2024-1420h\\\/#primaryimage\",\"url\":\"https:\\\/\\\/www.copealcoy.es\\\/wp-content\\\/uploads\\\/2023\\\/02\\\/511E7C88-D9D5-47F4-AF32-2A62DF0D1586.png\",\"contentUrl\":\"https:\\\/\\\/www.copealcoy.es\\\/wp-content\\\/uploads\\\/2023\\\/02\\\/511E7C88-D9D5-47F4-AF32-2A62DF0D1586.png\",\"width\":357,\"height\":290},{\"@type\":\"BreadcrumbList\",\"@id\":\"https:\\\/\\\/www.copealcoy.es\\\/es\\\/mediodia-cope-alcoy-lunes-21-de-octubre-2024-1420h\\\/#breadcrumb\",\"itemListElement\":[{\"@type\":\"ListItem\",\"position\":1,\"name\":\"Portada\",\"item\":\"https:\\\/\\\/www.copealcoy.es\\\/es\\\/\"},{\"@type\":\"ListItem\",\"position\":2,\"name\":\"\u2018Mediod\u00eda Cope\u2019 Alcoy lunes 21 de octubre 2024 (14:20h)\"}]},{\"@type\":\"WebSite\",\"@id\":\"https:\\\/\\\/www.copealcoy.es\\\/es\\\/#website\",\"url\":\"https:\\\/\\\/www.copealcoy.es\\\/es\\\/\",\"name\":\"COPE Alcoy\",\"description\":\"Emisora COPE de radio local con emisi\u00f3n online. Pont de Sant Jordi 8-10 03803 Alcoy\",\"potentialAction\":[{\"@type\":\"SearchAction\",\"target\":{\"@type\":\"EntryPoint\",\"urlTemplate\":\"https:\\\/\\\/www.copealcoy.es\\\/es\\\/?s={search_term_string}\"},\"query-input\":{\"@type\":\"PropertyValueSpecification\",\"valueRequired\":true,\"valueName\":\"search_term_string\"}}],\"inLanguage\":\"es\"},{\"@type\":\"Person\",\"@id\":\"https:\\\/\\\/www.copealcoy.es\\\/es\\\/#\\\/schema\\\/person\\\/e777c87fa024e57d40170af9df39882c\",\"name\":\"Cope Alcoy\",\"image\":{\"@type\":\"ImageObject\",\"inLanguage\":\"es\",\"@id\":\"https:\\\/\\\/secure.gravatar.com\\\/avatar\\\/bb65d0283347e303893ba14f0692005417c1e0e690a325a4c5d8bb2b3943ee14?s=96&d=mm&r=g\",\"url\":\"https:\\\/\\\/secure.gravatar.com\\\/avatar\\\/bb65d0283347e303893ba14f0692005417c1e0e690a325a4c5d8bb2b3943ee14?s=96&d=mm&r=g\",\"contentUrl\":\"https:\\\/\\\/secure.gravatar.com\\\/avatar\\\/bb65d0283347e303893ba14f0692005417c1e0e690a325a4c5d8bb2b3943ee14?s=96&d=mm&r=g\",\"caption\":\"Cope Alcoy\"}}]}<\/script>\n<!-- \/ Yoast SEO plugin. -->","yoast_head_json":{"title":"\u2018Mediod\u00eda Cope\u2019 Alcoy lunes 21 de octubre 2024 (14:20h) - COPE Alcoy","robots":{"index":"index","follow":"follow","max-snippet":"max-snippet:-1","max-image-preview":"max-image-preview:large","max-video-preview":"max-video-preview:-1"},"canonical":"https:\/\/www.copealcoy.es\/es\/mediodia-cope-alcoy-lunes-21-de-octubre-2024-1420h\/","og_locale":"es_ES","og_type":"article","og_title":"\u2018Mediod\u00eda Cope\u2019 Alcoy lunes 21 de octubre 2024 (14:20h) - COPE Alcoy","og_description":"Hoy lunes os hemos contado las reivindicaciones que ponen sobre la mesa los vecinos del barrio de La Sang. Tambi\u00e9n...","og_url":"https:\/\/www.copealcoy.es\/es\/mediodia-cope-alcoy-lunes-21-de-octubre-2024-1420h\/","og_site_name":"COPE Alcoy","article_published_time":"2024-10-21T06:35:07+00:00","article_modified_time":"2024-10-21T19:33:51+00:00","og_image":[{"width":357,"height":290,"url":"https:\/\/www.copealcoy.es\/wp-content\/uploads\/2023\/02\/511E7C88-D9D5-47F4-AF32-2A62DF0D1586.png","type":"image\/png"}],"author":"Cope Alcoy","twitter_misc":{"Escrito por":"Cope Alcoy","Tiempo de lectura":"4 minutos"},"schema":{"@context":"https:\/\/schema.org","@graph":[{"@type":"Article","@id":"https:\/\/www.copealcoy.es\/es\/mediodia-cope-alcoy-lunes-21-de-octubre-2024-1420h\/#article","isPartOf":{"@id":"https:\/\/www.copealcoy.es\/es\/mediodia-cope-alcoy-lunes-21-de-octubre-2024-1420h\/"},"author":{"name":"Cope Alcoy","@id":"https:\/\/www.copealcoy.es\/es\/#\/schema\/person\/e777c87fa024e57d40170af9df39882c"},"headline":"\u2018Mediod\u00eda Cope\u2019 Alcoy lunes 21 de octubre 2024 (14:20h)","datePublished":"2024-10-21T06:35:07+00:00","dateModified":"2024-10-21T19:33:51+00:00","mainEntityOfPage":{"@id":"https:\/\/www.copealcoy.es\/es\/mediodia-cope-alcoy-lunes-21-de-octubre-2024-1420h\/"},"wordCount":635,"commentCount":0,"image":{"@id":"https:\/\/www.copealcoy.es\/es\/mediodia-cope-alcoy-lunes-21-de-octubre-2024-1420h\/#primaryimage"},"thumbnailUrl":"https:\/\/www.copealcoy.es\/wp-content\/uploads\/2023\/02\/511E7C88-D9D5-47F4-AF32-2A62DF0D1586.png","articleSection":["Actualidad","Audios de los programas","Informativos","Noticias"],"inLanguage":"es"},{"@type":"WebPage","@id":"https:\/\/www.copealcoy.es\/es\/mediodia-cope-alcoy-lunes-21-de-octubre-2024-1420h\/","url":"https:\/\/www.copealcoy.es\/es\/mediodia-cope-alcoy-lunes-21-de-octubre-2024-1420h\/","name":"\u2018Mediod\u00eda Cope\u2019 Alcoy lunes 21 de octubre 2024 (14:20h) - COPE Alcoy","isPartOf":{"@id":"https:\/\/www.copealcoy.es\/es\/#website"},"primaryImageOfPage":{"@id":"https:\/\/www.copealcoy.es\/es\/mediodia-cope-alcoy-lunes-21-de-octubre-2024-1420h\/#primaryimage"},"image":{"@id":"https:\/\/www.copealcoy.es\/es\/mediodia-cope-alcoy-lunes-21-de-octubre-2024-1420h\/#primaryimage"},"thumbnailUrl":"https:\/\/www.copealcoy.es\/wp-content\/uploads\/2023\/02\/511E7C88-D9D5-47F4-AF32-2A62DF0D1586.png","datePublished":"2024-10-21T06:35:07+00:00","dateModified":"2024-10-21T19:33:51+00:00","author":{"@id":"https:\/\/www.copealcoy.es\/es\/#\/schema\/person\/e777c87fa024e57d40170af9df39882c"},"breadcrumb":{"@id":"https:\/\/www.copealcoy.es\/es\/mediodia-cope-alcoy-lunes-21-de-octubre-2024-1420h\/#breadcrumb"},"inLanguage":"es","potentialAction":[{"@type":"ReadAction","target":["https:\/\/www.copealcoy.es\/es\/mediodia-cope-alcoy-lunes-21-de-octubre-2024-1420h\/"]}]},{"@type":"ImageObject","inLanguage":"es","@id":"https:\/\/www.copealcoy.es\/es\/mediodia-cope-alcoy-lunes-21-de-octubre-2024-1420h\/#primaryimage","url":"https:\/\/www.copealcoy.es\/wp-content\/uploads\/2023\/02\/511E7C88-D9D5-47F4-AF32-2A62DF0D1586.png","contentUrl":"https:\/\/www.copealcoy.es\/wp-content\/uploads\/2023\/02\/511E7C88-D9D5-47F4-AF32-2A62DF0D1586.png","width":357,"height":290},{"@type":"BreadcrumbList","@id":"https:\/\/www.copealcoy.es\/es\/mediodia-cope-alcoy-lunes-21-de-octubre-2024-1420h\/#breadcrumb","itemListElement":[{"@type":"ListItem","position":1,"name":"Portada","item":"https:\/\/www.copealcoy.es\/es\/"},{"@type":"ListItem","position":2,"name":"\u2018Mediod\u00eda Cope\u2019 Alcoy lunes 21 de octubre 2024 (14:20h)"}]},{"@type":"WebSite","@id":"https:\/\/www.copealcoy.es\/es\/#website","url":"https:\/\/www.copealcoy.es\/es\/","name":"COPE Alcoy","description":"Emisora COPE de radio local con emisi\u00f3n online. Pont de Sant Jordi 8-10 03803 Alcoy","potentialAction":[{"@type":"SearchAction","target":{"@type":"EntryPoint","urlTemplate":"https:\/\/www.copealcoy.es\/es\/?s={search_term_string}"},"query-input":{"@type":"PropertyValueSpecification","valueRequired":true,"valueName":"search_term_string"}}],"inLanguage":"es"},{"@type":"Person","@id":"https:\/\/www.copealcoy.es\/es\/#\/schema\/person\/e777c87fa024e57d40170af9df39882c","name":"Cope Alcoy","image":{"@type":"ImageObject","inLanguage":"es","@id":"https:\/\/secure.gravatar.com\/avatar\/bb65d0283347e303893ba14f0692005417c1e0e690a325a4c5d8bb2b3943ee14?s=96&d=mm&r=g","url":"https:\/\/secure.gravatar.com\/avatar\/bb65d0283347e303893ba14f0692005417c1e0e690a325a4c5d8bb2b3943ee14?s=96&d=mm&r=g","contentUrl":"https:\/\/secure.gravatar.com\/avatar\/bb65d0283347e303893ba14f0692005417c1e0e690a325a4c5d8bb2b3943ee14?s=96&d=mm&r=g","caption":"Cope Alcoy"}}]}},"_links":{"self":[{"href":"https:\/\/www.copealcoy.es\/es\/wp-json\/wp\/v2\/posts\/141863","targetHints":{"allow":["GET"]}}],"collection":[{"href":"https:\/\/www.copealcoy.es\/es\/wp-json\/wp\/v2\/posts"}],"about":[{"href":"https:\/\/www.copealcoy.es\/es\/wp-json\/wp\/v2\/types\/post"}],"author":[{"embeddable":true,"href":"https:\/\/www.copealcoy.es\/es\/wp-json\/wp\/v2\/users\/1"}],"replies":[{"embeddable":true,"href":"https:\/\/www.copealcoy.es\/es\/wp-json\/wp\/v2\/comments?post=141863"}],"version-history":[{"count":0,"href":"https:\/\/www.copealcoy.es\/es\/wp-json\/wp\/v2\/posts\/141863\/revisions"}],"wp:featuredmedia":[{"embeddable":true,"href":"https:\/\/www.copealcoy.es\/es\/wp-json\/wp\/v2\/media\/110640"}],"wp:attachment":[{"href":"https:\/\/www.copealcoy.es\/es\/wp-json\/wp\/v2\/media?parent=141863"}],"wp:term":[{"taxonomy":"category","embeddable":true,"href":"https:\/\/www.copealcoy.es\/es\/wp-json\/wp\/v2\/categories?post=141863"},{"taxonomy":"post_tag","embeddable":true,"href":"https:\/\/www.copealcoy.es\/es\/wp-json\/wp\/v2\/tags?post=141863"}],"curies":[{"name":"wp","href":"https:\/\/api.w.org\/{rel}","templated":true}]}}